{"id":44113,"date":"2020-02-04T01:29:38","date_gmt":"2020-02-03T22:29:38","guid":{"rendered":"https:\/\/www.bghaber.org\/bghaber\/?p=44113"},"modified":"2020-02-04T20:45:15","modified_gmt":"2020-02-04T17:45:15","slug":"bulgaristannin-2-buyuk-sehri-plovdiv","status":"publish","type":"post","link":"https:\/\/www.bghaber.org\/bghaber\/bulgaristannin-2-buyuk-sehri-plovdiv\/","title":{"rendered":"Bulgaristan&#8217;n\u0131n 2. b\u00fcy\u00fck \u015fehri Plovdiv"},"content":{"rendered":"<h2 class=\"spot\">Osmanl\u0131 \u0130mparatorlu\u011fu&#8217;nun h\u00fck\u00fcm s\u00fcrd\u00fc\u011f\u00fc topraklardan biri de Plovdiv. T\u00fcrk\u00e7e ad\u0131 Filibe olan bu \u015fehir 2. Murat zaman\u0131nda fethedilmi\u015f ve Bulgaristan&#8217;\u0131n ikinci b\u00fcy\u00fck \u015fehridir.<\/h2>\n<p><img data-recalc-dims=\"1\" decoding=\"async\" src=\"https:\/\/i0.wp.com\/i2.haber7.net\/\/haber\/haber7\/photos\/2020\/06\/bulgaristannin_2_buyuk_sehri_plovdiv_gezilecek_yerler_bakimindan_zengin_secenekler_sunuyor_1580716267_0257.jpg?w=640&#038;ssl=1\" alt=\"Bulgaristan'n\u0131n 2. b\u00fcy\u00fck \u015fehri Plovdiv gezilecek yerler bak\u0131m\u0131ndan zengin se\u00e7enekler sunuyor\" \/><\/p>\n<p>2. Murat&#8217;\u0131n fethetti\u011fi <strong>Plovdiv\u00a0<\/strong>eski T\u00fcrk\u00e7e ad\u0131 ile <strong>Filibe\u00a0<\/strong><\/p>\n<p><strong>Plovdiv-Filibe gezilecek yerler<\/strong>\u00a0bak\u0131m\u0131ndan di\u011fer iller gibi zengin, \u00e7e\u015fitli adresler sunabilen bir yer. Buradaki gezi noktalar\u0131n\u0131 ke\u015ffederken kendinizden izler bulamaman\u0131z da imkans\u0131z gibi g\u00f6r\u00fcn\u00fcyor. Tarihi gezi noktalar\u0131 ile Plovdiv (Filibe) sizi bamba\u015fka diyarlara g\u00f6t\u00fcrecek.<\/p>\n<p><strong>Plovdiv-Filibe TAR\u0130H\u0130<\/strong><\/p>\n<p>Bulgaristan&#8217;\u0131n b\u00fcy\u00fck \u015fehirlerinden biri olan Plovdiv M.\u00d6. IV. y\u00fczy\u0131lda B\u00fcy\u00fck \u0130skender&#8217;in babas\u0131 olan 2. Philip yani K\u00f6r Philip taraf\u0131ndan kurulmu\u015f. Trakya&#8217;ya sefere giderken Filibe halk\u0131 kendisine yard\u0131mc\u0131 oldu\u011fu i\u00e7in o da minnetini buraya tarihi bir \u015fehir kurarak g\u00f6stermi\u015ftir.\u00a0<strong>Bu y\u00fczden de ismi Filibe olarak an\u0131lm\u0131\u015f<\/strong>. Daha sonra ise Bulgaristan halk\u0131 bu \u015fehrin ismini Plovdiv olarak de\u011fi\u015ftirmi\u015f. G\u00fcn\u00fcm\u00fczde ise herkes Filibe denildi\u011finde de Plovdiv denildi\u011finde de buray\u0131 \u00e7ok net bilir. G\u00fczelli\u011fi ile herkesi kendine b\u0131rakan k\u00f6ylere sahip bir kenttir. 700 bine yakla\u015fan n\u00fcfusu i\u00e7erisinde \u00e7ok say\u0131da Osmanl\u0131 T\u00fcrk\u00fc ya\u015famaktad\u0131r.<\/p>\n<p>2. Murat d\u00f6nemine kadar bu kentte bir\u00e7ok medeniyet h\u00fck\u00fcm s\u00fcrm\u00fc\u015ft\u00fcr. Bunlar Roma, Bizans, Bulgar Prensli\u011fi olarak biliniyor. 2. Murat ile beraber bu co\u011frafyan\u0131n T\u00fcrkle\u015ftirilmesi \u00e7al\u0131\u015fmalar\u0131 ba\u015flat\u0131lm\u0131\u015f ve buraya Anadolu&#8217;dan getirilen halk yerle\u015ftirilmi\u015ftir. 14. y\u00fczy\u0131ldan kalma birbirinden g\u00fczel tarihi yap\u0131lar bu anlamda gezilecek yerler i\u00e7erisinde g\u00f6sterilir ve Osmanl\u0131 izlerini inceleyerek o d\u00f6neme de yolculuk yapmak m\u00fcmk\u00fcnd\u00fcr.<\/p><div id=\"bghab-1020658431\" class=\"bghab-icerik-icine bghab-entity-placement\"><script async src=\"\/\/pagead2.googlesyndication.com\/pagead\/js\/adsbygoogle.js?client=ca-pub-6203283170189293\" crossorigin=\"anonymous\"><\/script><ins class=\"adsbygoogle\" style=\"display:block; text-align:center;\" data-ad-client=\"ca-pub-6203283170189293\" \ndata-ad-slot=\"7303146466\" \ndata-ad-layout=\"in-article\"\ndata-ad-format=\"fluid\" data-full-width-responsive=\"true\"><\/ins>\n<script> \n(adsbygoogle = window.adsbygoogle || []).push({}); \n<\/script>\n<\/div>\n<p><img data-recalc-dims=\"1\" loading=\"lazy\" decoding=\"async\" class=\"inline-image-alt\" src=\"https:\/\/i0.wp.com\/i2.haber7.net\/\/haber\/haber7\/photos\/2019\/45\/tXpoI_1573380497_0021.jpg?resize=640%2C481&#038;ssl=1\" alt=\"\" width=\"640\" height=\"481\" \/><strong>PLOVD\u0130V GEZ\u0130LECEK YERLER<\/strong><\/p>\n<p>B\u00fct\u00fcn y\u00f6nleri ile Plovdiv (Filibe) \u00e7ok s\u0131cak bir \u015fehir. K\u00f6yleri ise herkesin en \u00e7ok merak etti\u011fi y\u00f6n\u00fc. K\u00fclt\u00fcr ba\u015fkenti de se\u00e7ilen bu \u015fehirde birbirinden g\u00fczel k\u00f6yler bulunuyor. Bu k\u00f6yleri gezmeye gidenler ise bir k\u00fclt\u00fcr kitab\u0131n\u0131n da kapa\u011f\u0131n\u0131 aralam\u0131\u015f say\u0131labilir. Gezilecek yerler genel olarak\u00a0Knez Alexander I Caddesi ve Old Town denen eski yerle\u015fimin civar\u0131nda bulunuyor.<\/p>\n<p><strong><a class=\"link_keywords\" title=\"Knez Alexander Caddesi\" href=\"http:\/\/www.haber7.com\/etiket\/knez+alexander+caddesi\" target=\"_blank\" rel=\"noopener noreferrer\">Knez Alexander Caddesi<\/a><\/strong><\/p>\n<p><img data-recalc-dims=\"1\" decoding=\"async\" class=\"inline-image-alt\" src=\"https:\/\/i0.wp.com\/i2.haber7.net\/\/haber\/haber7\/photos\/2019\/45\/DDuYD_1573380606_4475.jpg?w=640&#038;ssl=1\" alt=\"\" \/>Plovdiv&#8217;de gezilecek yerler aras\u0131nda birinci s\u0131rada geliyor denilebilir. Buras\u0131 trafi\u011fe kapal\u0131 g\u00fczel bir caddedir. Burada gezerken etraftaki tarihi eserleri de inceleme f\u0131rsat\u0131 bulabilirsiniz. Birbirinden eski ve tarihi yap\u0131lar sizi selamlayarak &#8216;ho\u015f geldiniz&#8217; der adeta. Bu caddede trafik olmad\u0131\u011f\u0131 i\u00e7in diledi\u011finiz gibi gezebilir ve al\u0131\u015fveri\u015f i\u00e7in etraftaki b\u00fct\u00fcn ma\u011fazalar\u0131 kullanabilirsiniz.<\/p>\n<blockquote><p><strong style=\"color: #333333; font-size: 1rem;\">Roma &#8211; Tiyatrosu\u00a0<\/strong><\/p><\/blockquote>\n<p><img data-recalc-dims=\"1\" decoding=\"async\" class=\"inline-image-alt\" src=\"https:\/\/i0.wp.com\/i2.haber7.net\/\/haber\/haber7\/photos\/2019\/45\/1Tt4q_1573380709_7257.jpg?w=640&#038;ssl=1\" alt=\"\" \/>Bir\u00e7ok medeniyetin bu topraklarda h\u00fck\u00fcm s\u00fcrd\u00fc\u011f\u00fcn\u00fc yukar\u0131da s\u00f6ylemi\u015ftik. Bu bilgileri kan\u0131tlar nitelikte kal\u0131nt\u0131lardan biri de bu b\u00fcy\u00fck Roma kal\u0131nt\u0131s\u0131. Stadyum ve Tiyatro olarak kullan\u0131lan bu eser o d\u00f6nemde halk\u0131n topland\u0131\u011f\u0131 bir alan\u0131 tan\u0131t\u0131yor bizlere. \u0130hti\u015fam\u0131 ve d\u00f6neminden bize verdi\u011fi hisler ise \u00e7ok de\u011ferli oluyor. Bu yap\u0131 \u015fehrin tam ortas\u0131nda ve kesinlikle g\u00f6rebilece\u011finiz bir noktada bulunuyor. \u00dczerinden \u015fimdi i\u015flek arabalar\u0131n ge\u00e7ti\u011fi bir cadde bulunuyor.<\/p><div id=\"bghab-2685649491\" class=\"bghab-icerik-icine-10-paragraf bghab-entity-placement\"><script async src=\"\/\/pagead2.googlesyndication.com\/pagead\/js\/adsbygoogle.js?client=ca-pub-6203283170189293\" crossorigin=\"anonymous\"><\/script><ins class=\"adsbygoogle\" style=\"display:block; text-align:center;\" data-ad-client=\"ca-pub-6203283170189293\" \ndata-ad-slot=\"7303146466\" \ndata-ad-layout=\"in-article\"\ndata-ad-format=\"fluid\" data-full-width-responsive=\"true\"><\/ins>\n<script> \n(adsbygoogle = window.adsbygoogle || []).push({}); \n<\/script>\n<\/div>\n<p><strong>H\u00fcdavendigar\u00a0 \u0130MARET Camii<\/strong><\/p>\n<p><img data-recalc-dims=\"1\" decoding=\"async\" class=\"inline-image-alt\" src=\"https:\/\/i0.wp.com\/i2.haber7.net\/\/haber\/haber7\/photos\/2019\/45\/pGii4_1573380763_623.jpg?w=640&#038;ssl=1\" alt=\"\" \/>Birden fazla ad\u0131 bulunan bir cami buras\u0131. Mamarisi harika ve Seyahatname&#8217;de ge\u00e7en bir tarihi eser. Cuma Camii ve Muradiye Camii&#8217;de deniliyor bu Osmanl\u0131 eserine. \u015eehrin 1. Murat taraf\u0131ndan Osmanl\u0131 topraklar\u0131na kat\u0131lmas\u0131 ile yap\u0131l\u0131yor bu cami ve 9 kubbeli mimarisi ile herkesi hayran b\u0131rakan bir eser. Osmanl\u0131&#8217;an g\u00fcn\u00fcm\u00fcze kalan en de\u011ferli yap\u0131da denilebilir ve hala kullan\u0131l\u0131yor. Ta\u015f ve tu\u011fla malzemelerinden klasik Osmanl\u0131 mimarisini yans\u0131t\u0131yor bu cami.<\/p>\n<p><strong>Filibe Eski \u015eehir\u00a0<\/strong><\/p>\n<p><img data-recalc-dims=\"1\" decoding=\"async\" class=\"inline-image-alt\" src=\"https:\/\/i0.wp.com\/i2.haber7.net\/\/haber\/haber7\/photos\/2019\/45\/dWDmF_1573381032_6364.jpg?w=640&#038;ssl=1\" alt=\"\" \/>Buras\u0131 \u015fehrin kuruldu\u011fu ilk topraklar. Bu y\u00fczden de bu \u015fehrin &#8216;eski \u015fehri&#8217; deniliyor buraya. Burada eski mimarileri, evleri ve yap\u0131lar\u0131 g\u00f6rebilirsiniz. Bu evler tam bir tarih sembol\u00fc de\u011ferler. Burada bir Osmanl\u0131 mahallesi bulunuyor ve 2004 y\u0131l\u0131nda UNESCO taraf\u0131ndan koruma alt\u0131na al\u0131nm\u0131\u015f. Arnavut kald\u0131r\u0131ml\u0131 sokaklar\u0131 da buran\u0131n bu tarihini \u00e7ok iyi yans\u0131tan detaylar\u0131. Buradan y\u00fcr\u00fcyerek\u00a0N\u00f6bet Tepe\u2019ye do\u011fru giderken bir\u00e7ok \u00fcnl\u00fc yazar\u0131n ya\u015fad\u0131\u011f\u0131 evi, Etno\u011frafya M\u00fczesini, galeri olarak kullan\u0131lan eski konaklar\u0131 ve kiliseleri de g\u00f6receksiniz.<\/p>\n<p><strong>Meryem Katedrali\u00a0<\/strong><\/p><div id=\"bghab-3636849082\" class=\"bghab-icerik-icine-15-paragraf bghab-entity-placement\"><script async src=\"\/\/pagead2.googlesyndication.com\/pagead\/js\/adsbygoogle.js?client=ca-pub-6203283170189293\" crossorigin=\"anonymous\"><\/script><ins class=\"adsbygoogle\" style=\"display:block; text-align:center;\" data-ad-client=\"ca-pub-6203283170189293\" \ndata-ad-slot=\"7303146466\" \ndata-ad-layout=\"in-article\"\ndata-ad-format=\"fluid\" data-full-width-responsive=\"true\"><\/ins>\n<script> \n(adsbygoogle = window.adsbygoogle || []).push({}); \n<\/script>\n<\/div>\n<p><img data-recalc-dims=\"1\" decoding=\"async\" class=\"inline-image-alt\" src=\"https:\/\/i0.wp.com\/i2.haber7.net\/\/haber\/haber7\/photos\/2019\/45\/QZY55_1573380806_5113.jpg?w=640&#038;ssl=1\" alt=\"\" \/>Burada ya\u015fayan halk\u0131n bir k\u0131sm\u0131 Ortodoks bu y\u00fczden de bu halka ait kiliseler de bulunuyor. \u0130nsanlar\u0131n dinini \u00f6zg\u00fcrce ya\u015fad\u0131\u011f\u0131 Osmanl\u0131 hakimiyetinde de bu kiliseler kullan\u0131ma a\u00e7\u0131kt\u0131. \u015eimdi ise ziyaret etmek ve tarihi yap\u0131n\u0131n b\u00fct\u00fcn detaylar\u0131n\u0131 incelemek i\u00e7in herkes taraf\u0131ndan merak edilen bir yer buras\u0131.<\/p>\n<blockquote><p><strong>9. y\u00fczy\u0131lda in\u015fa edilen bu kilise sonradan y\u0131k\u0131lm\u0131\u015f ve 1844 y\u0131l\u0131nda yeniden yap\u0131lm\u0131\u015f.\u00a0<\/strong><\/p><\/blockquote>\n<p><strong>Nebet Tepe\u00a0<\/strong><\/p>\n<p><img data-recalc-dims=\"1\" decoding=\"async\" class=\"inline-image-alt\" src=\"https:\/\/i0.wp.com\/i2.haber7.net\/\/haber\/haber7\/photos\/2019\/45\/PZJwW_1573380858_0151.jpg?w=640&#038;ssl=1\" alt=\"\" \/>Y\u00fcr\u00fcyerek ula\u015fabilece\u011finiz bu tepeden art\u0131k g\u00fczel bir Plovdiv manzaras\u0131 izleyebilirsiniz. M.\u00d6. 7 y\u00fczy\u0131ldan beri burada ya\u015fam oldu\u011fu s\u00f6yleniyor. Bu yer tabi ki b\u00fct\u00fcn \u015fehrin g\u00f6r\u00fclmesi ve kontrol edilmesi amac\u0131 ile de kullan\u0131lm\u0131\u015f.\u00a0Buradan ku\u015f bak\u0131\u015f\u0131 Filibe\u2019nin eski ve yeni y\u00fcz\u00fcn\u00fc ve ayn\u0131 zamanda \u015fehri ikiye b\u00f6len Meri\u00e7 Nehri\u2019ni izleyip hem yorgunlu\u011funuzu atabilir hem de manzaran\u0131n tad\u0131n\u0131 \u00e7\u0131karabilirsiniz.<\/p>\n<p><img data-recalc-dims=\"1\" decoding=\"async\" src=\"https:\/\/i0.wp.com\/i2.haber7.net\/\/haber\/haber7\/photos\/2020\/06\/NrG8E_1580716137_7925.jpg?w=640&#038;ssl=1\" \/><\/p>\n<div id=\"bghab-2932328079\" class=\"bghab-yazi-altinda bghab-entity-placement\"><script async src=\"https:\/\/pagead2.googlesyndication.com\/pagead\/js\/adsbygoogle.js\"><\/script>\r\n<!-- bghaber-yaz\u0131-sonu -->\r\n<ins class=\"adsbygoogle\"\r\n     style=\"display:block\"\r\n     data-ad-client=\"ca-pub-6203283170189293\"\r\n     data-ad-slot=\"4222328180\"\r\n     data-ad-format=\"auto\"\r\n     data-full-width-responsive=\"true\"><\/ins>\r\n<script>\r\n     (adsbygoogle = window.adsbygoogle || []).push({});\r\n<\/script><\/div><br style=\"clear: both; display: block; float: none;\"\/>","protected":false},"excerpt":{"rendered":"<p>Osmanl\u0131 \u0130mparatorlu\u011fu&#8217;nun h\u00fck\u00fcm s\u00fcrd\u00fc\u011f\u00fc topraklardan biri de Plovdiv. T\u00fcrk\u00e7e ad\u0131 Filibe olan bu \u015fehir 2. Murat zaman\u0131nda fethedilmi\u015f ve Bulgaristan&#8217;\u0131n ikinci b\u00fcy\u00fck \u015fehridir. 2. Murat&#8217;\u0131n<\/p>\n","protected":false},"author":13,"featured_media":43679,"comment_status":"closed","ping_status":"closed","sticky":false,"template":"","format":"standard","meta":{"advanced_seo_description":"","jetpack_seo_html_title":"","jetpack_seo_noindex":false,"jetpack_seo_schema_type":"","_jetpack_newsletter_access":"","_jetpack_dont_email_post_to_subs":false,"_jetpack_newsletter_tier_id":0,"_jetpack_memberships_contains_paywalled_content":false,"_jetpack_feature_clip_id":0,"_jetpack_memberships_contains_paid_content":false,"footnotes":"","jetpack_post_was_ever_published":false},"categories":[1,10],"tags":[],"class_list":["post-44113","post","type-post","status-publish","format-standard","has-post-thumbnail","hentry","category-haberler","category-kultur-sanat"],"jetpack_sharing_enabled":true,"jetpack_likes_enabled":true,"jetpack-related-posts":[],"jetpack_shortlink":"https:\/\/wp.me\/pc2PfJ-btv","jetpack_featured_media_url":"https:\/\/i0.wp.com\/www.bghaber.org\/bghaber\/wp-content\/uploads\/2020\/01\/plovdiv-filibe-sehir-g%C3%B6r%C3%BCnt%C3%BCs%C3%BC.jpg?fit=1170%2C774&ssl=1","_links":{"self":[{"href":"https:\/\/www.bghaber.org\/bghaber\/wp-json\/wp\/v2\/posts\/44113","targetHints":{"allow":["GET"]}}],"collection":[{"href":"https:\/\/www.bghaber.org\/bghaber\/wp-json\/wp\/v2\/posts"}],"about":[{"href":"https:\/\/www.bghaber.org\/bghaber\/wp-json\/wp\/v2\/types\/post"}],"author":[{"embeddable":true,"href":"https:\/\/www.bghaber.org\/bghaber\/wp-json\/wp\/v2\/users\/13"}],"replies":[{"embeddable":true,"href":"https:\/\/www.bghaber.org\/bghaber\/wp-json\/wp\/v2\/comments?post=44113"}],"version-history":[{"count":0,"href":"https:\/\/www.bghaber.org\/bghaber\/wp-json\/wp\/v2\/posts\/44113\/revisions"}],"wp:featuredmedia":[{"embeddable":true,"href":"https:\/\/www.bghaber.org\/bghaber\/wp-json\/wp\/v2\/media\/43679"}],"wp:attachment":[{"href":"https:\/\/www.bghaber.org\/bghaber\/wp-json\/wp\/v2\/media?parent=44113"}],"wp:term":[{"taxonomy":"category","embeddable":true,"href":"https:\/\/www.bghaber.org\/bghaber\/wp-json\/wp\/v2\/categories?post=44113"},{"taxonomy":"post_tag","embeddable":true,"href":"https:\/\/www.bghaber.org\/bghaber\/wp-json\/wp\/v2\/tags?post=44113"}],"curies":[{"name":"wp","href":"https:\/\/api.w.org\/{rel}","templated":true}]}}