{"id":4380,"date":"2013-07-26T19:11:09","date_gmt":"2013-07-26T16:11:09","guid":{"rendered":"http:\/\/bghaber.org\/bghaber\/?p=4380"},"modified":"2019-07-18T23:40:16","modified_gmt":"2019-07-18T21:40:16","slug":"isyan-gecesi","status":"publish","type":"post","link":"https:\/\/www.bghaber.org\/bghaber\/isyan-gecesi\/","title":{"rendered":"\u0130syan gecesi"},"content":{"rendered":"<div style=\"text-align: left;\" align=\"center\"><b>Halk, oligar\u015fi g\u00f6lgesinde bir h\u00fck\u00fcmet ile y\u00f6netilmesini kabul etmiyor<\/b><\/div>\n<div><b>\u00a0<\/b><\/div>\n<div>Sal\u0131y\u0131 \u00e7ar\u015fambaya ba\u011flayan gece, yani 23 Temmuz 2013 gecesi Sofya uyumad\u0131. Parlamentoyu ku\u015fatan 20 bin ki\u015fi Bulgar Meclisi\u2019nden \u00e7\u0131k\u0131\u015f yollar\u0131n\u0131 2 metre y\u00fcksek kald\u0131r\u0131m ta\u015f\u0131 ile kestiler. Herkes saatlerce hep bir a\u011f\u0131zdan \u201cH\u00fck\u00fcmet \u0130stifa!\u201d diye hayk\u0131r\u0131rken, TV-3, TV-7 ve \u201cEvropa TV\u201d meydanlardan geli\u015fen \u00e7at\u0131lmal\u0131 olaylar\u0131 canl\u0131 g\u00f6sterdi. Tarihte g\u00f6r\u00fclmemi\u015f bir derme \u00e7atma oligar\u015fi kuklas\u0131 h\u00fck\u00fcmet olan Sosyalistlerin, H\u00d6H eliti ve azg\u0131n fa\u015fist Siderov\u2019un kabinesi ta\u015fra birliklerinden jandarma timlerini Sofya\u2019ya \u00e7ekti, \u201cRakovski\u201d caddesinde z\u0131rhl\u0131 ara\u00e7lar ve toplar belirdi.<!--more--><\/p>\n<figure id=\"attachment_3720\" aria-describedby=\"caption-attachment-3720\" style=\"width: 150px\" class=\"wp-caption alignright\"><a href=\"https:\/\/i0.wp.com\/bghaber.org\/bghaber\/wp-content\/uploads\/2013\/07\/rafetuluturk.jpg\"><img data-recalc-dims=\"1\" loading=\"lazy\" decoding=\"async\" class=\"size-thumbnail wp-image-3720\" alt=\"Rafet Ulut\u00fcrk BGSAM - Bulgaristan Stratejik Ara\u015ft\u0131rma Merkezi \" src=\"https:\/\/i0.wp.com\/bghaber.org\/bghaber\/wp-content\/uploads\/2013\/07\/rafetuluturk-150x150.jpg?resize=150%2C150\" width=\"150\" height=\"150\" srcset=\"https:\/\/i0.wp.com\/www.bghaber.org\/bghaber\/wp-content\/uploads\/2013\/07\/rafetuluturk.jpg?resize=150%2C150&amp;ssl=1 150w, https:\/\/i0.wp.com\/www.bghaber.org\/bghaber\/wp-content\/uploads\/2013\/07\/rafetuluturk.jpg?resize=65%2C65&amp;ssl=1 65w\" sizes=\"auto, (max-width: 150px) 100vw, 150px\" \/><\/a><figcaption id=\"caption-attachment-3720\" class=\"wp-caption-text\">Rafet Ulut\u00fcrk<br \/>BGSAM &#8211; Bulgaristan Stratejik Ara\u015ft\u0131rma Merkezi<\/figcaption><\/figure>\n<\/div>\n<div><b>H\u00fck\u00fcmet meclise kapand\u0131 <\/b><\/div>\n<div>Sal\u0131 g\u00fcn\u00fc, meclis ayakta kal\u0131p tutunabilmek i\u00e7in b\u00fct\u00e7e de\u011fi\u015fikliklerini kabul ediyordu. Salon\u2019da yaln\u0131z Sosyalist Parti, Hak ve \u00d6zg\u00fcrl\u00fckler Partisi ve \u201cAtaka\u201d lideri V. Siderov vard\u0131. Milletvekilleri ile birlikte Maliye Bakan\u0131 Pet\u0131r \u00c7obanov, Sosyal \u0130\u015fler Bakan\u0131 Hasan Ademov ve Ekonomi Bakan\u0131 Dragomir Stoyanov\u2019da meclise kapand\u0131. \u00c7ift polis kordonu ve z\u0131rhl\u0131 ara\u00e7lar e\u015fli\u011finde milletvekillerini meclisten \u00e7\u0131karmak i\u00e7in gelen bir \u00f6zel z\u0131rhl\u0131 l\u00fcks otob\u00fcs gece saat \u00fc\u00e7e kadar kordonu a\u015f\u0131p meydandan \u00e7\u0131kamad\u0131. Protestocular polis ve jandarma ile \u00e7at\u0131\u015fmaya girmemek i\u00e7in ellerinden geleni yapsalar da bir\u00e7ok eylemci \u201cPirigov\u201d acil yard\u0131m hastanesine kald\u0131r\u0131ld\u0131, baz\u0131lar\u0131 da yerinde yard\u0131m ald\u0131.<\/div>\n<div>Bu kitlesel mukavemet olaylar\u0131, ger\u00e7ek demokrasi ve sivil toplum \u00f6rg\u00fctlerinin politik iktidar \u00fczerinde kontrol hakk\u0131 kullanmas\u0131n\u0131 isteyen pasif direni\u015flerin 4o. G\u00fcn\u00fcnde oldu.\u00a0 Problemlerin kar\u015f\u0131l\u0131kl\u0131 g\u00f6r\u00fc\u015fmelerle, tart\u0131\u015fmayla, m\u00fczakerelerle \u00e7ok y\u00f6nl\u00fc diyalogla \u00e7\u00f6z\u00fclmesini isteyenlerle yani her \u015feyi g\u00f6r\u00fc\u015f\u00fcp m\u00fczakere edip mutabakat sa\u011flayarak y\u00f6netmek isteyenlerle kar\u015f\u0131 \u00e7\u0131kanlar\u0131 yok etme zihniyeti ve prati\u011fi aras\u0131nda ger\u00e7ekle\u015fti.<\/div>\n<div><b>Rus ajan\u0131 ve mafya uzant\u0131s\u0131 <\/b><\/div>\n<div>Bug\u00fcn Sofya\u2019da sosyalist partisi lideri Sergey Stan\u0131\u015fev ile bir Rus ajan\u0131 ve mafya uzant\u0131s\u0131 olan Ahmet Do\u011fan\u2019\u0131n ve \u0131rk\u00e7\u0131 V. Siderov\u2019un Ba\u015fbakan yapt\u0131\u011f\u0131 Plamen Ore\u015farski yerli ve yabanc\u0131 oligar\u015finin koyu g\u00f6lgesidir. Bu geli\u015fmeyi g\u00f6ren Bulgar orta katman\u0131, ayd\u0131nlar, gen\u00e7ler ve \u00f6zellikle de direni\u015f g\u00fcnlerinde son derece etkin ve aktif olan sosyalist gen\u00e7ler ayakland\u0131.<\/div>\n<div><b>BSP &#8211; Zedelenmi\u015f bir parti <\/b><\/div>\n<div>Direni\u015f g\u00fcnleri \u015funu g\u00f6stermi\u015ftir:<\/div>\n<div>Sosyalist Parti Ba\u015fkan\u0131 Sergey Stan\u0131\u015fev, zaman\u0131n\u0131 ya\u015fam\u0131\u015f olan kom\u00fcnist nomanklat\u00fcr katmandan geldi\u011finden dolay\u0131 \u00e7ok sert ve tavizsiz bir politik \u00e7izgi se\u00e7mi\u015ftir. Yerli bas\u0131n kendisine ender rastlanan bir kom\u00fcnist g\u00f6r\u00fcng\u00fc, \u201ckal\u0131n kafa\u201d demekten geri durmuyor. Hatta Stalinci dogmatik bir tav\u0131r izledi\u011fi defalarca vurguland\u0131.<\/div>\n<div>Esef ederek yaz\u0131yorum, 12 May\u0131s se\u00e7imlerinde 2. Parti olan Sosyalist Parti (BSP) idesel ve politik olarak zedelenmi\u015f bir partidir. \u201cDemokrasiyi de biz kuraca\u011f\u0131z!\u201d demesine ra\u011fmen, \u00fclkemizin yar\u0131nlar\u0131 i\u00e7in algoritma \u00fcretemedi, toplumun g\u00fcncel olaylar\u0131na bilge yan\u0131t getiremiyor, sahte demokratik bir tav\u0131rla ikiy\u00fczl\u00fcl\u00fc\u011f\u00fcn esiri olmu\u015f durumdad\u0131r. Bu durumda, hi\u00e7bir kimse \u201cBSP sol bir partidir\u201d diyemez. BSP \u00fcyelerinin daha fazlas\u0131 eski kom\u00fcnist zaman\u0131n an\u0131lar\u0131n\u0131 geveleyen, ya\u015f\u0131 ilerlemi\u015f ki\u015filerdir. Kendilerinden yeni toplumsal at\u0131l\u0131mlar\u0131 ak\u0131lc\u0131 alg\u0131lama becerisi beklenemez. Ge\u00e7erli form\u00fclleri yoktur. Ayn\u0131 tespiti H\u00d6H MYK\u2019nin emeklileri, zaman\u0131 ge\u00e7mi\u015f kadrolara da s\u00f6yleyebiliriz. \u00d6rnekleyelim:<\/div>\n<div><b>Davas\u0131na ihanet eden A. Do\u011fan\u2019d\u0131r<\/b><\/div>\n<div>Demokrasi u\u011fruna direnen halka kar\u015f\u0131 mafya uzant\u0131s\u0131 kadrolar\u0131 H\u00d6H listesinden Sofya meclisine sokup en \u00f6nemli bakanl\u0131klara ve Devlet Kurumu Ba\u015fkanl\u0131klar\u0131na yerle\u015ftirmek isteyen (Stan\u0131\u015fev\u2019ten sonra gelen) ikinci \u00e7ok tehlikeli kisi de \u00fclkemizdeki Rus istasyon \u015fefi, Bulgaristan T\u00fcrkleri davas\u0131na ihanet eden H\u00d6H fahri ba\u015fkan\u0131 A. Do\u011fan\u2019d\u0131r.<\/div>\n<div><b>\u00dc\u00e7 b\u00fcy\u00fck hata<\/b><\/div>\n<div>Bir, mafya \u015fefi H\u00d6H milletvekili D. Peevskiyi gizli servis ba\u015fkanl\u0131\u011f\u0131na meclis onay\u0131na sunulmas\u0131, halk isyan\u0131n\u0131 ba\u015flatan damla oldu.<\/div>\n<div>Barda\u011f\u0131 ta\u015f\u0131ran ikinci \u00f6nemli olay ise, \u00fclkemizde en tehlikeli gizli \u00f6rg\u00fct (S\u0130K)in (derin devletin eli kolu) elit kadrolar\u0131ndan olan \u0130van \u0130vanov\u2019un \u0130\u00e7 \u0130\u015fleri Bakan Yard\u0131mc\u0131s\u0131 g\u00f6revine atanmas\u0131 oldu.<\/div>\n<div>\u00dc\u00e7\u00fcnc\u00fc olay da, ba\u015fka bir derin devlet uzant\u0131s\u0131 olan V\u0130TS-sigorta \u015firketi kadrosu olan Emil \u0130vanov\u2019un, H\u00d6H partisinden Sofya Valili\u011fi\u2019ne atama teklifi oldu. Bu geli\u015fmeler A. Do\u011fan\u2019\u0131n oligar\u015fi, mafya ve yerli gizli servislerin ajan\u0131 olarak Bulgaristan\u2019daki en tehlikeli, demokrasiyi hi\u00e7e sayan, devleti H\u00d6H eliyle ele ge\u00e7irmeye yeltenen bunun i\u00e7in \u00f6rg\u00fctlenmi\u015f olan legal illegal g\u00fc\u00e7lerin olanlar\u0131na kurban edildi\u011fini kan\u0131tlamaktad\u0131r.<\/div>\n<div><b>Bug\u00fcnk\u00fc H\u00d6H y\u00f6netimi kar\u015f\u0131 koyamaz<\/b><\/div>\n<div>\u0130nan\u0131n, L. Mestan ve t\u00fcm \u00f6teki H\u00d6H MYK \u00fcyeleri kar\u015f\u0131 koyamaz. Biz H\u00d6H gen\u00e7lik \u00f6rg\u00fct\u00fcn\u00fcn kar\u0131\u015f\u0131k, karanl\u0131k, hileli ve yasa d\u0131\u015f\u0131 i\u015flere kar\u0131\u015fmas\u0131n\u0131 kendilerinin de istemedi\u011fini biliyoruz. Ne yaz\u0131k ki, ihanet dalgas\u0131 \u00e7ok b\u00fcy\u00fcm\u00fc\u015f ve yay\u0131lm\u0131\u015f oldu\u011fundan \u00f6n\u00fc al\u0131nam\u0131yor ve belki de \u00fclkeyi ulusal kazaya g\u00f6t\u00fcrebilir.<\/div>\n<div><b>Bulgar ve T\u00fcrk gen\u00e7lerin omuz omuza <\/b><\/div>\n<div>\u015eimdiki itaatsizlik olaylar\u0131n\u0131n Bulgaristan gen\u00e7 ku\u015fa\u011f\u0131na bizim evlatlar\u0131m\u0131za ideolojik ve politik olarak do\u011fru se\u00e7im yapmalar\u0131na yard\u0131mc\u0131 olacakt\u0131r. \u00d6te yandan gen\u00e7 neslimiz r\u00fc\u015fvet konusunda, devlet ve belediye erkinin ki\u015fisel \u00e7\u0131karlar, haks\u0131z kazan\u00e7 u\u011fruna kullan\u0131lmas\u0131na kesin kar\u015f\u0131d\u0131r.<\/div>\n<div>2013 direni\u015fler y\u0131l\u0131nda Bulgaristan\u2019\u0131n ayd\u0131n umutlar\u0131 gen\u00e7li\u011fimize ba\u011flanm\u0131\u015ft\u0131r. Eylemlerin \u00f6n s\u0131ralar\u0131nda yer alan Bulgar ve T\u00fcrk gen\u00e7lerin omuz omuza durmas\u0131 hepimizi onurland\u0131rd\u0131.<\/div>\n<div><b>Kamuoyu yeni se\u00e7im istiyor:<\/b><\/div>\n<div>Ayaklanma gecesinde GERP partisi Ba\u015fkan\u0131 Boyko Borisov; t\u00fcm sendika ba\u015fkanlar\u0131; gen\u00e7lik \u00f6rg\u00fct\u00fc liderleri, 20 sivil toplum \u00f6rg\u00fct\u00fc \u00f6nderi, ayr\u0131ca Cumhurba\u015fkan\u0131 Rosen Plevneli ev ve hatta Sosyalist Parti AB milletvekili Kalfin en k\u0131sa zamanda erken se\u00e7im yap\u0131lmas\u0131 \u00e7a\u011fr\u0131s\u0131nda bulundular. Bulgaristan\u2019da ba\u015flayan bu yeni s\u00fcrece soyda\u015flar\u0131m\u0131z\u0131 temsil eden dernek ve federasyonlar da dahi olmak \u00fczere hatta t\u00fcm STK\u2019lar burada yerlerini almalar\u0131 \u015fartt\u0131r.<\/div>\n<div>Halk\u0131m\u0131z, kamuoyu ve Bulgaristan\u2019da ya\u015fayan t\u00fcm etnik az\u0131nl\u0131klar, T\u00fcrkler, Pomaklar, ve di\u011fer Hristiyan ve M\u00fcsl\u00fcman kitle Bulgaristan\u2019da 21. Y\u00fczy\u0131lda oligar\u015fi g\u00f6lgesi bir h\u00fck\u00fcmet taraf\u0131ndan y\u00f6netilmesini kabul etmiyor.<\/div>\n<div id=\"bghab-1316294605\" class=\"bghab-yazi-altinda bghab-entity-placement\"><script async src=\"https:\/\/pagead2.googlesyndication.com\/pagead\/js\/adsbygoogle.js\"><\/script>\r\n<!-- bghaber-yaz\u0131-sonu -->\r\n<ins class=\"adsbygoogle\"\r\n     style=\"display:block\"\r\n     data-ad-client=\"ca-pub-6203283170189293\"\r\n     data-ad-slot=\"4222328180\"\r\n     data-ad-format=\"auto\"\r\n     data-full-width-responsive=\"true\"><\/ins>\r\n<script>\r\n     (adsbygoogle = window.adsbygoogle || []).push({});\r\n<\/script><\/div><br style=\"clear: both; display: block; float: none;\"\/>","protected":false},"excerpt":{"rendered":"<p>Halk, oligar\u015fi g\u00f6lgesinde bir h\u00fck\u00fcmet ile y\u00f6netilmesini kabul etmiyor \u00a0 Sal\u0131y\u0131 \u00e7ar\u015fambaya ba\u011flayan gece, yani 23 Temmuz 2013 gecesi Sofya uyumad\u0131. Parlamentoyu ku\u015fatan 20 bin<\/p>\n","protected":false},"author":29,"featured_media":3720,"comment_status":"closed","ping_status":"closed","sticky":false,"template":"","format":"standard","meta":{"advanced_seo_description":"","jetpack_seo_html_title":"","jetpack_seo_noindex":false,"jetpack_seo_schema_type":"","_jetpack_newsletter_access":"","_jetpack_dont_email_post_to_subs":false,"_jetpack_newsletter_tier_id":0,"_jetpack_memberships_contains_paywalled_content":false,"_jetpack_feature_clip_id":0,"_jetpack_memberships_contains_paid_content":false,"footnotes":"","jetpack_post_was_ever_published":false},"categories":[6],"tags":[],"class_list":["post-4380","post","type-post","status-publish","format-standard","has-post-thumbnail","hentry","category-yorum"],"jetpack_sharing_enabled":true,"jetpack_likes_enabled":true,"jetpack-related-posts":[],"jetpack_shortlink":"https:\/\/wp.me\/pc2PfJ-18E","jetpack_featured_media_url":"https:\/\/i0.wp.com\/www.bghaber.org\/bghaber\/wp-content\/uploads\/2013\/07\/rafetuluturk.jpg?fit=235%2C299&ssl=1","_links":{"self":[{"href":"https:\/\/www.bghaber.org\/bghaber\/wp-json\/wp\/v2\/posts\/4380","targetHints":{"allow":["GET"]}}],"collection":[{"href":"https:\/\/www.bghaber.org\/bghaber\/wp-json\/wp\/v2\/posts"}],"about":[{"href":"https:\/\/www.bghaber.org\/bghaber\/wp-json\/wp\/v2\/types\/post"}],"author":[{"embeddable":true,"href":"https:\/\/www.bghaber.org\/bghaber\/wp-json\/wp\/v2\/users\/29"}],"replies":[{"embeddable":true,"href":"https:\/\/www.bghaber.org\/bghaber\/wp-json\/wp\/v2\/comments?post=4380"}],"version-history":[{"count":0,"href":"https:\/\/www.bghaber.org\/bghaber\/wp-json\/wp\/v2\/posts\/4380\/revisions"}],"wp:featuredmedia":[{"embeddable":true,"href":"https:\/\/www.bghaber.org\/bghaber\/wp-json\/wp\/v2\/media\/3720"}],"wp:attachment":[{"href":"https:\/\/www.bghaber.org\/bghaber\/wp-json\/wp\/v2\/media?parent=4380"}],"wp:term":[{"taxonomy":"category","embeddable":true,"href":"https:\/\/www.bghaber.org\/bghaber\/wp-json\/wp\/v2\/categories?post=4380"},{"taxonomy":"post_tag","embeddable":true,"href":"https:\/\/www.bghaber.org\/bghaber\/wp-json\/wp\/v2\/tags?post=4380"}],"curies":[{"name":"wp","href":"https:\/\/api.w.org\/{rel}","templated":true}]}}