{"id":4373,"date":"2013-07-26T19:05:43","date_gmt":"2013-07-26T16:05:43","guid":{"rendered":"http:\/\/bghaber.org\/bghaber\/?p=4373"},"modified":"2019-07-18T23:40:16","modified_gmt":"2019-07-18T21:40:16","slug":"balgoc-projesi-trt-balkan-kurulacak-mi","status":"publish","type":"post","link":"https:\/\/www.bghaber.org\/bghaber\/balgoc-projesi-trt-balkan-kurulacak-mi\/","title":{"rendered":"Balg\u00f6\u00e7 Projesi TRT Balkan kurulacak m\u0131?"},"content":{"rendered":"<p>Kent g\u00fcndemine giren ama bir t\u00fcrl\u00fc sonuca ula\u015famayan TRT Balkan projesi i\u00e7in BAL-G\u00d6\u00c7 1 y\u0131ld\u0131r beklemede.<br \/>\nGe\u00e7en y\u0131l mart ay\u0131nda TRT Genel M\u00fcd\u00fcrl\u00fc\u011f\u00fcne sunum yapm\u0131\u015f BAL-G\u00d6\u00c7 Ba\u015fkan\u0131 Y\u00fcksel \u00d6zkan.<br \/>\nBa\u015fkan \u00d6zkan\u2019\u0131n sunum yapt\u0131\u011f\u0131 toplant\u0131ya 15 dernek ve federasyon kat\u0131lm\u0131\u015f..<br \/>\nAma rapor sunan tek STK Bal-G\u00f6\u00e7 olmu\u015f.<br \/>\nO toplant\u0131da TRT Balkan\u2019\u0131n kurulmas\u0131n\u0131n neden gerekti\u011fini uzun uzun anlatan Ba\u015fkan \u00d6zkan TRT Genel M\u00fcd\u00fcr\u00fc\u2019n\u00fcn \u00f6nceli\u011finin TRT \u0130ngilizce oldu\u011funu \u00f6\u011frenmesi \u015fa\u015fk\u0131nl\u0131k yaratm\u0131\u015f.<br \/>\nHem Balkan k\u00f6kenli dernekler \u00e7a\u011fr\u0131lm\u0131\u015f bu toplant\u0131ya hem de TRT \u0130ngilizce kurmaktan s\u00f6z edilmesine anlam verilememi\u015f hakl\u0131 olarak!<!--more--><\/p>\n<figure id=\"attachment_4374\" aria-describedby=\"caption-attachment-4374\" style=\"width: 150px\" class=\"wp-caption alignright\"><a href=\"https:\/\/i0.wp.com\/bghaber.org\/bghaber\/wp-content\/uploads\/2013\/07\/Aysin-KOMITGAN.jpg\"><img data-recalc-dims=\"1\" loading=\"lazy\" decoding=\"async\" class=\"size-thumbnail wp-image-4374\" alt=\"Ays\u0131n Komitgan\" src=\"https:\/\/i0.wp.com\/bghaber.org\/bghaber\/wp-content\/uploads\/2013\/07\/Aysin-KOMITGAN-150x150.jpg?resize=150%2C150\" width=\"150\" height=\"150\" srcset=\"https:\/\/i0.wp.com\/www.bghaber.org\/bghaber\/wp-content\/uploads\/2013\/07\/Aysin-KOMITGAN.jpg?resize=150%2C150&amp;ssl=1 150w, https:\/\/i0.wp.com\/www.bghaber.org\/bghaber\/wp-content\/uploads\/2013\/07\/Aysin-KOMITGAN.jpg?resize=65%2C65&amp;ssl=1 65w\" sizes=\"auto, (max-width: 150px) 100vw, 150px\" \/><\/a><figcaption id=\"caption-attachment-4374\" class=\"wp-caption-text\">Ays\u0131n Komitgan<\/figcaption><\/figure>\n<p>TRT Balkan\u2019\u0131n bir an \u00f6nce kurulmas\u0131 ve en \u00f6nemlisi de Bursa\u2019da kurulmas\u0131 i\u00e7in BAL-G\u00d6\u00c7 Ba\u015fkan\u0131 Y\u00fcksel \u00d6zkan\u2019\u0131n sundu\u011fu rapordaki baz\u0131 \u00f6nemli maddeleri payla\u015fmak istiyorum;<br \/>\n1. \u2018Balkanlar, her zaman ac\u0131yla an\u0131lan bir co\u011frafya oldu. Balkan Sava\u015f\u0131\u2019n\u0131n 100. y\u0131l\u0131nda bar\u0131\u015fa \u015fans vermek mutlaka olumlu bir giri\u015fimdir. Bu bir ba\u015flang\u0131\u00e7 olmal\u0131 ve bundan sonra da Balkan \u00fclkeleri ve halklar\u0131 aras\u0131nda dostlu\u011fu \u00f6ne \u00e7\u0131karmaya \u00f6zen g\u00f6sterilmelidir. Ancak, dostluk \u00f6ne \u00e7\u0131kar\u0131l\u0131rken, Balkan co\u011frafyas\u0131nda ya\u015fayan soyda\u015flar\u0131m\u0131z\u0131n ve dinda\u015flar\u0131m\u0131z\u0131n haklar\u0131n\u0131n da g\u00fcn\u00fcm\u00fczde, uluslararas\u0131 toplumda, AB normlar\u0131nda ge\u00e7erli olan demokratik hak ve \u00f6zg\u00fcrl\u00fckler ba\u011flam\u0131nda ele al\u0131nmas\u0131 da unutulmamal\u0131d\u0131r, dahas\u0131 bar\u0131\u015fa paralel olarak bu konulara \u00e7ok daha fazla yer verilmelidir.<br \/>\n2. T\u00fcrk\u00e7e konu\u015fma konusunda, baz\u0131 \u00fclkelerde e\u011fitim y\u00f6n\u00fcnden b\u00fcy\u00fck sorunlar ya\u015fanmaktad\u0131r. \u00d6rne\u011fin Bulgaristan\u2019da, \u2018Anadil T\u00fcrk\u00e7e\u2019 se\u00e7meli ders olarak okutulmaktad\u0131r. 1991-92 e\u011fitim y\u0131l\u0131nda okullarda T\u00fcrk\u00e7e okuyan \u00f6\u011frenci say\u0131s\u0131 114 bin iken 2010-11 e\u011fitim y\u0131l\u0131nda ise bu say\u0131 7 bine d\u00fc\u015fm\u00fc\u015ft\u00fcr. Bu ba\u011flamda, ilk ve ortaokul seviyesine T\u00fcrk\u00e7e alfabeden ba\u015flayan e\u011fitim programlar\u0131n\u0131n (yazma, okuma, okullar aras\u0131 T\u00fcrk\u00e7e bilim yar\u0131\u015fmalar\u0131, \u015fiir ve kompozisyon yar\u0131\u015fmalar\u0131, \u00e7ocuk dizileri, \u00e7izgi filmler, \u00e7ocuk tiyatrosu v.s) d\u00fczenlenmesi b\u00fcy\u00fck \u00f6nem ta\u015f\u0131yacakt\u0131r. Ayr\u0131ca TV arac\u0131l\u0131\u011f\u0131 ile verilen meslek i\u00e7i e\u011fitim programlar\u0131 ve benzer yap\u0131mlarla, T\u00fcrk\u00e7e \u00f6\u011fretmenlerinin de donan\u0131mlar\u0131n\u0131 art\u0131rabilecekleri g\u00f6z \u00f6n\u00fcnde bulundurulmal\u0131d\u0131r.<br \/>\nM\u00fcsl\u00fcman ve akraba topluklar\u0131 i\u00e7inde T\u00fcrk\u00e7e \u00f6\u011frenme iste\u011fine y\u00f6nelik programlar\u0131n yap\u0131lmas\u0131 (\u00f6zellikle Arnavut, Bo\u015fnak ve Pomaklar i\u00e7in)\u00a0 gerekmektedir.<br \/>\n3. TV yay\u0131nlar\u0131nda, b\u00f6lgeye y\u00f6nelik yap\u0131mlarda birlik ve b\u00fct\u00fcnl\u00fc\u011fe dikkat edilmesi uygun olacakt\u0131r. Konunun hassasiyetinin ve b\u00f6lge insan\u0131n\u0131n psikolojisinin iyi bilinmesi ve dikkat edilmesi \u00f6nemlidir. \u00d6zellikle son zamanlarda, T\u00fcrk-Arnavut, T\u00fcrk-Pomak, T\u00fcrk-Bo\u015fnak v.s. ayr\u0131mc\u0131l\u0131\u011f\u0131n\u0131n k\u00f6r\u00fcklendi\u011fi Balkan co\u011frafyas\u0131nda, TRT\u2019nin yay\u0131nlar\u0131n\u0131n b\u00fct\u00fcnle\u015ftirici olmas\u0131 hassasiyetini g\u00fcderken soyda\u015flara y\u00f6nelik i\u00e7eriklerin daha a\u011f\u0131rl\u0131kta olmas\u0131 \u00f6nem arz etmektedir. Balkanlar\u2019da ya\u015fayan akraba topluluklar\u0131na \u00f6rnek olmas\u0131 i\u00e7in T\u00fcrkiye\u2019de ya\u015fayan Arnavut, Bo\u015fnak, Pomaklar\u0131n birlik, beraberlik ve dayan\u0131\u015fma i\u00e7inde bir \u00fcst \u201cT\u00fcrk\u201d kimli\u011fi ile nas\u0131l ya\u015fad\u0131klar\u0131n\u0131 yans\u0131tan programlar\u0131n yap\u0131lmas\u0131 \u00f6rnek olacakt\u0131r. TV yap\u0131mlar\u0131nda dikkat edilmesi gereken hususlar\u0131n ba\u015f\u0131nda Balkanlar\u2019da ya\u015fayan T\u00fcrklerin ve M\u00fcsl\u00fcmanlar\u0131n bir b\u00fct\u00fcn\u00fcn par\u00e7alar\u0131 olduklar\u0131n\u0131n hissettirilmesi gerekmektedir.<br \/>\nB\u00f6lge insan\u0131 ba\u015fta TRT olmak \u00fczere di\u011fer TV yay\u0131nlar\u0131 sayesinde di\u011fer Balkan \u00fclkelerinde de kendisi gibi T\u00fcrk\u00e7e konu\u015fan, M\u00fcsl\u00fcman insanlar\u0131n oldu\u011funu fark etmi\u015f, ayn\u0131 k\u00fclt\u00fcr\u00fcn bir par\u00e7as\u0131 oldu\u011funu g\u00f6rm\u00fc\u015ft\u00fcr.<br \/>\nO b\u00f6lge insan\u0131n\u0131 bir araya getiren ve yerinde (ayn\u0131 \u015fehirde, ayn\u0131 b\u00f6lgede) programlar\u0131n d\u00fczenlenmesi.<br \/>\n4. TRT yay\u0131nlar\u0131nda Balkanlar\u2019daki T\u00fcrklerin k\u00fclt\u00fcrel ve sosyal faaliyetlerine daha geni\u015f yer verilmesi, \u00f6zel g\u00fcnlerinin o b\u00f6lge insan\u0131n da kat\u0131l\u0131m\u0131 ile aktar\u0131lmas\u0131 uygun olacakt\u0131r.<br \/>\n5. Sadece TRT \u00c7ocuk bile haz\u0131rlanan \u00f6zel programlarla, oralarda yeti\u015fen T\u00fcrk \u00e7ocuklar\u0131na, kendi dilini ve de\u011ferlerini \u00f6\u011frenmesi y\u00f6n\u00fcnden \u00e7ok \u015fey katabilir. \u00d6zetle TRT Bulgaristan\u2019daki T\u00fcrk \u00e7ocuklar\u0131n\u0131n yeti\u015fmesinde, yeti\u015fkinlerin de T\u00fcrkiye hakk\u0131nda sa\u011fl\u0131kl\u0131 bilgi edinmesinde ve kendi de\u011ferleriyle bulu\u015fmas\u0131nda etkilidir.\u2019<br \/>\n6. Balkanlar\u2019da b\u00f6lgesel T\u00fcrk\u00e7e TV ve radyo kanallar\u0131n\u0131n kurulmas\u0131na destek sa\u011flanmal\u0131d\u0131r. Bu kanallar\u0131n bas\u0131l\u0131 yay\u0131n organlar\u0131n\u0131n olu\u015fmas\u0131na da destek ve-rilmelidir.\u00a0 Bu konuda, az\u0131nl\u0131k T\u00fcrk K\u00fclt\u00fcr Dernekleri \u00f6nc\u00fcl\u00fck yapabilir. Teknik donan\u0131m ve yeti\u015fmi\u015f eleman konusunda TRT di\u011fer kurumlar (\u00f6rne\u011fin T\u0130KA v.s.) ile ortak hareketle bu projelerin ger\u00e7ekle\u015fmesini sa\u011flayabilir. Kal\u0131c\u0131 olmas\u0131, o b\u00f6lge insan\u0131n\u0131 i\u015fin i\u00e7ine \u00e7ekecek, sorumlulu\u011funu ve \u00f6zg\u00fcvenini art\u0131racak TV ve radyo kanallar\u0131n\u0131n kurulmas\u0131 en \u00f6nemli hedef olmal\u0131d\u0131r. Balkanlar\u2019da etkin olabilmemiz ve soyda\u015flar\u0131m\u0131za sahip \u00e7\u0131kmak i\u00e7in \u201dbal\u0131k yemeyi de\u011fil de bal\u0131k tutmay\u0131 \u00f6\u011fretmek\u201d ana hedef olmal\u0131d\u0131r.\u2019<br \/>\nTRT Balkan\u2019\u0131n Bursa\u2019da kurulmas\u0131 ger\u00e7ekle\u015firse ciddi bir ba\u015far\u0131ya imza at\u0131lm\u0131\u015f olacak.<br \/>\n<b><\/b><\/p>\n<p><b>Ays\u0131n KOM\u0130TGAN, bursahakimiyet.com.tr<\/b><\/p>\n<div id=\"bghab-3535716487\" class=\"bghab-yazi-altinda bghab-entity-placement\"><script async src=\"https:\/\/pagead2.googlesyndication.com\/pagead\/js\/adsbygoogle.js\"><\/script>\r\n<!-- bghaber-yaz\u0131-sonu -->\r\n<ins class=\"adsbygoogle\"\r\n     style=\"display:block\"\r\n     data-ad-client=\"ca-pub-6203283170189293\"\r\n     data-ad-slot=\"4222328180\"\r\n     data-ad-format=\"auto\"\r\n     data-full-width-responsive=\"true\"><\/ins>\r\n<script>\r\n     (adsbygoogle = window.adsbygoogle || []).push({});\r\n<\/script><\/div><br style=\"clear: both; display: block; float: none;\"\/>","protected":false},"excerpt":{"rendered":"<p>Kent g\u00fcndemine giren ama bir t\u00fcrl\u00fc sonuca ula\u015famayan TRT Balkan projesi i\u00e7in BAL-G\u00d6\u00c7 1 y\u0131ld\u0131r beklemede. Ge\u00e7en y\u0131l mart ay\u0131nda TRT Genel M\u00fcd\u00fcrl\u00fc\u011f\u00fcne sunum yapm\u0131\u015f<\/p>\n","protected":false},"author":29,"featured_media":4374,"comment_status":"closed","ping_status":"closed","sticky":false,"template":"","format":"standard","meta":{"advanced_seo_description":"","jetpack_seo_html_title":"","jetpack_seo_noindex":false,"jetpack_seo_schema_type":"","_jetpack_newsletter_access":"","_jetpack_dont_email_post_to_subs":false,"_jetpack_newsletter_tier_id":0,"_jetpack_memberships_contains_paywalled_content":false,"_jetpack_feature_clip_id":0,"_jetpack_memberships_contains_paid_content":false,"footnotes":"","jetpack_post_was_ever_published":false},"categories":[6],"tags":[30],"class_list":["post-4373","post","type-post","status-publish","format-standard","has-post-thumbnail","hentry","category-yorum","tag-bulgaristan"],"jetpack_sharing_enabled":true,"jetpack_likes_enabled":true,"jetpack-related-posts":[],"jetpack_shortlink":"https:\/\/wp.me\/pc2PfJ-18x","jetpack_featured_media_url":"https:\/\/i0.wp.com\/www.bghaber.org\/bghaber\/wp-content\/uploads\/2013\/07\/Aysin-KOMITGAN.jpg?fit=150%2C195&ssl=1","_links":{"self":[{"href":"https:\/\/www.bghaber.org\/bghaber\/wp-json\/wp\/v2\/posts\/4373","targetHints":{"allow":["GET"]}}],"collection":[{"href":"https:\/\/www.bghaber.org\/bghaber\/wp-json\/wp\/v2\/posts"}],"about":[{"href":"https:\/\/www.bghaber.org\/bghaber\/wp-json\/wp\/v2\/types\/post"}],"author":[{"embeddable":true,"href":"https:\/\/www.bghaber.org\/bghaber\/wp-json\/wp\/v2\/users\/29"}],"replies":[{"embeddable":true,"href":"https:\/\/www.bghaber.org\/bghaber\/wp-json\/wp\/v2\/comments?post=4373"}],"version-history":[{"count":0,"href":"https:\/\/www.bghaber.org\/bghaber\/wp-json\/wp\/v2\/posts\/4373\/revisions"}],"wp:featuredmedia":[{"embeddable":true,"href":"https:\/\/www.bghaber.org\/bghaber\/wp-json\/wp\/v2\/media\/4374"}],"wp:attachment":[{"href":"https:\/\/www.bghaber.org\/bghaber\/wp-json\/wp\/v2\/media?parent=4373"}],"wp:term":[{"taxonomy":"category","embeddable":true,"href":"https:\/\/www.bghaber.org\/bghaber\/wp-json\/wp\/v2\/categories?post=4373"},{"taxonomy":"post_tag","embeddable":true,"href":"https:\/\/www.bghaber.org\/bghaber\/wp-json\/wp\/v2\/tags?post=4373"}],"curies":[{"name":"wp","href":"https:\/\/api.w.org\/{rel}","templated":true}]}}