{"id":4371,"date":"2013-07-26T19:03:23","date_gmt":"2013-07-26T16:03:23","guid":{"rendered":"http:\/\/bghaber.org\/bghaber\/?p=4371"},"modified":"2016-09-18T12:46:32","modified_gmt":"2016-09-18T09:46:32","slug":"her-sey-stklarin-kontrolunde","status":"publish","type":"post","link":"https:\/\/www.bghaber.org\/bghaber\/her-sey-stklarin-kontrolunde\/","title":{"rendered":"Her \u015fey STK&#8217;lar\u0131n kontrol\u00fcnde"},"content":{"rendered":"<p>Sofya\u2019da sivil toplum ate\u015fi s\u00f6nme i\u015faretleri veriyor. Tarihimizde bu kadar dayan\u0131kl\u0131 ve bu kadar uzun s\u00fcreli bir protesto eylemi tarihte hat\u0131rlam\u0131yor.<!--more--><\/p>\n<figure id=\"attachment_3720\" aria-describedby=\"caption-attachment-3720\" style=\"width: 150px\" class=\"wp-caption alignright\"><a href=\"https:\/\/i0.wp.com\/bghaber.org\/bghaber\/wp-content\/uploads\/2013\/07\/rafetuluturk.jpg\"><img data-recalc-dims=\"1\" loading=\"lazy\" decoding=\"async\" class=\"size-thumbnail wp-image-3720\" alt=\"Rafet Ulut\u00fcrk BGSAM - Bulgaristan Stratejik Ara\u015ft\u0131rma Merkezi \" src=\"https:\/\/i0.wp.com\/bghaber.org\/bghaber\/wp-content\/uploads\/2013\/07\/rafetuluturk-150x150.jpg?resize=150%2C150\" width=\"150\" height=\"150\" srcset=\"https:\/\/i0.wp.com\/www.bghaber.org\/bghaber\/wp-content\/uploads\/2013\/07\/rafetuluturk.jpg?resize=150%2C150&amp;ssl=1 150w, https:\/\/i0.wp.com\/www.bghaber.org\/bghaber\/wp-content\/uploads\/2013\/07\/rafetuluturk.jpg?resize=65%2C65&amp;ssl=1 65w\" sizes=\"auto, (max-width: 150px) 100vw, 150px\" \/><\/a><figcaption id=\"caption-attachment-3720\" class=\"wp-caption-text\">Rafet Ulut\u00fcrk<br \/>BGSAM &#8211; Bulgaristan Stratejik Ara\u015ft\u0131rma Merkezi<\/figcaption><\/figure>\n<p>\u015eu da var tabii, Bulgaristan\u2019da T\u00fcrk ve M\u00fcsl\u00fcman kamuoyu, onu bu denli derin etkileyen bir bilin\u00e7li ve kendisine bu denli anlay\u0131\u015fl\u0131 tutum i\u00e7inde olan bir Bulgar halk hareketine tan\u0131k olmam\u0131\u015ft\u0131.<\/p>\n<p>Kahveler parlamento etraf\u0131nda i\u00e7ilyori<br \/>\nElektronik \u00f6rg\u00fctlenmeyle kenetlenen 30 bin ki\u015filik itaatsizlik ba\u015fkald\u0131r\u0131s\u0131 \u00f6z y\u00f6netim organ\u0131 merkezleri olmamas\u0131na ra\u011fmen, \u00e7ok de\u011fi\u015fik protesto bi\u00e7imlerinde geli\u015fti, \u00e7ok etkili oldu. Her ak\u015fam Bakanlar Kurulu \u00f6n\u00fc yani \u201cBa\u011f\u0131ms\u0131zl\u0131k\u201d Meydan\u0131 ana toplanma merkezi ve miting alan\u0131 oldu. Her sabah kahvelerini parlamento etraf\u0131nda i\u00e7ildi. Kalabal\u0131k meydanda geceledi. Sofya bisiklet s\u00fcr\u00fcc\u00fclerin alay\u0131 eylemlere taze kan katt\u0131.<\/p>\n<p>G\u00f6stericiler ikiye ayr\u0131ld\u0131<br \/>\nPazar g\u00fcn g\u00f6steri alay\u0131 ikiye ayr\u0131ld\u0131, bir kol Bulgar tarihinin \u201cUyan\u0131\u015f Devri\u201d \u015fark\u0131lar\u0131yla, gayda ve davul e\u015fli\u011finde k\u0131vr\u0131lmaya ba\u015flayan horonlarla Parlamentoyu ku\u015fatt\u0131. Halk oyunlar\u0131 oynayanlar, \u00c7a\u011fda\u015f Bulgaristan tarihinde ikinci kez, el ele tutu\u015fup horon k\u0131v\u0131ranlar hem \u201cAleksand\u0131r Nevski\u201d\u00a0 hem de \u201cTsar Osvoboditel\u201d Meydanlar\u0131nda g\u00fczel k\u0131zlar\u0131n renkli oyunlar\u0131yla, ba\u015fkenti aya\u011fa kald\u0131rd\u0131lar.<\/p>\n<p>H\u00fck\u00fcmetler \u00dczerinde STK\u2019lar\u0131n Kontrol\u00fc Olacak<br \/>\nB\u00f6yle bir kitlesel ku\u015fatma, 1989 Aral\u0131\u011f\u0131nda isimlerinin ve dinsel haklar\u0131n\u0131n iadesinde direnen \u00e7o\u011funlunu Pomaklardan olu\u015fan ba\u015fkald\u0131r\u0131s\u0131nda da ya\u015fanm\u0131\u015ft\u0131.<br \/>\nPazar g\u00fcnk\u00fc g\u00f6steri alay\u0131 ans\u0131z\u0131n ikiye b\u00f6l\u00fcnd\u00fc. Ana kollardan biri Sofya tren istasyonuna do\u011fru a\u00e7\u0131ld\u0131, bar\u0131\u015f\u00e7\u0131 ge\u00e7en 37. Eylem g\u00fcn\u00fcn\u00fcn ana sloganlar\u0131 y\u00fckseklere kalkt\u0131: \u201cH\u00fck\u00fcmet \u0130stifa!\u201d; \u201cHemen Yeni Genel Se\u00e7ime!\u201d ve \u201cBundan sonra Kurulacak Her Yeni H\u00fck\u00fcmet \u00dczerinde Sivil Toplum \u00d6rg\u00fctleri Kontrol\u00fc Olacak!\u201d<br \/>\nHalk\u0131 y\u00fcreklendiren 20 sivil toplum \u00f6rg\u00fct\u00fc, ne yaz\u0131k ki, eylemler esnas\u0131nda tek \u00f6rg\u00fctte birle\u015femedi, aralar\u0131ndan Y\u00f6netim Konseyi, Ba\u015fkanl\u0131k Divan\u0131, Ba\u015fkan se\u00e7emedi.<\/p><div id=\"bghab-884156448\" class=\"bghab-icerik-icine bghab-entity-placement\"><script async src=\"\/\/pagead2.googlesyndication.com\/pagead\/js\/adsbygoogle.js?client=ca-pub-6203283170189293\" crossorigin=\"anonymous\"><\/script><ins class=\"adsbygoogle\" style=\"display:block; text-align:center;\" data-ad-client=\"ca-pub-6203283170189293\" \ndata-ad-slot=\"7303146466\" \ndata-ad-layout=\"in-article\"\ndata-ad-format=\"fluid\" data-full-width-responsive=\"true\"><\/ins>\n<script> \n(adsbygoogle = window.adsbygoogle || []).push({}); \n<\/script>\n<\/div>\n<p>Fa\u015fizan tav\u0131rlar\u0131yla tan\u0131nan partililer parlamento d\u0131\u015f\u0131<br \/>\n\u0130steklerini do\u011frudan Bakanlar Kuruluna ve Meclise y\u00f6nelten, merkez devlet organlar\u0131na partili atamalar\u0131 sert k\u0131nayan, milletvekili \u00e7al\u0131\u015fmalar\u0131n\u0131 engelleme \u00e7abalar\u0131 g\u00f6sterirken ho\u015fnutsuzluk y\u00fckl\u00fc bu kitle, en \u015fiddetli tepkilerinde AB \u00fcyesi bir \u00fclke olan Bulgaristan H\u00fck\u00fcmeti\u2019nde neo-fa\u015fist, a\u015f\u0131r\u0131 milliyet\u00e7i \u201cAtaka\u201d partisinin yer almas\u0131n\u0131 amans\u0131z ele\u015ftirdiler. Y\u00fcksek devlet organlar\u0131 M\u00fcd\u00fcrl\u00fcklerinde fa\u015fizan tav\u0131rlar\u0131yla tan\u0131nan partililere yer verilmesi lanetlendi.<br \/>\nBu g\u00f6steriler, son 20 y\u0131lda ilk kez, bir etnik k\u00f6kenli parti olan H\u00d6H\/DPS partisi y\u00f6netimi ile \u0131rk\u00e7\u0131l\u0131k \u00e7a\u011fr\u0131\u015ft\u0131ran \u201cAtaka\u201d partisi aras\u0131nda hem a\u00e7\u0131k, hem gizli ama derin ba\u011flar oldu\u011funu suyun \u00fczerine \u00e7\u0131kt\u0131. \u0130ktidar olman\u0131n tad\u0131n\u0131 alan ve bal k\u00fcp\u00fcnden ka\u015f\u0131klamaya al\u0131\u015fan Ahmet Do\u011fan \u00e7etesi iktidarda kalmak, ihanet siyasetini s\u00fcrd\u00fcrmek ve zavall\u0131 insanlar\u0131m\u0131z\u0131 bundan \u00f6te de alabildi\u011fine ezip s\u00f6m\u00fcrmek i\u00e7in bu defa da elinden geleni ard\u0131na b\u0131rakmad\u0131. \u0130stedi\u011fi atamalar\u0131 meclise yapt\u0131rmak i\u00e7in binbir derede su getirdi.<\/p>\n<p>Havada k\u00f6t\u00fc bir koku yay\u0131l\u0131yor<br \/>\nBu c\u00fcmleden olmak \u00fczere, gelenek ve g\u00f6reneklerinden, dinden imandan kopmu\u015f 21. Y\u00fczy\u0131l Bulgaristan T\u00fcrk politik y\u00f6netim \u00e7etesi i\u00e7in ancak \u015fu s\u00f6ylenebilir: \u201cBir insan\u0131 uygarla\u015ft\u0131rmaya karar verirseniz, i\u015fe nenesinden ba\u015flay\u0131n\u0131z.\u201d Genelde k\u00f6yl\u00fc kom\u00fcnist k\u00f6kenli olan \u015fimdiki \u00e7ete, daha \u00f6nce hi\u00e7bir zaman, \u015fimdiki gibi bir politik sel ya\u015famad\u0131klar\u0131 i\u00e7in, bu defa paniklediler ve ara s\u0131ra tamamen \u015fa\u015falad\u0131lar. Onlar i\u00e7in, alt\u0131 haftal\u0131k ba\u015fkald\u0131r\u0131,\u00a0 \u201chavada k\u00f6t\u00fc bir koku\u201d oldu, ama onlar\u0131n i\u00e7leri k\u00f6t\u00fcl\u00fck, \u015fahsi \u00e7\u0131kar ve su\u00e7 dolu oldu\u011fundan onlar bu korkudan asla kurtulamayacakt\u0131r.<\/p>\n<p>Sokaklar\u0131n seli:<br \/>\nH\u00d6H\/DPS eliti, \u015fimdiye kadar, ya\u015fad\u0131klar\u0131 \u015fehirde kitle seli gibi akt\u0131\u011f\u0131n\u0131, bir \u015fehrin semt semt, sokak sokak, mahalle mahalle bu kadar b\u00fcy\u00fck bir g\u00fc\u00e7le ve bu kadar kendili\u011finden soka\u011fa d\u00f6k\u00fcld\u00fc\u011f\u00fcn\u00fc hi\u00e7bir zaman g\u00f6rmemi\u015fti.<br \/>\nHalk \u00f6fkesini toplayan potansiyel g\u00fcc\u00fcn baraj duvarlar\u0131, H\u00d6H\u2019\u00fcn halk menfaatlerini hi\u00e7e sayan siyasetine k\u00fckreyenler taraf\u0131ndan y\u0131k\u0131ld\u0131 ve do\u011fal selin do\u011fal enerjisi toplumu elektrikledi. Olaylar\u0131, korkudan \u00fcrpermi\u015f y\u00fcksek kat pencerelerinin perde arkas\u0131nda soka\u011f\u0131 izlerken, bebekli bayanlar, ders kitab\u0131 elinde \u00f6\u011frenciler, \u00fcniversiteliler, bisikletliler s\u0131ras\u0131, bayraklar, bayraklar ve mar\u015flar, gaydalar, davullar ve \u00e7i\u00e7ekler, \u00e7i\u00e7ek demetleri, \u00e7\u0131\u011fl\u0131klar yeni bir d\u00fcnya do\u011furuyordu..<\/p>\n<p>Bunlar da kim oluyor?<br \/>\nBu arada, \u0130smail Korman ile Kas\u0131m Dal\u0131n ad\u0131 var kendisi yok, derme \u00e7atma H\u00fcrriyet ve \u015eeref Partisi, \u201cT\u00fcrkiye\u2019den para gelirse, kimin pay\u0131 ne kadar olacak?\u201d didi\u015fmesini kesip \u00e7atlak bir ses \u00e7\u0131kard\u0131.<br \/>\n\u201cDevrim b\u00fct\u00fcn halk\u0131n ayaklanmas\u0131d\u0131r!\u201d \u201cBizden kat\u0131lan var m\u0131?\u201d dedi.<br \/>\nAyaklananlar Bulgar halk\u0131n\u0131n bilin\u00e7li orta kesimiydi, belli ki bunlar bundan bile habersiz. Biz Bulgaristan T\u00fcrkleri 23 y\u0131ldan beri, bu \u201cpolitikac\u0131lar\u0131n\u201d sayesinde, b\u0131rak orta kesim olu\u015fturmay\u0131, s\u0131radan vatanda\u015fa ana dilinde yaz\u0131p okumay\u0131 bile \u00f6\u011fretemedik.<br \/>\n\u0130\u015fsizlerin nas\u0131l g\u00fcn ge\u00e7irdi\u011fini, ak\u015fam yeme\u011finde ne yedi\u011fini, sahura kalk\u0131nca sofralar\u0131nda sudan ve tarhanadan ba\u015fka hi\u00e7bir \u015feyleri olmayanlar\u0131n durumunu d\u00fc\u015f\u00fcnemediler. \u00c7\u00fcnk\u00fc onlar\u0131n sahurla pek i\u015fleri olmad\u0131\u011f\u0131 gibi hizmet kelemesini de onlar hi\u00e7 tan\u0131mad\u0131lar hatta ilgilenmediler onlar hep \u201cpara\u201d ve \u201coy\u201d derdindeydiler.<br \/>\n\u0130smail bey, Sofya\u2019da, BKP Merkez Komitesinin babas\u0131na verdi\u011fi dairede do\u011fdu. T\u00fcrkiye\u2019de okudu, ama T\u00fcrkl\u00fck, T\u00fcrk k\u00fclt\u00fcr\u00fc, T\u00fcrk edebiyat\u0131, T\u00fcrk ya\u015fam tarz\u0131n\u0131 \u00f6\u011frenemeden d\u00f6nd\u00fc.<br \/>\nH\u00d6H Gen\u00e7lik \u00d6rg\u00fct\u00fc Ba\u015fkan\u0131 ve MYK \u00fcyesi olarak atand\u0131\u011f\u0131nda \u201c\u0130slami E\u011fitimden\u201d dem vurdu.\u00a0 \u201cBen T\u00fcrk\u00fcm!\u201d, \u201cBilincinin temelinde T\u00fcrk anemden emdi\u011fim helal s\u00fct. T\u00fcrk babamdan ald\u0131\u011f\u0131m e\u011fitim var!\u201d diyemedi. A. Do\u011fan\u2019a sar\u0131ld\u0131. \u201cLider\u201dde\u00a0 \u201cetnik olan eriyip gidecek\u201d sa\u00e7mal\u0131\u011f\u0131 savuruyordu.<br \/>\nOkudu\u011fu \u00dcniversite\u2019de ise \u201c\u00fcmmetin d\u00f6nmesi bir i\u015fikt\u0131r.\u201d s\u00f6zlerini i\u015fitmi\u015fti. \u00d6mr\u00fcnde hi\u00e7bir zaman camiye girmemi\u015f, namaz k\u0131lmam\u0131\u015f, dua etmemi\u015f, kuran\u0131 eline almam\u0131\u015f, hadis nedir bilmez say\u0131n Kroman\u2019\u0131n \u201cM\u00fcsl\u00fcmanl\u0131ktan\u201d, \u201c\u0130slam\u2019dan\u201d dem vurmas\u0131na halk anlam veremedi. \u201c\u0130deolojisiz parti olmaz!\u201d diyenler oldu.<br \/>\nK. Dal ise ideolojiden \u00e7ok uzak oldu\u011fu i\u00e7in, H\u00d6H \u2013 DPS \u2013 H\u015eP gibi politik terimlerin aras\u0131na da s\u0131n\u0131r \u00e7ekemedinden dolay\u0131 ve \u201cAhmet DS ajan\u0131d\u0131r!\u201d tespitiyle i\u015fin bitece\u011fini zannetti.<br \/>\nT\u00fcm bunlar olurken, \u201cArkamda Ankara, T\u00fcrkiye Cumhuriyeti var.\u201d A\u00e7\u0131klamas\u0131nda bulunan \u0130. Korman, dinleyenlerine T\u00fcrkiyenin Bulgaristan politikas\u0131n\u0131n tarihsel inceliklerini bilmedi\u011fini kamuoyuna a\u00e7\u0131klam\u0131\u015f oldu.<br \/>\nT\u00fcrkiye yaln\u0131z \u0130. Korman\u2019\u0131n de\u011fil, Bulgaristan\u2019da ya\u015fayan t\u00fcm T\u00fcrkleri ve M\u00fcsl\u00fcmanlar\u0131 her zaman ve her yerde desteklemi\u015f ve desteklemeye de devam edecektir. \u00c7\u00fcnk\u00fc Ankara sadece T\u00fcrkiye\u2019nin de\u011fil, t\u00fcm T\u00fcrk D\u00fcnyas\u0131n\u0131n Merkezidir, bu merkezde d\u00fcnyada bulunan t\u00fcm T\u00fcrklere yard\u0131m etmeye mecburdur. T\u00fcrkiye\u2019ye ve T\u00fcrk D\u00fcnyas\u0131na hizmet edenlere.<br \/>\nTabi biz, bu s\u00f6zleri alenen s\u00f6ylemesi i\u00e7in, onunla Ankara\u2019da kimin konu\u015ftu\u011funu, hangi konuda anla\u015ft\u0131klar\u0131n\u0131, kendisine ka\u00e7 para vaat edildi\u011fini bilmiyoruz.<br \/>\nG\u00f6r\u00fcld\u00fc\u011f\u00fc \u00fczere bu konuda, 20 y\u0131l H\u00d6H \u2018\u00fcn T\u00fcrkiye ba\u011flar\u0131ndan sorumlu olan K. Dal susmay\u0131 tercih ediyor. Onun bu i\u015flerde sadece para yan\u0131n\u0131 \u00e7ok iyi bildi\u011fi biliniyor. Onun, uzun zaman yard\u0131mc\u0131s\u0131 olan, H\u00d6H \u0130stanbul Koordinat\u00f6r\u00fc E.Hatipo\u011flu\u2019nun neden yan\u0131nda olmad\u0131\u011f\u0131 ise hala bilinmiyor.<\/p>\n<p>Burada dikkate de\u011fer olan nedir?<br \/>\n1. Kas\u0131m Dal\u2019\u0131n T\u00fcrkiye Cumhuriyeti Ba\u015fbakan\u0131 R.T. Erdo\u011fan\u2019la Sofya\u2019da \u00e7ektirdi\u011fi resim art\u0131k sararm\u0131\u015ft\u0131r.<br \/>\n2. \u0130smail Korman\u2019\u0131n yine R.T. Erdo\u011fan\u2019la Ankara\u2019da \u00e7ektirdi\u011fi resim de art\u0131k i\u015fe yaramaz. \u00c7\u00fcnk\u00fc bu foto\u011fraf da Bulgaristan\u2019da ayaklar alt\u0131na al\u0131nm\u0131\u015ft\u0131r. Tabi bunu yaparken D\u00fcnya Lideri R.T.ERDO\u011eAN\u2019\u0131 da ayaklar alt\u0131na almas\u0131 hepimizi \u00fczm\u00fc\u015ft\u00fcr.<br \/>\n\u00c7\u00fcnk\u00fc bu iki foto\u011fraf\u0131n ard\u0131nda politika yoktur, para beklentisi vard\u0131r. Yani bunlar art\u0131k bir ahmal\u0131kt\u0131r. Nedense, art\u0131k kimse kimseye bo\u015f vaatler i\u00e7in para vermez. T\u00fcrkiye Cumhuriyeti d\u0131\u015f politikas\u0131 Bulgaristan se\u00e7imlerine direk m\u00fcdahale etmez ve taraf olamaz. Bu bir d\u0131\u015f politika ilkesidir, belli ki bunlar 20 y\u0131lda bunu bile \u00f6\u011frenememi\u015fler veya kas\u0131tl\u0131 olarak bunlar yapt\u0131r\u0131lmaktad\u0131r.<\/p><div id=\"bghab-4112647721\" class=\"bghab-icerik-icine-10-paragraf bghab-entity-placement\"><script async src=\"\/\/pagead2.googlesyndication.com\/pagead\/js\/adsbygoogle.js?client=ca-pub-6203283170189293\" crossorigin=\"anonymous\"><\/script><ins class=\"adsbygoogle\" style=\"display:block; text-align:center;\" data-ad-client=\"ca-pub-6203283170189293\" \ndata-ad-slot=\"7303146466\" \ndata-ad-layout=\"in-article\"\ndata-ad-format=\"fluid\" data-full-width-responsive=\"true\"><\/ins>\n<script> \n(adsbygoogle = window.adsbygoogle || []).push({}); \n<\/script>\n<\/div>\n<p>Bir de \u015fu var:<br \/>\nBizim dilimiz ve dinimiz, \u00f6z k\u00fclt\u00fcr\u00fcm\u00fcz i\u00e7in \u00f6len \u015fehitlerimiz vard\u0131.<br \/>\nHapislerde, toplama kamplar\u0131nda, s\u00fcrg\u00fcnlerde bug\u00fcnlerimiz i\u00e7in ezilmi\u015f kahramanlar\u0131m\u0131z vard\u0131.\u00a0 Peki ya \u015fimdi neredeler?<br \/>\nNe oldu, ne bekledi\u011fimiz g\u00fcnler geldi ne de eziyet \u00e7ekenlerin arzulad\u0131klar\u0131, ne de bel kemi\u011fimizi olu\u015fturan aksakall\u0131lar\u0131m\u0131z kald\u0131.<\/p>\n<p>Ne mi oldu?<br \/>\n1989\u2019un Temmuz ay\u0131nda Bulgaristan\u2019da ya\u015fayan T\u00fcrk ve M\u00fcsl\u00fcmanlar\u0131n t\u00fcm sorunlar\u0131na kesin bar\u0131\u015f\u00e7\u0131 \u00e7\u00f6z\u00fcm bulmak i\u00e7in Bulgaristan devleti ad\u0131na, (t\u00fcm haklar\u0131m\u0131z\u0131 tan\u0131ma vazifesini \u00fcslenmi\u015f olarak,) Bulgar K\u00fclt\u00fcr Bakan\u0131 Georgi Yordanov , T\u00fcrkiye D\u0131\u015f \u0130\u015fleri Bakan\u0131 Mesut Y\u0131lmaz ile g\u00f6r\u00fc\u015fmek \u00fczere Kuveyt\u2019te gitti. Bakan M. Y\u0131lmaz ayaklanm\u0131\u015f halk\u0131m\u0131z\u0131 temsil ediyordu.\u00a0 G\u00f6r\u00fc\u015fme ba\u015flad\u0131\u011f\u0131nda s\u00f6z\u00fc ilk D\u0131\u015f \u0130\u015fleri Bakan\u0131 M. Y\u0131lmaz ald\u0131. Ak\u015famdan kalma mahmur ba\u015f\u0131n\u0131 kald\u0131rmadan \u201cYorgan alt\u0131nda T\u00fcrk\u00e7e konu\u015fsunlar!\u201d dedi. Ba\u015fka hi\u00e7bir istekte bulunmad\u0131. Bu g\u00f6r\u00fc\u015fmenin stenograflar\u0131 Sofya\u2019da yay\u0131nland\u0131.<br \/>\nEski T\u00fcrkiye b\u00f6yleydi say\u0131n \u0130smail bey, art\u0131k bu manzaralar \u00e7ok geride kald\u0131. T\u00fcrkiye art\u0131k eski T\u00fcrkiye de\u011fil bunu \u00f6renmeniz i\u00e7in yaz\u0131yorum. Sizlere tavsiyemiz bir daha T\u00fcrkiye Cumhuriyeti ve Bulgaristan T\u00fcrkleri ad\u0131na konu\u015furken dikkat edin. Bu konular\u0131n \u00f6ncesini, bug\u00fcn\u00fcn\u00fc eski ve yeni kitaplar\u0131 okumu\u015f isen yar\u0131n\u0131n\u0131 da g\u00f6rebilirsin ve insanlara bir\u015feyler anlatabilirsiniz. K\u0131saca yol g\u00f6sterebilirsiniz, \u00f6nderlerin de g\u00f6revi bu.<br \/>\nSizlere tavsimiz Bulgaristan T\u00fcrklerinin problemlerini ve \u00e7\u00f6z\u00fcmlerini dile getirmenizi halk\u0131m\u0131za yeni ufuklar a\u00e7man\u0131z\u0131 istirham ediyor. Son Bulgaristan\u2019da ya\u015fananlar ile ilgili g\u00f6r\u00fc\u015flerinizi merak ediyoruz. Bulgaristan\u0131n gelece\u011fini merak ediyoruz. Siz T\u00fcrkiye kimi destekliyor kimi desteklemiyor o Ankaran\u0131n i\u015fi siz bunlarla ura\u015fmay\u0131n\u0131z sizin buna akl\u0131n\u0131z ermez. Siz Bulgaristan\u2019da asil g\u00f6revinizi yapmad\u0131\u011f\u0131n\u0131z apa\u00e7\u0131k ortada. \u0130lkokuldaki politikac\u0131lar\u0131n yeri \u00e7ocuk bah\u00e7esidir\u2026<br \/>\nBizler, son zamanlarda yak\u0131n dostluk etti\u011finiz Ankara\u2019daki dostlar\u0131n\u0131z\u0131 da buradan uyarmak isteriz onlar \u015fahsi \u00e7\u0131karlar\u0131n\u0131 gitsinler ba\u015fka yerlerden nemalans\u0131nlar burada benim halk\u0131m\u0131n gelece\u011fini yok ederek de\u011fil. Bunlar\u0131n hesab\u0131 a\u011f\u0131r olur bu hesab\u0131 biz halk olarak herkezden almas\u0131n\u0131 da iyi biliriz, bunu \u00f6n\u00fcm\u00fczdeki zaman diliminde hep birlikte g\u00f6r\u00fcr\u00fcz. Topluma yap\u0131lan k\u00f6t\u00fcl\u00fck hi\u00e7 bir zaman cezas\u0131z kalmaz ve bu ceza 7 s\u00fclalesini de etkileyecektir. Yukar\u0131da dedik ya tekrar edelim herkes \u00f6\u011frensin, art\u0131k eski T\u00fcrkiye yok.<br \/>\nNot: Ankara\u2019da \u00e7al\u0131\u015fanlar\u0131n gursaklar\u0131ndan haram ge\u00e7mez \u00e7\u00fcnk\u00fc onlar hakiki M\u00fcsl\u00fcmand\u0131rlar, tabi her yerde oldu\u011fu gibi buralarda da parazitler olabilir.<\/p>\n<p>Bulgaristan\u2019da yeni bir mayalanma ba\u015flad\u0131<br \/>\n2013 Haziran Temmuz Sofya ayaklanma alaylar\u0131n\u0131n politik ruhu Bulgaristan T\u00fcrklerini ve M\u00fcsl\u00fcmanlar\u0131 etkiledi. Bulgaristan\u2019da yeni bir mayalanma ba\u015flad\u0131. Bu olu\u015fumdan, etnik az\u0131nl\u0131klar\u0131 da kucaklayacak, bir orta katman partisi ve \u00f6ng\u00f6r\u00fcl\u00fc ve cesur bir lider \u00e7\u0131kmas\u0131 muhtemeldir.<br \/>\nKabaran kitle hareketi H\u00d6H y\u00f6netimindeki mafyadan ve fa\u015fizan \u201cAtaka\u201d c\u0131lardan mutlaka hesap soracakt\u0131r.<\/p>\n<p>B\u0131rak\u0131n ya\u015fam tarz\u0131m\u0131z\u0131 kendimiz belirleyelim<br \/>\nBiz, do\u011fu\u015ftan \u00f6nsezili, ho\u015fg\u00f6r\u00fcl\u00fc ve kom\u015fuyla ya\u015fama g\u00f6n\u00fcll\u00fc olan bir halk\u0131n evlatlar\u0131y\u0131z. B\u0131rak\u0131n ya\u015fam tarz\u0131m\u0131z\u0131 kendimiz belirleyelim. Ne H\u00d6H\u2019\u00fcn ne Dal\u0131n ne de Ankaradan baz\u0131 menfaat odaklar\u0131 veya falan filanlar\u0131n bizi temsil etmesini istemiyoruz.<\/p>\n<p>Siz, Bulgaristan T\u00fcrk ve M\u00fcsl\u00fcmanlar\u0131 ad\u0131na konu\u015fma hakk\u0131n\u0131 yitirdiniz!.<br \/>\n\u00c7\u00fcnk\u00fc 37 g\u00fcnd\u00fcr Bulgaristan ayakta siz sus pus az\u0131n\u0131z\u0131 b\u0131\u00e7ak a\u00e7am\u0131yor, yoksa sizlerde yan\u0131nda 20 y\u0131l g\u00f6rev yapt\u0131\u011f\u0131n\u0131z Eski lideriniz gibi bir yerlerden bilgi mi bekliyorsunuz. O zaman siz bir hi\u00e7siniz.<br \/>\nSiz bu konuda ne kadar bilgi beceri sahibi oldu\u011funuzu kan\u0131tlad\u0131n\u0131z %0.5 oy ald\u0131n\u0131z. (Bizler dernek olarak Cumhurba\u015fkan\u0131 adayl\u0131\u011f\u0131nda %1.30 alm\u0131\u015ft\u0131k) Her \u015feye ra\u011fmen hala utanmaman\u0131z pes do\u011furusu, amma sizin kitab\u0131n\u0131zda ahlak, vefa, \u00f6rf, adet gibi terimler olmad\u0131\u011f\u0131ndan siz serbestsiniz. Bunlar T\u00fcrklerin k\u00fclt\u00fcr\u00fcnde var. Sizler yolunuza devam edin amma unutmay\u0131n yapt\u0131klar\u0131n\u0131z i\u00e7in her an arkan\u0131zda pe\u015finizde olaca\u011f\u0131z. T\u00fcrk\u2019e kefen bi\u00e7enin \u00f6l\u00fcm\u00fc korkun\u00e7 olur der bir \u015fairimiz.<br \/>\nHalka hesap vermeden \u00f6b\u00fcr d\u00fcnyaya da gidemiyeceksiniz onun i\u00e7in rahat olun.<br \/>\nArt\u0131k gezegenimizde g\u00fcne\u015f ahlakl\u0131, d\u00fcr\u00fcst, Bulgaristan T\u00fcrkleri davas\u0131na inanm\u0131\u015f ve m\u00fccadele eden m\u00fccahitler i\u00e7in yar\u0131ndan itibaren her g\u00fcn bir ba\u015fka do\u011facakt\u0131r.<\/p><div id=\"bghab-704773994\" class=\"bghab-icerik-icine-15-paragraf bghab-entity-placement\"><script async src=\"\/\/pagead2.googlesyndication.com\/pagead\/js\/adsbygoogle.js?client=ca-pub-6203283170189293\" crossorigin=\"anonymous\"><\/script><ins class=\"adsbygoogle\" style=\"display:block; text-align:center;\" data-ad-client=\"ca-pub-6203283170189293\" \ndata-ad-slot=\"7303146466\" \ndata-ad-layout=\"in-article\"\ndata-ad-format=\"fluid\" data-full-width-responsive=\"true\"><\/ins>\n<script> \n(adsbygoogle = window.adsbygoogle || []).push({}); \n<\/script>\n<\/div>\n<div id=\"bghab-1342047250\" class=\"bghab-yazi-altinda bghab-entity-placement\"><script async src=\"https:\/\/pagead2.googlesyndication.com\/pagead\/js\/adsbygoogle.js\"><\/script>\r\n<!-- bghaber-yaz\u0131-sonu -->\r\n<ins class=\"adsbygoogle\"\r\n     style=\"display:block\"\r\n     data-ad-client=\"ca-pub-6203283170189293\"\r\n     data-ad-slot=\"4222328180\"\r\n     data-ad-format=\"auto\"\r\n     data-full-width-responsive=\"true\"><\/ins>\r\n<script>\r\n     (adsbygoogle = window.adsbygoogle || []).push({});\r\n<\/script><\/div><br style=\"clear: both; display: block; float: none;\"\/>","protected":false},"excerpt":{"rendered":"<p>Sofya\u2019da sivil toplum ate\u015fi s\u00f6nme i\u015faretleri veriyor. Tarihimizde bu kadar dayan\u0131kl\u0131 ve bu kadar uzun s\u00fcreli bir protesto eylemi tarihte hat\u0131rlam\u0131yor.<\/p>\n","protected":false},"author":2,"featured_media":3720,"comment_status":"closed","ping_status":"closed","sticky":false,"template":"","format":"standard","meta":{"advanced_seo_description":"","jetpack_seo_html_title":"","jetpack_seo_noindex":false,"jetpack_seo_schema_type":"","_jetpack_newsletter_access":"","_jetpack_dont_email_post_to_subs":false,"_jetpack_newsletter_tier_id":0,"_jetpack_memberships_contains_paywalled_content":false,"_jetpack_feature_clip_id":0,"_jetpack_memberships_contains_paid_content":false,"footnotes":"","jetpack_post_was_ever_published":false},"categories":[6],"tags":[30],"class_list":["post-4371","post","type-post","status-publish","format-standard","has-post-thumbnail","hentry","category-yorum","tag-bulgaristan"],"jetpack_sharing_enabled":true,"jetpack_likes_enabled":true,"jetpack-related-posts":[],"jetpack_shortlink":"https:\/\/wp.me\/pc2PfJ-18v","jetpack_featured_media_url":"https:\/\/i0.wp.com\/www.bghaber.org\/bghaber\/wp-content\/uploads\/2013\/07\/rafetuluturk.jpg?fit=235%2C299&ssl=1","_links":{"self":[{"href":"https:\/\/www.bghaber.org\/bghaber\/wp-json\/wp\/v2\/posts\/4371","targetHints":{"allow":["GET"]}}],"collection":[{"href":"https:\/\/www.bghaber.org\/bghaber\/wp-json\/wp\/v2\/posts"}],"about":[{"href":"https:\/\/www.bghaber.org\/bghaber\/wp-json\/wp\/v2\/types\/post"}],"author":[{"embeddable":true,"href":"https:\/\/www.bghaber.org\/bghaber\/wp-json\/wp\/v2\/users\/2"}],"replies":[{"embeddable":true,"href":"https:\/\/www.bghaber.org\/bghaber\/wp-json\/wp\/v2\/comments?post=4371"}],"version-history":[{"count":0,"href":"https:\/\/www.bghaber.org\/bghaber\/wp-json\/wp\/v2\/posts\/4371\/revisions"}],"wp:featuredmedia":[{"embeddable":true,"href":"https:\/\/www.bghaber.org\/bghaber\/wp-json\/wp\/v2\/media\/3720"}],"wp:attachment":[{"href":"https:\/\/www.bghaber.org\/bghaber\/wp-json\/wp\/v2\/media?parent=4371"}],"wp:term":[{"taxonomy":"category","embeddable":true,"href":"https:\/\/www.bghaber.org\/bghaber\/wp-json\/wp\/v2\/categories?post=4371"},{"taxonomy":"post_tag","embeddable":true,"href":"https:\/\/www.bghaber.org\/bghaber\/wp-json\/wp\/v2\/tags?post=4371"}],"curies":[{"name":"wp","href":"https:\/\/api.w.org\/{rel}","templated":true}]}}