{"id":43700,"date":"2020-01-19T18:31:50","date_gmt":"2020-01-19T15:31:50","guid":{"rendered":"https:\/\/www.bghaber.org\/bghaber\/?p=43700"},"modified":"2020-01-19T22:21:27","modified_gmt":"2020-01-19T19:21:27","slug":"her-sey-mumkun","status":"publish","type":"post","link":"https:\/\/www.bghaber.org\/bghaber\/her-sey-mumkun\/","title":{"rendered":"Her \u015eey M\u00fcmk\u00fcn"},"content":{"rendered":"<p>Tarih: 19 Ocak 2020<br \/>\nHaz\u0131rlayan: Raziye \u00c7AKIR<br \/>\nKonu:\u00a0 <strong>Bunal\u0131mlara Yenik D\u00fc\u015fen Sofya H\u00fckumeti<\/strong><\/p>\n<p>2017\u2019den bu yana III. B. Borisov kabinesine 5. Gensoru yeni bir g\u00fcben oluna kap\u0131 a\u00e7t\u0131. Gerek\u00e7esinde SU KR\u0130Z\u0130, \u00c7\u00d6P KR\u0130Z\u0130 ve \u00c7EVRE KR\u0130Z\u0130 gibi sorunlar olan yeni bunal\u0131m ans\u0131z\u0131n alevlenmedi. \u00c7ok tehlikeli bir yang\u0131n gibi yerden g\u00f6kten ve denizden parlad\u0131. S\u00f6nd\u00fcr\u00fclmeye \u00e7al\u0131\u015f\u0131rken, 3 defa 25-er milyon ayr\u0131l\u0131rken, bir de ard\u0131ndan Su ve Kanal \u0130\u015fleri Birli\u011fi kuruldu. B\u00fct\u00e7esinin 1 milyar olaca\u011f\u0131 a\u00e7\u0131klan\u0131rken, 2020 y\u0131l\u0131 b\u00fct\u00e7esine 1 milyar 75 milyon leval\u0131k ek masraf y\u00fcklendi. \u00a0Y\u0131l\u0131n ilk 15 g\u00fcn\u00fcndeilk \u00f6demelerin yap\u0131ld\u0131\u011f\u0131 a\u00e7\u0131kland\u0131. Bakanlar Kurulunda al\u0131nda son kararlar Ba\u015fbakan Boyko Borisov ve Bakanlar taraf\u0131ndan a\u00e7\u0131kland\u0131. Milyar ve milyonlar\u0131 telaffuz ederken g\u00f6zleri k\u0131rpm\u0131yor, sanki arabaya uzaklara depolanacak (kurtulmak istedikleri) \u00e7\u00f6p y\u00fckl\u00fcyorlar.<\/p>\n<p><strong>Millet soruyor:<\/strong><\/p>\n<p>2020 y\u0131l\u0131 mali b\u00fct\u00e7esi ge\u00e7en y\u0131l\u0131n Aral\u0131k ay\u0131nda meclisten ge\u00e7ti. \u00c7ocuklar\u0131 okula gitmeyen Romen, Millet ailelerine sosyal yard\u0131mlar kesildi. Odunsuz ve k\u00f6m\u00fcrs\u00fcz ailelere yak\u0131t yard\u0131m\u0131 verilmedi. Mali s\u0131k\u0131nt\u0131lar neden g\u00f6sterilerek T\u00fcrk\u00e7e derslerine \u00f6\u011fretmen atanmad\u0131. K\u00f6ylerimizdeki k\u00fct\u00fcphane say\u0131s\u0131 3 200\u2019den 1100 d\u00fc\u015ft\u00fc. 2020\u2019de asgari \u00fccret 610 leva olarak ilan edilse de k\u00fct\u00fcphanecilere ancak 320 leva \u00f6denmeye devam ediliyor. 2017 y\u0131l\u0131ndan beri hi\u00e7bir M\u00fcsl\u00fcman k\u00f6y\u00fcnde eski patlak, \u00e7atlak eternit su borusu de\u011fi\u015ftirilmezken, tek kaleme b\u00fct\u00e7e d\u0131\u015f\u0131 1 milyar 75 milyon leva art\u0131 ayn\u0131 b\u00fct\u00e7eden 300 milyon da Ahmet Do\u011fan \u201c<strong>beceriksizlik uzman\u0131na<\/strong>\u201d cep paras\u0131 verilmesi halk\u0131 \u00fcrpertti. Herkes bu oyuna son verilmesinde giderek birle\u015fiyor. Yolsuzluklardan hesap sorulamayan bir \u00fclkede huzur olmaz. Ba\u015fkalar\u0131n\u0131n hakk\u0131n\u0131 yiyenlerin y\u00fcz\u00fc asla g\u00fclmez.<\/p>\n<p>Sarho\u015f olunca yapt\u0131\u011f\u0131 rezillikler g\u00f6r\u00fclmesin, resim edilip halka g\u00f6sterilmesin diye \u201c<strong>k\u00f6\u015fk<\/strong>\u201d ve \u201c<strong>saray<\/strong>\u201d k\u00f6\u015felerinde kapal\u0131 tutulan A. Do\u011fan; \u00a0s\u00f6zde \u201c<strong>k\u00f6y konuk evleri<\/strong>\u201d i\u00e7in 10 milyon levay\u0131 cukkalay\u0131nca bo\u015f bo\u015f konu\u015fmaya bo\u015f bo\u015f yalan dolan konu\u015fmaya daha da heveslenen Mustafa Karaday\u0131; hayat\u0131ndan memnun g\u00f6r\u00fcnen milletvekillerinden Hamid Hamid ile Yordan Tsonev, Moskova ad\u0131na konu\u015fan Cumhurba\u015fkan\u0131 Rumen Radev\u2019in son demecinde \u201c<strong>batakl\u0131k Bulgar kurumlar\u0131n\u0131 ve toplumu i\u00e7ine \u00e7ekiyor<\/strong>\u201d s\u00f6zlerinin anlam\u0131n\u0131 kavram\u0131\u015f olacaklar ki, azdan az uyand\u0131lar. \u00a0G\u00fcven oyunu destekleme karar\u0131 ald\u0131lar. Bor\u0131sov h\u00fck\u00fcmetinin M\u00fcsl\u00fcmanlara ve halk\u0131m\u0131z\u0131n menfaatlerine kar\u015f\u0131 haz\u0131rlad\u0131\u011f\u0131 her kanun \u00f6nerisine \u201cevet\u201d oyu verseler de, azdan az ba\u015fkald\u0131rmay\u0131 se\u00e7tiler.<\/p><div id=\"bghab-2133224453\" class=\"bghab-icerik-icine bghab-entity-placement\"><script async src=\"\/\/pagead2.googlesyndication.com\/pagead\/js\/adsbygoogle.js?client=ca-pub-6203283170189293\" crossorigin=\"anonymous\"><\/script><ins class=\"adsbygoogle\" style=\"display:block; text-align:center;\" data-ad-client=\"ca-pub-6203283170189293\" \ndata-ad-slot=\"7303146466\" \ndata-ad-layout=\"in-article\"\ndata-ad-format=\"fluid\" data-full-width-responsive=\"true\"><\/ins>\n<script> \n(adsbygoogle = window.adsbygoogle || []).push({}); \n<\/script>\n<\/div>\n<p>Uyarmak gibi olmas\u0131n, Bulgaristan\u2019da kolektif al\u0131nan kararlar i\u00e7in Ceza Kanununda madde olmad\u0131\u011f\u0131n\u0131 biliyoruz. Bu kapan totalitarizmde de vard\u0131 ve i\u015fletildi. G\u00f6stermelik olsun diye Todor Jivkov\u2019a kar\u015f\u0131 da 7 yolsuzluk davas\u0131 a\u00e7\u0131lm\u0131\u015ft\u0131 ama hi\u00e7 birinde bir \u015fey \u00e7\u0131kmad\u0131. \u00a0\u015eimdiki (milyar ve milyon levalar \u015feklinde akan) \u00a0soygunun nereye kadar gidece\u011fini sormak hakk\u0131m\u0131zd\u0131r. Halk\u0131m\u0131z vatan\u0131m\u0131z\u0131n alt\u0131n yede\u011finin Moskova\u2019ya g\u00f6t\u00fcr\u00fcld\u00fc\u011f\u00fcn\u00fc ve orada unutuldu\u011funu unutmad\u0131k.<\/p>\n<p><strong>\u00a0\u015eunlar da var:<\/strong><\/p>\n<p>Paris\u2019te mahkeme kaybedildi, birka\u00e7 sand\u0131k Rus demiri i\u00e7in Moskova\u2019ya 1 milyar Avro \u00f6deme yap\u0131ld\u0131. Sand\u0131klar, muhtemelen bir g\u00fcn in\u015fa edilecek\u00a0 \u201c<strong>Belene<\/strong>\u201d N\u00fckleer Enerji alan\u0131nda bekletiliyor. \u201c<strong>G\u00fcney Ak\u0131m<\/strong>\u201d projesini yapamad\u0131k, gelen ve d\u00f6\u015fenmeyen borular i\u00e7in V. Putin bizden 860 milyon Avro talep ediyor. 2019\u2019da meclis karar\u0131yla yine devlet b\u00fct\u00e7esi d\u0131\u015f\u0131 olmak \u00fczere, Amerika ile \u201c<strong>stratejik dost<\/strong>\u201d olmak i\u00e7in, hen\u00fcz \u00e7izimleri yap\u0131lmam\u0131\u015f 8 adet F -16 u\u00e7a\u011f\u0131na bedel olarak 1 220 000 000 (bir milyar iki y\u00fcz yirmi milyon) US Dolar \u00f6deme yap\u0131ld\u0131. Vatanda\u015flar, Boyko k\u00fcp m\u00fc buldu? Ne oluyor? Bu gidi\u015fle s\u00f6m\u00fcrgele\u015ftik mi ne oldu, sorusunu sormaya ba\u015flad\u0131lar. B\u00fct\u00e7e d\u0131\u015f\u0131 harcamalar\u0131n kayna\u011f\u0131 neresi? Y\u0131lba\u015f\u0131n\u0131n 3. Haftas\u0131nday\u0131z, diz boyu batt\u0131k. \u00c7alan \u00e7alm\u0131\u015f, paralar\u0131 ka\u00e7\u0131rm\u0131\u015f, masraf halk\u0131n s\u0131rt\u0131na y\u00fckleniyor.<\/p>\n<p>Bunal\u0131m derinle\u015ferek k\u0131z\u0131\u015f\u0131rken Sofya Meclisi Ba\u015fkan Yard\u0131mc\u0131s\u0131 <strong>Doktor Nigar Cafer<\/strong>, ABD Mahkemelerince ka\u00e7ak\u00e7\u0131l\u0131ktan ve US Dolar\u0131 aklamaktan aranan ve New York Mahkemesinde hakk\u0131nda a\u00e7\u0131lan davada 200 milyon Dolar talep edilen, DPS milletvekili Delyan Peevski\u2019nin halk\u0131m\u0131z\u0131n beynini s\u0131ka s\u0131ka kurutma ara\u00e7lar\u0131ndan biri olan \u201c<strong>Kanal 3<\/strong>\u201d TV program\u0131nda belirdi. Bo\u015falan barajlar\u0131n derdinden ve su borular\u0131n\u0131n onar\u0131m\u0131 konular\u0131ndan etkilenmi\u015f olacak, politik bunal\u0131m ile ilgili \u015f\u00f6yle konu\u015ftu:<\/p>\n<p>\u201c<strong>Halk Meclisi yar\u0131 yar\u0131ya da\u011f\u0131lm\u0131\u015f durumdad\u0131r, her an b\u00fcy\u00fck bir delik a\u00e7\u0131labilir.<\/strong>\u201d<\/p><div id=\"bghab-4118395927\" class=\"bghab-icerik-icine-10-paragraf bghab-entity-placement\"><script async src=\"\/\/pagead2.googlesyndication.com\/pagead\/js\/adsbygoogle.js?client=ca-pub-6203283170189293\" crossorigin=\"anonymous\"><\/script><ins class=\"adsbygoogle\" style=\"display:block; text-align:center;\" data-ad-client=\"ca-pub-6203283170189293\" \ndata-ad-slot=\"7303146466\" \ndata-ad-layout=\"in-article\"\ndata-ad-format=\"fluid\" data-full-width-responsive=\"true\"><\/ins>\n<script> \n(adsbygoogle = window.adsbygoogle || []).push({}); \n<\/script>\n<\/div>\n<p>Meclis nitelemesine \u201c<strong>aritmetik \u00e7o\u011funluk<\/strong>\u201d diyen Dr. Cafer\u2019in ge\u00e7erli form\u00fcle \u201c<strong>ver de biz y\u00f6netelim<\/strong>\u201d nitelemesi getirmesi dikkati \u00e7ekti. Milletvekili \u015f\u00f6yle devam etti:<\/p>\n<p>\u201cHalk Meclisindeki \u00e7o\u011funluk durumu yar\u0131 yar\u0131ya da\u011f\u0131lmak \u00fczeredir. Dinamik bir aritmetik \u00e7o\u011funluktur, da\u011f\u0131lmak \u00fczeredir ve hi\u00e7bir h\u00fckumet bu \u00e7o\u011funluktan beslenemez. Sa\u011fl\u0131k sekt\u00f6r\u00fcndeki bunal\u0131m s\u00fcre\u011fenle\u015fti.\u00a0 \u0130ki bunal\u0131mla birden y\u00fczle\u015ftik. Sonucunda reform yapmak istemeyenler \u00fcst\u00fcn geldiler.\u201c<\/p>\n<p>Halk Meclisi Ba\u015fkan Yard\u0131mc\u0131s\u0131 Dr. N. Cafer, bir bakan\u0131n koltuktan kaymas\u0131 ya da tutuklanmas\u0131, i\u00e7eri at\u0131lmas\u0131 bunal\u0131m\u0131n derinli\u011fine i\u015faret etmiyor. Reform yapmaktan ka\u00e7\u0131l\u0131yor, de\u011fi\u015fiklere s\u0131rt \u00e7evirenler kalabal\u0131k, as\u0131l sorun budur. GERB partisi \u00e7\u0131kmaz soka\u011fa girince, s\u0131k\u0131\u015f\u0131nca ya da yolu \u015fa\u015f\u0131r\u0131nca halk\u0131n \u00f6n\u00fcnde uzla\u015fma ve anla\u015fma oyunu sahneliyor.<\/p>\n<p>\u015eimdiki bunal\u0131mda ve bu g\u00fcven oyu \u00a0ortam\u0131nda ne olabilir, h\u00fck\u00fcmet d\u00fc\u015fer mi sorusuna Dr. N. Caferova \u015fu yan\u0131t\u0131 verdi:<\/p>\n<p>\u201c<strong>Her \u015fey olabilir<\/strong>!\u201d<\/p><div id=\"bghab-3223559203\" class=\"bghab-icerik-icine-15-paragraf bghab-entity-placement\"><script async src=\"\/\/pagead2.googlesyndication.com\/pagead\/js\/adsbygoogle.js?client=ca-pub-6203283170189293\" crossorigin=\"anonymous\"><\/script><ins class=\"adsbygoogle\" style=\"display:block; text-align:center;\" data-ad-client=\"ca-pub-6203283170189293\" \ndata-ad-slot=\"7303146466\" \ndata-ad-layout=\"in-article\"\ndata-ad-format=\"fluid\" data-full-width-responsive=\"true\"><\/ins>\n<script> \n(adsbygoogle = window.adsbygoogle || []).push({}); \n<\/script>\n<\/div>\n<p>\u201cReform yapmaktan, ileri ad\u0131m atmaktan, halka inmekten korkan g\u00fc\u00e7ler iktidarda. Ortada bir sorun oldu\u011funu reddediyorlar. Bu gidi\u015fle hi\u00e7bir yap\u0131sal sorun \u00e7\u00f6z\u00fclemez.\u201d Somutlamas\u0131na vurgu yapan Dr. Cafer toplumu ya uyanmaya iteliyor ya da toplum \u201cal\u00e7\u0131l\u0131la\u015f\u0131yor.\u201d Dedi.<\/p>\n<p>Ne ki bu acil \u00e7\u00f6z\u00fcm bekleyen sorunlar \u015fah\u0131slarla ilgili olan bir problem olmaktan uzakt\u0131r, her biri y\u00f6netim modeli sorunudur, \u00fclkenin y\u00fcr\u00fcyece\u011fi yol g\u00f6sterilemiyor, geni\u015f g\u00f6r\u00fc\u015fl\u00fcl\u00fck yok.\u201d Saptamas\u0131yla \u00a0defam eden Bayan Cafer, \u201ce\u011fitim-\u00f6\u011fretim ve \u00e7evre sa\u011fl\u0131\u011f\u0131 gibi konularda iktidar\u0131n uygulad\u0131\u011f\u0131 modele\u201d biz DPS olarak kar\u015f\u0131y\u0131z vurgusu yapt\u0131.<\/p>\n<p>Meydana gelen yeni durumda, GERB ve fa\u015fizan ortaklar\u0131 g\u00fcvenoyu oylamas\u0131nda d\u00fc\u015fseler bile, yap\u0131lacak erken se\u00e7imlerden sonra kurulacak yeni h\u00fckumetin i\u015fi \u00e7ok zor olacakt\u0131r. Tokluk hissi olmayan Bulgar oligar\u015fisinin \u00e7\u00f6reklendi\u011fi \u00fclkemizde halkla toplum birbirinden iyice koparken, y\u00f6netilemeyen ve kontrol de uygulanamayan \u00e7akallar \u00fclkesinde hayat tamamen \u00e7ekilmez oluyor.<\/p>\n<p>Yeni durumda akla gelen ilk \u015fey \u015fudur. 1990\u2019dan 1996\u2019ya kadar hakk\u0131nda davalar a\u00e7\u0131lsa da, her defas\u0131nda pa\u00e7ay\u0131 kurtaran Todor Jivkov\u2019un g\u00fcn\u00fcn idarecilerine ilham oldu\u011fu g\u00f6r\u00fcl\u00fcyor. G\u00fcn\u00fcm\u00fcz\u00fcn idarecileri Bulgaristan\u2019da h\u0131rs\u0131zdan, talanc\u0131 ve katilden hesap sorulmad\u0131\u011f\u0131na inanm\u0131\u015f bulunuyor. Toplumda \u00f6fke birikimi kabarm\u0131yor. Dedeleri ve nineleri bir defa baharda bir de g\u00fczde olmak \u00fczere, senede 2 defa y\u0131kanan Bulgarlar\u0131n, \u015fimdiki duruma yumruk s\u0131kt\u0131\u011f\u0131 ama avucuna ta\u015f almad\u0131\u011f\u0131 dikkat \u00e7ekiyor.<\/p>\n<p>Halk\u0131n hakk\u0131ndan harman d\u00f6venlerden hesap sorulmayaca\u011f\u0131, g\u00f6zda\u011f\u0131 vermek i\u00e7in de olsa, baz\u0131lar\u0131na ceza kesilmeyece\u011fi, anayasaya g\u00f6re bir parlamenter demokrasi \u00fclkesi olan Bulgaristan\u2019da tek ki\u015filik iktidar kurup hesaps\u0131z, kitaps\u0131z, sorgusuz, toplant\u0131dan toplant\u0131ya s\u00f6zl\u00fc bi\u00e7ip d\u00f6venlere dur deme zaman\u0131 gelmedi mi dersiniz? Kaosta y\u00fczenlerden hesap sorulamayaca\u011f\u0131 anlam\u0131na gelebilir mi? Adaletsizlikten adaletli, ke\u015fmeke\u015f kar\u0131\u015f\u0131kl\u0131\u011f\u0131ndan d\u00fczenli demokrasiye, yasalar\u0131n ve anayasan\u0131n, hukukun \u00fcst\u00fcnl\u00fc\u011f\u00fcne, sivil hukuksal toplumuna ger\u00e7ekten ge\u00e7me zaman\u0131 gelmedi mi? Ekim sonunda yerel se\u00e7im yap\u0131ld\u0131 ve 3 ay sonra art\u0131k batakl\u0131\u011fa sapland\u0131k kald\u0131k. Susuz, elektriksiz, \u00e7\u00f6p konusu i\u00e7inde olur mu? AB standartlar\u0131 nerede? Avrupa Komiserlerinin g\u00f6zleri k\u00f6r m\u00fc oldu?<\/p><div id=\"bghab-2629616279\" class=\"bghab-icerik-icine-20-paragraf bghab-entity-placement\"><script async src=\"\/\/pagead2.googlesyndication.com\/pagead\/js\/adsbygoogle.js?client=ca-pub-6203283170189293\" crossorigin=\"anonymous\"><\/script><ins class=\"adsbygoogle\" style=\"display:block; text-align:center;\" data-ad-client=\"ca-pub-6203283170189293\" \ndata-ad-slot=\"7303146466\" \ndata-ad-layout=\"in-article\"\ndata-ad-format=\"fluid\" data-full-width-responsive=\"true\"><\/ins>\n<script> \n(adsbygoogle = window.adsbygoogle || []).push({}); \n<\/script>\n<\/div>\n<p>\u00d6\u00e7 almaya di\u015f bilemeyen halk\u0131m\u0131z\u0131n yolsuzluklardan hesap sormayaca\u011f\u0131n\u0131 d\u00fc\u015f\u00fcnmek yanl\u0131\u015f olur.<\/p>\n<p>G\u00fcven oyu neticesini ilgiyle bekliyoruz.<br \/>\nBizi izleyiniz.<br \/>\n\u0130\u015finiz aklan gitsin.<\/p>\n<div id=\"bghab-1927371211\" class=\"bghab-yazi-altinda bghab-entity-placement\"><script async src=\"https:\/\/pagead2.googlesyndication.com\/pagead\/js\/adsbygoogle.js\"><\/script>\r\n<!-- bghaber-yaz\u0131-sonu -->\r\n<ins class=\"adsbygoogle\"\r\n     style=\"display:block\"\r\n     data-ad-client=\"ca-pub-6203283170189293\"\r\n     data-ad-slot=\"4222328180\"\r\n     data-ad-format=\"auto\"\r\n     data-full-width-responsive=\"true\"><\/ins>\r\n<script>\r\n     (adsbygoogle = window.adsbygoogle || []).push({});\r\n<\/script><\/div><br style=\"clear: both; display: block; float: none;\"\/>","protected":false},"excerpt":{"rendered":"<p>Tarih: 19 Ocak 2020 Haz\u0131rlayan: Raziye \u00c7AKIR Konu:\u00a0 Bunal\u0131mlara Yenik D\u00fc\u015fen Sofya H\u00fckumeti 2017\u2019den bu yana III. B. Borisov kabinesine 5. Gensoru yeni bir g\u00fcben<\/p>\n","protected":false},"author":14,"featured_media":42430,"comment_status":"closed","ping_status":"closed","sticky":false,"template":"","format":"standard","meta":{"advanced_seo_description":"","jetpack_seo_html_title":"","jetpack_seo_noindex":false,"jetpack_seo_schema_type":"","_jetpack_newsletter_access":"","_jetpack_dont_email_post_to_subs":false,"_jetpack_newsletter_tier_id":0,"_jetpack_memberships_contains_paywalled_content":false,"_jetpack_feature_clip_id":0,"_jetpack_memberships_contains_paid_content":false,"footnotes":"","jetpack_post_was_ever_published":false},"categories":[6],"tags":[],"class_list":["post-43700","post","type-post","status-publish","format-standard","has-post-thumbnail","hentry","category-yorum"],"jetpack_sharing_enabled":true,"jetpack_likes_enabled":true,"jetpack-related-posts":[],"jetpack_shortlink":"https:\/\/wp.me\/pc2PfJ-bmQ","jetpack_featured_media_url":"https:\/\/i0.wp.com\/www.bghaber.org\/bghaber\/wp-content\/uploads\/2019\/12\/raziye-rsm.jpg?fit=230%2C342&ssl=1","_links":{"self":[{"href":"https:\/\/www.bghaber.org\/bghaber\/wp-json\/wp\/v2\/posts\/43700","targetHints":{"allow":["GET"]}}],"collection":[{"href":"https:\/\/www.bghaber.org\/bghaber\/wp-json\/wp\/v2\/posts"}],"about":[{"href":"https:\/\/www.bghaber.org\/bghaber\/wp-json\/wp\/v2\/types\/post"}],"author":[{"embeddable":true,"href":"https:\/\/www.bghaber.org\/bghaber\/wp-json\/wp\/v2\/users\/14"}],"replies":[{"embeddable":true,"href":"https:\/\/www.bghaber.org\/bghaber\/wp-json\/wp\/v2\/comments?post=43700"}],"version-history":[{"count":0,"href":"https:\/\/www.bghaber.org\/bghaber\/wp-json\/wp\/v2\/posts\/43700\/revisions"}],"wp:featuredmedia":[{"embeddable":true,"href":"https:\/\/www.bghaber.org\/bghaber\/wp-json\/wp\/v2\/media\/42430"}],"wp:attachment":[{"href":"https:\/\/www.bghaber.org\/bghaber\/wp-json\/wp\/v2\/media?parent=43700"}],"wp:term":[{"taxonomy":"category","embeddable":true,"href":"https:\/\/www.bghaber.org\/bghaber\/wp-json\/wp\/v2\/categories?post=43700"},{"taxonomy":"post_tag","embeddable":true,"href":"https:\/\/www.bghaber.org\/bghaber\/wp-json\/wp\/v2\/tags?post=43700"}],"curies":[{"name":"wp","href":"https:\/\/api.w.org\/{rel}","templated":true}]}}