{"id":43697,"date":"2020-01-19T13:17:26","date_gmt":"2020-01-19T10:17:26","guid":{"rendered":"https:\/\/www.bghaber.org\/bghaber\/?p=43697"},"modified":"2020-01-19T22:20:07","modified_gmt":"2020-01-19T19:20:07","slug":"bulgar-sadik-unutulmus-bir-kahraman-gercek-miydi-yoksa-efsane-mi","status":"publish","type":"post","link":"https:\/\/www.bghaber.org\/bghaber\/bulgar-sadik-unutulmus-bir-kahraman-gercek-miydi-yoksa-efsane-mi\/","title":{"rendered":"BULGAR SADIK: Unutulmu\u015f Bir Kahraman, Ger\u00e7ek miydi yoksa efsane mi ?"},"content":{"rendered":"<p>Ad\u0131 Stoyan\u2019d\u0131, Bulgar do\u011fdu, T\u00fcrk ve M\u00fcsl\u00fcman olarak \u00f6ld\u00fc. Hat\u0131ralar\u0131nda Bulgar ordusunun k\u00fc\u00e7\u00fck r\u00fctbeli bir subay\u0131 iken kendisine ve T\u00fcrklere k\u00f6t\u00fc muamele eden binba\u015f\u0131s\u0131n\u0131 d\u00f6verek at\u0131 ve e\u015fk\u0131ya reisi dedesini hat\u0131ra defteriyle firarar ederek Edirne\u2019ye ka\u00e7t\u0131\u011f\u0131n\u0131 yazmakta. Bulgaristan 1877\/78 (93) Osmanl\u0131 \/Rus Sava\u015f\u0131\u2019ndan sonra Prenslik olarak yar\u0131 ba\u011f\u0131ms\u0131z hale gelince Makedonya\u2019ya da g\u00f6z dikmi\u015ftir.<\/p>\n<p><a href=\"https:\/\/i0.wp.com\/www.bghaber.org\/bghaber\/wp-content\/uploads\/2020\/01\/Nazan_Sezgin-019.jpg?ssl=1\"><img data-recalc-dims=\"1\" loading=\"lazy\" decoding=\"async\" class=\"alignnone size-full wp-image-43698\" src=\"https:\/\/i0.wp.com\/www.bghaber.org\/bghaber\/wp-content\/uploads\/2020\/01\/Nazan_Sezgin-019.jpg?resize=640%2C336&#038;ssl=1\" alt=\"\" width=\"640\" height=\"336\" srcset=\"https:\/\/i0.wp.com\/www.bghaber.org\/bghaber\/wp-content\/uploads\/2020\/01\/Nazan_Sezgin-019.jpg?w=800&amp;ssl=1 800w, https:\/\/i0.wp.com\/www.bghaber.org\/bghaber\/wp-content\/uploads\/2020\/01\/Nazan_Sezgin-019.jpg?resize=300%2C158&amp;ssl=1 300w, https:\/\/i0.wp.com\/www.bghaber.org\/bghaber\/wp-content\/uploads\/2020\/01\/Nazan_Sezgin-019.jpg?resize=768%2C403&amp;ssl=1 768w\" sizes=\"auto, (max-width: 640px) 100vw, 640px\" \/><\/a><\/p>\n<p>Nas\u0131l olsa Osmanl\u0131n\u0131n i\u015fi bitecektir. Makedonya, \u00fczerinde hak iddia eden b\u00fct\u00fcn Balkanl\u0131lar\u0131n \u00e7etecileriyle kaynamaktad\u0131r. Stoyan T\u00fcrklerin saf\u0131na ge\u00e7ti\u011finde\u00a0 tan\u0131d\u0131\u011f\u0131 Bulgar \u00e7eteleriyle\u00a0 m\u00fccadele etmeye ba\u015flar. Hatta Trakya\u2019da o d\u00f6nem var olan Bulgar k\u00f6yl\u00fclerini Bulgaristan lehine te\u015fkilatland\u0131r\u0131p tuza\u011fa d\u00fc\u015f\u00fcr\u00fcr, en ba\u015fta papazlar komitac\u0131lara yatakl\u0131k etmektedir (haydi kalan kiliseleri tamir edelim!\u00a0 Gazi Mustafa Kemal Pa\u015fa Bulgaristan\u2019la 1925\u2019te bir m\u00fcbadele anla\u015fmas\u0131 yapm\u0131\u015f Trakya\u2019da ki Bulgar ahaliyi Bulgaristan\u2019a def etmi\u015ftir). Yakalatt\u0131\u011f\u0131 komitac\u0131lar\u0131n r\u00fc\u015fvetle serbest b\u0131rak\u0131ld\u0131\u011f\u0131n\u0131 \u00f6\u011frenince isyan eder ve da\u011flara \u00e7\u0131karak kendi ba\u015f\u0131na Bulgarlar\u0131 avlamaya ba\u015flar. Bir s\u00fcre Lefter Kaptan \u00e7etesine kat\u0131l\u0131r ve Yunanl\u0131 \u00e7ete reisini \u00f6ld\u00fcr\u00fcr, k\u00f6pr\u00fc bombalamak, tiren soygunu, fidye i\u00e7in Protestan misyoneri da\u011fa kald\u0131rmak art\u0131k ola\u011fan i\u015flerindendir, art\u0131k o da bir zalimdir. Stoyan 2.Me\u015frutiyet \u00f6ncesinde D\u0131rama, Nevrekop, Sar\u0131\u015faban, Serez, Demirhisar (gaibten sesler) \u00a0civar\u0131nda faal bir \u00e7etecidir, Balkan Kazan\u0131 fokur fokur kaynamakta Osmanl\u0131 can\u0131n\u0131 di\u015fine takarak bu e\u015fkiyalarla m\u00fccadele etmektedir (Avc\u0131 Taburlar\u0131). Bulgarlar Rumlar\u0131, Rumlar Bulgarlar\u0131 hepsi birden T\u00fcrk ve M\u00fcsl\u00fcmanlar\u0131 \u00f6ld\u00fcrmekte, etnik temizlik yap\u0131lmaktad\u0131r. Stoyan sonunda yakalan\u0131r. \u0130dam sehpas\u0131n\u0131 beklerken Makedonyal\u0131 katil Bulgar \u00e7etecisi Sandanski\u2019nin kendisini ihbar etti\u011fini \u00f6\u011frenir. Bulgar \u00e7eteleri aras\u0131nda da rekabet vard\u0131r. Bu Sandanski daha sonra 31 Mart vakas\u0131nda Hareket Ordusuyla \u0130stanbul\u2019a gelip Taksim Top\u00e7u K\u0131\u015flas\u0131n\u0131 Enver Pa\u015fayla birlikte basacakt\u0131r, yani Kahraman\u0131 H\u00fcrriyet(!)tir. Baz\u0131 ulusalc\u0131 yay\u0131nlar\u0131nda b\u00f6yle tarif edildi\u011fine rastlad\u0131m, ezberci zihniyetin g\u00fcd\u00fck kalm\u0131\u015f analiz yetene\u011fidir bu! .<\/p>\n<p>Stoyan Pi\u015fmanl\u0131klar i\u00e7inde bo\u015fa giden hayat\u0131n\u0131 d\u00fc\u015f\u00fcn\u00fcrken a\u011flamaktad\u0131r, O s\u0131rada y\u00fczba\u015f\u0131 Ahmet odaya girer, haline ac\u0131r, onunla konu\u015fur, T\u00fcrk taraf\u0131na ge\u00e7mesi ve M\u00fcsl\u00fcman olmas\u0131 i\u00e7in ikna eder. \u00a0Bir s\u00fcre sonra Padi\u015fahtan af emri gelir ve \u0130stanbul\u2019a \u00e7a\u011f\u0131r\u0131larak g\u00f6revlendirilir. \u0130htida eder, art\u0131k Mehmet Sad\u0131k\u2019t\u0131r, Ethem Pa\u015fa adl\u0131 birinin himayesine gerer. Tekrar Makedonya\u2019da g\u00f6revlendirilir, bir \u00e7at\u0131\u015fmada a\u011f\u0131r yaralan\u0131r, \u00e7enesi bile par\u00e7alanm\u0131\u015ft\u0131r, 8 ay Selanik Askeri hastanesinde tedavi g\u00f6r\u00fcr, ne hekimlerimiz varm\u0131\u015f! Selanik hen\u00fcz minareler \u015eehridir (yine gaibten sesler!). Makedonya\u2019da \u00e7ok tan\u0131nd\u0131\u011f\u0131 i\u00e7in \u0130stanbul\u2019a geri hizmete al\u0131n\u0131r. Mehmet Sad\u0131k Abd\u00fclhamit\u2019i sevmemekle birlikte Hafiye ba\u015f\u0131 Fehim Pa\u015fa\u2019n\u0131n espiyonaj tekliflerini reddeder. \u0130ttihat\u00e7\u0131lar iktidara geldi\u011finde do\u011frudan Talat Pa\u015fa\u2019n\u0131n emrine girecektir, \u00a0art\u0131k onunla istedi\u011fi anda g\u00f6r\u00fc\u015febilen bir Te\u015fkilat-\u0131 Mahsusac\u0131\u2018d\u0131r. Ayn\u0131 zamanda Bulgaristan T\u00fcrklerinin liderlerinden Sofya\u2019da ki avukat Ethem Ruhi beyin de adam\u0131d\u0131r..<\/p>\n<p>Talat pa\u015fa Sultan 2.Abd\u00fclhamit\u2019i birlikte \u201chal\u201d ettikleri komitac\u0131lardan s\u0131k\u0131nt\u0131l\u0131d\u0131r ne istedilerse verdik(!), daha ne istiyorlar! durumunda oldu\u011fu i\u00e7in en sonunda Makedonya Bulgar \u00e7etecilerinin eleba\u015flar\u0131n\u0131n bertaraf edilmesi i\u015fini de Bulgar Sad\u0131k\u2019a havale eder. Sad\u0131k, peynir ticareti yapma bahanesiyle Sofya\u2018ya gider ve geceleri orduevinin \u00f6n\u00fcnde dilenci k\u0131l\u0131\u011f\u0131na girerek Hac\u0131yef\u00a0 ve Dimitri Atanas adl\u0131\u00a0 iki az\u0131l\u0131 \u00e7ete liderini g\u00f6zlemeye ba\u015flar, neticede bir gece onlar\u0131 b\u0131\u00e7aklayarak \u00f6ld\u00fcr\u00fcr, sabah gazetelerde Makedonyal\u0131 Bulgar \u00e7etecileri Alman yanl\u0131s\u0131 Bulgarlar\u0131n katletti\u011fine dair haberleri okur. Kimsenin akl\u0131na bu i\u015fi Te\u015fkilat\u0131n yapt\u0131\u011f\u0131 gelmemi\u015ftir. O zamanlar Bulgaristan Rus ve Alman yanl\u0131lar\u0131 olarak ikiye b\u00f6l\u00fcnm\u00fc\u015ft\u00fcr, Bulgar \u00c7ar\u0131 Alman Saks-Koburg hanedan\u0131ndan biridir. Sofya Alman yanl\u0131s\u0131, Makedonya Bulgarlar\u0131ysa Rus yanl\u0131s\u0131d\u0131r. Bir ara yakalan\u0131p hapsedilir, onun Bulgar kral\u0131n\u0131 (\u00e7ar\u0131n\u0131) \u00f6ld\u00fcrmeye gelen bir suikast\u00e7\u0131 oldu\u011fu san\u0131lmaktad\u0131r, askeri hapishanede a\u011f\u0131r eziyet g\u00f6rd\u00fc\u011f\u00fcn\u00fc sonunda idama mahkum edildi\u011fini hat\u0131ralar\u0131nda yazmaktad\u0131r. Bu arada Bulgarlar a\u011fz\u0131ndan laf almak i\u00e7in Bulgar nihilisti dir diyerek bir casusu da odas\u0131na yerle\u015ftirirler. Sad\u0131k bir s\u00fcre sonra \u00f6ld\u00fcr\u00fclece\u011fini tahmin etmektedir, ajan pencere r\u00fczgar\u0131ndan \u00fc\u015f\u00fcd\u00fc\u011f\u00fcn\u00fc yataklar\u0131n\u0131n yerini de\u011fi\u015ftirmeyi teklif edince buna iyice kanaat getirir. Gece adam derin uykuya dal\u0131nca karyolalar\u0131n yerini de\u011fi\u015ftirir ve akabinde kap\u0131n\u0131n \u00fczerinden a\u00e7\u0131lan yayl\u0131m ate\u015fle ajan onun niyetine \u00f6ld\u00fcr\u00fcl\u00fcr. Birka\u00e7 g\u00fcn sonrada hapisten ka\u00e7arak maceral\u0131 bir yolculukla Varna \u00fczerinden bir k\u00f6m\u00fcrc\u00fc motorunda ka\u00e7ak yolcu olarak \u0130stanbul\u2019a var\u0131r, g\u00f6revini bitirmi\u015ftir. \u015eimdiki i\u015fi, hapisteyken kendini ihbar ederek yakalanmas\u0131na sebep olan Bab\u0131ali\u2019de ki terc\u00fcman k\u0131l\u0131kl\u0131 ajan Bulgaristan \u00c7ingenesi ile hesapla\u015fmakt\u0131r. Onu b\u00fcy\u00fck adaya davet ederek y\u00fczle\u015fir ve \u00f6ld\u00fcr\u00fcr.<\/p>\n<p>Hat\u0131ralar\u0131n bir k\u0131sm\u0131 31 Mart vakas\u0131yla ilgilidir ve kaynakt\u0131r. 31 Mart yani 13 Nisan 1913\u2019te Sad\u0131k bir taharri memuru yani sivil polistir. Zaptiye Nezaretince g\u00f6revlendirilir, bir nefer k\u0131l\u0131\u011f\u0131na girerek Sultanahmet\u2019teki erat aras\u0131na kar\u0131\u015f\u0131r. Avc\u0131 taburlar\u0131 ayaklanm\u0131\u015ft\u0131r, Volkan gazetesi g\u00fcnlerdir k\u0131\u015fk\u0131rt\u0131c\u0131 yay\u0131n yapmaktad\u0131r, Avc\u0131 Taburlar\u0131 \u201c\u015feriat\u201d istemektedir, Hamdi \u00c7avu\u015f diye birileri ba\u015fkand\u0131r, mektepli subaylar \u00f6ld\u00fcr\u00fclmektedir, H\u00fcseyin Cahit (gazeteci muhalif) Rus konsoloslu\u011funa s\u0131\u011f\u0131narak can\u0131n\u0131 kurtar\u0131r. \u0130syanc\u0131lar bir i\u015fkembeci d\u00fckkan\u0131n\u0131 kararg\u00e2h etmi\u015ftir, aralar\u0131na girer, \u00f6ld\u00fcr\u00fclecekler listesinin oldu\u011fu defteri bir bahaneyle\u00a0 al\u0131p \u00a0inceler ve yanmakta\u00a0 olan odun ate\u015fine \u00e7akt\u0131rmadan atar, o s\u0131rada isyanc\u0131lar Sadrazam tayin etmekle me\u015fguld\u00fcr.<\/p><div id=\"bghab-1800181769\" class=\"bghab-icerik-icine bghab-entity-placement\"><script async src=\"\/\/pagead2.googlesyndication.com\/pagead\/js\/adsbygoogle.js?client=ca-pub-6203283170189293\" crossorigin=\"anonymous\"><\/script><ins class=\"adsbygoogle\" style=\"display:block; text-align:center;\" data-ad-client=\"ca-pub-6203283170189293\" \ndata-ad-slot=\"7303146466\" \ndata-ad-layout=\"in-article\"\ndata-ad-format=\"fluid\" data-full-width-responsive=\"true\"><\/ins>\n<script> \n(adsbygoogle = window.adsbygoogle || []).push({}); \n<\/script>\n<\/div>\n<p>Bulgar Sad\u0131k hi\u00e7bir \u015fekilde Abd\u00fclhamit taraftar\u0131 de\u011fildir, hatta aleyhinde yazmakta fakat onun 31 Mart ayaklanmas\u0131n\u0131 tertip etti\u011fine de inanmamakta, bunu ispatlayacak delil yoktu \u00a0demektedir.<\/p>\n<p>Birinci D\u00fcnya sava\u015f\u0131 s\u0131ras\u0131nda \u00c7anakkale\u2019ye gitmek isterse de Talat \u00a0Pa\u015fa onu \u00c7arl\u0131k Rusya\u2019s\u0131nda Sen Petersburg yak\u0131n\u0131nda ki bir cephane fabrikas\u0131n\u0131 berhava etmekle g\u00f6revlendirir. Almanlar birka\u00e7 defa bu i\u015fe giri\u015fmi\u015f, ba\u015far\u0131l\u0131 olamam\u0131\u015ft\u0131r. Bunun \u00fczerine T\u00fcrklerin yard\u0131m\u0131 istenmi\u015ftir. Sad\u0131k\u2019la beraber iki Alman subay\u0131, sava\u015f s\u0131ras\u0131nda zoraki m\u00fcttefikimiz Bulgaristan\u2019\u0131n bir ajan\u0131 ve iki Giritli T\u00fcrk B\u00fckre\u015f \u00fczerinden Petersburg\u2019a gidecektir. Alman subaylar\u0131 ve Bulgar ajan daha B\u00fckre\u015f\u2019te iken ka\u00e7arlar. Sad\u0131k buna \u00e7ok sevinmi\u015ftir zaten onlardan hi\u00e7 ho\u015flanmam\u0131\u015ft\u0131r. Giritli iki adam\u0131yla \u00f6nce Odessa ya ge\u00e7er. Vaktiyle Bulgar Sad\u0131k \u00e7ar hafiyelerinin elinden iki Rus nihilist ihtilalciyi kurtarm\u0131\u015f, adamlarda ona adreslerini vermi\u015ftir. Do\u011fruca o adrese giderler ve yard\u0131m isterler. Rus ihtilalciler \u00c7arl\u0131k Rusya\u2019s\u0131 aleyhine bir i\u015fe\u00a0 g\u00f6n\u00fcll\u00fcd\u00fcr. Sad\u0131k ve adamlar\u0131 Petersburg ta ki fabrikaya i\u015f\u00e7i olarak girecektir, kimlikler haz\u0131rlan\u0131r yola \u00e7\u0131karlar. Bir de bayan k\u0131lavuzlar\u0131 vard\u0131r. \u0130\u015f\u00e7i olarak girdikten bir hafta sonra cephanelik havaya u\u00e7mu\u015ftur. Sad\u0131k g\u00fcnah\u0131 olmayan i\u015f\u00e7ilerin \u00f6l\u00fcm\u00fcnden ayr\u0131ca vicdan azab\u0131 \u00e7ekecektir ama vatani g\u00f6revini yapt\u0131\u011f\u0131n\u0131 s\u00f6yleyerek kendi kendini teselli edecektir. Daha sonra Kafkas \u0130slam ordusunda g\u00f6revlendirilir. Fakat Batum\u2019da Mondoros m\u00fctarekesini \u00f6\u011frenir. \u0130stanbul\u2019a geldi\u011finde i\u015fgalci gemilerini g\u00f6r\u00fcnce a\u011flayarak \u00dcsk\u00fcdar\u2019daki evine inzivaya \u00e7ekilir. Her sabah namaza camiye gitmektedir bir g\u00fcn eve d\u00f6nd\u00fc\u011f\u00fcnde Rumlar\u0131n \u0130ngilizlerle beraber evinde arama yapt\u0131klar\u0131n\u0131 \u00f6\u011frenince\u00a0 ailesiyle helalle\u015fip silah\u0131n\u0131 ku\u015fan\u0131r ve eski \u00e7ete arkada\u015flar\u0131n\u0131 bulup te\u015fkilatlan\u0131rlar. \u015eile\u00a0 Rumlar\u0131 e\u015fk\u0131yal\u0131\u011fa ba\u015flam\u0131\u015ft\u0131r, \u0130ngiliz i\u015fgalci bunlara silah ve cephane vermektedir. Sad\u0131k ve arkada\u015flar\u0131 Rumlar\u0131 pusuya d\u00fc\u015f\u00fcr\u00fcp \u00f6ld\u00fcrmeye ba\u015flar, cephaneliklerini de basarlar. Daha sonrada Adapazar\u0131 \u00fczerinden kuvvac\u0131lara kat\u0131l\u0131r. Birinci ve \u0130kinci \u0130n\u00f6n\u00fc sava\u015flar\u0131nda ayak parmaklar\u0131 dondu\u011fu i\u00e7in sakatlan\u0131r. Sakarya sava\u015f\u0131nda\u00a0 rahats\u0131zl\u0131\u011f\u0131 ilerlemi\u015ftir. Ayaklar\u0131n\u0131 kaybeder. Zaferden sonra emekli edilir.<\/p>\n<p>Gazeteci, romanc\u0131, pehlivan tefrikalar\u0131n\u0131n\u00a0 \u00f6nde gelen isimlerinden Murat Serto\u011flu\u2019na (1911-1989) bir kurmay alb. gelir beraberindeki \u00a0ki\u015fi Bulgar Sad\u0131kt\u0131r. Murat Serto\u011flu bu\u00a0 ufak tefek ve sakat adam\u0131n efsane Te\u015fkilat\u00e7\u0131 oldu\u011funa neredeyse inanamaz. \u00a0Sad\u0131k hikayesini Murat Serto\u011flu\u2019na anlat\u0131r, Serto\u011flu bunlar\u0131 kaleme al\u0131r, hat\u0131ralar 1966 da bas\u0131l\u0131r (\u0130timat yay\u0131n.) Murat Serto\u011flu onu tan\u0131d\u0131ktan sonra \u00f6l\u00fcm\u00fcne kadar yaln\u0131z b\u0131rakmad\u0131\u011f\u0131n\u0131 yazmaktad\u0131r. \u00c7ocuklu\u011fumdan Bulgar Sad\u0131k adl\u0131 bir Ye\u015fil\u00e7am filmini varl\u0131\u011f\u0131n\u0131 hat\u0131rl\u0131yorum, ba\u015frolde vakitsiz giden karakter oyuncular\u0131ndan Turan Seyfio\u011flu olacakt\u0131. Hikaye ger\u00e7ek miydi yoksa masal m\u0131? hat\u0131ralara sahafta rastlad\u0131m, al\u0131p okuyunca Sad\u0131k\u2019\u0131n eski ad\u0131yla Stoyan\u2019\u0131n varl\u0131\u011f\u0131na inand\u0131m. Petersburg\u2019daki cephanelik sabotaj\u0131n\u0131 da emekli\u00a0 bir askeri tarih\u00e7iye sordum, olay ger\u00e7ekmi\u015f, bizim bir zamanlar i\u015fte b\u00f6yle adamlar\u0131m\u0131z varm\u0131\u015f. Bir de onlar\u0131 sinemaya aktaran \u201cyerli ve milli\u201c sinemac\u0131lar\u0131m\u0131z. \u015eimdi T\u00fcrk sinemas\u0131 \u201centel\u201d oldu, b\u00f6yle filimler de Ar\u015fiv belgesi. Zamane Sinema\u2019m\u0131z yabanc\u0131la\u015fman\u0131n de\u011firmenine su ta\u015f\u0131makla me\u015fgul.<\/p>\n<p>Cumhuriyet tarih\u00e7ilerimizin Bulgar Sad\u0131k ile ilgilenebilece\u011fini sanm\u0131yorum. Konular\u0131 \u201cLozan G\u00fczellemesi\u201c ile s\u0131n\u0131rl\u0131d\u0131r, vakitleri yoktur. Yunanl\u0131lar\u0131n Tanzimat imar\u0131 Dedea\u011fa\u00e7 Liman\u0131n\u0131n \u00fcst\u00fcne kondu\u011fundan bile haberleri yoktur, ya Limni adas\u0131, Mondros orada de\u011fimliydi? \u00c7o\u011fu da ATASE ar\u015fivine giremez ve gazete okuyacak kadar bile eski yaz\u0131 bilmez. Belki Askeri Tarih\u00e7iler konuya e\u011filebilir. \u0130n\u015fallah!<\/p>\n<p>&nbsp;<\/p>\n<p>Nazan Sezgin, Altayli.net<\/p><div id=\"bghab-1264416172\" class=\"bghab-icerik-icine-10-paragraf bghab-entity-placement\"><script async src=\"\/\/pagead2.googlesyndication.com\/pagead\/js\/adsbygoogle.js?client=ca-pub-6203283170189293\" crossorigin=\"anonymous\"><\/script><ins class=\"adsbygoogle\" style=\"display:block; text-align:center;\" data-ad-client=\"ca-pub-6203283170189293\" \ndata-ad-slot=\"7303146466\" \ndata-ad-layout=\"in-article\"\ndata-ad-format=\"fluid\" data-full-width-responsive=\"true\"><\/ins>\n<script> \n(adsbygoogle = window.adsbygoogle || []).push({}); \n<\/script>\n<\/div>\n<div id=\"bghab-2494944351\" class=\"bghab-yazi-altinda bghab-entity-placement\"><script async src=\"https:\/\/pagead2.googlesyndication.com\/pagead\/js\/adsbygoogle.js\"><\/script>\r\n<!-- bghaber-yaz\u0131-sonu -->\r\n<ins class=\"adsbygoogle\"\r\n     style=\"display:block\"\r\n     data-ad-client=\"ca-pub-6203283170189293\"\r\n     data-ad-slot=\"4222328180\"\r\n     data-ad-format=\"auto\"\r\n     data-full-width-responsive=\"true\"><\/ins>\r\n<script>\r\n     (adsbygoogle = window.adsbygoogle || []).push({});\r\n<\/script><\/div><br style=\"clear: both; display: block; float: none;\"\/>","protected":false},"excerpt":{"rendered":"<p>Ad\u0131 Stoyan\u2019d\u0131, Bulgar do\u011fdu, T\u00fcrk ve M\u00fcsl\u00fcman olarak \u00f6ld\u00fc. Hat\u0131ralar\u0131nda Bulgar ordusunun k\u00fc\u00e7\u00fck r\u00fctbeli bir subay\u0131 iken kendisine ve T\u00fcrklere k\u00f6t\u00fc muamele eden binba\u015f\u0131s\u0131n\u0131 d\u00f6verek<\/p>\n","protected":false},"author":13,"featured_media":43724,"comment_status":"closed","ping_status":"closed","sticky":false,"template":"","format":"standard","meta":{"advanced_seo_description":"","jetpack_seo_html_title":"","jetpack_seo_noindex":false,"jetpack_seo_schema_type":"","_jetpack_newsletter_access":"","_jetpack_dont_email_post_to_subs":false,"_jetpack_newsletter_tier_id":0,"_jetpack_memberships_contains_paywalled_content":false,"_jetpack_feature_clip_id":0,"_jetpack_memberships_contains_paid_content":false,"footnotes":"","jetpack_post_was_ever_published":false},"categories":[211],"tags":[2855,30],"class_list":["post-43697","post","type-post","status-publish","format-standard","has-post-thumbnail","hentry","category-kitap","tag-bulgar-sadik","tag-bulgaristan"],"jetpack_sharing_enabled":true,"jetpack_likes_enabled":true,"jetpack-related-posts":[],"jetpack_shortlink":"https:\/\/wp.me\/pc2PfJ-bmN","jetpack_featured_media_url":"https:\/\/i0.wp.com\/www.bghaber.org\/bghaber\/wp-content\/uploads\/2020\/01\/bulgar-sad%C4%B1k-b%C3%BCy%C3%BCk-t%C3%BCrk-casusu-murat-sertoglu.jpg?fit=300%2C421&ssl=1","_links":{"self":[{"href":"https:\/\/www.bghaber.org\/bghaber\/wp-json\/wp\/v2\/posts\/43697","targetHints":{"allow":["GET"]}}],"collection":[{"href":"https:\/\/www.bghaber.org\/bghaber\/wp-json\/wp\/v2\/posts"}],"about":[{"href":"https:\/\/www.bghaber.org\/bghaber\/wp-json\/wp\/v2\/types\/post"}],"author":[{"embeddable":true,"href":"https:\/\/www.bghaber.org\/bghaber\/wp-json\/wp\/v2\/users\/13"}],"replies":[{"embeddable":true,"href":"https:\/\/www.bghaber.org\/bghaber\/wp-json\/wp\/v2\/comments?post=43697"}],"version-history":[{"count":0,"href":"https:\/\/www.bghaber.org\/bghaber\/wp-json\/wp\/v2\/posts\/43697\/revisions"}],"wp:featuredmedia":[{"embeddable":true,"href":"https:\/\/www.bghaber.org\/bghaber\/wp-json\/wp\/v2\/media\/43724"}],"wp:attachment":[{"href":"https:\/\/www.bghaber.org\/bghaber\/wp-json\/wp\/v2\/media?parent=43697"}],"wp:term":[{"taxonomy":"category","embeddable":true,"href":"https:\/\/www.bghaber.org\/bghaber\/wp-json\/wp\/v2\/categories?post=43697"},{"taxonomy":"post_tag","embeddable":true,"href":"https:\/\/www.bghaber.org\/bghaber\/wp-json\/wp\/v2\/tags?post=43697"}],"curies":[{"name":"wp","href":"https:\/\/api.w.org\/{rel}","templated":true}]}}