{"id":43514,"date":"2020-01-13T01:12:23","date_gmt":"2020-01-12T22:12:23","guid":{"rendered":"https:\/\/www.bghaber.org\/bghaber\/?p=43514"},"modified":"2020-01-13T22:23:05","modified_gmt":"2020-01-13T19:23:05","slug":"ibb-baskani-ekrem-imamoglu-turk-dunyasi-stklarla-bulustu","status":"publish","type":"post","link":"https:\/\/www.bghaber.org\/bghaber\/ibb-baskani-ekrem-imamoglu-turk-dunyasi-stklarla-bulustu\/","title":{"rendered":"\u0130BB Ba\u015fkan\u0131 Ekrem \u0130mamo\u011flu T\u00fcrk D\u00fcnyas\u0131 STK&#8217;larla Bulu\u015ftu"},"content":{"rendered":"<p>BULT\u00dcRK Derne\u011fi, \u0130stanbul B\u00fcy\u00fck\u015fehir Belediye Ba\u015fkan\u0131 Ekrem \u0130mamo\u011flu\u2019nun ev sahipli\u011finde d\u00fczenlenen \u201cT\u00fcrk D\u00fcnyas\u0131 Sivil Toplum Bulu\u015fmas\u0131\u201dna kat\u0131ld\u0131. \u0130stanbul\u2019da faaliyette bulunan 200 T\u00fcrk D\u00fcnyas\u0131 Sivil Toplum Kurulu\u015funun y\u00f6neticilerinin kat\u0131l\u0131m\u0131yla ger\u00e7ekle\u015fen\u00a0<em>\u201cT\u00fcrk D\u00fcnyas\u0131 Sivil Toplum Bulu\u015fmas\u0131\u201d<\/em>, 11 Ocak 2020\u2019de Topkap\u0131 T\u00fcrk D\u00fcnyas\u0131 K\u00fclt\u00fcr Mahallesinde yap\u0131ld\u0131.<\/p>\n<p>Konu\u015fmalar \u00f6ncesi kat\u0131l\u0131mc\u0131lar b\u00f6lgede bulunan T\u00fcrk \u00e7ad\u0131rlar\u0131 ve T\u00fcrk evlerini ziyaret ederek farkl\u0131 co\u011frafyadaki T\u00fcrk k\u00fclt\u00fcrlerini, k\u0131yafetlerini, \u00e7e\u015fitli g\u00fcnl\u00fck kullan\u0131lan el aletleri, sava\u015f aletleri, m\u00fczik aletleri gibi bilgi ve g\u00f6rselleri inceledik.<\/p>\n<p>T\u00fcrk D\u00fcnyas\u0131n\u0131n \u00f6nemli temsilcileri hepimiz bir arada olman\u0131n kivancini ya\u015fad\u0131k. Belediye Ba\u015fkan\u0131m\u0131z Sn. Ekrem \u0130mamo\u011flu dahil hepimizde g\u00fczel bir heyecan ve co\u015fku vard\u0131. Kat\u0131l\u0131mc\u0131 dernek \u00fcyeleri ile tan\u0131\u015fma ve sohbet ortamlar\u0131m\u0131z oldu.<\/p>\n<p>T\u00fcrk D\u00fcnyas\u0131 Sivil Toplum Bulu\u015fmas\u0131n\u0131n a\u00e7\u0131l\u0131\u015f konu\u015fmas\u0131nda \u0130stanbul\u2019un sadece T\u00fcrkiye\u2019nin de\u011fil, ayn\u0131 anda T\u00fcrk D\u00fcnyas\u0131n\u0131n da en b\u00fcy\u00fck \u015fehri oldu\u011funu ifade eden Ekrem \u0130mamo\u011flu,<em>\u00a0\u201c\u0130stanbul, T\u00fcrk D\u00fcnyas\u0131n\u0131n bulu\u015fma noktas\u0131d\u0131r, T\u00fcrk D\u00fcnyas\u0131 K\u00fclt\u00fcr Mahallesi de bunun en \u00f6nemli merkezlerinden birisidir.\u201d<\/em>\u00a0dedi. \u0130stanbul B\u00fcy\u00fck\u015fehir Belediye Ba\u015fkanl\u0131\u011f\u0131 olarak T\u00fcrk D\u00fcnyas\u0131 ile ili\u015fkileri daha da geli\u015ftireceklerini s\u00f6yledi.<\/p>\n<p>T\u00fcrk D\u00fcnyas\u0131 Sivil Toplum Bulu\u015fmas\u0131nda \u0130BB Ba\u015fkan\u0131 Ekrem \u0130mamo\u011flu, T\u00fcrk D\u00fcnyas\u0131 Sivil Toplum Kurulu\u015flar\u0131 ile bir araya gelmekten dolay\u0131 mutlu olduklar\u0131n\u0131 ve \u0130smail Gasp\u0131ral\u0131\u2019n\u0131n\u00a0<em>\u201cDilde, fikirde, i\u015fte birlik\u201d<\/em>\u00a0ilkesini benimsediklerini s\u00f6yledi.<\/p><div id=\"bghab-1009315508\" class=\"bghab-icerik-icine bghab-entity-placement\"><script async src=\"\/\/pagead2.googlesyndication.com\/pagead\/js\/adsbygoogle.js?client=ca-pub-6203283170189293\" crossorigin=\"anonymous\"><\/script><ins class=\"adsbygoogle\" style=\"display:block; text-align:center;\" data-ad-client=\"ca-pub-6203283170189293\" \ndata-ad-slot=\"7303146466\" \ndata-ad-layout=\"in-article\"\ndata-ad-format=\"fluid\" data-full-width-responsive=\"true\"><\/ins>\n<script> \n(adsbygoogle = window.adsbygoogle || []).push({}); \n<\/script>\n<\/div>\n<p>A\u00e7\u0131l\u0131\u015f konu\u015fmalar\u0131 tamamlanmas\u0131na muteakip kat\u0131l\u0131mc\u0131 dereklerden \u0130BB ba\u015fkan\u0131 Sn. Ekrem \u0130MAMO\u011eLU\u2019 na \u00e7e\u015fitli hediyeler takdim edildi.\u00a0Derne\u011fimiz faliyetlerini k\u0131saca anlatarak Rafet ULUT\u00dcRK ba\u015fkan\u0131m\u0131z\u0131n de\u011ferli kitab\u0131n\u0131 da belediye ba\u015fkan\u0131m\u0131za takdim ettik. Mutluluklar\u0131n\u0131 ve te\u015fekkurlerini iletti. Hediye etti\u011fimiz kitab\u0131m\u0131z\u0131\u00a0okuyup, inceleyece\u011fini bildirdi.<\/p>\n<p>Ota\u011f M\u00fczik Toplulu\u011fu T\u00fcrk d\u00fcnyas\u0131n\u0131n farkl\u0131 b\u00f6lgelerine ait eserlerden m\u00fczik dinletisi icra ettiler. Bu etkinlikler \u0130BB b\u00fcnyesinde artarak devam edecek.<\/p>\n<p style=\"text-align: left;\"><em>H\u00fcseyin YILDIZ<\/em><br \/>\n<em>BULT\u00dcRK Derne\u011fi<\/em><br \/>\n<em>Ba\u015fkan Yard\u0131mc\u0131s\u0131<\/em><\/p>\n<p><img data-recalc-dims=\"1\" decoding=\"async\" src=\"https:\/\/i0.wp.com\/www.bghaber.org\/bghaber\/wp-content\/uploads\/2020\/01\/%C4%B0BB-%C4%B0MAM2.jpg?w=640&#038;ssl=1\" \/><\/p>\n<div id=\"bghab-3484416394\" class=\"bghab-yazi-altinda bghab-entity-placement\"><script async src=\"https:\/\/pagead2.googlesyndication.com\/pagead\/js\/adsbygoogle.js\"><\/script>\r\n<!-- bghaber-yaz\u0131-sonu -->\r\n<ins class=\"adsbygoogle\"\r\n     style=\"display:block\"\r\n     data-ad-client=\"ca-pub-6203283170189293\"\r\n     data-ad-slot=\"4222328180\"\r\n     data-ad-format=\"auto\"\r\n     data-full-width-responsive=\"true\"><\/ins>\r\n<script>\r\n     (adsbygoogle = window.adsbygoogle || []).push({});\r\n<\/script><\/div><br style=\"clear: both; display: block; float: none;\"\/>","protected":false},"excerpt":{"rendered":"<p>BULT\u00dcRK Derne\u011fi, \u0130stanbul B\u00fcy\u00fck\u015fehir Belediye Ba\u015fkan\u0131 Ekrem \u0130mamo\u011flu\u2019nun ev sahipli\u011finde d\u00fczenlenen \u201cT\u00fcrk D\u00fcnyas\u0131 Sivil Toplum Bulu\u015fmas\u0131\u201dna kat\u0131ld\u0131. \u0130stanbul\u2019da faaliyette bulunan 200 T\u00fcrk D\u00fcnyas\u0131 Sivil Toplum<\/p>\n","protected":false},"author":13,"featured_media":43516,"comment_status":"closed","ping_status":"closed","sticky":false,"template":"","format":"standard","meta":{"advanced_seo_description":"","jetpack_seo_html_title":"","jetpack_seo_noindex":false,"jetpack_seo_schema_type":"","_jetpack_newsletter_access":"","_jetpack_dont_email_post_to_subs":false,"_jetpack_newsletter_tier_id":0,"_jetpack_memberships_contains_paywalled_content":false,"_jetpack_feature_clip_id":0,"_jetpack_memberships_contains_paid_content":false,"footnotes":"","jetpack_post_was_ever_published":false},"categories":[1,4],"tags":[37,785,2379],"class_list":["post-43514","post","type-post","status-publish","format-standard","has-post-thumbnail","hentry","category-haberler","category-siyaset","tag-bulturk","tag-bulturk-dernegi","tag-ekrem-imamoglu"],"jetpack_sharing_enabled":true,"jetpack_likes_enabled":true,"jetpack-related-posts":[],"jetpack_shortlink":"https:\/\/wp.me\/pc2PfJ-bjQ","jetpack_featured_media_url":"https:\/\/i0.wp.com\/www.bghaber.org\/bghaber\/wp-content\/uploads\/2020\/01\/%C4%B0BB-%C4%B0MAM1.jpg?fit=612%2C802&ssl=1","_links":{"self":[{"href":"https:\/\/www.bghaber.org\/bghaber\/wp-json\/wp\/v2\/posts\/43514","targetHints":{"allow":["GET"]}}],"collection":[{"href":"https:\/\/www.bghaber.org\/bghaber\/wp-json\/wp\/v2\/posts"}],"about":[{"href":"https:\/\/www.bghaber.org\/bghaber\/wp-json\/wp\/v2\/types\/post"}],"author":[{"embeddable":true,"href":"https:\/\/www.bghaber.org\/bghaber\/wp-json\/wp\/v2\/users\/13"}],"replies":[{"embeddable":true,"href":"https:\/\/www.bghaber.org\/bghaber\/wp-json\/wp\/v2\/comments?post=43514"}],"version-history":[{"count":0,"href":"https:\/\/www.bghaber.org\/bghaber\/wp-json\/wp\/v2\/posts\/43514\/revisions"}],"wp:featuredmedia":[{"embeddable":true,"href":"https:\/\/www.bghaber.org\/bghaber\/wp-json\/wp\/v2\/media\/43516"}],"wp:attachment":[{"href":"https:\/\/www.bghaber.org\/bghaber\/wp-json\/wp\/v2\/media?parent=43514"}],"wp:term":[{"taxonomy":"category","embeddable":true,"href":"https:\/\/www.bghaber.org\/bghaber\/wp-json\/wp\/v2\/categories?post=43514"},{"taxonomy":"post_tag","embeddable":true,"href":"https:\/\/www.bghaber.org\/bghaber\/wp-json\/wp\/v2\/tags?post=43514"}],"curies":[{"name":"wp","href":"https:\/\/api.w.org\/{rel}","templated":true}]}}