{"id":43507,"date":"2020-01-12T23:44:35","date_gmt":"2020-01-12T20:44:35","guid":{"rendered":"https:\/\/www.bghaber.org\/bghaber\/?p=43507"},"modified":"2020-01-12T23:47:02","modified_gmt":"2020-01-12T20:47:02","slug":"milli-guvenlik-istisare-kurulunda-orta-dogudaki-durum-gorusuldu","status":"publish","type":"post","link":"https:\/\/www.bghaber.org\/bghaber\/milli-guvenlik-istisare-kurulunda-orta-dogudaki-durum-gorusuldu\/","title":{"rendered":"Milli G\u00fcvenlik \u0130sti\u015fare Kurulu&#8217;nda Orta Do\u011fu&#8217;daki durum g\u00f6r\u00fc\u015f\u00fcld\u00fc"},"content":{"rendered":"<p>Cumhurba\u015fkan\u0131 Rumen Radev taraf\u0131ndan Irak ve b\u00f6lgedeki gerginli\u011fin g\u00f6r\u00fc\u015f\u00fclmesi amac\u0131 ile \u00e7a\u011f\u0131rd\u0131\u011f\u0131 Milli G\u00fcvenlik \u0130sti\u015fare Kurulu kat\u0131l\u0131mc\u0131lar\u0131, kriz sadece b\u00f6lgesel \u00e7apta de\u011fil d\u00fcnya \u00e7ap\u0131nda da bar\u0131\u015f\u0131 tehdit etti\u011finden dolay\u0131 gerginli\u011fin d\u00fc\u015f\u00fcr\u00fclmesi gerekti\u011fi g\u00f6r\u00fc\u015f\u00fc etraf\u0131nda birle\u015fti.<\/p>\n<p>Bulgaristan bu g\u00f6r\u00fc\u015f\u00fc ulusal, uluslararaso\u0131 ve birlik format\u0131nda b\u00fct\u00fcn d\u00fczeylerde savunacak.<\/p>\n<p>G\u00fcvenlik dairelerine durumu s\u00fcrekli takip ederek ulusal g\u00fcvenlik riski ve tehdidi \u00fcretebilecek olan t\u00fcm s\u00fcre\u00e7leri analiz etme talimat\u0131 verildi.<\/p>\n<p>D\u0131\u015fi\u015fleri Bakanl\u0131\u011f\u0131, gerginlik b\u00f6lgelerinde bulunan Bulgaristan vatanda\u015flar\u0131 ile daimi temas kapasitesi sa\u011flayacak. Savunma Bakanl\u0131\u011f\u0131 ise yurt d\u0131\u015f\u0131 misyonlarda bulunan Bulgar askerlerinin g\u00fcvenli\u011finin sa\u011flanmas\u0131 y\u00f6n\u00fcnde \u00f6nlemler alacak.<\/p>\n<p>Toplant\u0131 kat\u0131l\u0131mc\u0131lar\u0131, durum de\u011fi\u015fikli\u011fi olmas\u0131 halinde n\u00fcfusun ve \u00fclkenin kritik altyap\u0131s\u0131na dahil yerlerin korunmas\u0131 i\u00e7in ek tedbirlerin al\u0131nmas\u0131n\u0131 kararla\u015ft\u0131rd\u0131.<\/p><div id=\"bghab-3961724571\" class=\"bghab-icerik-icine bghab-entity-placement\"><script async src=\"\/\/pagead2.googlesyndication.com\/pagead\/js\/adsbygoogle.js?client=ca-pub-6203283170189293\" crossorigin=\"anonymous\"><\/script><ins class=\"adsbygoogle\" style=\"display:block; text-align:center;\" data-ad-client=\"ca-pub-6203283170189293\" \ndata-ad-slot=\"7303146466\" \ndata-ad-layout=\"in-article\"\ndata-ad-format=\"fluid\" data-full-width-responsive=\"true\"><\/ins>\n<script> \n(adsbygoogle = window.adsbygoogle || []).push({}); \n<\/script>\n<\/div>\n<p>Milli G\u00fcvenlik \u0130sti\u015fare Kurulu toplant\u0131s\u0131na Parlamento Ba\u015fkan\u0131 Tsveta Karayan\u00e7eva, Ba\u015fbakan Borisov, d\u0131\u015fi\u015fleri, i\u00e7i\u015fleri, savunma ve maliye bakanlar\u0131, savunma ba\u015fkan\u0131, \u00f6zel daire y\u00f6neticileri ve Parlamento&#8217;da temsil edilen partilerin temsilcileri kat\u0131ld\u0131.<\/p>\n<p>Toplant\u0131n\u0131n ard\u0131ndan Cumhurba\u015fkan\u0131 Radev, taraflar\u0131 gerilimi t\u0131rmand\u0131ran her \u00e7e\u015fit eylemlerden ka\u00e7\u0131nmaya ve diplomatik ara\u00e7larla duruma bar\u0131\u015f\u00e7\u0131l \u00e7\u00f6z\u00fcm getirilmesi i\u00e7in diyalog y\u00fcr\u00fctmeye \u00e7a\u011f\u0131rd\u0131. Radev: &#8220;ABD ve \u0130ran, \u0130ran N\u00fckleer Anla\u015fmas\u0131 kapsam\u0131ndaki y\u00fck\u00fcml\u00fcl\u00fcklerini s\u00fcrd\u00fcrmeli&#8221; yorumunda bulundu.<\/p>\n<p>&nbsp;<\/p>\n<p>BNR<\/p>\n<div id=\"bghab-1931549161\" class=\"bghab-yazi-altinda bghab-entity-placement\"><script async src=\"https:\/\/pagead2.googlesyndication.com\/pagead\/js\/adsbygoogle.js\"><\/script>\r\n<!-- bghaber-yaz\u0131-sonu -->\r\n<ins class=\"adsbygoogle\"\r\n     style=\"display:block\"\r\n     data-ad-client=\"ca-pub-6203283170189293\"\r\n     data-ad-slot=\"4222328180\"\r\n     data-ad-format=\"auto\"\r\n     data-full-width-responsive=\"true\"><\/ins>\r\n<script>\r\n     (adsbygoogle = window.adsbygoogle || []).push({});\r\n<\/script><\/div><br style=\"clear: both; display: block; float: none;\"\/>","protected":false},"excerpt":{"rendered":"<p>Cumhurba\u015fkan\u0131 Rumen Radev taraf\u0131ndan Irak ve b\u00f6lgedeki gerginli\u011fin g\u00f6r\u00fc\u015f\u00fclmesi amac\u0131 ile \u00e7a\u011f\u0131rd\u0131\u011f\u0131 Milli G\u00fcvenlik \u0130sti\u015fare Kurulu kat\u0131l\u0131mc\u0131lar\u0131, kriz sadece b\u00f6lgesel \u00e7apta de\u011fil d\u00fcnya \u00e7ap\u0131nda da<\/p>\n","protected":false},"author":29,"featured_media":43508,"comment_status":"closed","ping_status":"closed","sticky":false,"template":"","format":"standard","meta":{"advanced_seo_description":"","jetpack_seo_html_title":"","jetpack_seo_noindex":false,"jetpack_seo_schema_type":"","_jetpack_newsletter_access":"","_jetpack_dont_email_post_to_subs":false,"_jetpack_newsletter_tier_id":0,"_jetpack_memberships_contains_paywalled_content":false,"_jetpack_feature_clip_id":0,"_jetpack_memberships_contains_paid_content":false,"footnotes":"","jetpack_post_was_ever_published":false},"categories":[1,4],"tags":[1908,30,2828,746],"class_list":["post-43507","post","type-post","status-publish","format-standard","has-post-thumbnail","hentry","category-haberler","category-siyaset","tag-ahmet-mumin-osman","tag-bulgaristan","tag-milli-guvenlik","tag-rumen-radev"],"jetpack_sharing_enabled":true,"jetpack_likes_enabled":true,"jetpack-related-posts":[],"jetpack_shortlink":"https:\/\/wp.me\/pc2PfJ-bjJ","jetpack_featured_media_url":"https:\/\/i0.wp.com\/www.bghaber.org\/bghaber\/wp-content\/uploads\/2020\/01\/Milli-G%C3%BCvenlik-%C4%B0sti%C5%9Fare-Kurulunda-Orta-Do%C4%9Fudaki-durum-g%C3%B6r%C3%BC%C5%9F%C3%BCld%C3%BC.jpg?fit=925%2C520&ssl=1","_links":{"self":[{"href":"https:\/\/www.bghaber.org\/bghaber\/wp-json\/wp\/v2\/posts\/43507","targetHints":{"allow":["GET"]}}],"collection":[{"href":"https:\/\/www.bghaber.org\/bghaber\/wp-json\/wp\/v2\/posts"}],"about":[{"href":"https:\/\/www.bghaber.org\/bghaber\/wp-json\/wp\/v2\/types\/post"}],"author":[{"embeddable":true,"href":"https:\/\/www.bghaber.org\/bghaber\/wp-json\/wp\/v2\/users\/29"}],"replies":[{"embeddable":true,"href":"https:\/\/www.bghaber.org\/bghaber\/wp-json\/wp\/v2\/comments?post=43507"}],"version-history":[{"count":0,"href":"https:\/\/www.bghaber.org\/bghaber\/wp-json\/wp\/v2\/posts\/43507\/revisions"}],"wp:featuredmedia":[{"embeddable":true,"href":"https:\/\/www.bghaber.org\/bghaber\/wp-json\/wp\/v2\/media\/43508"}],"wp:attachment":[{"href":"https:\/\/www.bghaber.org\/bghaber\/wp-json\/wp\/v2\/media?parent=43507"}],"wp:term":[{"taxonomy":"category","embeddable":true,"href":"https:\/\/www.bghaber.org\/bghaber\/wp-json\/wp\/v2\/categories?post=43507"},{"taxonomy":"post_tag","embeddable":true,"href":"https:\/\/www.bghaber.org\/bghaber\/wp-json\/wp\/v2\/tags?post=43507"}],"curies":[{"name":"wp","href":"https:\/\/api.w.org\/{rel}","templated":true}]}}