{"id":43502,"date":"2020-01-12T22:41:26","date_gmt":"2020-01-12T19:41:26","guid":{"rendered":"https:\/\/www.bghaber.org\/bghaber\/?p=43502"},"modified":"2020-01-12T23:47:38","modified_gmt":"2020-01-12T20:47:38","slug":"somurgelesmeye-bir-adim-kala","status":"publish","type":"post","link":"https:\/\/www.bghaber.org\/bghaber\/somurgelesmeye-bir-adim-kala\/","title":{"rendered":"S\u00f6m\u00fcrgele\u015fmeye bir ad\u0131m kala"},"content":{"rendered":"<p>Tarih: 12 Ocak 2020<br \/>\nHaz\u0131rlayan: Raziye \u00c7ak\u0131r<br \/>\nKaynak: (Pogled.info)<br \/>\nKonu: <strong>ABD D\u0131\u015f \u0130\u015fleri Bakan\u0131 Politik Dan\u0131\u015fman\u0131 D. Heyl g\u00f6z\u00fcyle Bulgaristan, T\u00fcrkiye ve Balkanlar.<\/strong><\/p>\n<p>Birle\u015fik Amerika D\u0131\u015fi\u015fleri Bakan\u0131 Politik Yard\u0131mc\u0131s\u0131 Deyvid Heyl\u2019in Bulgar Ulusal Radyosu\u2019na s\u00f6yle\u015fisinden al\u0131nt\u0131lar:<\/p>\n<p>\u201cBir\u00e7ok b\u00f6lgesel sorunla ilgili \u00f6nc\u00fc rol \u00fcslenen Bulgaristan&#8217;\u0131 kutluyoruz. Fakat Bulgaristan&#8217;\u0131n g\u00fcc\u00fc ancak \u00fclkedeki demokrasiden kaynaklan\u0131r.\u201d<\/p>\n<p>\u201c<strong>Horizont<\/strong>\u201d yay\u0131n\u0131nda g\u00f6revli gazeteci Deyan Yotov\u2019a 11 Ocak 2020 tarihinde verilen deme\u00e7 Birle\u015fik Amerika ve Bulgaristan aras\u0131nda enerji konusundaki diyalogla ba\u015flad\u0131 ve bir\u00e7ok uluslararas\u0131 soruna da de\u011findi.<\/p>\n<p>Deyvid Heyl, Rusya\u2019n\u0131n Avrupa&#8217;daki politik etkisini artt\u0131rd\u0131\u011f\u0131 ve Avrupa\u2019ya ger\u00e7ek enerji kaynak \u00e7e\u015fitlili\u011fi sunmad\u0131\u011f\u0131 gerek\u00e7esiyle, Bulgaristan \u00fczerinden \u201cT\u00fcrk Ak\u0131m\u201d devam\u0131n\u0131n G\u00fcney Bat\u0131 Avrupa\u2019ya do\u011fal gaz sa\u011flayacak oldu\u011fundan dolay\u0131, ABD\u2019nin bu projeye kar\u015f\u0131 oldu\u011funu belirtti.<\/p><div id=\"bghab-3895288978\" class=\"bghab-icerik-icine bghab-entity-placement\"><script async src=\"\/\/pagead2.googlesyndication.com\/pagead\/js\/adsbygoogle.js?client=ca-pub-6203283170189293\" crossorigin=\"anonymous\"><\/script><ins class=\"adsbygoogle\" style=\"display:block; text-align:center;\" data-ad-client=\"ca-pub-6203283170189293\" \ndata-ad-slot=\"7303146466\" \ndata-ad-layout=\"in-article\"\ndata-ad-format=\"fluid\" data-full-width-responsive=\"true\"><\/ins>\n<script> \n(adsbygoogle = window.adsbygoogle || []).push({}); \n<\/script>\n<\/div>\n<p>Amerikal\u0131 diplomat bu demeci, \u0130stanbul\u2019da \u00f6zel bir t\u00f6renle \u201cT\u00fcrk Ak\u0131m\u201d gaz boru hatt\u0131n\u0131n a\u00e7\u0131lmas\u0131ndan sonra verdi. A\u00e7\u0131l\u0131\u015f t\u00f6reninde, Rusya Cumhurba\u015fkan\u0131 Vladimir Putin, T\u00fcrkiye Cumhuriyeti Cumhurba\u015fkan\u0131 Recep Tayyip Erdo\u011fan, S\u0131rbistan Cumhurba\u015fkan\u0131 Aleksand\u0131r Vu\u00e7i\u00e7 ile Bulgaristan Ba\u015fbakan\u0131 Boyko Borisov ve T\u00fcrkiye&#8217;nin arac\u0131l\u0131\u011f\u0131yla do\u011fal gaz\u0131n Orta Avrupa\u2019ya yolu \u00fczerinde bulunan devletlerin resmi heyetleri kat\u0131ld\u0131lar.<\/p>\n<p>Ayn\u0131 zamanda Sofya\u2019da Bulgaristan ve ABD h\u00fckumetleri aras\u0131nda <strong>stratejik diyalog<\/strong> g\u00f6r\u00fc\u015fmeleri ba\u015flad\u0131. Bu g\u00f6r\u00fc\u015fmede, ABD heyetine Birle\u015fik Amerika\u2019da en y\u00fcksek d\u00fczey diplomat unvanl\u0131, \u00dcrd\u00fcn, L\u00fcbnan ve Pakistan\u2019da B\u00fcy\u00fck-el\u00e7ilik yapm\u0131\u015f ve Yak\u0131n Do\u011fu\u2019da bar\u0131\u015f sa\u011flamakla g\u00f6revli \u00f6zel yetkili olan Deyvid Heyl ba\u015fkanl\u0131k edecekti.<\/p>\n<p><strong>Heyl demecine \u015f\u00f6yle ba\u015flad\u0131:<br \/>\n<\/strong>\u201cPlanlam\u0131\u015f oldu\u011fum gibi olmad\u0131, diyalog g\u00f6r\u00fc\u015fmesine kat\u0131lmak i\u00e7in Sofya\u2019ya gelemedim. \u0130ran ve Irak olaylar\u0131 burada, Washington\u2019da kalmam\u0131 gerektirdi.\u201d<\/p>\n<p>\u201cBu hafta Bulgaristan\u2019da y\u00fcr\u00fctmeye haz\u0131rland\u0131\u011f\u0131m\u0131z stratejik diyalog, Bulgaristan&#8217;\u0131n G\u00fcney Do\u011fu Avrupa&#8217;daki ceo-stratejik konumuyla ilgilidir. Bulgaristan NATO\u2019nun Do\u011fu kanad\u0131nda ve Yak\u0131n-Do\u011fuya \u00e7ok yak\u0131n bir b\u00f6lgede bulunuyor. Avrupa istikrar\u0131 ve g\u00fcvenli\u011fi i\u00e7in, ayr\u0131ca Avrupa&#8217;n\u0131n gelece\u011fine ili\u015fkin Amerikan bak\u0131\u015f a\u00e7\u0131s\u0131 ile ilgili \u00e7ok \u00f6nemli bir \u00fclkedir Bulgaristan. Bulgaristan\u2019la g\u00fcvenlik unsurlar\u0131n\u0131 da kapsayan konularda partner (ko\u015fut) olmak istiyoruz. G\u00f6r\u00fc\u015fmeyi \u00e7a\u011f\u0131rmam\u0131z\u0131n nedeni budur.\u00a0 Bu yap\u0131n\u0131n modernle\u015ftirilmesi de g\u00f6r\u00fc\u015fmemize konu ettik.<\/p>\n<p>\u00d6nemli ba\u015far\u0131 elde ettik. G\u00f6r\u00fc\u015fme sonu\u00e7lar\u0131 ile ilgili B\u00fcy\u00fckel\u00e7i Bayan Mustafa\u2019dan bilgi ald\u0131m. Biz, i\u015fbirli\u011fimizin derinle\u015fece\u011fine inan\u0131yoruz. Elde etti\u011fimiz ba\u015far\u0131lar \u015funlard\u0131r:<\/p><div id=\"bghab-3956256858\" class=\"bghab-icerik-icine-10-paragraf bghab-entity-placement\"><script async src=\"\/\/pagead2.googlesyndication.com\/pagead\/js\/adsbygoogle.js?client=ca-pub-6203283170189293\" crossorigin=\"anonymous\"><\/script><ins class=\"adsbygoogle\" style=\"display:block; text-align:center;\" data-ad-client=\"ca-pub-6203283170189293\" \ndata-ad-slot=\"7303146466\" \ndata-ad-layout=\"in-article\"\ndata-ad-format=\"fluid\" data-full-width-responsive=\"true\"><\/ins>\n<script> \n(adsbygoogle = window.adsbygoogle || []).push({}); \n<\/script>\n<\/div>\n<ul>\n<li>Savunma alan\u0131nda 10 y\u0131ll\u0131k i\u015fbirli\u011fimizin yol haritas\u0131n\u0131 i\u015faretledik.<\/li>\n<li><b>Bulgaristan&#8217;\u0131n savunma sistemi her t\u00fcrden her y\u00f6nden sald\u0131r\u0131 tehdidine kar\u015f\u0131 modernle\u015ftirilecektir<\/b>.<\/li>\n<li>Bulgaristan silahl\u0131 g\u00fc\u00e7leri NATO \u00e7er\u00e7evesinde operatif b\u00fct\u00fcnl\u00fck kapsam\u0131na al\u0131nacakt\u0131r.<\/li>\n<\/ul>\n<p>\u0130kinci olarak, Dedea\u011fa\u00e7 (Aleksandropolis) ak\u0131\u015fkan gaz terminali hisse <b>senetlerinden % 20\u2019sini Bulgaristan&#8217;\u0131n sat\u0131n alma karar\u0131n\u0131 kutluyoruz. Bu, Balkanlar\u2019da enerji \u00e7e\u015fitlili\u011fini zenginle\u015ftirecek bir karar oldu\u011fundan dolay\u0131 destekliyor ve kutluyoru<\/b>z.\u201d<\/p>\n<p>\u201c\u00dc\u00e7\u00fcnc\u00fc olarak,\u00a0 <strong>\u201cG 5\u201d konusunda ortak \u00e7al\u0131\u015fmaya karar verdik. Tele-ileti\u015fim dallar\u0131nda \u00f6zg\u00fcrce ve onurlu rekabete kat\u0131lmak istiyoruz, Bulgaristan\u2019\u0131n G 5 \u00fczerinden sald\u0131r\u0131ya hedef olmas\u0131n\u0131 \u00f6nleyece\u011fiz. <\/strong><\/p>\n<p><strong>\u201cGe\u00e7en y\u0131l\u0131n sonunda Ba\u015fbakan Borisov ile Ba\u015fkan Trump aras\u0131nda yap\u0131lan ba\u015far\u0131l\u0131 g\u00f6r\u00fc\u015fmeleri daha ileri g\u00f6t\u00fcrmek \u2013 \u00f6zellikle g\u00fcvenlik, savunma, enerji, ticaret, hukukun \u00fcst\u00fcnl\u00fc\u011f\u00fc, b\u00f6lgesel sorunlar ve ba\u015fka konularda i\u015fbirli\u011fi geli\u015ftirece\u011fiz.\u201d<\/strong><\/p>\n<p><strong>Soru<\/strong>: <em>Demokratik hamlenin ilk 30 y\u0131l\u0131nda ABD Bulgaristan\u2019a el uzatt\u0131 ve \u00e7ok yard\u0131m etti. Ge\u00e7i\u015f D\u00f6neminin sonras\u0131z ve pek ba\u015far\u0131l\u0131 olmad\u0131\u011f\u0131n\u0131 d\u00fc\u015f\u00fcn\u00fcyorum. Bu y\u00f6nde yard\u0131m etmekten vazge\u00e7mi\u015f olabilir misiniz?<\/em><\/p>\n<p><strong>Yan\u0131t<\/strong>: &#8211; Bulgar halk\u0131n\u0131n demokrasi yolunda fedak\u00e2rca m\u00fccadelesine y\u00fcksek de\u011fer veriyoruz, buna \u00f6ncelikle vurgu yapmak isterim. Bulgar halk\u0131na g\u00fc\u00e7l\u00fc destek veriyoruz. \u0130kinci olarak, demokrasinin sonu olmayan bir s\u00fcre\u00e7 oldu\u011fu unutulmamal\u0131d\u0131r. \u00dclkemizde bile kusursuzluk durumuna ula\u015fabilmek olanaks\u0131z oldu\u011fundan dolay\u0131, devaml\u0131 \u00e7abalamak gerekiyor. Demokratik kurumlar\u0131n i\u015fini d\u00fcr\u00fcst yapmas\u0131 i\u00e7in s\u00fcrekli denetlenmeleri gerekiyor.<\/p><div id=\"bghab-4250798037\" class=\"bghab-icerik-icine-15-paragraf bghab-entity-placement\"><script async src=\"\/\/pagead2.googlesyndication.com\/pagead\/js\/adsbygoogle.js?client=ca-pub-6203283170189293\" crossorigin=\"anonymous\"><\/script><ins class=\"adsbygoogle\" style=\"display:block; text-align:center;\" data-ad-client=\"ca-pub-6203283170189293\" \ndata-ad-slot=\"7303146466\" \ndata-ad-layout=\"in-article\"\ndata-ad-format=\"fluid\" data-full-width-responsive=\"true\"><\/ins>\n<script> \n(adsbygoogle = window.adsbygoogle || []).push({}); \n<\/script>\n<\/div>\n<p>Biz, burada Amerika\u2019da, Bulgaristan&#8217;\u0131n gelece\u011fi konusunda iyimseriz. Doland\u0131r\u0131c\u0131l\u0131k, r\u00fc\u015fvet\u00e7ilik, demokrasinin yerle\u015fmesi ve hukuk \u00fcst\u00fcnl\u00fc\u011f\u00fcn\u00fcn sa\u011flanmas\u0131 u\u011frunda biz \u00e7al\u0131\u015fmalar\u0131m\u0131z\u0131 ara vermeksizin s\u00fcrd\u00fcrmede kararl\u0131y\u0131z, <strong>anayasal reform yap\u0131lmas\u0131 ve yarg\u0131n\u0131n denetlenebilmesi<\/strong> ve hesap vermesi gibi konularda yard\u0131m etmeye haz\u0131r\u0131z. Bir\u00e7ok b\u00f6lgesel sorunda \u00f6nc\u00fc rol \u00fcslenmeyi ba\u015faran Bulgaristan&#8217;\u0131 kutluyoruz. Ne var ki, Bulgaristan&#8217;\u0131n g\u00fcc\u00fc demokrasiden kaynaklan\u0131yor.<\/p>\n<p><strong>Soru<\/strong>: &#8211; \u015eu d\u00f6nem Rusya sizin i\u00e7in nas\u0131l bir anlam ta\u015f\u0131yor? D\u00fc\u015fman\u0131n\u0131z m\u0131? Tehlike olu\u015fturan bir devlet mi? Yoksa yaln\u0131zca size rakip olan bir \u00fclke midir?<\/p>\n<p><strong>Yan\u0131t<\/strong>: &#8211; Sert bir rakibimiz, bazen yarat\u0131c\u0131 ama bir rekabet etti\u011fimiz bir devlet oldu\u011funu belirtmek isterim. Ba\u015fkan Trump, Rusya ile daha iyi ili\u015fkilerimiz olmas\u0131n\u0131 istedi\u011fimizi defalarca vurgulad\u0131. Diyalog kap\u0131s\u0131n\u0131 a\u00e7\u0131k tutuyoruz. Benim Rus meslekta\u015flar\u0131mla pek temas\u0131m olmad\u0131. Ukrayna, Suriye, Kuzey Kore, temel sorunlar gibi konular\u0131nda ileti\u015fim kanallar\u0131m\u0131z a\u00e7\u0131k olsa da, Rusya sald\u0131rgan davran\u0131\u015flar\u0131na devam ediyor. \u0130li\u015fkilerimizin iyile\u015fmesine engel olan bu tav\u0131rd\u0131r. Hayal k\u0131r\u0131kl\u0131\u011f\u0131 yarat\u0131c\u0131d\u0131r. Rus h\u00fckumeti sald\u0131rgan tutumundan hesap vermeyi kabul etmedi\u011fi gibi, tavr\u0131n\u0131 da de\u011fi\u015ftirmiyor. Bu ise, Rusya&#8217;n\u0131n zorluklar ya\u015fad\u0131\u011f\u0131 uluslararas\u0131 izole edilmesine neden oluyor, ne ki bu durumdan Rusya ancak kendi kendini su\u00e7layabilir.<\/p>\n<p>Soru: &#8211; Recep Tayyip Erdo\u011fan\u2019\u0131n T\u00fcrkiye\u2019si zor bir m\u00fcttefik oldu\u011funu g\u00f6sterdi. Moskova ile yak\u0131nla\u015fmas\u0131 sunucu T\u00fcrkiye\u2019ye kar\u015f\u0131 olas\u0131 yapt\u0131r\u0131m uygulanmas\u0131yla Ankara taraf\u0131ndan b\u00f6lgemizde istikrar bozucu muhtemel hareketlerde bulunulmas\u0131na kar\u015f\u0131 ne kadar ba\u011flanm\u0131\u015f olabilirsiniz?<\/p>\n<p>Yan\u0131t: &#8211; Biz, T\u00fcrkiye\u2019ye NATO anahtar\u0131 olan bir m\u00fcttefikimiz gibi davran\u0131yoruz. T\u00fcrkiye\u2019yi Bat\u0131 ve NATO \u2018nun koynunda tutmaya kararl\u0131y\u0131z. \u0130kili ve b\u00f6lgesel olmak \u00fczere bir\u00e7ok konuda T\u00fcrkiye ile yo\u011fun diyalog halindeyiz. T\u00fcrkiye\u2019nin b\u00f6lgede anahtar \u00fclke rol\u00fc g\u00f6rd\u00fc\u011f\u00fcn\u00fc biliyoruz ve bunu kabul ediyoruz. T\u00fcrkiye\u2019nin yap\u0131c\u0131 olmas\u0131nda \u0131srar ediyoruz.<\/p><div id=\"bghab-1738673217\" class=\"bghab-icerik-icine-20-paragraf bghab-entity-placement\"><script async src=\"\/\/pagead2.googlesyndication.com\/pagead\/js\/adsbygoogle.js?client=ca-pub-6203283170189293\" crossorigin=\"anonymous\"><\/script><ins class=\"adsbygoogle\" style=\"display:block; text-align:center;\" data-ad-client=\"ca-pub-6203283170189293\" \ndata-ad-slot=\"7303146466\" \ndata-ad-layout=\"in-article\"\ndata-ad-format=\"fluid\" data-full-width-responsive=\"true\"><\/ins>\n<script> \n(adsbygoogle = window.adsbygoogle || []).push({}); \n<\/script>\n<\/div>\n<p>Evet, T\u00fcrkiye C 400 f\u00fcze savar sistemi ald\u0131. Bu, m\u00fcttefiklik s\u00f6zle\u015fmelerimize uygun say\u0131lamaz. Bu konuda diyalog s\u00fcr\u00fcyor ve yapt\u0131r\u0131mlarla ilgili de yer konuyu a\u00e7maya haz\u0131r\u0131z.<\/p>\n<p><strong>Soru<\/strong>: &#8211; ABD \u201cT\u00fcrk Ak\u0131m\u201d do\u011fal gaz boru hatt\u0131n\u0131n 2. Hatt\u0131na neden kar\u015f\u0131d\u0131r<\/p>\n<p><strong>Yan\u0131t<\/strong>: &#8211; Bu sorunun \u00f6nemi ceo-stratejiktir. Avrupa i\u00e7in enerji g\u00fcvenli\u011finin \u00e7ok \u00f6nemli oldu\u011funa inan\u0131yoruz. Konu bizim i\u00e7in de \u00f6nemlidir. Biz, m\u00fcttefiklerimizin g\u00fcvenli enerji kaynaklar\u0131na sahip olduklar\u0131nda, daha g\u00fc\u00e7l\u00fc olduklar\u0131na, daha g\u00fcvenilir m\u00fcttefiklerimiz olduklar\u0131na inand\u0131k.<\/p>\n<p>Problem, Moskova\u2019n\u0131n bu konuda farkl\u0131 g\u00f6r\u00fc\u015fte olmas\u0131ndad\u0131r. Moskova, enerji kaynaklar\u0131n\u0131 politik ara\u00e7 olarak kullan\u0131yor, onlar sayesinde etki uygulayarak Avrupa\u2019y\u0131 b\u00f6l\u00fcyor. Bizim problemimiz budur. <strong>\u201cKuzey Ak\u0131m-2\u201d ve \u201cT\u00fcrk Ak\u0131m\u201d\u0131n 2. do\u011fal gaz hatt\u0131,<\/strong> Avrupa\u2019ya gelen do\u011fal gaz\u0131 ger\u00e7ekten \u00e7e\u015fitlendirmedi\u011finden ve eski k\u0131tada Rus politik etkisini yo\u011funla\u015ft\u0131rd\u0131\u011f\u0131ndan dolay\u0131 bizim i\u00e7in sorundur.<\/p>\n<p>Bu 2 gaz boru hatt\u0131 Ukrayna\u2019y\u0131 istikrars\u0131zla\u015ft\u0131rd\u0131. \u00c7\u00fcnk\u00fc Ukrayna topraklar\u0131n\u0131n d\u0131\u015f\u0131ndan ge\u00e7iyorlar. Bu gaz boru hatlar\u0131n\u0131n Ruslar\u0131n Avrupa \u00fczerindeki politik bask\u0131lar\u0131n\u0131n artmas\u0131na olanak verdi\u011fine ve g\u00fcvenli\u011fi azaltt\u0131\u011f\u0131na inan\u0131yoruz.<\/p><div id=\"bghab-1865874553\" class=\"bghab-icerik-icine-25-paragraf bghab-entity-placement\"><script async src=\"\/\/pagead2.googlesyndication.com\/pagead\/js\/adsbygoogle.js?client=ca-pub-6203283170189293\" crossorigin=\"anonymous\"><\/script><ins class=\"adsbygoogle\" style=\"display:block; text-align:center;\" data-ad-client=\"ca-pub-6203283170189293\" \ndata-ad-slot=\"7303146466\" \ndata-ad-layout=\"in-article\"\ndata-ad-format=\"fluid\" data-full-width-responsive=\"true\"><\/ins>\n<script> \n(adsbygoogle = window.adsbygoogle || []).push({}); \n<\/script>\n<\/div>\n<p><strong>Soru<\/strong>: &#8211; Kasem S\u00fcleymani\u2019nin \u00f6ld\u00fcr\u00fclmesinden sonra \u0130ran\u2019la sava\u015fa yol vermemek olanakl\u0131 olabilir mi?<\/p>\n<p><strong>Yan\u0131t<\/strong>: &#8211; Son haftada bir\u00e7ok olay ya\u015fand\u0131. Bu olaylar, \u0130ran ve \u0130ran taraf\u0131ndan desteklenen gruplar\u0131n dostlar\u0131m\u0131z\u0131n ve m\u00fcttefiklerimizin g\u00fcvenli\u011fini tehlikeye att\u0131\u011f\u0131n\u0131, Birle\u015fik Amerika \u00e7\u0131karlar\u0131na ve orada ya\u015fayan Amerikal\u0131lar\u0131n hayat\u0131 i\u00e7in tehlike olu\u015fturdu\u011funu do\u011frulad\u0131. Irak\u2019\u0131n egemenli\u011fi en kaba bir \u015fekilde ayakalt\u0131na al\u0131n\u0131rken, Irakl\u0131lar\u0131n ve Amerikal\u0131lar\u0131n oldu\u011fu gibi uluslararas\u0131 koalisyon g\u00fc\u00e7lerinin g\u00fcvenlik ve huzuru i\u00e7in de ciddi tehlike olu\u015ftu\u011funu g\u00f6r\u00fcyoruz.<\/p>\n<p>\u0130ran tavr\u0131n\u0131n b\u00f6lge i\u00e7in tehlikeli oldu\u011funa defalarca uyar\u0131da bulunduk. Bu tehlikelerin \u00f6nlenmesi i\u00e7in g\u00fc\u00e7l\u00fc \u00f6nlemlerle birlikte kar\u015f\u0131 koyulmas\u0131na \u00e7a\u011fr\u0131larda bulunduk. Amerikal\u0131lara sald\u0131r\u0131da bulunulmas\u0131na tarafs\u0131z kalmayaca\u011f\u0131m\u0131z\u0131 bildirdik. Olaylar bu hafta i\u00e7inde ya\u015fand\u0131. \u00c7\u0131karlar\u0131m\u0131z\u0131 ve insanlar\u0131m\u0131z\u0131 korumaya kararl\u0131y\u0131z. Cumhurba\u015fkan\u0131 Trump\u2019un belirtti\u011fi gibi, sanki \u0130ranl\u0131lar geri \u00e7ekiliyorlar, fakat biz ayn\u0131 uyan\u0131kl\u0131kla yerimizde kal\u0131yoruz.<\/p>\n<p>Buna paralel olarak, \u0130ran\u2019la diyalog ve g\u00f6r\u00fc\u015fme yolu ar\u0131yoruz. \u0130ran kaynakl\u0131 b\u00f6lgesel farkl\u0131l\u0131klar\u0131 ve tehlikeleri a\u015fmaya \u00e7al\u0131\u015f\u0131yoruz.<\/p>\n<p><strong>Soru<\/strong>: &#8211; Irak ve L\u00fcbnan\u2019\u0131n, Suriye gibi, ABD, Rusya ve \u0130ran aras\u0131nda etki alan\u0131 olarak par\u00e7alanmas\u0131 m\u00fcmk\u00fcn olabilir mi?<\/p><div id=\"bghab-3128345587\" class=\"bghab-icerik-icine-30-paragraf bghab-entity-placement\"><script async src=\"\/\/pagead2.googlesyndication.com\/pagead\/js\/adsbygoogle.js?client=ca-pub-6203283170189293\" crossorigin=\"anonymous\"><\/script><ins class=\"adsbygoogle\" style=\"display:block; text-align:center;\" data-ad-client=\"ca-pub-6203283170189293\" \ndata-ad-slot=\"7303146466\" \ndata-ad-layout=\"in-article\"\ndata-ad-format=\"fluid\" data-full-width-responsive=\"true\"><\/ins>\n<script> \n(adsbygoogle = window.adsbygoogle || []).push({}); \n<\/script>\n<\/div>\n<p><strong>Yan\u0131t<\/strong>: -Bunun olmas\u0131na gerek yoktur. Bizim, bu \u00fclkelerdeki durumlarla ilgili \u00f6zel stratejilerimiz var. Biz, etki alan\u0131 elde etmek i\u00e7in \u00e7arp\u0131\u015fma kazanma pe\u015finde de\u011filiz.<\/p>\n<p>L\u00fcbnanl\u0131lara, Suriyelilere, Irakl\u0131lara g\u00fc\u00e7l\u00fc, ba\u015far\u0131l\u0131 ve g\u00fcvenli devletleri olmas\u0131, halklar\u0131n\u0131n ihtiya\u00e7lar\u0131n\u0131 sa\u011flayabilmeleri amac\u0131yla her g\u00fcn yard\u0131mda bulunmaya gayret ediyoruz.<\/p>\n<p>L\u00fcbnan ve Irak\u2019ta insanlar milli birlik ve vatanda\u015flar\u0131n\u0131n haklar\u0131 ve daha iyi ya\u015famalar\u0131 i\u00e7in \u00e7al\u0131\u015fan h\u00fckumet kurulmas\u0131 yolunda g\u00f6steriler yap\u0131l\u0131yor. Bu direni\u015fleri biz de destekliyoruz.<\/p>\n<p>Bizim desteklediklerimiz onlard\u0131r. Yak\u0131n Do\u011fu\u2019daki \u00f6nemli sorunlardan biri devlet kurumlar\u0131n\u0131n zay\u0131f olmas\u0131d\u0131r. \u0130stikrar ve ilerleme kaydedebilmek i\u00e7in Irak ve L\u00fcbnan\u2019da en fazla \u00f6nem verdi\u011fimiz kurumlar\u0131n normal \u00e7al\u0131\u015fmas\u0131d\u0131r.<\/p>\n<p><strong>Soru<\/strong>: &#8211; Son y\u0131llarda ABD\u2019nin Yak\u0131n Do\u011fu\u2019ya yakla\u015f\u0131m\u0131nda \u00f6nemli de\u011fi\u015fikler kaydedildi. Kal\u0131c\u0131 \u0130srail-Filistin bar\u0131\u015f\u0131 tesis edilebilmesi i\u00e7in son d\u00f6nemde yeni olanaklar olu\u015ftu mu?<\/p><div id=\"bghab-3916986517\" class=\"bghab-icerik-icine-35-paragraf bghab-entity-placement\"><script async src=\"\/\/pagead2.googlesyndication.com\/pagead\/js\/adsbygoogle.js?client=ca-pub-6203283170189293\" crossorigin=\"anonymous\"><\/script><ins class=\"adsbygoogle\" style=\"display:block; text-align:center;\" data-ad-client=\"ca-pub-6203283170189293\" \ndata-ad-slot=\"7303146466\" \ndata-ad-layout=\"in-article\"\ndata-ad-format=\"fluid\" data-full-width-responsive=\"true\"><\/ins>\n<script> \n(adsbygoogle = window.adsbygoogle || []).push({}); \n<\/script>\n<\/div>\n<p><strong>Yan\u0131t<\/strong>: &#8211; Evet, ku\u015fkusuz olu\u015ftu. ABD Yak\u0131n Do\u011fu\u2019da olumlu bir g\u00fc\u00e7t\u00fcr. Israil ile Filistin aras\u0131nda kal\u0131c\u0131 bar\u0131\u015f kurulmas\u0131 i\u00e7in azimle \u00e7al\u0131\u015f\u0131yoruz. Amac\u0131m\u0131z hepsinin daha ayd\u0131n ve mutlu bir gelece\u011fi olmas\u0131d\u0131r. Plan\u0131m\u0131z var, a\u00e7\u0131klayaca\u011f\u0131z, bu plan hepsinin menfaatlerine uygun olacakt\u0131r. \u00d6te yandan ilgilileri sab\u0131rl\u0131 olmaya davet ediyoruz. Bizi g\u00f6rd\u00fc\u011f\u00fcm\u00fcz i\u015fler \u00fczerinden yarg\u0131las\u0131nlar l\u00fctfen.<br \/>\n&#8212;&#8212;&#8212;&#8212;&#8212;&#8211;<br \/>\nNOT:\u00a0 \u201c<strong>T\u00fcrk Ak\u0131m<\/strong>\u201d a\u00e7\u0131l\u0131\u015f t\u00f6reninden sonra, Bulgar bas\u0131n\u0131n Bulgaristan\u2019da 6 ay i\u00e7inde tamamlanacak ve T\u00fcrkiye s\u0131n\u0131r\u0131ndan S\u0131rbistan\u2019a uzanan \u201c<strong>Balkan Ak\u0131m<\/strong>\u201d do\u011fal gaz boru hatt\u0131ndan Orta Avrupaya do\u011fal gaz sevkiyat\u0131na elinden gelen her \u015feyle engel olaca\u011f\u0131n\u0131 tahmin ediyor. Bilindi\u011fi \u00fczere \u201c<strong>G\u00fcney Ak\u0131m<\/strong>\u201d\u0131n Bulgaristan topraklar\u0131ndan ge\u00e7mesini ABD engelleyip durdurdu ve \u00fclkemize 860 milyon avro zarara ettirdi ve \u015fimdi Moskova bu paray\u0131 suya d\u00fc\u015f\u00fcr\u00fclen projeye tazminat olarak Sofya\u2019dan istiyor.<\/p>\n<ul>\n<li><strong>\u201cBalkan Ak\u0131m\u201d ABD taraf\u0131ndan in\u015faat\u0131 kurtulan \u201cG\u00fcney Ak\u0131m\u201d\u0131n yeni ad\u0131d\u0131r.<\/strong><\/li>\n<\/ul>\n<div id=\"bghab-1302190918\" class=\"bghab-yazi-altinda bghab-entity-placement\"><script async src=\"https:\/\/pagead2.googlesyndication.com\/pagead\/js\/adsbygoogle.js\"><\/script>\r\n<!-- bghaber-yaz\u0131-sonu -->\r\n<ins class=\"adsbygoogle\"\r\n     style=\"display:block\"\r\n     data-ad-client=\"ca-pub-6203283170189293\"\r\n     data-ad-slot=\"4222328180\"\r\n     data-ad-format=\"auto\"\r\n     data-full-width-responsive=\"true\"><\/ins>\r\n<script>\r\n     (adsbygoogle = window.adsbygoogle || []).push({});\r\n<\/script><\/div><br style=\"clear: both; display: block; float: none;\"\/>","protected":false},"excerpt":{"rendered":"<p>Tarih: 12 Ocak 2020 Haz\u0131rlayan: Raziye \u00c7ak\u0131r Kaynak: (Pogled.info) Konu: ABD D\u0131\u015f \u0130\u015fleri Bakan\u0131 Politik Dan\u0131\u015fman\u0131 D. Heyl g\u00f6z\u00fcyle Bulgaristan, T\u00fcrkiye ve Balkanlar. Birle\u015fik Amerika<\/p>\n","protected":false},"author":14,"featured_media":42430,"comment_status":"closed","ping_status":"closed","sticky":false,"template":"","format":"standard","meta":{"advanced_seo_description":"","jetpack_seo_html_title":"","jetpack_seo_noindex":false,"jetpack_seo_schema_type":"","_jetpack_newsletter_access":"","_jetpack_dont_email_post_to_subs":false,"_jetpack_newsletter_tier_id":0,"_jetpack_memberships_contains_paywalled_content":false,"_jetpack_feature_clip_id":0,"_jetpack_memberships_contains_paid_content":false,"footnotes":"","jetpack_post_was_ever_published":false},"categories":[6],"tags":[],"class_list":["post-43502","post","type-post","status-publish","format-standard","has-post-thumbnail","hentry","category-yorum"],"jetpack_sharing_enabled":true,"jetpack_likes_enabled":true,"jetpack-related-posts":[],"jetpack_shortlink":"https:\/\/wp.me\/pc2PfJ-bjE","jetpack_featured_media_url":"https:\/\/i0.wp.com\/www.bghaber.org\/bghaber\/wp-content\/uploads\/2019\/12\/raziye-rsm.jpg?fit=230%2C342&ssl=1","_links":{"self":[{"href":"https:\/\/www.bghaber.org\/bghaber\/wp-json\/wp\/v2\/posts\/43502","targetHints":{"allow":["GET"]}}],"collection":[{"href":"https:\/\/www.bghaber.org\/bghaber\/wp-json\/wp\/v2\/posts"}],"about":[{"href":"https:\/\/www.bghaber.org\/bghaber\/wp-json\/wp\/v2\/types\/post"}],"author":[{"embeddable":true,"href":"https:\/\/www.bghaber.org\/bghaber\/wp-json\/wp\/v2\/users\/14"}],"replies":[{"embeddable":true,"href":"https:\/\/www.bghaber.org\/bghaber\/wp-json\/wp\/v2\/comments?post=43502"}],"version-history":[{"count":0,"href":"https:\/\/www.bghaber.org\/bghaber\/wp-json\/wp\/v2\/posts\/43502\/revisions"}],"wp:featuredmedia":[{"embeddable":true,"href":"https:\/\/www.bghaber.org\/bghaber\/wp-json\/wp\/v2\/media\/42430"}],"wp:attachment":[{"href":"https:\/\/www.bghaber.org\/bghaber\/wp-json\/wp\/v2\/media?parent=43502"}],"wp:term":[{"taxonomy":"category","embeddable":true,"href":"https:\/\/www.bghaber.org\/bghaber\/wp-json\/wp\/v2\/categories?post=43502"},{"taxonomy":"post_tag","embeddable":true,"href":"https:\/\/www.bghaber.org\/bghaber\/wp-json\/wp\/v2\/tags?post=43502"}],"curies":[{"name":"wp","href":"https:\/\/api.w.org\/{rel}","templated":true}]}}