{"id":43174,"date":"2019-12-28T00:19:30","date_gmt":"2019-12-27T21:19:30","guid":{"rendered":"https:\/\/www.bghaber.org\/bghaber\/?p=43174"},"modified":"2020-06-11T17:55:14","modified_gmt":"2020-06-11T14:55:14","slug":"2019un-ardindan","status":"publish","type":"post","link":"https:\/\/www.bghaber.org\/bghaber\/2019un-ardindan\/","title":{"rendered":"2019\u2019un Ard\u0131ndan"},"content":{"rendered":"<p><strong><em>Tarih: 22 Aral\u0131k 2019<br \/>\nED\u0130T\u00d6R\u00dcN K\u00d6\u015eES\u0130<\/em><\/strong><\/p>\n<p><strong>Ge\u00e7mi\u015fi gelece\u011fe ba\u011flayan d\u00fc\u011f\u00fcm\u00fc bu y\u0131l da \u00e7\u00f6zemedik.<br \/>\n<\/strong>20. yy\u2019l\u0131 daha da detayl\u0131 okumak gerek. De\u011fi\u015fen takvim yapra\u011f\u0131nda kitaba i\u015flenmemi\u015f s\u0131rlar var. G\u00f6zle g\u00f6r\u00fclenlerden biri kelin sa\u00e7\u0131n\u0131 and\u0131r\u0131yor. \u00c7\u0131kmayan bu sa\u00e7, ne yapt\u0131, yapt\u0131 21. y\u00fczy\u0131la egemen oldu.<\/p>\n<p><strong>Anlatmak istedi\u011fim 1700\u2019l\u00fc y\u0131llar\u0131ndan beri dillerde olan ADALETT\u0130R.<br \/>\n<\/strong>D\u00fcnya, o devre dini adalet kurallar\u0131yla gelmi\u015fti. Katolikler adaleti de\u011fi\u015ftirmek ve hayat\u0131n\u0131 belirleyende son s\u00f6ze sahip olmak i\u00e7in \u00e7ok sava\u015ft\u0131lar. Bunu gerektiren kapitalizmin k\u00f6k salmaya ba\u015flamas\u0131yla d\u00fcnyaya yeni bir ahlak ve adaletin gerekti\u011fini kavramak oldu. Bizim bu konudaki anlay\u0131\u015f\u0131m\u0131z, d\u00fcnya siyaset sahnesine B\u00fcy\u00fck Atat\u00fcrk ve T\u00fcrkiye Cumhuriyetine kadar 2 y\u00fcz y\u0131l daha Kuran ve \u015eeriat\u0131n ayetleri aras\u0131na s\u0131k\u0131\u015fm\u0131\u015f kald\u0131.<\/p>\n<p><strong>Bu yaz\u0131m\u0131zla 2019 y\u0131l\u0131n\u0131 u\u011furluyoruz.\u00a0 <\/strong><strong>Kalan ne? Giden ne?<\/strong><\/p>\n<p>BGSAM ve BULT\u00dcRK olarak \u00f6ncelikle Bulgaristan T\u00fcrkleri, T\u00fcrkiye\u2019deki soyda\u015flar\u0131m\u0131z ve Bat\u0131 \u00fclkelerindeki gurbet\u00e7i karde\u015flerimizin menfaatlerini savunan bir yay\u0131n oldu\u011fumuzdan dolay\u0131 analiz ve yorumlar\u0131m\u0131z\u0131 genellikle bizi ilgilendiren ger\u00e7ek\u00e7i a\u00e7\u0131dan yapmaya \u00e7al\u0131\u015f\u0131yoruz.<strong>Erimesi h\u0131zlanan H\u00d6H partisi:<\/strong>Hak ve \u00d6zg\u00fcrl\u00fck Hareketi Bulgaristan T\u00fcrklerinin politik kimli\u011fine uzanan bir harekettir. G\u00fcn\u00fcm\u00fczde lider ve y\u00f6netimi hareketi yo\u011furan kitleden kopmu\u015f durumdad\u0131r. Derin \u00e7ok y\u00f6nl\u00fc bir bunal\u0131m ya\u015fayan Bulgaristan\u2019da son 30 y\u0131lda ayakta kalan sistem partilerinden biridir. Yeni bir siyasi d\u00fczen kurmak amac\u0131yla hayata \u00e7a\u011fr\u0131lan hareket \u00f6zellikle az\u0131nl\u0131k haklar\u0131 bak\u0131m\u0131ndan misyonunu bug\u00fcne kadar yerine getirememi\u015ftir. K\u0131sa ad\u0131 H\u00d6H veya DPS olarak yayg\u0131n olan hareket 2019 aynas\u0131na \u015f\u00f6yle yans\u0131d\u0131.<strong>2019\u2019da Bulgaristan\u2019da yap\u0131lan 2 se\u00e7ime de kat\u0131ld\u0131.<\/strong> Avrupa Birli\u011fi (AB) meclisi milletvekilleri ve Belediye ve muhtarl\u0131k y\u00f6neticileri se\u00e7ildi. <strong>DPS\u2019nin oylar\u0131 610 binden 320 bine kadar oylar\u0131 d\u00fc\u015fm\u00fc\u015ft\u00fcr. <\/strong>Son se\u00e7imde se\u00e7menin 200 bini T\u00fcrk\u2019t\u00fcr. Bu oylar\u0131n 200 bini partinin omurga kadrosundan gelirken, di\u011fer oylar\u0131 da (Romen-Millet, Kuzey Bat\u0131 Bulgaristan\u2019daki Ulahlar ve yoksul Bulgarlardan ve mali oligar\u015fi temsilcisi olan milletvekili Delyan Peevski\u2019nin (<em>kontrol\u00fcndeki sermayesinden<\/em>) a\u00e7t\u0131\u011f\u0131 yemli\u011fe toplanan vatanda\u015ftan geldi.<\/p><div id=\"bghab-2747930159\" class=\"bghab-icerik-icine bghab-entity-placement\"><script async src=\"\/\/pagead2.googlesyndication.com\/pagead\/js\/adsbygoogle.js?client=ca-pub-6203283170189293\" crossorigin=\"anonymous\"><\/script><ins class=\"adsbygoogle\" style=\"display:block; text-align:center;\" data-ad-client=\"ca-pub-6203283170189293\" \ndata-ad-slot=\"7303146466\" \ndata-ad-layout=\"in-article\"\ndata-ad-format=\"fluid\" data-full-width-responsive=\"true\"><\/ins>\n<script> \n(adsbygoogle = window.adsbygoogle || []).push({}); \n<\/script>\n<\/div>\n<p>2009\u2019da Hak ve \u00d6zg\u00fcrl\u00fck Partisi 620 bin oy alm\u0131\u015ft\u0131. 2009\u2019dan beri muhalefette olsa da, Amerika\u2019dan 8 adet F-16 u\u00e7a\u011f\u0131 al\u0131m\u0131na oy verdi, sa\u011fl\u0131k, e\u011fitim ve sosyal alana daha fazla finans ayr\u0131lmas\u0131nda \u0131srar etmedi.<strong>Silkinen ve g\u00fc\u00e7lenen GERB partisi.<\/strong>10 y\u0131ldan beri iktidarda bulunan GERB partisi, son se\u00e7imlerde oy kaybetse de, son iki se\u00e7imi yine kazand\u0131. 2019\u2019da iktidar partisini de sarsan olaylar oldu. \u201c<strong>Amerika\u2019n\u0131n Sesi<\/strong>\u201d radyosunun a\u00e7\u0131klamalar\u0131yla iktidar partisinin doland\u0131r\u0131c\u0131l\u0131k, dalavere ve r\u00fc\u015fvet yuma\u011f\u0131na dola\u015ft\u0131\u011f\u0131 ortaya \u00e7\u0131kt\u0131. GERB Partisinin Ba\u015fkan Yard\u0131mc\u0131s\u0131 ve meclis grubu ba\u015fkan\u0131 Tz. Tsvetanov istifaya zorland\u0131. 2. olay a\u015f\u0131r\u0131 sa\u011f kanattan fa\u015fizan ortaklarla ya\u015fand\u0131. \u201c<strong>Yurtsever Cephe<\/strong>\u201d ad\u0131ndaki bu ortakl\u0131kta par\u00e7alanma ve b\u00f6l\u00fcnmeler ya\u015fand\u0131. Ayn\u0131 zamanda, AB meclisi se\u00e7imleri \u00f6ncesi Bulgar siyasi sa\u011f\u0131n\u0131n ilk partisi Demokratik G\u00fc\u00e7ler Birli\u011fi (CDC) ile GERB aras\u0131nda ortakl\u0131k s\u00f6zle\u015fmesi imzaland\u0131. Y\u0131l i\u00e7inde GERB partisi Birle\u015fik Amerika\u2019dan \u00f6n \u00f6demeli 8 adet F-16 sava\u015f u\u00e7a\u011f\u0131 alarak ve Ba\u015fbakan B. Borisov\u2019un Ba\u015fkan D. Tramp\u2019la samimi ge\u00e7en Washington ziyaretiyle ikili ili\u015fkilerdeki s\u00fcregelen so\u011fukluk ve g\u00fcvensizli\u011fi a\u015fabildi.<strong>Bir de b\u00fcy\u00fck muhalefet -BSP partisine bakal\u0131m.<\/strong>BSP lideri Bayan Kornelya Ninova, yerel se\u00e7imlerde Sofya B\u00fcy\u00fck \u015eehir Belediye Ba\u015fkanl\u0131\u011f\u0131na aday g\u00f6stermeme veya babas\u0131n\u0131n dosyas\u0131nda 1944-46 y\u0131llar\u0131 aras\u0131nda Ruse (Rus\u00e7uk) \u015fehrinde 1 300 ki\u015fiyi katletti\u011fi yaz\u0131l\u0131 bir aday\u0131 Ruse\u2019ye Belediye Ba\u015fkan aday\u0131 g\u00f6sterme gibi hareketlerle ku\u015fku uyand\u0131rmaya devam etti. Bunlara ra\u011fmen parti 2017 Mart\u0131ndan beri oylar\u0131n\u0131 artt\u0131r\u0131yor. Gen\u00e7li\u011finde Bulgaristan Kom\u00fcnist Partisi (BKP) \u00fcyesi olmayan Bayan Ninova, Ba\u015fkanl\u0131k s\u00fcresini uzatmak i\u00e7in 2020 bahar\u0131nda Milli Kongre topluyor. Partinin verdi\u011fi gensorulardan sonu\u00e7 al\u0131namad\u0131.<strong>Silinen ve beliren politik g\u00fc\u00e7ler.<\/strong>2014-2017 y\u0131llar\u0131 aras\u0131nda GERB h\u00fck\u00fcmetine kat\u0131lan Reformcu Blok (RG) da\u011f\u0131l\u0131p silinmesinden sonra olu\u015fan \u201c<strong>Demokratik Bulgaristan<\/strong>\u201d Cephesi yerel se\u00e7imde ba\u015fkent Sofya\u2019da orta kesimin oylar\u0131n\u0131 almay\u0131 ba\u015fard\u0131. Sofya\u2019da 8 Belediye Ba\u015fkanl\u0131\u011f\u0131 kazand\u0131. B\u00f6ylece Bulgaristan\u2019da son 30 y\u0131ld\u0131r s\u00fcregelen sol sa\u011f didi\u015fmesi, konservatizm \u2013 liberalizm didi\u015fmesi alan\u0131na \u00e7ekildi. \u015eimdiye kadar \u201c<strong>sol<\/strong>\u201d dendi\u011finde BKP, BSP veya anti-kom\u00fcnistler anla\u015f\u0131l\u0131yordu. Fakat 2019\u2019dan ba\u015flayarak Bulgaristan\u2019da \u201c<strong>liberal<\/strong>\u201d dendi\u011finde \u00f6ncelikle 1948 halk oylamas\u0131yla \u00c7ar isminin kald\u0131r\u0131lmas\u0131yla bir vatanda\u015f olan, 2001-2005 y\u0131llar\u0131 aras\u0131nda Ba\u015fbakan se\u00e7ilen \u0130kinci Simeyon Saks-Kobur-Gotski \u00e7evresi anla\u015f\u0131l\u0131yor. Oysa Avrupa Birli\u011fi meclisinde temsil edilen Avrupa liberalleri, bu arada Hak ve \u00d6zg\u00fcrl\u00fck Partisi <strong>ALDE <\/strong>\u00fcyesi olarak aktiflik g\u00f6steriyor. 17 Aral\u0131k\u2019ta Sofya\u2019da ALDE liderlerinden, AB milletvekili, diplomat S\u0131r Green Lots\u0131n \u201c<strong>Liberal Avrupa Olu\u015fturma<\/strong>\u201d stratejisini a\u00e7\u0131klad\u0131. Ama\u00e7lar\u0131nda olan, Bulgaristan T\u00fcrklerinin sosyal batakl\u0131\u011fa daha derin itilmesi ve yeni durumun dengesinden sorumlu birka\u00e7 zengini beslemektir. \u015eimdiye kadar yaz\u0131lan ve Bulgarca bas\u0131lan kitaplarda Liberalizmin siyasi tablosu tam olarak a\u00e7\u0131klanamad\u0131. Etnik az\u0131nl\u0131klar\u0131, en yoksul kesimi ve \u00f6zellikle anadilinde konu\u015fmas\u0131 yasak kesimi temsil eden Bulgar Liberalizmine ve onun rol\u00fcne kesin tan\u0131m getirilmesi imk\u00e2ns\u0131z gibidir.\u00a0ADALET i\u00e7in politik sahneye \u00e7\u0131kan g\u00fc\u00e7ler aras\u0131nda \u201c<strong>Demokratik Bulgaristan<\/strong>\u201ddan ba\u015fka \u201c<strong>B\u00f6yle Bir Devlet Olamaz<\/strong>\u201d partisi de se\u00e7im sisteminde ve politik rejimde k\u00f6kl\u00fc de\u011fi\u015fikleri g\u00fcndeme ta\u015f\u0131yor ve buna devam edecek gibi. Bu at\u0131l\u0131m 2016\u2019daki halk oylamas\u0131nda 2,5 milyon oy alm\u0131\u015ft\u0131r.\u00a0\u00a0\u00a0\u00a0\u00a0\u00a0\u00a0\u00a0\u00a0\u00a0\u00a0 2019\u2019da konservatizmin (tutuculuk) yak\u0131n ge\u00e7mi\u015fimizle ilgili \u201c<strong>\u0130kinci D\u00fcnya Sava\u015f\u0131ndan \u00f6nce ve sava\u015f esnas\u0131nda Bulgaristan\u2019da fa\u015fizm, fa\u015fist ve Nazici yoktu<\/strong>\u201d gibi tan\u0131mlar\u0131 tepki uyand\u0131rd\u0131. Aral\u0131k ay\u0131nda yazar Petya Naydenova \u201c<strong>Bulgaristan\u2019da Yahudi D\u00fc\u015fman\u0131 Yasalar<\/strong>\u201d ba\u015fl\u0131kl\u0131 bir ara\u015ft\u0131rma yay\u0131nlad\u0131. Bu eserde Bulgarlar\u0131n Yahudileri ve Roman-Milletin Nazi \u00f6l\u00fcm kamplar\u0131na g\u00f6nderdi\u011fi reddediliyor. Dayanak noktas\u0131 \u201c<strong>Belge olmamas\u0131<\/strong>\u201d d\u0131r. Belgeler yok edilmi\u015ftir. Bu konu, yine 2019 Aral\u0131\u011f\u0131nda \u201c<strong>1941-1944 Tarihleri aras\u0131nda Bulgar \u0130\u015fgali Alt\u0131ndaki Ege B\u00f6lgesinde ve Makedonya\u2019da Yahudilerin Kaderi<\/strong>\u201d ba\u015fl\u0131kl\u0131 yeni bir inceleme eserinde i\u015flenmi\u015fti. Bulgar modern tutucular\u0131, ne yaz\u0131k ki, 1941-1944 y\u0131llar\u0131 aras\u0131nda Bulgaristan\u2019da fa\u015fist rejim oldu\u011funu, Yahudilerin \u00f6l\u00fcme g\u00f6nderildi\u011fini, mallar\u0131na ve m\u00fclklerine el kondu\u011funu, i\u015f kamplar\u0131nda y\u0131llarca ta\u015f k\u0131rd\u0131klar\u0131n\u0131, \u00f6ld\u00fcklerini veya \u00f6l\u00fcm\u00fc beklediklerini kabul edilmiyor. Olaylar\u0131n insan haklar\u0131 a\u00e7\u0131s\u0131ndan analiz edilmesini, yorumlanmas\u0131n\u0131 ve k\u0131nanmas\u0131n\u0131 da kabul etmiyorlar. <strong>Bu geli\u015fmeler Bulgaristan\u2019da 2019 y\u0131l\u0131nda fa\u015fist d\u00fc\u015f\u00fcncenin yay\u0131lmas\u0131 ve yayg\u0131nla\u015ft\u0131r\u0131lmas\u0131 yollar\u0131n\u0131n geni\u015fledi\u011fini s\u00f6yleyebiliriz. <\/strong>Avrupa \u00fclkelerinde fa\u015fist g\u00fc\u00e7lerin kol kanat a\u00e7mas\u0131 Bulgaristan tutucular\u0131n\u0131 etkiliyor. Irk\u00e7\u0131l\u0131k, a\u015f\u0131r\u0131 gericilik ve fa\u015fizm gibi konularda konservatif siyasi uyan\u0131\u015f\u0131n VMRO, \u0130\u00e7 Makedon Devrim Hareketi, NDSB, Bulgaristan\u2019\u0131 Kurtarmak \u0130\u00e7in Milli Hareket ve \u201cAtaka\u201d gibi halk\u0131 rahats\u0131z eden gerici g\u00fc\u00e7lerin yerini tutucular\u0131n almas\u0131 kimseyi \u015fa\u015f\u0131rtmas\u0131n. \u0130nsanl\u0131\u011fa kar\u015f\u0131 su\u00e7 i\u015flendi\u011fi kabul edilmezken, bu geli\u015fmeler biz Bulgaristan M\u00fcsl\u00fcmanlar\u0131 i\u00e7in tehlike \u00e7anlar\u0131 \u00e7al\u0131yor<strong><em>. \u201cHolkost\u201d<\/em><\/strong> un (Yahudi soy k\u0131r\u0131m\u0131n\u0131n) reddedilmesi Bulgaristan\u2019da ADALET anlay\u0131\u015f\u0131n\u0131 ebediyen g\u00f6mecek niteli\u011findedir. \u201c<strong>Nazi katliamlar\u0131na belge yok<\/strong>\u201d tezinin sosyal medyada yer almas\u0131 ve \u201c<strong>Fa\u015fist ve Nazici yoktu<\/strong>\u201d (\u0131rk\u00e7\u0131 de\u011filiz) iddialar\u0131, Bulgaristan\u2019a mezar olabilir. Irk\u00e7\u0131l\u0131\u011f\u0131n t\u0131rmanmas\u0131 milli tehlike oluyor.<strong>ADALET isteyenler Cumhurba\u015fkan\u0131 Radev\u2019ten destek bekliyor.<\/strong>Bulgaristan\u2019da meclis d\u0131\u015f\u0131 \u00e7eli\u015fkilerin keskinle\u015fti\u011fi ikinci merkez Cumhurba\u015fkan\u0131 Rumen Radev ile Ba\u015fbakan Boyko Borisov aras\u0131ndaki sert diyalogdur.\u00a0 Cumhurba\u015fkan\u0131 seri g\u00f6r\u00fc\u015fmelerle B\u00fcy\u00fck Millet Meclisi toplay\u0131p ve ba\u015fsavc\u0131l\u0131k, se\u00e7im sistemi ve yarg\u0131 reformu vb konular\u0131 ve anayasa de\u011fi\u015fikli\u011fini g\u00fcndeme ta\u015f\u0131maya \u00e7al\u0131\u015f\u0131yor. Bulgaristan\u2019da ola\u011fan meclis ve cumhurba\u015fkan\u0131 se\u00e7imleri 2021 y\u0131l\u0131nda yap\u0131lacakt\u0131r. Adalet kurumlar\u0131n\u0131n yenilenmesi sava\u015f\u0131m\u0131 k\u0131z\u0131\u015f\u0131yor. Pernik ilindeki su s\u0131k\u0131nt\u0131s\u0131, hem\u015firelerin maa\u015flar\u0131na zam problemi, \u00dcniversitelerde 40 bin bo\u015f yer olmas\u0131, doktorlar\u0131n memleketi terk etmesi ve n\u00fcfus krizi erken se\u00e7ime neden olabilir.<strong>Irk\u00e7\u0131l\u0131k ve fa\u015fizm konular\u0131nda BMT \u2018n\u0131n son karar\u0131.<\/strong>Rusya\u2019n\u0131n \u00f6nerisiyle Birle\u015fmi\u015f Milletler \u0131rk\u00e7\u0131l\u0131k ve yeni-fa\u015fizm konusuna d\u00f6nd\u00fc. Yasal yollar ba\u015fta olmak \u00fczere, yay\u0131nlanan bildiride, \u0131rk ayr\u0131m\u0131n\u0131n her t\u00fcr\u00fcne kar\u015f\u0131 t\u00fcm ara\u00e7larla m\u00fccadele edilmesi \u00e7a\u011fr\u0131s\u0131nda bulunuldu. Nazi d\u00f6neminde<strong> \u201cWaffen CC\u201d <\/strong>\u00f6rg\u00fct\u00fc katillerinin \u00f6v\u00fclmesine son verilmesi istendi. Bu, insanl\u0131k d\u00fc\u015fman\u0131 olay, Bulgaristan\u2019da da ya\u015fan\u0131yor.<strong> 1942-1944 fa\u015fizm y\u0131llar\u0131n\u0131n <\/strong>kirli \u00e7ama\u015f\u0131rlar\u0131n\u0131n ipe serilip k\u0131nanaca\u011f\u0131na ve fa\u015fizmin her \u00e7e\u015fidinin yasaklan\u0131p lanetlenmesi devlet taraf\u0131ndan \u00f6zendirilece\u011fine, fa\u015fist-\u0131rk\u00e7\u0131lar\u0131n-katillerin torunlar\u0131 h\u00fck\u00fcmete \u00e7ekilip bakan, bakan yard\u0131mc\u0131s\u0131, Ba\u015fbakan Yard\u0131mc\u0131s\u0131 konumuna y\u00fckselebiliyor. <strong><em>Bundan tam 77 y\u0131l \u00f6nce Ege k\u0131y\u0131s\u0131nda k\u00f6y ve kentlerinden, Vardan nehri boyundan ve \u00dcsk\u00fcp\u2019ten toplanan elleri kelep\u00e7eli 20 bine yak\u0131n Yahudi ve Romen-Millet gece karanl\u0131\u011f\u0131nda y\u00fck vagonlar\u0131na doldurulmu\u015ftu.<\/em><\/strong> <strong><em>\u201cAlmanya\u2019ya i\u015fe gidiyorsunuz\u201d yalan\u0131yla insanlar\u0131n canl\u0131 canl\u0131 yak\u0131ld\u0131\u011f\u0131 Nazi \u00d6l\u00fcm Kamplar\u0131na g\u00f6nderilmi\u015flerdi. <\/em><\/strong>Bulgaristan topraklar\u0131nda ise, 48 bin Yahudi evlerinden \u00e7\u0131kar\u0131l\u0131p i\u015f kamplar\u0131na toplanm\u0131\u015f, bedava \u00e7al\u0131\u015ft\u0131r\u0131l\u0131yorlard\u0131. T\u00fcrkler, Pomaklar ve Roman Milletten erkekler de yol, k\u00f6pr\u00fc yap\u0131yor, t\u00fcnel kaz\u0131yor, demiryolu d\u00f6\u015f\u00fcyorlard\u0131. Yine bu \u0131rk\u00e7\u0131 siyasetin sonucu olarak 1878\u2019den g\u00fcn\u00fcm\u00fcze T\u00fcrklere, Pomaklara M\u00fcsl\u00fcmanlara zul\u00fcm aras\u0131z devam ederken bask\u0131 ve ter\u00f6re dayanan bir devlet politikas\u0131 \u015feklinde yo\u011funla\u015f\u0131rken, az\u0131nl\u0131klara, onlardan olmayanlara kar\u015f\u0131 <strong><em>SOYKIRIM DENEMES\u0130 uygulamas\u0131<\/em><\/strong> haddine varm\u0131\u015ft\u0131r. <strong><em>1972-73 ve 1984-89 d\u00f6nemleri yaln\u0131z Bulgar tarihinin de\u011fil, \u0130kinci D\u00fcnya Sava\u015f\u0131\u2019ndan sonra uygulanan soyk\u0131r\u0131m denemelerini,<\/em><\/strong> k\u00fclt\u00fcr k\u0131r\u0131m uygulanmas\u0131n\u0131, az\u0131nl\u0131k halklar\u0131n dillerinin yasaklanmas\u0131n\u0131, anadil yasa\u011f\u0131n\u0131, ayd\u0131nlar\u0131n\u0131n k\u0131y\u0131lmas\u0131n\u0131 yahut g\u00f6\u00e7e zorlanmas\u0131n\u0131 k\u0131nay\u0131p durdurmamakla su\u00e7ludur. Bu y\u0131l 1989 g\u00f6\u00e7\u00fcn\u00fcn 30. Y\u0131ld\u00f6n\u00fcm\u00fc b\u00fct\u00fcn \u00fclkede ve G\u00f6\u00e7men Derneklerinde an\u0131ld\u0131. Paneller d\u00fczenlendi. An\u0131 eserleri bas\u0131ld\u0131 ve da\u011f\u0131t\u0131ld\u0131.<\/p>\n<p><strong><em>Avrupa\u2019n\u0131n \u00e7ark etti\u011fini g\u00f6steren son olay Kas\u0131m 2019\u2019da ya\u015fand\u0131. <\/em><\/strong><\/p>\n<p>Nobel Edebiyat \u00d6d\u00fcl\u00fc bu sene Avusturyal\u0131 Yazar <strong>Peter Hanke\u2019ye<\/strong> verildi. O, Lahey \u0130nsan Haklar\u0131 Mahkemesi taraf\u0131ndan 8 bin M\u00fcsl\u00fcman\u2019\u0131n katledildi\u011fi Bosna \u2013 Srebrenitsa Soyk\u0131r\u0131m\u0131ndan idam cezas\u0131 alan katil General <strong>Svoboden Milo\u015fevi\u00e7\u2019in<\/strong> cenazesine gitti ve mezar\u0131 ba\u015f\u0131nda konu\u015fma yapt\u0131. Bu geli\u015fmelerde Rusya soyk\u0131r\u0131mc\u0131lar\u0131n ard\u0131nda ve saflar\u0131ndayd\u0131. Olay d\u00fcnya demokratik kamuoyu taraf\u0131ndan k\u0131nansa da Nobel Komitesi karar\u0131ndan vazge\u00e7medi. Protestolar para etmedi.<\/p>\n<p>\u0130\u00e7te bu c\u00fcmleden olmak \u00fczere, Bulgarlar\u0131n kendilerinin dil ve stil olarak, sat\u0131r aralar\u0131 d\u00fc\u015fmanl\u0131k ve T\u00fcrkleri \u00f6tekile\u015ftiren ifadelerle dolu \u0130van Vazov\u2019un \u201c<strong>Esaret Alt\u0131nda<\/strong>\u201d roman\u0131n\u0131 y\u0131llar \u00f6nce <strong>Nobel \u00d6d\u00fcl\u00fcne<\/strong> aday g\u00f6stermenin anlams\u0131zl\u0131\u011f\u0131 ve sa\u00e7mal\u0131\u011f\u0131 2019\u2019da bir daha g\u00fcn \u0131\u015f\u0131\u011f\u0131nda g\u00f6r\u00fcnd\u00fc.<\/p>\n<p><strong><em>Bizler Nobel \u00d6d\u00fcl\u00fcn\u00fcn Balkanlar\u2019da milli az\u0131nl\u0131klar\u0131n \u00e7ekisini anlatan yazarlardan birine veya 4 milyon sava\u015f ka\u00e7a\u011f\u0131na ve s\u0131\u011f\u0131nmac\u0131ya s\u0131cak ku\u015fak a\u00e7an T\u00fcrkiye Cumhuriyeti Ba\u015fkan\u0131 Say\u0131n Recep Tayyip Erdo\u011fan\u2019a lay\u0131k g\u00f6r\u00fclmesini beklemi\u015ftik.<\/em><\/strong><\/p><div id=\"bghab-4227954026\" class=\"bghab-icerik-icine-10-paragraf bghab-entity-placement\"><script async src=\"\/\/pagead2.googlesyndication.com\/pagead\/js\/adsbygoogle.js?client=ca-pub-6203283170189293\" crossorigin=\"anonymous\"><\/script><ins class=\"adsbygoogle\" style=\"display:block; text-align:center;\" data-ad-client=\"ca-pub-6203283170189293\" \ndata-ad-slot=\"7303146466\" \ndata-ad-layout=\"in-article\"\ndata-ad-format=\"fluid\" data-full-width-responsive=\"true\"><\/ins>\n<script> \n(adsbygoogle = window.adsbygoogle || []).push({}); \n<\/script>\n<\/div>\n<p>Birle\u015fmi\u015f Milletlerin ele ald\u0131\u011f\u0131m\u0131z karar\u0131nda, fa\u015fist zulm\u00fc \u00f6ven ve ya\u015fatmaya \u00e7al\u0131\u015fan b\u00fct\u00fcn sanat eserlerinin toplan\u0131p yok edilmesi iste\u011finin yer almas\u0131n\u0131 sab\u0131rs\u0131zl\u0131kla bekliyorduk. \u00c7\u00fcnk\u00fc Bulgaristan\u2019da \u201c<strong>Lukov G\u00f6sterileri<\/strong>\u201d gibi fa\u015fist hortlama eylemlerinin, fa\u015fist katilleri kahraman g\u00f6steren VMRO gibi partilerin, \u00fclkemizde alabildi\u011fine yay\u0131nlanan Roman Milleti d\u00fc\u015fmanl\u0131\u011f\u0131n\u0131n hemen durdurulmas\u0131n\u0131 isterken, <strong><em>ADALET<\/em><\/strong> ilkelerinin hukuksal \u00fcst\u00fcnl\u00fc\u011f\u00fcne dayanan yeni at\u0131l\u0131mlar bekliyoruz. <strong><em>21.Y\u00fczy\u0131lda Nazi-Hitler \u0131rk\u00e7\u0131l\u0131\u011f\u0131na yer yoktur,<\/em><\/strong> \u0131rk\u00e7\u0131lar\u0131, fa\u015fistleri, onlar\u0131n u\u015fak ve uzant\u0131lar\u0131n\u0131, az\u0131nl\u0131k d\u00fc\u015fmanl\u0131\u011f\u0131n\u0131 k\u00f6r\u00fckleyen her eylem yarg\u0131lan\u0131p k\u00f6k\u00fc kaz\u0131nmal\u0131d\u0131r.<\/p>\n<p>\u00d6te yandan, \u0130kinci B\u00fcy\u00fck Sava\u015fta Hitler kadar insan k\u0131yan Sovyet lideri <strong>Stalin,<\/strong> bir\u00e7ok defa mezar de\u011fi\u015ftirdikten sonra, g\u00fcn\u00fcm\u00fczde dikey propagandan\u0131n g\u00fc\u00e7l\u00fc etkisiyle yeniden dirildi ve yap\u0131lan son sosyolojik ara\u015ft\u0131rmalarda Ruslar\u0131n % 79\u2019unun takdirini kazand\u0131. Bu geli\u015fmelerin k\u00f6k\u00fcnde ac\u0131 ger\u00e7ekler var. 1950\u2019de onun emriyle 250 bin Bulgaristan M\u00fcsl\u00fcman vatandan kovulman istendi. 150 bini g\u00f6\u00e7e zorland\u0131. Milletin tozu topra\u011f\u0131, ta\u015f\u0131n\u0131r\u0131 ta\u015f\u0131nmaz\u0131 elinden al\u0131nd\u0131. Okul ve camilerimiz kapan\u0131nca a\u011f\u0131r bir karanl\u0131k \u00e7\u00f6kt\u00fc. Bug\u00fcn Bulgaristan T\u00fcrklerinin ba\u015f\u0131na dikilen bostan korkulu\u011fu Stalinci Moskof\u00e7ular\u0131n \u00f6d\u00fcllerini ta\u015f\u0131yor. <strong><em>Bulgar iktidar\u0131na fa\u015fist partiler t\u0131rmanmas\u0131na yol verdi.<\/em><\/strong> Zenginlerin daha zengin olmas\u0131na, al\u0131n terimize k\u0131yarak Bulgar soyundan milyoner olu\u015fmas\u0131na olanak yaratt\u0131. Bulgaristan\u2019da az\u0131nl\u0131klar ise Avrupa Birli\u011fi\u2019nde en yoksul, en fakir, en sefil ve k\u00f6r cahil duruma itti. Ve b\u00fct\u00fcn bu dibe \u00e7\u00f6kme hatta dibe \u00e7ak\u0131lman\u0131n sebebinin k\u00f6k\u00fcnde Rus esareti, katmerli k\u00f6lelik ve zalimlerin k\u00f6lesi olmay\u0131 kabul edenler var. \u0130simlerinin Ahmet, Osman, L\u00fctfi olmas\u0131 k\u00f6lelik y\u00fck\u00fcn\u00fcn hafifletildi\u011fi anlam\u0131na gelmiyor.<\/p>\n<p>Tay gibi anas\u0131n\u0131n \u00f6n\u00fcnde ko\u015fan ve Cumhurba\u015fkan\u0131 Radev\u2019ten \u00f6nce y\u0131lba\u015f\u0131 demeci veren Ahmet Do\u011fan, Hak ve \u00d6zg\u00fcrl\u00fckler Partisi H\u00d6H T\u00fcz\u00fc\u011f\u00fcne \u015fu c\u00fcmleleri kaydettirdi: \u201c<strong>Partinin ge\u00e7ici olmayan de\u011ferlerini ve stratejik hedeflerini ifade eder ve simgeler<\/strong>.\u201d Onun belirledi\u011fi hedeflerde T\u00fcrk ayd\u0131nlar\u0131n\u0131n vatan\u0131m\u0131zdan kovulmas\u0131, halk\u0131m\u0131z\u0131n sindirilmesi, yoksullu\u011fumuzun katmerle\u015ftirilmesi ve neyimiz varsa her \u015feyimize el at\u0131lmas\u0131 vard\u0131. Seneden seneye s\u0131\u00e7an yuvas\u0131 saraya toplananlar ayn\u0131 vurguncu \u00e7etenin \u00fcyeleridir. Durumundan memnun olanlar talanc\u0131lar\u0131 desteklemeye devam etsinler. Onlar gibi haz\u0131r yiyicilerin k\u00f6r sofradan kalkma zaman\u0131 gelmi\u015f ge\u00e7mi\u015ftir.Hain-Do\u011fan, bu y\u0131lki mesaj\u0131nda ge\u00e7mi\u015f ve gelecekten ba\u015fka diyecek bir \u015fey bulamad\u0131. \u201c<strong>Geri d\u00f6nelim, ba\u015ftan ba\u015flayal\u0131m<\/strong>\u201d dedi. D\u00fcnya ileri giderken o geri d\u00f6nelim demesinin anlam\u0131 30 y\u0131ld\u0131r halk\u0131m\u0131z\u0131 uyutu\u011fu gibi s\u00fcrmesi zor oldu\u011fundan olak ki, geri d\u00f6nelim uykuya devam etsinler istiyor. Ok yaydan \u00e7\u0131kt\u0131\u011f\u0131nda geri d\u00f6nmedi\u011fini hala \u00f6\u011frenememi\u015f g\u00f6r\u00fcn\u00fcyor. G\u00f6sterecek yeni bir se\u00e7ene\u011fi kalmam\u0131\u015f eski yalanlar bitmi\u015f yeni yalanlar\u0131 ise d\u00fc\u015f\u00fcnememi\u015f g\u00f6r\u00fcn\u00fcyor.\u00d6m\u00fcr boyu d\u00fc\u011f\u00fcm \u00e7\u00f6zmeye \u00e7al\u0131\u015fan b\u00fcy\u00fck d\u00fc\u015f\u00fcn\u00fcr Umberto Eco, \u201c<strong>Geriye D\u00f6n\u00fc\u015f Yok<\/strong>\u201d eseri yazd\u0131. Eco\u2019dan 300 y\u0131l \u00f6nce yollar\u0131 kapatmadan ilerlemeyi d\u00fc\u015f\u00fcnen ve ge\u00e7en y\u0131l \u0130ngiliz Krali\u00e7esi taraf\u0131ndan \u201c<strong>Medeniyetlere Hizmet<\/strong>\u201d \u00f6d\u00fcl\u00fcyle \u00f6d\u00fcllendirilen, sosyal bilim insan\u0131 Adam Smith\u2019le (1723-1790) ilk kez s\u0131n\u0131f sava\u015f\u0131ndan s\u00f6z edendi. 21 y\u00fczy\u0131l d\u00fc\u011f\u00fcm\u00fcnde 3 ip bunmaktad\u0131r. <strong><em>\u0130kisi s\u0131n\u0131f sava\u015f\u0131 veren i\u015f\u00e7i s\u0131n\u0131f\u0131 ile burjuvazi elindeyken, \u00fc\u00e7\u00fcnc\u00fcs\u00fc Smith\u2019in kendilerinden s\u00f6z etmedi\u011fi liberallerin elindedir.<\/em><\/strong> Onlar toplumlar\u0131n parazitlerdir. Bulgaristan M\u00fcsl\u00fcman toplumuna d\u0131\u015far\u0131dan girmi\u015f ve yerle\u015fmi\u015ftir. V\u00fccudun her yerinde ya\u015famaya \u00e7al\u0131\u015fsa da 1990 y\u0131l\u0131na k\u0131yasla art\u0131k 300 bin Bulgaristan M\u00fcsl\u00fcman\u2019\u0131 2019\u2019da Ahmet Do\u011fan parazitinden kurtulmay\u0131 ba\u015farm\u0131\u015f bulunuyor. Mali sermayeyi temsil eden bu parazit z\u00fcmrenin elleri nas\u0131rl\u0131 de\u011fil, onlar\u0131n i\u015f bulma ya da i\u015f verme gibi sorunu yok. Onlar k\u00f6k\u00fc olmayan kan emicileridir. S\u0131n\u0131f sava\u015f\u0131n\u0131n sosyal ve ekonomik ortam\u0131ndaki d\u00f6k\u00fcnt\u00fclerinden olu\u015furlar. \u00dcretimle ili\u015fkileri yok gibidir, piyasada olu\u015furlar, orada b\u00fcy\u00fcyen ve gayr\u0131 me\u015fru yollardan paray\u0131 ele ge\u00e7irenlerdir. Ahmet Do\u011fan \u00f6rne\u011fi Bulgaristan asalakl\u0131\u011f\u0131n\u0131n en parlak \u00f6rneklerinden biridir.<strong>Bulgar Bilim Adamlar\u0131 \u201cfahri liderin f\u0131r\u0131ldakl\u0131\u011f\u0131n\u0131\u201d nas\u0131l de\u011ferlendiriyor?<\/strong><strong>Dr. Panayot Lyakov. (Faktor.bg) \u015f\u00f6yle de\u011ferlendiriyor.<\/strong><strong>\u201cO partinin (BKP) ve onun ter\u00f6r m\u00fcfrezesinin (DS) \u00e7ok \u00e7ehreli eridir.<br \/>\n\u0130n\u015faat erlerinde \u201c<\/strong><strong>Angel<\/strong><strong>\u201d idi.<br \/>\n\u015eumen Y\u00fcksek Pedagoji Enstit\u00fcs\u00fcnde \u201c<\/strong><strong>Sergey<\/strong><strong>\u201d idi.<br \/>\nAjan olarak hizmetlerinden dolay\u0131 aktar\u0131ld\u0131\u011f\u0131 Sofya \u00dcniversitesinde \u201c<\/strong><strong>Sava<\/strong><strong>\u201d idi.<br \/>\nVe bu hainlik Bulgar Bilimler Akademisi (BAN)\u2019da devam etmi\u015ftir.<br \/>\nOnun hainli\u011fi gizlemek isteyen Bulgar polisi \u201cDS\u201d ona \u201c<\/strong><strong>zul\u00fcm g\u00f6rm\u00fc\u015ft\u00fcr<\/strong><strong>\u201d k\u0131l\u0131f\u0131 haz\u0131rlam\u0131\u015f, 1989 de\u011fi\u015fiklikten sonra Bulgaristan T\u00fcrklerinin ger\u00e7ek liderlerini memleketimiz Bulgaristan\u2019dan kovmu\u015f ve onlar\u0131n yerine kendi muhbirleri olan A.Do\u011fan\u0131 a\u015f\u0131lam\u0131\u015f \u201c<\/strong><strong>monte etmi\u015ftir<\/strong><strong>.\u201d Ard\u0131ndan da iktidar kat\u0131na \u00e7\u0131kar\u0131lm\u0131\u015f ve <\/strong><strong>k\u00f6r sofraya<\/strong><strong> oturtulmu\u015f ve Bulgaristan T\u00fcrkleri ad\u0131na devleti kemire kemire zengin yap\u0131lm\u0131\u015ft\u0131r.<\/strong><strong>2019 mesaj\u0131 muhbir A.Do\u011fan\u2019\u0131n kafas\u0131nda derin kar\u0131\u015f\u0131kl\u0131k oldu\u011funa bir i\u015farettir<\/strong><strong>.<\/strong><strong>Onun deme\u00e7leri, s\u00f6zleri ve imaj\u0131 ancak abdallar\u0131 cahilleri aldatabilir. S\u00f6ylediklerini halk anlayamad\u0131 ancak cebine \u201c<\/strong><strong>misafir konutlar\u0131 i\u00e7in 10 milyon leva<\/strong><strong>\u201d ak\u0131t\u0131lan M.Karaday\u0131 anlayabilir. \u0130kisinin de en b\u00fcy\u00fck korkusu, <\/strong><strong>ADALET<\/strong><strong> uyan\u0131rsa bunlara yer kalmayaca\u011f\u0131n\u0131 \u00e7ok iyi bilmekteler.<\/strong><strong>2019 y\u0131l\u0131 hain-Do\u011fan ve tayfas\u0131 i\u00e7in hi\u00e7 de iyi bir y\u0131l de\u011fildi.<br \/>\nArt\u0131k para saymadan ancak T\u00fcrklerin ve Pomaklar\u0131n bir k\u0131sm\u0131ndan oy alabiliyorlar. Parazitler g\u00f6l\u00fcn\u00fcn suyu iyice \u00e7ekiliyor bu 2020\u2019de dibe vurmas\u0131 bekleniyor. <\/strong><strong>ADALET\u2019in her g\u00fcn biraz daha uyan\u0131\u015f\u0131 su \u00fczerine \u00e7\u0131k\u0131\u015f\u0131 onlar\u0131n ci\u011ferlerini kemiriyor, \u00f6dlerini kopar\u0131yor. <\/strong><strong>Roman Millet do\u011fdu\u011fu yerde ebediyen ya\u015fama hakk\u0131 i\u00e7in direniyor. <\/strong><strong>Art\u0131k gettolardan, mahalle, k\u00f6y ve kentlerden, vatan bildi\u011fimiz memleketimizden kovulma yolu kapanm\u0131\u015ft\u0131r. Fa\u015fist Belediye ba\u015fkanlar\u0131, fa\u015fist \u00e7\u0131lg\u0131nlar\u0131n \u015fefi An. Cambazki art\u0131k durdurulacak. Plovdiv\u2019e ba\u011fl\u0131 <\/strong><strong><em>\u201cVoyvodino\u201d<\/em><\/strong><strong> olay\u0131 Avrupa \u0130nsan Haklar\u0131 Mahkemesine (A\u0130HM) ta\u015f\u0131nd\u0131, emsal karar bekleniyor.<\/strong><strong>\u00a0\u00a0\u00a0\u00a0\u00a0\u00a0\u00a0\u00a0\u00a0\u00a0\u00a0 Bilenler bilir, Strasbourg A\u0130HM kararlar\u0131 Avrupa Konseyi Hukuk Komisyonu\u2019nda de\u011ferlendiriliyor. Bulg<\/strong>aristan\u2019a g\u00f6nderildikten sonra birinci dereceli yerel mahkemede g\u00f6r\u00fc\u015f\u00fcld\u00fckten sonra y\u00fcr\u00fcrl\u00fc\u011fe konuyor. \u00a0\u00a0\u00a0\u00a0\u00a0\u00a0\u00a0\u00a0\u00a0\u00a0\u00a0 Ne yaz\u0131k ki Bulgaristan makamlar\u0131 A\u0130HM kararlar\u0131n\u0131n hepsine onay vermiyor, uygulanmas\u0131n\u0131 engelliyorlar. \u00d6rne\u011fin Bulgaristan\u2019da ya\u015fayan Makedonlar\u0131n OMO \u00f6rg\u00fct\u00fc tescil kararlar\u0131 3 defad\u0131r Strasbourg A\u0130HM Mahkemesinden ve Avrupa Konseyi Hukuk Komisyonundan onayl\u0131 gelse de Blagoevgrad Belediye Mahkemesi taraf\u0131ndan reddediliyor. \u00a0\u00a0\u00a0\u00a0\u00a0\u00a0\u00a0\u00a0\u00a0\u00a0\u00a0 Ayn\u0131 zamanda 2018\u2019den beri Makedon kimli\u011fi sorununun yeniden dirilmesiyle birlikte bir\u00e7ok yerlinin kafas\u0131na Pirin Makedonya\u2019s\u0131 ve Karasu (Struma) boyunda ya\u015fayanlar\u0131n otonomi fikri a\u015f\u0131lanmas\u0131yla \u00e7ok farkl\u0131 geli\u015fmeler oldu. Bir defa Avrupa Konseyi Komisyonu \u00fclkemizde Makedon, Pomak, Roman, T\u00fcrk ve ba\u015fka az\u0131nl\u0131klardan insanlar ya\u015f\u0131yor mu, dilleri, dinleri, n\u00fcfus i\u00e7indeki yerleri, yerel k\u00fclt\u00fcrleri \u00fcst\u00fcne kapsaml\u0131 ara\u015ft\u0131rma yapt\u0131. T\u00fcrkler hakk\u0131nda <strong><em>\u201c\u0130slamla\u015ft\u0131r\u0131lm\u0131\u015f Bulgarlar\u201d<\/em><\/strong> diyen makamlara pek inanan olmam\u0131\u015ft\u0131r. Roman-Millet n\u00fcfusun kalabal\u0131k olu\u015fu, Bat\u0131 Rodoplar\u2019da Pomak k\u00f6ylerinde farkl\u0131 avtantik bir k\u00fclt\u00fcr ya\u015fad\u0131\u011f\u0131 kayda ge\u00e7mi\u015ftir.\u00a0\u00a0\u00a0\u00a0\u00a0\u00a0\u00a0\u00a0\u00a0\u00a0\u00a0 Bulgaristan, Avrupa \u0130nsan Haklar\u0131 \u00c7er\u00e7eve Anla\u015fmas\u0131n\u0131 imzalam\u0131\u015f olsa da insan haklar\u0131, az\u0131nl\u0131k haklar\u0131, az\u0131nl\u0131klar\u0131n dillerini konu\u015fmalar\u0131, dinlerini ve geleneklerini ya\u015fatma konular\u0131nda sert davran\u0131yor ve 2007\u2019den beri AB \u00fcyesi olsa da hukukun \u00fcst\u00fcnl\u00fc\u011f\u00fcn\u00fc tan\u0131m\u0131yor. \u00a0\u00a0\u00a0\u00a0\u00a0\u00a0\u00a0\u00a0\u00a0\u00a0\u00a0 <strong><em>ADALET konusunda en b\u00fcy\u00fck direni\u015fimiz 1989 May\u0131s\u0131nda ger\u00e7ekle\u015fmi\u015fti.<\/em><\/strong> Hak ve \u00d6zg\u00fcrl\u00fck i\u00e7in Ayakland\u0131k. 72 bin M\u00fcsl\u00fcman kat\u0131lm\u0131\u015ft\u0131. 2019\u2019da G\u00fcney Bulgaristan yerle\u015fim merkezlerinde 1 g\u00fcnl\u00fck 100 000 ki\u015filik bir sosyal protesto eylemi ger\u00e7ekle\u015ftirildi. Anne ve babalar\u0131n kat\u0131ld\u0131\u011f\u0131 bu direni\u015fle \u0130\u015f ve Sosyal Hizmet Bakanl\u0131\u011f\u0131 ile E\u011fitim ve Teknoloji Bakanl\u0131\u011f\u0131n\u0131n birlikte uygulad\u0131\u011f\u0131, T\u00fcrk\u00e7emizde ad\u0131 \u201c<strong>Kad\u0131na \u015eiddeti \u00d6nleme<\/strong>\u201d, Bulgarcada ise \u201c<strong>Jender<\/strong>\u201d program\u0131 olarak yayg\u0131nla\u015fan, Avrupa Konseyi\u2019nin <strong><em>\u201c2011 \u0130stanbul S\u00f6zle\u015fmesi\u201d<\/em><\/strong> uygulanmas\u0131ndan do\u011fan sorunlardan kaynakland\u0131. \u00a0\u00a0\u00a0\u00a0\u00a0\u00a0\u00a0\u00a0\u00a0\u00a0\u00a0 2018\u2019de Bulgaristan\u2019da 1000 bebek hastanelerde b\u0131rak\u0131l\u0131rken, 3 200 okul \u00e7a\u011f\u0131nda \u00e7ocuk da sosyal makamlar taraf\u0131ndan al\u0131narak bak\u0131m ve e\u011fitim i\u00e7in Velingrad ve Bal\u00e7\u0131k \u00c7ocuk Esirgeme Yerle\u015fkelerine topland\u0131. Bu olay\u0131n 2019\u2019da da Avrupa Konseyi taraf\u0131ndan desteklendi\u011fi, sosyal ve mali imk\u00e2ns\u0131zl\u0131klar\u0131 fazla olan ailelerin \u00e7ocuklar\u0131n okuldan al\u0131nd\u0131\u011f\u0131 ve bilinmeyen bir yerlere g\u00f6t\u00fcr\u00fcld\u00fc\u011f\u00fc haberleri \u0130syan patlatt\u0131.<\/p>\n<p><strong><em>ADALETS\u0130ZL\u0130\u011e\u0130N temelinde 2019 y\u0131l\u0131nda da insan haklar\u0131, az\u0131nl\u0131k haklar\u0131, ayr\u0131mc\u0131l\u0131k, \u0131rk\u00e7\u0131l\u0131k ve \u00f6tekile\u015ftirme oldu\u011funu herkes g\u00f6rd\u00fc.<\/em><\/strong> Toplumdaki sosyal yap\u0131 par\u00e7alanm\u0131\u015ft\u0131r derinle\u015fme devam ediyor. <strong>\u00c7\u0131k\u0131\u015f yolu ADALETE uyanmakt\u0131r.<\/strong><\/p>\n<p>Payla\u015f\u0131n\u0131z<br \/>\nBGSAM<\/p><div id=\"bghab-930294202\" class=\"bghab-icerik-icine-15-paragraf bghab-entity-placement\"><script async src=\"\/\/pagead2.googlesyndication.com\/pagead\/js\/adsbygoogle.js?client=ca-pub-6203283170189293\" crossorigin=\"anonymous\"><\/script><ins class=\"adsbygoogle\" style=\"display:block; text-align:center;\" data-ad-client=\"ca-pub-6203283170189293\" \ndata-ad-slot=\"7303146466\" \ndata-ad-layout=\"in-article\"\ndata-ad-format=\"fluid\" data-full-width-responsive=\"true\"><\/ins>\n<script> \n(adsbygoogle = window.adsbygoogle || []).push({}); \n<\/script>\n<\/div>\n<p><a href=\"https:\/\/sites.google.com\/bulturk.org.tr\/e-bulturk\/2020\">Gazeteyi okumak i\u00e7in: https:\/\/sites.google.com\/bulturk.org.tr\/e-bulturk\/2020<\/a><\/p>\n<div id=\"bghab-293460573\" class=\"bghab-yazi-altinda bghab-entity-placement\"><script async src=\"https:\/\/pagead2.googlesyndication.com\/pagead\/js\/adsbygoogle.js\"><\/script>\r\n<!-- bghaber-yaz\u0131-sonu -->\r\n<ins class=\"adsbygoogle\"\r\n     style=\"display:block\"\r\n     data-ad-client=\"ca-pub-6203283170189293\"\r\n     data-ad-slot=\"4222328180\"\r\n     data-ad-format=\"auto\"\r\n     data-full-width-responsive=\"true\"><\/ins>\r\n<script>\r\n     (adsbygoogle = window.adsbygoogle || []).push({});\r\n<\/script><\/div><br style=\"clear: both; display: block; float: none;\"\/>","protected":false},"excerpt":{"rendered":"<p>Tarih: 22 Aral\u0131k 2019 ED\u0130T\u00d6R\u00dcN K\u00d6\u015eES\u0130 Ge\u00e7mi\u015fi gelece\u011fe ba\u011flayan d\u00fc\u011f\u00fcm\u00fc bu y\u0131l da \u00e7\u00f6zemedik. 20. yy\u2019l\u0131 daha da detayl\u0131 okumak gerek. De\u011fi\u015fen takvim yapra\u011f\u0131nda kitaba<\/p>\n","protected":false},"author":25,"featured_media":17690,"comment_status":"closed","ping_status":"closed","sticky":false,"template":"","format":"standard","meta":{"advanced_seo_description":"","jetpack_seo_html_title":"","jetpack_seo_noindex":false,"jetpack_seo_schema_type":"","_jetpack_newsletter_access":"","_jetpack_dont_email_post_to_subs":false,"_jetpack_newsletter_tier_id":0,"_jetpack_memberships_contains_paywalled_content":false,"_jetpack_feature_clip_id":0,"_jetpack_memberships_contains_paid_content":false,"footnotes":"","jetpack_post_was_ever_published":false},"categories":[6],"tags":[],"class_list":["post-43174","post","type-post","status-publish","format-standard","has-post-thumbnail","hentry","category-yorum"],"jetpack_sharing_enabled":true,"jetpack_likes_enabled":true,"jetpack-related-posts":[],"jetpack_shortlink":"https:\/\/wp.me\/pc2PfJ-bem","jetpack_featured_media_url":"https:\/\/i0.wp.com\/www.bghaber.org\/bghaber\/wp-content\/uploads\/2016\/01\/1-logo-yk.jpg?fit=552%2C531&ssl=1","_links":{"self":[{"href":"https:\/\/www.bghaber.org\/bghaber\/wp-json\/wp\/v2\/posts\/43174","targetHints":{"allow":["GET"]}}],"collection":[{"href":"https:\/\/www.bghaber.org\/bghaber\/wp-json\/wp\/v2\/posts"}],"about":[{"href":"https:\/\/www.bghaber.org\/bghaber\/wp-json\/wp\/v2\/types\/post"}],"author":[{"embeddable":true,"href":"https:\/\/www.bghaber.org\/bghaber\/wp-json\/wp\/v2\/users\/25"}],"replies":[{"embeddable":true,"href":"https:\/\/www.bghaber.org\/bghaber\/wp-json\/wp\/v2\/comments?post=43174"}],"version-history":[{"count":0,"href":"https:\/\/www.bghaber.org\/bghaber\/wp-json\/wp\/v2\/posts\/43174\/revisions"}],"wp:featuredmedia":[{"embeddable":true,"href":"https:\/\/www.bghaber.org\/bghaber\/wp-json\/wp\/v2\/media\/17690"}],"wp:attachment":[{"href":"https:\/\/www.bghaber.org\/bghaber\/wp-json\/wp\/v2\/media?parent=43174"}],"wp:term":[{"taxonomy":"category","embeddable":true,"href":"https:\/\/www.bghaber.org\/bghaber\/wp-json\/wp\/v2\/categories?post=43174"},{"taxonomy":"post_tag","embeddable":true,"href":"https:\/\/www.bghaber.org\/bghaber\/wp-json\/wp\/v2\/tags?post=43174"}],"curies":[{"name":"wp","href":"https:\/\/api.w.org\/{rel}","templated":true}]}}