{"id":4311,"date":"2013-07-22T03:15:21","date_gmt":"2013-07-22T00:15:21","guid":{"rendered":"http:\/\/bghaber.org\/bghaber\/?p=4311"},"modified":"2016-09-18T12:46:21","modified_gmt":"2016-09-18T09:46:21","slug":"dede-mirasini-aldilar-ve-hevesleri-kesildi-2","status":"publish","type":"post","link":"https:\/\/www.bghaber.org\/bghaber\/dede-mirasini-aldilar-ve-hevesleri-kesildi-2\/","title":{"rendered":"Dede miras\u0131n\u0131 ald\u0131lar ve hevesleri kesildi"},"content":{"rendered":"<p>12 May\u0131s se\u00e7imlerinden sonra Bulgaristan\u2019da durum PAT diyen ilk biz olduk.<\/p>\n<p>BULGAR\u0130STAN Stratejik Ara\u015ft\u0131rma Merkezi\u2019nin yapt\u0131\u011f\u0131 ortam de\u011ferlendirmesi bir bu\u00e7uk aydan beri de\u011fi\u015fmedi. Bug\u00fcn, biz, Sofya\u2019daki g\u00fc\u00e7ler dengesinin iktidar lehinde de\u011fi\u015fim kaydetti\u011fi g\u00f6r\u00fc\u015f\u00fcndeyiz.<!--more--><\/p>\n<figure id=\"attachment_3720\" aria-describedby=\"caption-attachment-3720\" style=\"width: 150px\" class=\"wp-caption alignright\"><a href=\"https:\/\/i0.wp.com\/bghaber.org\/bghaber\/wp-content\/uploads\/2013\/07\/rafetuluturk.jpg\"><img data-recalc-dims=\"1\" loading=\"lazy\" decoding=\"async\" class=\"size-thumbnail wp-image-3720\" alt=\"Rafet Ulut\u00fcrk BGSAM - Bulgaristan Stratejik Ara\u015ft\u0131rma Merkezi \" src=\"https:\/\/i0.wp.com\/bghaber.org\/bghaber\/wp-content\/uploads\/2013\/07\/rafetuluturk-150x150.jpg?resize=150%2C150\" width=\"150\" height=\"150\" srcset=\"https:\/\/i0.wp.com\/www.bghaber.org\/bghaber\/wp-content\/uploads\/2013\/07\/rafetuluturk.jpg?resize=150%2C150&amp;ssl=1 150w, https:\/\/i0.wp.com\/www.bghaber.org\/bghaber\/wp-content\/uploads\/2013\/07\/rafetuluturk.jpg?resize=65%2C65&amp;ssl=1 65w\" sizes=\"auto, (max-width: 150px) 100vw, 150px\" \/><\/a><figcaption id=\"caption-attachment-3720\" class=\"wp-caption-text\">Rafet Ulut\u00fcrk<br \/>BGSAM &#8211; Bulgaristan Stratejik Ara\u015ft\u0131rma Merkezi<\/figcaption><\/figure>\n<p>YEN\u0130 ORTAM<\/p>\n<p>45 g\u00fcnden beri devam eden itaatsizlik eylemi elde etti\u011fi ba\u015far\u0131larla yetinmese de, direncin alevleri art\u0131k s\u00f6nmeye ba\u015flad\u0131. A\u015f\u0131r\u0131 s\u0131cak, hasat zaman\u0131, tatil ay\u0131, direni\u015f dalgas\u0131n\u0131 Sofya, Varna ve Plovdiv merkezlerinden \u00f6teki b\u00fcy\u00fck illere, k\u00fc\u00e7\u00fck kasabalara ve k\u00f6ylere b\u00fcy\u00fck boyutlu ta\u015f\u0131ramad\u0131. Yaz i\u015fleri bitti\u011finde bu gruplar daha \u00e7o\u011falacak gibi.<\/p>\n<p>Nesnel sebeplere bakt\u0131\u011f\u0131m\u0131z, \u201czaman\u201d isteyen iktidar aya\u011f\u0131n\u0131 yerle\u015ftirdi. Sivil toplum \u00f6rg\u00fctleri, orta katman direnci muhalefetin ana politik g\u00fc\u00e7lerden destek alamad\u0131. 5 y\u0131ll\u0131k ge\u00e7mi\u015fi olan, deneyimi yetersiz Vatanda\u015flar Birli\u011fi GERB partisi d\u00f6n\u00fc\u015f\u00fcm isteyen bar\u0131\u015f\u00e7\u0131 kitlenin ba\u015f\u0131na ge\u00e7emedi.<\/p><div id=\"bghab-1901248555\" class=\"bghab-icerik-icine bghab-entity-placement\"><script async src=\"\/\/pagead2.googlesyndication.com\/pagead\/js\/adsbygoogle.js?client=ca-pub-6203283170189293\" crossorigin=\"anonymous\"><\/script><ins class=\"adsbygoogle\" style=\"display:block; text-align:center;\" data-ad-client=\"ca-pub-6203283170189293\" \ndata-ad-slot=\"7303146466\" \ndata-ad-layout=\"in-article\"\ndata-ad-format=\"fluid\" data-full-width-responsive=\"true\"><\/ins>\n<script> \n(adsbygoogle = window.adsbygoogle || []).push({}); \n<\/script>\n<\/div>\n<p>Neden mi? \u00c7\u00fcnk\u00fc GERB\u2019in iktidardan \u00e7ekip indiren de bu kitleydi. Politik alanda tecr\u00fcbesiz olan GERB \u00e7\u00f6z\u00fclmeye ba\u015flad\u0131. Eski Ba\u015fbakan B. Borisov politik at\u0131l\u0131m cesareti g\u00f6steremedi. Yeni iktidar \u00f6nce onun defterini a\u00e7t\u0131,\u00a0 milletvekillerini, politikac\u0131lar\u0131, valilerle bakanlar\u0131 dinletti\u011fi kan\u0131tlan\u0131nca, birinci yard\u0131mc\u0131s\u0131 Ts. Tsevetanov sorgulamaya al\u0131nd\u0131. Kar\u0131\u015f\u0131k i\u015flerin i\u00e7inde olan Sofya Ba\u015f Savc\u0131s\u0131 g\u00f6revinden al\u0131nd\u0131. Parti meclis grubu ba\u015fkan\u0131 K. Feodosiyeva istifas\u0131n\u0131 sundu ve partiden ayr\u0131ld\u0131.<\/p>\n<p>Soka\u011f\u0131n sesine ton veren bir edayla ara s\u0131ra yeni se\u00e7im isteyen Borisov bile art\u0131k sustu. Avrupa\u2019dan 1 milyar leva talep eden Ore\u015farski h\u00fck\u00fcmetinin nabz\u0131 d\u00fczelmeye ba\u015flad\u0131. Kendini dirilmi\u015f hisseden, Sosyalist Parti (BSP) Ba\u015fkan\u0131 S. Stani\u015fev, cevap gelmeyece\u011fini anlay\u0131nca,\u00a0 B. Borisov\u2019u erken se\u00e7im konusunu g\u00f6r\u00fc\u015fmeye hemen davet etti.<\/p>\n<p>Bu hareketlilik, Bulgaristan\u2019da 23 y\u0131ldan beri s\u00fcren totalitarizmden demokrasiye sanc\u0131l\u0131 ge\u00e7i\u015f dram\u0131n\u0131n \u00e7ok k\u0131sa bir perde aras\u0131 oldu. Kendili\u011finde patlayan orta tabaka ve yay\u0131lan sivil itaatsizlik direni\u015fi hayal k\u0131r\u0131kl\u0131\u011f\u0131na d\u00fc\u015fmeden heyecan\u0131n\u0131 ya\u015fatmaya devam ediyor.<\/p>\n<p>Kendilerinin olan eski kom\u00fcnist rejim y\u0131k\u0131l\u0131nca, kukla BARBY gibi \u015fekil de\u011fi\u015ftirip bir gecede sosyal demokrat olanlar \u015fimdi demokrasiyi de biz kuraca\u011f\u0131z iddias\u0131yla iktidara \u00e7\u00f6rekleniyor.<\/p>\n<p>Vurucu g\u00fc\u00e7leri: kom\u00fcnist paralarla olu\u015fan mafya; Rusya\u2019n\u0131n Avrupa ve of \u015eor paralar\u0131yla bi\u00e7imlenen yerli ve yabanc\u0131 oligar\u015fi karmas\u0131; h\u0131rs\u0131z, doland\u0131r\u0131c\u0131, talanc\u0131, ka\u00e7ak\u00e7\u0131 tayfas\u0131d\u0131r. Avrupa Sosyal Demokratlar\u0131n\u0131n Ba\u015fkan\u0131 ve ayn\u0131 zamanda Bulgaristan Sosyalist Partisi\u2019nin Ba\u015f\u0131 S. Stani\u015fev\u2019in, Bulgaristan Kom\u00fcnist Partisi Merkez Komitesi Politik B\u00fcro \u00fcyesi Stani\u015fev\u2019in o\u011flu oldu\u011funu herkes bilir.<\/p><div id=\"bghab-3062084139\" class=\"bghab-icerik-icine-10-paragraf bghab-entity-placement\"><script async src=\"\/\/pagead2.googlesyndication.com\/pagead\/js\/adsbygoogle.js?client=ca-pub-6203283170189293\" crossorigin=\"anonymous\"><\/script><ins class=\"adsbygoogle\" style=\"display:block; text-align:center;\" data-ad-client=\"ca-pub-6203283170189293\" \ndata-ad-slot=\"7303146466\" \ndata-ad-layout=\"in-article\"\ndata-ad-format=\"fluid\" data-full-width-responsive=\"true\"><\/ins>\n<script> \n(adsbygoogle = window.adsbygoogle || []).push({}); \n<\/script>\n<\/div>\n<p>Yeni sahnede iktidar orta\u011f\u0131 H\u00d6H partisi ve onun parasal yard\u0131mlar\u0131yla kurula neo-fa\u015fist \u201cAtaka\u201d partisinin politik nitelemesini dikkatle yapmak gerekir.<\/p>\n<p>T. Jivkov\u2019\u0131n gizli istihbarat ajanlar\u0131na kurdurulan H\u00d6H partisi y\u0131llar i\u00e7inde \u201cr\u00fc\u015fvet\u201d i\u015flerine kar\u0131\u015fm\u0131\u015f, yerli mafya ile kayna\u015fm\u0131\u015f ve oligar\u015fiden nem alm\u0131\u015ft\u0131r.<\/p>\n<p>AB ve NATO \u00fcyeli\u011fimizden yana olan bu parti Moskova\u2019ya gizlice g\u00fcl\u00fcmsemektedir.<\/p>\n<p>Bu s\u00f6zler ancak partinin \u00fcst y\u00f6netimi i\u00e7in ge\u00e7erlidir.<\/p>\n<p>Bu y\u00f6netime Bulgar politik \u00e7\u00f6pl\u00fc\u011f\u00fcnden R. Biserov gibi kendi ortam\u0131nda bir \u201chi\u00e7\u201d olan politikac\u0131lar da kat\u0131ld\u0131. Oy temeli T\u00fcrkler, Pomaklar ve \u00c7ingen M\u00fcsl\u00fcmanlar olan H\u00d6H partisi son d\u00f6nemde Hristiyan \u00c7ingen ve a\u015f\u0131r\u0131 sefil Bulgar se\u00e7mene do\u011fru kayd\u0131. \u0130deolojisiz olan bu parti, \u201ctotaliter kal\u0131nt\u0131lar\u0131n g\u00f6lgesinde birlikte sefa s\u00fcrelim\u201d zihniyetini kabullendi\u011finden dolay\u0131 h\u00fck\u00fcmet ortakl\u0131\u011f\u0131na davet edilmi\u015ftir.<\/p><div id=\"bghab-3357222068\" class=\"bghab-icerik-icine-15-paragraf bghab-entity-placement\"><script async src=\"\/\/pagead2.googlesyndication.com\/pagead\/js\/adsbygoogle.js?client=ca-pub-6203283170189293\" crossorigin=\"anonymous\"><\/script><ins class=\"adsbygoogle\" style=\"display:block; text-align:center;\" data-ad-client=\"ca-pub-6203283170189293\" \ndata-ad-slot=\"7303146466\" \ndata-ad-layout=\"in-article\"\ndata-ad-format=\"fluid\" data-full-width-responsive=\"true\"><\/ins>\n<script> \n(adsbygoogle = window.adsbygoogle || []).push({}); \n<\/script>\n<\/div>\n<p>Genel politik tabloda izleri olmayan ama d\u0131\u015fardan ald\u0131klar\u0131 paralarla T\u00fcrkler aras\u0131nda aktiflik g\u00f6steren H\u00fcrriyet ve \u015eeref Halk Partisi liderleri Korman ve Dal\u2019\u0131n yeni sahnede rol almas\u0131 art\u0131k planlanm\u0131yor.<\/p>\n<p>Bulgar politik sahnesinde alk\u0131\u015flanmak istenen T\u00fcrkiye\u2019den baz\u0131 Balkan damatlar\u0131, dilimizi bilmediklerinden yanl\u0131\u015f alk\u0131\u015f tufan\u0131 ba\u015flamas\u0131na neden olmamaya dikkat etmeleri \u015fart\u0131yla, bo\u015f sandalye bulabilirlerse, ancak seyirci s\u0131ralar\u0131nda oturabilirler.<\/p>\n<p>Demokratik G\u00fc\u00e7ler Hareketi giderek zay\u0131fl\u0131yor<\/p>\n<p>Bir \u00f6nemli noktaya daha dikkat \u00e7ekmek yerinde olur. Bulgaristan\u2019da demokratik rejimi hayata \u00e7a\u011f\u0131r\u0131p kurmak i\u00e7in do\u011fan ve birka\u00e7 defa isim de\u011fi\u015ftiren Demokratik G\u00fc\u00e7ler Hareketi giderek zay\u0131fl\u0131yor. Bunun birka\u00e7 nedeni var.<\/p>\n<p>Bir: B\u00fcy\u00fck yan\u0131lg\u0131, demokrasinin, kom\u00fcnizmin devlet m\u00fclkiyeti ile k\u00f6yl\u00fcl\u00fc\u011f\u00fcn kooperatif\u00e7i m\u00fclkiyetinin k\u00f6k\u00fcne kibrit suyu d\u00f6k\u00fcl\u00fcp likide edilmesiyle olu\u015faca\u011f\u0131 kurgusudur. Hi\u00e7bir \u015fey kendili\u011finden olmuyor. Demokrasinin dayana\u011f\u0131 olan serbest Pazar ekonomisinin kolektif \u00fcretim bi\u00e7iminden daha \u00fcst\u00fcn oldu\u011funu hayat hala kan\u0131tlayam\u0131yor.<\/p><div id=\"bghab-70233214\" class=\"bghab-icerik-icine-20-paragraf bghab-entity-placement\"><script async src=\"\/\/pagead2.googlesyndication.com\/pagead\/js\/adsbygoogle.js?client=ca-pub-6203283170189293\" crossorigin=\"anonymous\"><\/script><ins class=\"adsbygoogle\" style=\"display:block; text-align:center;\" data-ad-client=\"ca-pub-6203283170189293\" \ndata-ad-slot=\"7303146466\" \ndata-ad-layout=\"in-article\"\ndata-ad-format=\"fluid\" data-full-width-responsive=\"true\"><\/ins>\n<script> \n(adsbygoogle = window.adsbygoogle || []).push({}); \n<\/script>\n<\/div>\n<p>Toplumsal formasyonlar\u0131n yer de\u011fi\u015ftirmesi \u00fcretim g\u00fc\u00e7leri ile \u00fcretim ili\u015fkilerinin d\u00f6n\u00fc\u015f\u00fcm\u00fc sonucunda ger\u00e7ekle\u015fir.<\/p>\n<p>Bizde b\u00f6yle bir d\u00f6n\u00fc\u015f\u00fcm olmad\u0131.<\/p>\n<p>Sosyalist \u00fcretim bi\u00e7imi yok edildi ama yeri bo\u015f kald\u0131. 1000 fabrika kapand\u0131, t\u00fcm tar\u0131m \u00e7iftlikleri ve devlet tar\u0131m \u00fcniteleri, hayvan \u00fcretim fermalar\u0131 yok edildi. Domateslerin sulanmadan daha iri olaca\u011f\u0131n\u0131 hayal edenler aldand\u0131. Bunun s\u00f6zleri her \u00fcretim alan\u0131 i\u00e7in s\u00f6yleyebiliriz. \u015eehirlerde ya\u015fayanlar i\u015fsiz kal\u0131nca AB \u00fclkelerinde i\u015fe gitti. Hayat\u0131n daha yava\u015f ge\u00e7ti\u011fi k\u00f6ylerde de\u011fi\u015fikli\u011fin fark\u0131nda olmayanlar \u00e7o\u011funluk, yeni \u00fcretim bilinci kolay bi\u00e7imlenmiyor.<\/p>\n<p>\u0130ki: D\u00f6n\u00fc\u015f\u00fcm aynas\u0131na politik olarak bakarsak. Demokrasiye ya\u015fam verecek olan g\u00fc\u00e7ler s\u00fcrekli \u015fekil de\u011fi\u015ftirdi. Doludan bo\u015fa akt\u0131. \u00d6nce Demokratik G\u00fc\u00e7ler Birli\u011fi (SDS) kuruldu, se\u00e7im kazand\u0131, tek kendi ba\u015f\u0131na iktidar oldu.<\/p>\n<p>Fa\u015fizm d\u00f6neminden dede miras\u0131n\u0131 ald\u0131lar ve hevesleri kesildi.<\/p><div id=\"bghab-2508198929\" class=\"bghab-icerik-icine-25-paragraf bghab-entity-placement\"><script async src=\"\/\/pagead2.googlesyndication.com\/pagead\/js\/adsbygoogle.js?client=ca-pub-6203283170189293\" crossorigin=\"anonymous\"><\/script><ins class=\"adsbygoogle\" style=\"display:block; text-align:center;\" data-ad-client=\"ca-pub-6203283170189293\" \ndata-ad-slot=\"7303146466\" \ndata-ad-layout=\"in-article\"\ndata-ad-format=\"fluid\" data-full-width-responsive=\"true\"><\/ins>\n<script> \n(adsbygoogle = window.adsbygoogle || []).push({}); \n<\/script>\n<\/div>\n<p>Sonra politik olarak s\u0131f\u0131rland\u0131lar. Ard\u0131ndan bir umut deyip Bulgar Halk\u0131 \u00c7ar II. Simiyon\u2019un ard\u0131na tak\u0131ld\u0131. Se\u00e7tik. \u00c7ar, Ba\u015fbakan oldu, o da dedesinin m\u00fclklerini ald\u0131 ve kumarhanelere sapt\u0131 ve vaatlerle aldatt\u0131\u011f\u0131 halk\u0131 o da unuttu.<\/p>\n<p>Ard\u0131ndan GERB kuruldu. O da kendi ba\u015f\u0131na h\u00fck\u00fcmet kurdu. Bug\u00fcn art\u0131k o da \u00e7\u00f6k\u00fc\u015f s\u00fcreci ya\u015f\u0131yor. G\u00f6r\u00fcld\u00fc\u011f\u00fc \u00fczere, bizim ko\u015fullarda, un, su, maya ve tuzu birbirine kat\u0131p politik ekme\u011fini pi\u015firmek \u00e7ok zor.<\/p>\n<p>NEDEN BA\u015eARILI OLAMADILAR?<\/p>\n<p>B. Borisov neden ba\u015far\u0131l\u0131 olamad\u0131?<\/p>\n<p>1. K\u00f6kleri kom\u00fcnistlerin mafya tarlas\u0131nda oldu\u011fu i\u00e7in.<\/p><div id=\"bghab-2013988379\" class=\"bghab-icerik-icine-30-paragraf bghab-entity-placement\"><script async src=\"\/\/pagead2.googlesyndication.com\/pagead\/js\/adsbygoogle.js?client=ca-pub-6203283170189293\" crossorigin=\"anonymous\"><\/script><ins class=\"adsbygoogle\" style=\"display:block; text-align:center;\" data-ad-client=\"ca-pub-6203283170189293\" \ndata-ad-slot=\"7303146466\" \ndata-ad-layout=\"in-article\"\ndata-ad-format=\"fluid\" data-full-width-responsive=\"true\"><\/ins>\n<script> \n(adsbygoogle = window.adsbygoogle || []).push({}); \n<\/script>\n<\/div>\n<p>2. Ba\u015fbakanl\u0131\u011fa Belediye ba\u015fkanl\u0131\u011f\u0131ndan geldi\u011finden dolay\u0131. Borisov hep altyap\u0131 tesisleri yapmaya \u00e7al\u0131\u015ft\u0131. Sanki ba\u015fbakan de\u011fil belediye ba\u015fkan\u0131yd\u0131. Temizlik falan i\u015flerinin de az kala ba\u015fbakanl\u0131\u011fa ba\u011flayacakt\u0131. Yollar kurdu, k\u00f6pr\u00fcler a\u00e7t\u0131, yeralt\u0131 treni yapt\u0131. T\u00fcm bunlar\u0131n ba\u015fka bir algoritma i\u00e7in yani \u00fclkemizin modern teknolojilerle donat\u0131lmas\u0131na gerekli oldu\u011funu anlayamad\u0131. \u015eu da var tabii. Borisov h\u00fck\u00fcmetinin yeni Bulgaristan tasar\u0131m\u0131 ile \u00fcyesi oldu\u011fumuz Avrupa Birli\u011fi\u2019nin (AB) komiserli\u011finin bizim i\u00e7in d\u00fc\u015f\u00fcnd\u00fckleri \u00f6rt\u00fc\u015fmedi. AB bizim t\u00fcketici topluma d\u00f6n\u00fc\u015fmemizi hedefliyor. Sofya ve di\u011fer b\u00fcy\u00fck kentlerde art arda \u201cMoll\u201d kurulmas\u0131 bu y\u00fczdendir. B\u00fcy\u00fck al\u0131\u015f veri\u015f merkezlerinde sat\u0131lan mallar, ne yaz\u0131k ki, hep Bat\u0131\u2019dan geliyor. Bizim \u00fcr\u00fcnlerimizde ya bakteri \u201cfazlas\u0131\u201d\u00a0 ya da \u201cmikrop\u201d var. Allah Allah!<\/p>\n<p>Bu gibi esas nedenler SDS ile II Simeyon partisinin kendili\u011finden da\u011f\u0131lmas\u0131na neden olurken GERP partisi de yara ald\u0131.<\/p>\n<p>\u0130K\u0130NC\u0130 PERDE<\/p>\n<p>\u201cDemokrasiye ge\u00e7i\u015f\u201d perdesi uzun s\u00fcrd\u00fc. Seyirci neredeyse bayg\u0131nl\u0131k ge\u00e7irdi. \u015eimdi ikinci perde a\u00e7\u0131lacak. Almanya, Fransa, Hollanda B\u00fcy\u00fckel\u00e7ileri Sofya\u2019da yapt\u0131klar\u0131 bas\u0131n a\u00e7\u0131klamalar\u0131nda \u201cdekoru de\u011fi\u015ftirin, sahneye sivil toplum \u00f6rg\u00fctlerini de al\u0131n, eskiler sahneden insinler!\u201d diyor ama senaryoda de\u011fi\u015fiklik yok,\u00a0 perde a\u00e7\u0131lm\u0131yor. Br\u00fcksel Komiserleri de \u201csoka\u011f\u0131n sesine kulak verin\u201d diyor ama Sofya ancak bak\u0131nmakla yetiniyor.<\/p>\n<p>SON SATIRLAR:<\/p><div id=\"bghab-2730504732\" class=\"bghab-icerik-icine-35-paragraf bghab-entity-placement\"><script async src=\"\/\/pagead2.googlesyndication.com\/pagead\/js\/adsbygoogle.js?client=ca-pub-6203283170189293\" crossorigin=\"anonymous\"><\/script><ins class=\"adsbygoogle\" style=\"display:block; text-align:center;\" data-ad-client=\"ca-pub-6203283170189293\" \ndata-ad-slot=\"7303146466\" \ndata-ad-layout=\"in-article\"\ndata-ad-format=\"fluid\" data-full-width-responsive=\"true\"><\/ins>\n<script> \n(adsbygoogle = window.adsbygoogle || []).push({}); \n<\/script>\n<\/div>\n<p>Bu gidi\u015fle demokrasinin meyvelerini uzun zaman toplayamayaca\u011f\u0131z. Sofya\u2019da d\u00f6n\u00fc\u015f\u00fcmlerin gereklili\u011fi duyumsan\u0131yor. Belirsizlik d\u00f6neminde olu\u015fan ayd\u0131nlar ve orta tabaka hareketleri politik iklim solumaya ba\u015flad\u0131. Kitle hareketine bel ba\u011flayan \u201cmodern\u201d g\u00f6r\u00fc\u015fl\u00fc ki\u015filerin, \u00fcniversiteli gen\u00e7lerin ve toplumun itici g\u00fcc\u00fc orta katman\u0131n k\u0131sa bir d\u00f6nemde politik partide birle\u015fmesi gerekiyor. Bu partide t\u00fcm dernekleri ve az\u0131nl\u0131klar\u0131n da yer almas\u0131 i\u00e7in \u00e7al\u0131\u015f\u0131lmal\u0131d\u0131r.<\/p>\n<p>Zaman\u0131n\u0131 doldurmu\u015f ve g\u00f6z\u00fc doymayan eski politikac\u0131lar\u0131n ve onlar\u0131n partilerinin sahneden inmesi ve mayalanan direncin daha da dirilip g\u00fc\u00e7 kazanmas\u0131 ka\u00e7\u0131n\u0131lmaz oldu. Bulgaristan tarihinin b\u00fcy\u00fck g\u00fcnleri ancak \u015fimdi ba\u015fl\u0131yor.<\/p>\n<div id=\"bghab-2879282922\" class=\"bghab-yazi-altinda bghab-entity-placement\"><script async src=\"https:\/\/pagead2.googlesyndication.com\/pagead\/js\/adsbygoogle.js\"><\/script>\r\n<!-- bghaber-yaz\u0131-sonu -->\r\n<ins class=\"adsbygoogle\"\r\n     style=\"display:block\"\r\n     data-ad-client=\"ca-pub-6203283170189293\"\r\n     data-ad-slot=\"4222328180\"\r\n     data-ad-format=\"auto\"\r\n     data-full-width-responsive=\"true\"><\/ins>\r\n<script>\r\n     (adsbygoogle = window.adsbygoogle || []).push({});\r\n<\/script><\/div><br style=\"clear: both; display: block; float: none;\"\/>","protected":false},"excerpt":{"rendered":"<p>12 May\u0131s se\u00e7imlerinden sonra Bulgaristan\u2019da durum PAT diyen ilk biz olduk. BULGAR\u0130STAN Stratejik Ara\u015ft\u0131rma Merkezi\u2019nin yapt\u0131\u011f\u0131 ortam de\u011ferlendirmesi bir bu\u00e7uk aydan beri de\u011fi\u015fmedi. Bug\u00fcn, biz,<\/p>\n","protected":false},"author":2,"featured_media":3720,"comment_status":"closed","ping_status":"closed","sticky":false,"template":"","format":"standard","meta":{"advanced_seo_description":"","jetpack_seo_html_title":"","jetpack_seo_noindex":false,"jetpack_seo_schema_type":"","_jetpack_newsletter_access":"","_jetpack_dont_email_post_to_subs":false,"_jetpack_newsletter_tier_id":0,"_jetpack_memberships_contains_paywalled_content":false,"_jetpack_feature_clip_id":0,"_jetpack_memberships_contains_paid_content":false,"footnotes":"","jetpack_post_was_ever_published":false},"categories":[6],"tags":[],"class_list":["post-4311","post","type-post","status-publish","format-standard","has-post-thumbnail","hentry","category-yorum"],"jetpack_sharing_enabled":true,"jetpack_likes_enabled":true,"jetpack-related-posts":[],"jetpack_shortlink":"https:\/\/wp.me\/pc2PfJ-17x","jetpack_featured_media_url":"https:\/\/i0.wp.com\/www.bghaber.org\/bghaber\/wp-content\/uploads\/2013\/07\/rafetuluturk.jpg?fit=235%2C299&ssl=1","_links":{"self":[{"href":"https:\/\/www.bghaber.org\/bghaber\/wp-json\/wp\/v2\/posts\/4311","targetHints":{"allow":["GET"]}}],"collection":[{"href":"https:\/\/www.bghaber.org\/bghaber\/wp-json\/wp\/v2\/posts"}],"about":[{"href":"https:\/\/www.bghaber.org\/bghaber\/wp-json\/wp\/v2\/types\/post"}],"author":[{"embeddable":true,"href":"https:\/\/www.bghaber.org\/bghaber\/wp-json\/wp\/v2\/users\/2"}],"replies":[{"embeddable":true,"href":"https:\/\/www.bghaber.org\/bghaber\/wp-json\/wp\/v2\/comments?post=4311"}],"version-history":[{"count":0,"href":"https:\/\/www.bghaber.org\/bghaber\/wp-json\/wp\/v2\/posts\/4311\/revisions"}],"wp:featuredmedia":[{"embeddable":true,"href":"https:\/\/www.bghaber.org\/bghaber\/wp-json\/wp\/v2\/media\/3720"}],"wp:attachment":[{"href":"https:\/\/www.bghaber.org\/bghaber\/wp-json\/wp\/v2\/media?parent=4311"}],"wp:term":[{"taxonomy":"category","embeddable":true,"href":"https:\/\/www.bghaber.org\/bghaber\/wp-json\/wp\/v2\/categories?post=4311"},{"taxonomy":"post_tag","embeddable":true,"href":"https:\/\/www.bghaber.org\/bghaber\/wp-json\/wp\/v2\/tags?post=4311"}],"curies":[{"name":"wp","href":"https:\/\/api.w.org\/{rel}","templated":true}]}}