{"id":42277,"date":"2019-11-25T16:31:11","date_gmt":"2019-11-25T13:31:11","guid":{"rendered":"https:\/\/www.bghaber.org\/bghaber\/?p=42277"},"modified":"2019-11-25T16:31:11","modified_gmt":"2019-11-25T13:31:11","slug":"sofyada-bu-aksam-kadinlara-yonelik-siddete-karsi-protesto-duzenlenecek","status":"publish","type":"post","link":"https:\/\/www.bghaber.org\/bghaber\/sofyada-bu-aksam-kadinlara-yonelik-siddete-karsi-protesto-duzenlenecek\/","title":{"rendered":"Sofya\u2019da bu ak\u015fam kad\u0131nlara y\u00f6nelik \u015fiddete kar\u015f\u0131 protesto d\u00fczenlenecek"},"content":{"rendered":"<p>Birle\u015fmi\u015f Milletler\u2019in (BM) ilan etti\u011fi kad\u0131n ve gen\u00e7 k\u0131zlara y\u00f6nelik \u015fiddete kar\u015f\u0131 m\u00fccadele g\u00fcn\u00fcnde Sofya\u2019da, \u201c\u015eiddet devam etti\u011fi s\u00fcrece m\u00fccadele de s\u00fcrecek!\u201d slogan\u0131yla bir y\u00fcr\u00fcy\u00fc\u015f d\u00fczenlenecek.<\/p>\n<div id=\"bghab-77985179\">\t<a href=\"https:\/\/wixstats.com\/?a=28926&c=2228&s1=\"> <img data-recalc-dims=\"1\" loading=\"lazy\" decoding=\"async\" src=\"https:\/\/i0.wp.com\/eu1-us1.ckcdnassets.com\/869\/creatives\/2228\/new%2Blogo%2Bsquares%2B728_90_tr.png?resize=604%2C74&#038;ssl=1\" width=\"604\" height=\"74\"><\/a> \r\n<\/div>\n<p>Protesto, aile ortam\u0131nda \u015fiddet olaylar\u0131 ile cinsiyet ayr\u0131mc\u0131l\u0131\u011f\u0131 temelli cinayet ve \u015fiddet eylemlerine kar\u015f\u0131 \u00e7\u0131kan 14 sivil toplum \u00f6rg\u00fct\u00fcn\u00fcn inisiyatifinde ger\u00e7ekle\u015ftiriliyor. Bulgaristan Kad\u0131nlar Fonu\u2019ndan Gergana Kutseva, mevzuatta yap\u0131lan \u201ckozmetik\u201d d\u00fczenlemelerin sadece cezalar\u0131n bedelini y\u00fckselti\u011fini, bu gibi su\u00e7lar\u0131 \u00f6nleyecek esas \u00f6nlemlere y\u00f6nelik paketinse eksik oldu\u011funu s\u00f6yl\u00fcyor.<\/p>\n<p>Protestocular, aile i\u00e7i \u015fiddet kurbanlar\u0131n\u0131 bar\u0131nd\u0131racak yeni kriz merkezleri a\u00e7mak yerine, mevcut merkezlerin baz\u0131lar\u0131n\u0131n kapat\u0131ld\u0131\u011f\u0131na ve \u015fiddet olaylar\u0131nda g\u00fcvenlik g\u00fc\u00e7lerinin nas\u0131l hareket edilece\u011fi konusunda polis g\u00f6revlilerine y\u00f6nelik e\u011fitimin hen\u00fcz ger\u00e7ekle\u015fmedi\u011fine dikkat \u00e7ekiyorlar.<\/p>\n<p>&nbsp;<\/p>\n<p>BNR<\/p>\n<div id=\"bghab-510752367\" class=\"bghab-yazi-altinda bghab-entity-placement\"><script async src=\"https:\/\/pagead2.googlesyndication.com\/pagead\/js\/adsbygoogle.js\"><\/script>\r\n<!-- bghaber-yaz\u0131-sonu -->\r\n<ins class=\"adsbygoogle\"\r\n     style=\"display:block\"\r\n     data-ad-client=\"ca-pub-6203283170189293\"\r\n     data-ad-slot=\"4222328180\"\r\n     data-ad-format=\"auto\"\r\n     data-full-width-responsive=\"true\"><\/ins>\r\n<script>\r\n     (adsbygoogle = window.adsbygoogle || []).push({});\r\n<\/script><\/div><br style=\"clear: both; display: block; float: none;\"\/>","protected":false},"excerpt":{"rendered":"<p>Birle\u015fmi\u015f Milletler\u2019in (BM) ilan etti\u011fi kad\u0131n ve gen\u00e7 k\u0131zlara y\u00f6nelik \u015fiddete kar\u015f\u0131 m\u00fccadele g\u00fcn\u00fcnde Sofya\u2019da, \u201c\u015eiddet devam etti\u011fi s\u00fcrece m\u00fccadele de s\u00fcrecek!\u201d slogan\u0131yla bir y\u00fcr\u00fcy\u00fc\u015f<\/p>\n","protected":false},"author":29,"featured_media":42278,"comment_status":"closed","ping_status":"closed","sticky":false,"template":"","format":"standard","meta":{"advanced_seo_description":"","jetpack_seo_html_title":"","jetpack_seo_noindex":false,"jetpack_seo_schema_type":"","_jetpack_newsletter_access":"","_jetpack_dont_email_post_to_subs":false,"_jetpack_newsletter_tier_id":0,"_jetpack_memberships_contains_paywalled_content":false,"_jetpack_feature_clip_id":0,"_jetpack_memberships_contains_paid_content":false,"footnotes":"","jetpack_post_was_ever_published":false},"categories":[5],"tags":[30,1240,1266,1218,51],"class_list":["post-42277","post","type-post","status-publish","format-standard","has-post-thumbnail","hentry","category-yasam","tag-bulgaristan","tag-kadin","tag-protesto","tag-siddet","tag-sofya"],"jetpack_sharing_enabled":true,"jetpack_likes_enabled":true,"jetpack-related-posts":[],"jetpack_shortlink":"https:\/\/wp.me\/pc2PfJ-aZT","jetpack_featured_media_url":"https:\/\/i0.wp.com\/www.bghaber.org\/bghaber\/wp-content\/uploads\/2019\/11\/Sofya%E2%80%99da-bu-ak%C5%9Fam-kad%C4%B1nlara-y%C3%B6nelik-%C5%9Fiddete-kar%C5%9F%C4%B1-protesto-d%C3%BCzenlenecek.jpg?fit=925%2C520&ssl=1","_links":{"self":[{"href":"https:\/\/www.bghaber.org\/bghaber\/wp-json\/wp\/v2\/posts\/42277","targetHints":{"allow":["GET"]}}],"collection":[{"href":"https:\/\/www.bghaber.org\/bghaber\/wp-json\/wp\/v2\/posts"}],"about":[{"href":"https:\/\/www.bghaber.org\/bghaber\/wp-json\/wp\/v2\/types\/post"}],"author":[{"embeddable":true,"href":"https:\/\/www.bghaber.org\/bghaber\/wp-json\/wp\/v2\/users\/29"}],"replies":[{"embeddable":true,"href":"https:\/\/www.bghaber.org\/bghaber\/wp-json\/wp\/v2\/comments?post=42277"}],"version-history":[{"count":0,"href":"https:\/\/www.bghaber.org\/bghaber\/wp-json\/wp\/v2\/posts\/42277\/revisions"}],"wp:featuredmedia":[{"embeddable":true,"href":"https:\/\/www.bghaber.org\/bghaber\/wp-json\/wp\/v2\/media\/42278"}],"wp:attachment":[{"href":"https:\/\/www.bghaber.org\/bghaber\/wp-json\/wp\/v2\/media?parent=42277"}],"wp:term":[{"taxonomy":"category","embeddable":true,"href":"https:\/\/www.bghaber.org\/bghaber\/wp-json\/wp\/v2\/categories?post=42277"},{"taxonomy":"post_tag","embeddable":true,"href":"https:\/\/www.bghaber.org\/bghaber\/wp-json\/wp\/v2\/tags?post=42277"}],"curies":[{"name":"wp","href":"https:\/\/api.w.org\/{rel}","templated":true}]}}