{"id":42275,"date":"2019-11-25T16:03:01","date_gmt":"2019-11-25T13:03:01","guid":{"rendered":"https:\/\/www.bghaber.org\/bghaber\/?p=42275"},"modified":"2019-11-25T16:03:01","modified_gmt":"2019-11-25T13:03:01","slug":"borisov-bugun-abd-baskani-donald-trump-ile-gorusecek","status":"publish","type":"post","link":"https:\/\/www.bghaber.org\/bghaber\/borisov-bugun-abd-baskani-donald-trump-ile-gorusecek\/","title":{"rendered":"Borisov, bug\u00fcn ABD Ba\u015fkan\u0131 Donald Trump ile g\u00f6r\u00fc\u015fecek"},"content":{"rendered":"<p>Ba\u015fbakan Boyko Borisov, ABD Ba\u015fkan\u0131 Donald Trump ile bug\u00fcn Beyaz Saray\u2019da bir araya gelecek. G\u00f6r\u00fc\u015fmelerde savunma ile g\u00fcvenlik alanlar\u0131ndaki i\u015fbirli\u011fi, enerji \u00e7e\u015fitlili\u011fi, Bulgaristan\u2019a olan d\u0131\u015f etki ve Karadeniz\u2019in g\u00fcvenli\u011fi konular\u0131n\u0131n \u00f6ne \u00e7\u0131kmas\u0131 bekleniyor. Ba\u015fbakan Borisov ve Ba\u015fkan Trump\u2019\u0131n Oval Ofis\u2019te ger\u00e7ekle\u015ftirece\u011fi ba\u015fba\u015fa g\u00f6r\u00fc\u015fme, Bulgaristan saatiyle saat 21\u2019de ba\u015flayacak.<\/p>\n<p>Ba\u015fbakan Borisov, Ba\u015fkan Trump ile g\u00f6r\u00fc\u015fmesinde Bulgaristan\u2019\u0131n 2014\u2019te Galler\u2019deki NATO Zirvesinde kabul etti\u011fi NATO \u00fcyesi \u00fclkelerin savunma b\u00fct\u00e7esinin Gayrisafi Yurti\u00e7i Has\u0131la\u2019s\u0131n\u0131n (GSY\u0130H) y\u00fczde 2\u2019sine ula\u015fmas\u0131 y\u00f6n\u00fcndeki taahh\u00fcd\u00fcne sad\u0131k kalaca\u011f\u0131n\u0131 yineleyecek. Bu taahh\u00fct, ABD Ba\u015fkan\u0131 Donald Trump\u2019\u0131n Avrupal\u0131 m\u00fcttefiklerine ko\u015ftu\u011fu kilit \u00f6nemdeki \u015fartlardan biridir.<\/p>\n<p>Bulgaristan art\u0131k GSY\u0130H\u2019nin y\u00fczde 3\u2019\u00fcn\u00fc savunmaya ay\u0131rm\u0131\u015f durumda. Ba\u015fbakanl\u0131k Bas\u0131n Merkezi\u2019nden yap\u0131lan a\u00e7\u0131klamada, Amerikan yap\u0131m\u0131 F-16 sava\u015f u\u00e7aklar\u0131yla ilgili imzalanan anla\u015fmalar\u0131n\u0131n Bulgar ekonomisini geli\u015ftirece\u011fi belirtildi. Beyaz Saray\u2019dan yap\u0131lan a\u00e7\u0131klamada, g\u00f6r\u00fc\u015fmede Karadeniz\u2019in g\u00fcvenli\u011fi konusunun da ele al\u0131naca\u011f\u0131 bildirildi.<\/p>\n<p>U\u00e7akta gazetecilere konu\u015fan Ba\u015fbakan Borisov, Karadeniz\u2019de\u00a0 askeri mevcudiyet konusundaki tavr\u0131n\u0131n de\u011fi\u015fmedi\u011fini, Bulgaristan\u2019\u0131n Karadeniz\u2019in askerile\u015fmesinden bir \u00e7\u0131kar\u0131 olmad\u0131\u011f\u0131n\u0131 belirtti.<\/p>\n<p>Enerji sekt\u00f6r\u00fcnde s\u0131v\u0131la\u015ft\u0131r\u0131lm\u0131\u015f gaz ithalat\u0131 konusu ele al\u0131nacak. Ba\u015fbakan ayr\u0131ca Balkan Ak\u0131m, Balkan do\u011falgaz da\u011f\u0131t\u0131m merkezi ve Yunanistan-Bulgaristan gaz ba\u011flant\u0131s\u0131 projelerinin faydalar\u0131na dikkat \u00e7ekmeyi planl\u0131yor. Bulgar heyeti, Google ve Microsoft gibi d\u00fcnya devleri dahil \u00fclkemize yat\u0131r\u0131m imk\u00e2nlar\u0131 konusunda ilgi g\u00f6steren 15 firman\u0131n temsilcileriyle Amerikan Ticaret Odas\u0131\u2019nda toplant\u0131 yapacak.<\/p><div id=\"bghab-4151912306\" class=\"bghab-icerik-icine bghab-entity-placement\"><script async src=\"\/\/pagead2.googlesyndication.com\/pagead\/js\/adsbygoogle.js?client=ca-pub-6203283170189293\" crossorigin=\"anonymous\"><\/script><ins class=\"adsbygoogle\" style=\"display:block; text-align:center;\" data-ad-client=\"ca-pub-6203283170189293\" \ndata-ad-slot=\"7303146466\" \ndata-ad-layout=\"in-article\"\ndata-ad-format=\"fluid\" data-full-width-responsive=\"true\"><\/ins>\n<script> \n(adsbygoogle = window.adsbygoogle || []).push({}); \n<\/script>\n<\/div>\n<p>Ba\u015fbakan\u2019\u0131n ba\u015f\u0131n\u0131 \u00e7ekti\u011fi resmi heyette Ba\u015fbakan Yard\u0131mc\u0131s\u0131 Tomislav Don\u00e7ev, Ba\u015fbakan Yard\u0131mc\u0131s\u0131 ve Savunma Bakan\u0131 Krasimir Karaka\u00e7anov, Maliye Bakan\u0131 Vladislav Goranov ve Ekonomi Bakan\u0131 Emil Karanikolov da yer al\u0131yor. Enerji konular\u0131 \u00fczerinde durulmas\u0131na ra\u011fmen Enerji Bakan\u0131 Temenu\u015fka Petkova, delegasyonda yer alm\u0131yor.<\/p>\n<p>&nbsp;<\/p>\n<p>BNR<\/p>\n<div id=\"bghab-517602879\" class=\"bghab-yazi-altinda bghab-entity-placement\"><script async src=\"https:\/\/pagead2.googlesyndication.com\/pagead\/js\/adsbygoogle.js\"><\/script>\r\n<!-- bghaber-yaz\u0131-sonu -->\r\n<ins class=\"adsbygoogle\"\r\n     style=\"display:block\"\r\n     data-ad-client=\"ca-pub-6203283170189293\"\r\n     data-ad-slot=\"4222328180\"\r\n     data-ad-format=\"auto\"\r\n     data-full-width-responsive=\"true\"><\/ins>\r\n<script>\r\n     (adsbygoogle = window.adsbygoogle || []).push({});\r\n<\/script><\/div><br style=\"clear: both; display: block; float: none;\"\/>","protected":false},"excerpt":{"rendered":"<p>Ba\u015fbakan Boyko Borisov, ABD Ba\u015fkan\u0131 Donald Trump ile bug\u00fcn Beyaz Saray\u2019da bir araya gelecek. G\u00f6r\u00fc\u015fmelerde savunma ile g\u00fcvenlik alanlar\u0131ndaki i\u015fbirli\u011fi, enerji \u00e7e\u015fitlili\u011fi, Bulgaristan\u2019a olan d\u0131\u015f<\/p>\n","protected":false},"author":29,"featured_media":31191,"comment_status":"closed","ping_status":"closed","sticky":false,"template":"","format":"standard","meta":{"advanced_seo_description":"","jetpack_seo_html_title":"","jetpack_seo_noindex":false,"jetpack_seo_schema_type":"","_jetpack_newsletter_access":"","_jetpack_dont_email_post_to_subs":false,"_jetpack_newsletter_tier_id":0,"_jetpack_memberships_contains_paywalled_content":false,"_jetpack_feature_clip_id":0,"_jetpack_memberships_contains_paid_content":false,"footnotes":"","jetpack_post_was_ever_published":false},"categories":[1,4],"tags":[74,1194,122,30,2473],"class_list":["post-42275","post","type-post","status-publish","format-standard","has-post-thumbnail","hentry","category-haberler","category-siyaset","tag-abd","tag-amerika","tag-boyko-borisov","tag-bulgaristan","tag-donald-trump"],"jetpack_sharing_enabled":true,"jetpack_likes_enabled":true,"jetpack-related-posts":[],"jetpack_shortlink":"https:\/\/wp.me\/pc2PfJ-aZR","jetpack_featured_media_url":"https:\/\/i0.wp.com\/www.bghaber.org\/bghaber\/wp-content\/uploads\/2018\/06\/boyko-borisov-bulgaristan-basbakani.jpeg?fit=610%2C344&ssl=1","_links":{"self":[{"href":"https:\/\/www.bghaber.org\/bghaber\/wp-json\/wp\/v2\/posts\/42275","targetHints":{"allow":["GET"]}}],"collection":[{"href":"https:\/\/www.bghaber.org\/bghaber\/wp-json\/wp\/v2\/posts"}],"about":[{"href":"https:\/\/www.bghaber.org\/bghaber\/wp-json\/wp\/v2\/types\/post"}],"author":[{"embeddable":true,"href":"https:\/\/www.bghaber.org\/bghaber\/wp-json\/wp\/v2\/users\/29"}],"replies":[{"embeddable":true,"href":"https:\/\/www.bghaber.org\/bghaber\/wp-json\/wp\/v2\/comments?post=42275"}],"version-history":[{"count":0,"href":"https:\/\/www.bghaber.org\/bghaber\/wp-json\/wp\/v2\/posts\/42275\/revisions"}],"wp:featuredmedia":[{"embeddable":true,"href":"https:\/\/www.bghaber.org\/bghaber\/wp-json\/wp\/v2\/media\/31191"}],"wp:attachment":[{"href":"https:\/\/www.bghaber.org\/bghaber\/wp-json\/wp\/v2\/media?parent=42275"}],"wp:term":[{"taxonomy":"category","embeddable":true,"href":"https:\/\/www.bghaber.org\/bghaber\/wp-json\/wp\/v2\/categories?post=42275"},{"taxonomy":"post_tag","embeddable":true,"href":"https:\/\/www.bghaber.org\/bghaber\/wp-json\/wp\/v2\/tags?post=42275"}],"curies":[{"name":"wp","href":"https:\/\/api.w.org\/{rel}","templated":true}]}}