{"id":42272,"date":"2019-11-25T12:30:55","date_gmt":"2019-11-25T09:30:55","guid":{"rendered":"https:\/\/www.bghaber.org\/bghaber\/?p=42272"},"modified":"2019-11-25T16:00:30","modified_gmt":"2019-11-25T13:00:30","slug":"beyaz-geyik-karlovo-bolgesinde-goruntulendi","status":"publish","type":"post","link":"https:\/\/www.bghaber.org\/bghaber\/beyaz-geyik-karlovo-bolgesinde-goruntulendi\/","title":{"rendered":"Beyaz geyik Karlovo b\u00f6lgesinde g\u00f6r\u00fcnt\u00fclendi"},"content":{"rendered":"<p>Karlovo b\u00f6lgesinde g\u00f6r\u00fcnt\u00fclenen beyaz geyik, t\u00fcm medyalarda haber olunca y\u00fczlerce insan, bu zarif hayvan\u0131 g\u00f6rmek amac\u0131yla Moskovets k\u00f6y\u00fc yak\u0131nlar\u0131ndaki orman ve \u00e7ay\u0131rlarda y\u00fcr\u00fcy\u00fc\u015fe \u00e7\u0131kt\u0131. Bulgar edebiyat\u0131nda sa\u011fl\u0131k ve daha g\u00fczel bir hayat umudunun sembol\u00fc olan beyaz k\u0131rlang\u0131\u00e7tan sonra, halk efsanelerinde beyaz geyik yeni a\u015fk\u0131 \u00e7ekmek i\u00e7in bir g\u00fc\u00e7 olarak g\u00f6r\u00fcl\u00fcyor. Plovdiv Do\u011fa ve Bilim M\u00fczesi M\u00fcd\u00fcr\u00fc Dr. Ognyan Todorov\u2019a g\u00f6re, beyaz geyik \u00e7ok nadir g\u00f6r\u00fcl\u00fcyor ve b\u00fcy\u00fck olas\u0131l\u0131kla Karlovo b\u00f6lgesinin Moskovets k\u00f6y\u00fc yak\u0131nlar\u0131ndaki geyik, bir albino hayvan\u0131d\u0131r.<\/p>\n<p>De\u011ferli bir av hayvan\u0131 olan K\u0131z\u0131l geyik (Cervus elaphus) Bulgaristan&#8217;daki say\u0131s\u0131 yakla\u015f\u0131k 30 bini buluyor. \u00dclkemizde de dahil d\u00fcnyan\u0131n bir\u00e7ok \u00fclkesinde avc\u0131lar aras\u0131nda reva\u00e7ta olan geyik av\u0131nda sadece erkek hayvanlar avlanabiliniyor, \u00fcstelik y\u0131l\u0131n \u00e7ok k\u0131sa bir d\u00f6neminde. Avc\u0131lar i\u00e7in de\u011ferli ganimet olan geyik boynuzlar\u0131 rekoru, Bulgaristan\u2019da avlanan bir k\u0131rm\u0131z\u0131 geyi\u011fe ait ve CIC sistemine g\u00f6re 273.6 puana sahiptir.<\/p>\n<p>&nbsp;<\/p>\n<p>BNR<\/p>\n<div id=\"bghab-306396160\" class=\"bghab-yazi-altinda bghab-entity-placement\"><script async src=\"https:\/\/pagead2.googlesyndication.com\/pagead\/js\/adsbygoogle.js\"><\/script>\r\n<!-- bghaber-yaz\u0131-sonu -->\r\n<ins class=\"adsbygoogle\"\r\n     style=\"display:block\"\r\n     data-ad-client=\"ca-pub-6203283170189293\"\r\n     data-ad-slot=\"4222328180\"\r\n     data-ad-format=\"auto\"\r\n     data-full-width-responsive=\"true\"><\/ins>\r\n<script>\r\n     (adsbygoogle = window.adsbygoogle || []).push({});\r\n<\/script><\/div><br style=\"clear: both; display: block; float: none;\"\/>","protected":false},"excerpt":{"rendered":"<p>Karlovo b\u00f6lgesinde g\u00f6r\u00fcnt\u00fclenen beyaz geyik, t\u00fcm medyalarda haber olunca y\u00fczlerce insan, bu zarif hayvan\u0131 g\u00f6rmek amac\u0131yla Moskovets k\u00f6y\u00fc yak\u0131nlar\u0131ndaki orman ve \u00e7ay\u0131rlarda y\u00fcr\u00fcy\u00fc\u015fe \u00e7\u0131kt\u0131. Bulgar<\/p>\n","protected":false},"author":29,"featured_media":42134,"comment_status":"closed","ping_status":"closed","sticky":false,"template":"","format":"standard","meta":{"advanced_seo_description":"","jetpack_seo_html_title":"","jetpack_seo_noindex":false,"jetpack_seo_schema_type":"","_jetpack_newsletter_access":"","_jetpack_dont_email_post_to_subs":false,"_jetpack_newsletter_tier_id":0,"_jetpack_memberships_contains_paywalled_content":false,"_jetpack_feature_clip_id":0,"_jetpack_memberships_contains_paid_content":false,"footnotes":"","jetpack_post_was_ever_published":false},"categories":[5],"tags":[2627,30,541],"class_list":["post-42272","post","type-post","status-publish","format-standard","has-post-thumbnail","hentry","category-yasam","tag-beyaz-geyik","tag-bulgaristan","tag-karlovo"],"jetpack_sharing_enabled":true,"jetpack_likes_enabled":true,"jetpack-related-posts":[],"jetpack_shortlink":"https:\/\/wp.me\/pc2PfJ-aZO","jetpack_featured_media_url":"https:\/\/i0.wp.com\/www.bghaber.org\/bghaber\/wp-content\/uploads\/2019\/11\/bulgaristanda-beyaz-geyik.jpg?fit=750%2C375&ssl=1","_links":{"self":[{"href":"https:\/\/www.bghaber.org\/bghaber\/wp-json\/wp\/v2\/posts\/42272","targetHints":{"allow":["GET"]}}],"collection":[{"href":"https:\/\/www.bghaber.org\/bghaber\/wp-json\/wp\/v2\/posts"}],"about":[{"href":"https:\/\/www.bghaber.org\/bghaber\/wp-json\/wp\/v2\/types\/post"}],"author":[{"embeddable":true,"href":"https:\/\/www.bghaber.org\/bghaber\/wp-json\/wp\/v2\/users\/29"}],"replies":[{"embeddable":true,"href":"https:\/\/www.bghaber.org\/bghaber\/wp-json\/wp\/v2\/comments?post=42272"}],"version-history":[{"count":0,"href":"https:\/\/www.bghaber.org\/bghaber\/wp-json\/wp\/v2\/posts\/42272\/revisions"}],"wp:featuredmedia":[{"embeddable":true,"href":"https:\/\/www.bghaber.org\/bghaber\/wp-json\/wp\/v2\/media\/42134"}],"wp:attachment":[{"href":"https:\/\/www.bghaber.org\/bghaber\/wp-json\/wp\/v2\/media?parent=42272"}],"wp:term":[{"taxonomy":"category","embeddable":true,"href":"https:\/\/www.bghaber.org\/bghaber\/wp-json\/wp\/v2\/categories?post=42272"},{"taxonomy":"post_tag","embeddable":true,"href":"https:\/\/www.bghaber.org\/bghaber\/wp-json\/wp\/v2\/tags?post=42272"}],"curies":[{"name":"wp","href":"https:\/\/api.w.org\/{rel}","templated":true}]}}