{"id":41254,"date":"2019-10-17T00:01:28","date_gmt":"2019-10-16T21:01:28","guid":{"rendered":"https:\/\/www.bghaber.org\/bghaber\/?p=41254"},"modified":"2019-10-18T02:00:41","modified_gmt":"2019-10-17T23:00:41","slug":"bulturkten-medeniyet-unv-rektoru-prof-dr-gulfettin-celike-hayirli-olsun-ziyareti","status":"publish","type":"post","link":"https:\/\/www.bghaber.org\/bghaber\/bulturkten-medeniyet-unv-rektoru-prof-dr-gulfettin-celike-hayirli-olsun-ziyareti\/","title":{"rendered":"BULT\u00dcRK\u2019ten Medeniyet Unv. Rekt\u00f6r\u00fc Prof. Dr. G\u00fclfettin \u00c7EL\u0130K\u2019e \u201cHay\u0131rl\u0131 Olsun\u201d Ziyareti"},"content":{"rendered":"<p>16 Ekim 2019 tarihinde \u0130stanbul Medeniyet \u00dcniversitesi Rekt\u00f6r\u00fc Prof. Dr. G\u00fclfettin \u00c7EL\u0130K\u2019i makam\u0131nda BULT\u00dcRK ekibi ziyaret ger\u00e7ekle\u015ftirdi.<\/p>\n<p>BULT\u00dcRK \u2013 Bulgaristan T\u00fcrkleri K\u00fclt\u00fcr ve Hizmet Derne\u011fi Genel Ba\u015fkan\u0131 Rafet ULUT\u00dcRK beraberinde BGSAM\u00a0 -Bulgaristan Stratejik Ara\u015ft\u0131rma Merkezi Ba\u015fkan\u0131 Dr. Erdal KARABA\u015e ve Do\u011fu T\u00fcrkistanl\u0131 \u00c7in B\u00f6lgesi Ara\u015ft\u0131rmac\u0131s\u0131 Dr. Ferhat KURBANTANRIDA\u011eILI ile birlikte Medeniyet \u00dcniversitesi Rekt\u00f6rl\u00fck g\u00f6revine atanan Prof. Dr. G\u00fclfettin \u00c7EL\u0130K\u2019i makam\u0131nda ziyaret etti ve yeni g\u00f6revinde ba\u015far\u0131lar\u0131n\u0131n devam\u0131n\u0131 diledi.<\/p>\n<p><img data-recalc-dims=\"1\" decoding=\"async\" src=\"https:\/\/i0.wp.com\/bulturk.org.tr\/v2\/wp-content\/uploads\/2019\/10\/0361d6c1-ffab-4b51-a6c9-f4551e123725.jpg?w=640&#038;ssl=1\" \/><\/p>\n<p>BULT\u00dcRK Genel Ba\u015fkan\u0131 Kendi yazd\u0131\u011f\u0131\u00a0<strong>\u201cT\u00fcrk D\u00fcnyas\u0131nda bir Bulgaristan T\u00fcrk\u00fc 50 y\u0131ll\u0131k m\u00fccadele\u201d<\/strong>\u00a0kitab\u0131n\u0131 ve 1989 g\u00f6\u00e7\u00fc Sempozyumunun bildiri kitab\u0131n\u0131 taktim etti. Ayr\u0131ca Do\u011fu T\u00fcrkistanl\u0131 \u00c7in B\u00f6lgesi Ara\u015ft\u0131rmac\u0131s\u0131 Dr. Ferhat KURBANTANRIDA\u011eILI de kendi yazd\u0131\u011f\u0131\u00a0<strong>\u201cK\u00fcresel G\u00fc\u00e7 Olma Sevdas\u0131 \u00c7in R\u00fcyas\u0131\u201d<\/strong>\u00a0kitab\u0131n\u0131 taktim etti.<\/p>\n<p><img data-recalc-dims=\"1\" loading=\"lazy\" decoding=\"async\" class=\"\" src=\"https:\/\/i0.wp.com\/bulturk.org.tr\/v2\/wp-content\/uploads\/2019\/10\/DTR-ferhat.jpg?resize=640%2C432&#038;ssl=1\" width=\"640\" height=\"432\" \/><\/p>\n<p>\u00c7EL\u0130K\u00a0<strong><em>\u201cBULT\u00dcRK Derne\u011fini takip ediyorum ve g\u00fczel i\u015fler yap\u0131yorsunuz. Tebrik ederim. Bizlerde B\u00fcy\u00fck potansiyele sahip bir \u00fcniversiteyiz. Akademisyenlerimizin \u00e7al\u0131\u015fmalar\u0131yla \u00fcreten, ara\u015ft\u0131ran, \u015fehrine, b\u00f6lgesine ve \u00fclkesine fayda sa\u011flayan bir \u00fcniversite olarak yolumuza devam edece\u011fiz. \u00dclkemize ve \u015fehrimize hizmet i\u00e7in \u00e7\u0131kt\u0131\u011f\u0131m\u0131z bu yolda yan\u0131m\u0131zda olan ve bize destek veren herkese te\u015fekk\u00fcr ediyorum\u201d<\/em><\/strong>\u00a0dedi.<\/p>\n<p>Bu ziyaretten duydu\u011fu memnuniyeti dile getiren Prof. Dr. G\u00fclfettin \u00c7EL\u0130K, konu\u015fmas\u0131n\u0131n son b\u00f6l\u00fcm\u00fcnde BULT\u00dcRK Ba\u015fkan\u0131 ULUT\u00dcRK ve ekibine te\u015fekk\u00fcr etti.<\/p><div id=\"bghab-2451570324\" class=\"bghab-icerik-icine bghab-entity-placement\"><script async src=\"\/\/pagead2.googlesyndication.com\/pagead\/js\/adsbygoogle.js?client=ca-pub-6203283170189293\" crossorigin=\"anonymous\"><\/script><ins class=\"adsbygoogle\" style=\"display:block; text-align:center;\" data-ad-client=\"ca-pub-6203283170189293\" \ndata-ad-slot=\"7303146466\" \ndata-ad-layout=\"in-article\"\ndata-ad-format=\"fluid\" data-full-width-responsive=\"true\"><\/ins>\n<script> \n(adsbygoogle = window.adsbygoogle || []).push({}); \n<\/script>\n<\/div>\n<p>BULT\u00dcRK Ba\u015fkan\u0131 ULUT\u00dcRK de Rekt\u00f6r \u00c7EL\u0130K\u2019e, \u0130stanbul Medeniyet \u00dcniversitesi Rekt\u00f6rl\u00fck g\u00f6revinde ba\u015far\u0131lar diledi ve derne\u011fimizle her t\u00fcr i\u015fbirli\u011fi i\u00e7inde y\u00fcr\u00fct\u00fclecek \u00e7al\u0131\u015fmalar i\u00e7in haz\u0131r olduklar\u0131n\u0131 belirtti. Toplumumuzun ihtiya\u00e7 duydu\u011fu konular \u00fczerinde birlikte ahenk i\u00e7inde \u00e7al\u0131\u015fmam\u0131za haz\u0131r oldu\u011fumuzu belirtmek isteriz diyerek ziyaret sona erdi.<\/p>\n<p>&nbsp;<\/p>\n<p><strong>Elif G\u00dcNE\u015e<br \/>\nBULT\u00dcRK<\/strong><strong><em><br \/>\nGenel Sekreteri<\/em><\/strong><\/p>\n<p><img data-recalc-dims=\"1\" decoding=\"async\" src=\"https:\/\/i0.wp.com\/bulturk.org.tr\/v2\/wp-content\/uploads\/2019\/10\/32f9478c-13cf-4f04-a8cf-ae411a6bbe44.jpg?w=640&#038;ssl=1\" \/><\/p>\n<h3>Soldan sa\u011f; Dr. Erdal KARABA\u015e, Dr. Ferhat KURBANTANRIDA\u011eI, Medeniyet Unv. Rekt\u00f6r\u00fc Prof.Dr. G\u00fclfettin \u00c7EL\u0130K, Rafet ULUT\u00dcRK-BULT\u00dcRK Genel Ba\u015fkan\u0131<\/h3>\n<div id=\"bghab-2466284383\" class=\"bghab-yazi-altinda bghab-entity-placement\"><script async src=\"https:\/\/pagead2.googlesyndication.com\/pagead\/js\/adsbygoogle.js\"><\/script>\r\n<!-- bghaber-yaz\u0131-sonu -->\r\n<ins class=\"adsbygoogle\"\r\n     style=\"display:block\"\r\n     data-ad-client=\"ca-pub-6203283170189293\"\r\n     data-ad-slot=\"4222328180\"\r\n     data-ad-format=\"auto\"\r\n     data-full-width-responsive=\"true\"><\/ins>\r\n<script>\r\n     (adsbygoogle = window.adsbygoogle || []).push({});\r\n<\/script><\/div><br style=\"clear: both; display: block; float: none;\"\/>","protected":false},"excerpt":{"rendered":"<p>16 Ekim 2019 tarihinde \u0130stanbul Medeniyet \u00dcniversitesi Rekt\u00f6r\u00fc Prof. Dr. G\u00fclfettin \u00c7EL\u0130K\u2019i makam\u0131nda BULT\u00dcRK ekibi ziyaret ger\u00e7ekle\u015ftirdi. BULT\u00dcRK \u2013 Bulgaristan T\u00fcrkleri K\u00fclt\u00fcr ve Hizmet Derne\u011fi<\/p>\n","protected":false},"author":13,"featured_media":41255,"comment_status":"closed","ping_status":"closed","sticky":false,"template":"","format":"standard","meta":{"advanced_seo_description":"","jetpack_seo_html_title":"","jetpack_seo_noindex":false,"jetpack_seo_schema_type":"","_jetpack_newsletter_access":"","_jetpack_dont_email_post_to_subs":false,"_jetpack_newsletter_tier_id":0,"_jetpack_memberships_contains_paywalled_content":false,"_jetpack_feature_clip_id":0,"_jetpack_memberships_contains_paid_content":false,"footnotes":"","jetpack_post_was_ever_published":false},"categories":[10],"tags":[37],"class_list":["post-41254","post","type-post","status-publish","format-standard","has-post-thumbnail","hentry","category-kultur-sanat","tag-bulturk"],"jetpack_sharing_enabled":true,"jetpack_likes_enabled":true,"jetpack-related-posts":[],"jetpack_shortlink":"https:\/\/wp.me\/pc2PfJ-aJo","jetpack_featured_media_url":"https:\/\/i0.wp.com\/www.bghaber.org\/bghaber\/wp-content\/uploads\/2019\/10\/32f9478c-13cf-4f04-a8cf-ae411a6bbe44.jpg?fit=1328%2C747&ssl=1","_links":{"self":[{"href":"https:\/\/www.bghaber.org\/bghaber\/wp-json\/wp\/v2\/posts\/41254","targetHints":{"allow":["GET"]}}],"collection":[{"href":"https:\/\/www.bghaber.org\/bghaber\/wp-json\/wp\/v2\/posts"}],"about":[{"href":"https:\/\/www.bghaber.org\/bghaber\/wp-json\/wp\/v2\/types\/post"}],"author":[{"embeddable":true,"href":"https:\/\/www.bghaber.org\/bghaber\/wp-json\/wp\/v2\/users\/13"}],"replies":[{"embeddable":true,"href":"https:\/\/www.bghaber.org\/bghaber\/wp-json\/wp\/v2\/comments?post=41254"}],"version-history":[{"count":0,"href":"https:\/\/www.bghaber.org\/bghaber\/wp-json\/wp\/v2\/posts\/41254\/revisions"}],"wp:featuredmedia":[{"embeddable":true,"href":"https:\/\/www.bghaber.org\/bghaber\/wp-json\/wp\/v2\/media\/41255"}],"wp:attachment":[{"href":"https:\/\/www.bghaber.org\/bghaber\/wp-json\/wp\/v2\/media?parent=41254"}],"wp:term":[{"taxonomy":"category","embeddable":true,"href":"https:\/\/www.bghaber.org\/bghaber\/wp-json\/wp\/v2\/categories?post=41254"},{"taxonomy":"post_tag","embeddable":true,"href":"https:\/\/www.bghaber.org\/bghaber\/wp-json\/wp\/v2\/tags?post=41254"}],"curies":[{"name":"wp","href":"https:\/\/api.w.org\/{rel}","templated":true}]}}