{"id":41244,"date":"2019-10-16T08:32:35","date_gmt":"2019-10-16T05:32:35","guid":{"rendered":"https:\/\/www.bghaber.org\/bghaber\/?p=41244"},"modified":"2019-10-18T02:00:31","modified_gmt":"2019-10-17T23:00:31","slug":"bulturkten-baris-pinari-harekatina-destek","status":"publish","type":"post","link":"https:\/\/www.bghaber.org\/bghaber\/bulturkten-baris-pinari-harekatina-destek\/","title":{"rendered":"BULT\u00dcRK&#8217;ten Bar\u0131\u015f P\u0131nar\u0131 Harekat\u0131&#8217;na Destek"},"content":{"rendered":"<p>T\u00fcrk Silahl\u0131 Kuvvetleri\u2019nin ter\u00f6r tehdidinin ortadan kald\u0131r\u0131lmas\u0131na,<br \/>\nm\u00fcltecilerin evlerine d\u00f6nmelerine, insani sorunlar\u0131n \u00e7\u00f6z\u00fcm\u00fcne,<br \/>\nb\u00f6lgeye bar\u0131\u015f ve huzur getirmek i\u00e7in T\u00fcrkiye Cumhuriyeti<br \/>\nhakl\u0131 olarak Bar\u0131\u015f P\u0131nar\u0131 Harekat\u0131\u2019n\u0131 ba\u015flatm\u0131\u015ft\u0131r.<br \/>\nBu operasyonun amac\u0131 b\u00f6lgeye bar\u0131\u015f ve huzur getirmektir. Ayr\u0131ca di\u011fer devletlerde g\u00f6\u00e7men karde\u015flerimizin kendi vatanlar\u0131na hu<span class=\"text_exposed_show\">zurla d\u00f6nmesini sa\u011flamak i\u00e7in yap\u0131lmaktad\u0131r.\u00a0<\/span><\/p>\n<p>T\u00fcrkiye Cumhuriyetimizin Say\u0131n Cumhurba\u015fkan\u0131m\u0131z\u0131n<br \/>\nBA\u015eKOMUTANIMIZIN emirleri do\u011frultusunda ba\u015flat\u0131lan bu operasyona<br \/>\nbizler de BULT\u00dcRK &#8211; Bulgaristan T\u00fcrkleri K\u00fclt\u00fcr ve Hizmet Derne\u011fi olarak tam destek veriyoruz.<br \/>\nT\u00fcrk D\u00fcnyas\u0131n\u0131n birlik beraberlik \u015fuurunu en \u00fcst seviyeye ta\u015f\u0131mak i\u00e7in<br \/>\nBulgaristan T\u00fcrkleri olarak u\u011frunda say\u0131s\u0131z \u015fehitler verdi\u011fimiz<br \/>\nAl Bayra\u011f\u0131m\u0131z\u0131 daha da y\u00fckseklere ta\u015f\u0131nabilmesi i\u00e7in<br \/>\nt\u00fcm dualar\u0131m\u0131z \u015eanl\u0131 T\u00fcrk ordumuz ve Kahraman Mehmet\u00e7iklerimiz i\u00e7in.<\/p>\n<p>Bulgaristan T\u00fcrkleri her zaman oldu\u011fu gibi T\u00fcrkiye&#8217;nin yan\u0131ndad\u0131r<br \/>\nve T\u00fcrkiye&#8217;nin ve D\u00fcnya\u2019da T\u00fcrklerin g\u00fcvenli\u011fi, b\u00f6lgesel istikrar<br \/>\nve Suriye\u2019de bar\u0131\u015f\u00e7\u0131l \u00e7\u00f6z\u00fcm i\u00e7in att\u0131\u011f\u0131 ad\u0131mlar\u0131 destekliyor,<br \/>\nba\u015far\u0131l\u0131 olmalar\u0131 i\u00e7in Bulgaristan T\u00fcrkleri ve T\u00fcrk D\u00fcnyas\u0131n\u0131n dualar\u0131<br \/>\nT\u00fcrk Askeri Mehmet\u00e7iklerimizedir.<\/p>\n<p><strong>Cephedeki Mehmet\u00e7iklere mesaj\u0131m\u0131z: <\/strong><br \/>\nBiz size sonuna kadar g\u00fcveniyoruz. Siz gere\u011fini en iyi \u015fekilde yapaca\u011f\u0131n\u0131za inan\u0131yoruz. Dualar\u0131m\u0131zla birlikte sizlerin yan\u0131nday\u0131z.<br \/>\n<em><strong>Bizim ORDUMUZ&#8217;DA DEVLET\u0130M\u0130Z&#8217;De \u00e7ok b\u00fcy\u00fck.<\/strong><\/em><br \/>\nSizin bu ba\u015far\u0131n\u0131zdan sonra daha da \u00e7ok b\u00fcy\u00fct\u00fclecektir. Biz s\u0131n\u0131rlar\u0131m\u0131zda ter\u00f6r\u00fc istemiyoruz. Sizlere \u00e7ok selam ediyor. Vatanda\u015flar\u0131m\u0131z ba\u015fta olmak \u00fczere<br \/>\nT\u00fcrk-\u0130slam Aleminin huzuru i\u00e7in bu operasyonda da ba\u015far\u0131lar diliyoruz.<\/p>\n<p><strong>Allah yar ve yard\u0131mc\u0131m\u0131z olsun. <\/strong><br \/>\nAllah&#8217;\u0131m Ba\u015fkomutan\u0131m\u0131z Say\u0131n Erdo\u011fan\u2019\u0131n emri ile ba\u015flayan<br \/>\nBARI\u015e PINARI HATEKATIN\u2019da ter\u00f6r ve ter\u00f6ristlere kar\u015f\u0131 ORDUMUZU MUZAFFER eyle. Allah ordumuza kuvvet versin.\u00a0Cenab-\u0131 Allah en k\u0131sa s\u00fcrede zaferler nasib etsin. Allah milletimize zeval vermesin. Mehmet\u00e7i\u011fimiz\u2019in aya\u011f\u0131na ta\u015f de\u011fmesin&#8230;<br \/>\nRabbim yar ve yard\u0131mc\u0131m\u0131z olsun Dualar\u0131m\u0131z Mehmet\u00e7iklerimize&#8230;<br \/>\nAmin yarabbim sen \u015fanl\u0131 ordumuzu koru.<span class=\"text_exposed_show\"><br \/>\n<\/span><\/p><div id=\"bghab-1023815726\" class=\"bghab-icerik-icine bghab-entity-placement\"><script async src=\"\/\/pagead2.googlesyndication.com\/pagead\/js\/adsbygoogle.js?client=ca-pub-6203283170189293\" crossorigin=\"anonymous\"><\/script><ins class=\"adsbygoogle\" style=\"display:block; text-align:center;\" data-ad-client=\"ca-pub-6203283170189293\" \ndata-ad-slot=\"7303146466\" \ndata-ad-layout=\"in-article\"\ndata-ad-format=\"fluid\" data-full-width-responsive=\"true\"><\/ins>\n<script> \n(adsbygoogle = window.adsbygoogle || []).push({}); \n<\/script>\n<\/div>\n<p><span class=\"text_exposed_show\">BULT\u00dcRK<br \/>\nBulgaristan T\u00fcrkleri<br \/>\nK\u00fclt\u00fcr ve Hizmet Derne\u011fi<\/span><\/p>\n<p>&nbsp;<\/p>\n<div id=\"bghab-1913491240\" class=\"bghab-yazi-altinda bghab-entity-placement\"><script async src=\"https:\/\/pagead2.googlesyndication.com\/pagead\/js\/adsbygoogle.js\"><\/script>\r\n<!-- bghaber-yaz\u0131-sonu -->\r\n<ins class=\"adsbygoogle\"\r\n     style=\"display:block\"\r\n     data-ad-client=\"ca-pub-6203283170189293\"\r\n     data-ad-slot=\"4222328180\"\r\n     data-ad-format=\"auto\"\r\n     data-full-width-responsive=\"true\"><\/ins>\r\n<script>\r\n     (adsbygoogle = window.adsbygoogle || []).push({});\r\n<\/script><\/div><br style=\"clear: both; display: block; float: none;\"\/>","protected":false},"excerpt":{"rendered":"<p>T\u00fcrk Silahl\u0131 Kuvvetleri\u2019nin ter\u00f6r tehdidinin ortadan kald\u0131r\u0131lmas\u0131na, m\u00fcltecilerin evlerine d\u00f6nmelerine, insani sorunlar\u0131n \u00e7\u00f6z\u00fcm\u00fcne, b\u00f6lgeye bar\u0131\u015f ve huzur getirmek i\u00e7in T\u00fcrkiye Cumhuriyeti hakl\u0131 olarak Bar\u0131\u015f P\u0131nar\u0131<\/p>\n","protected":false},"author":13,"featured_media":41245,"comment_status":"closed","ping_status":"closed","sticky":false,"template":"","format":"standard","meta":{"advanced_seo_description":"","jetpack_seo_html_title":"","jetpack_seo_noindex":false,"jetpack_seo_schema_type":"","_jetpack_newsletter_access":"","_jetpack_dont_email_post_to_subs":false,"_jetpack_newsletter_tier_id":0,"_jetpack_memberships_contains_paywalled_content":false,"_jetpack_feature_clip_id":0,"_jetpack_memberships_contains_paid_content":false,"footnotes":"","jetpack_post_was_ever_published":false},"categories":[1,4],"tags":[2505,37],"class_list":["post-41244","post","type-post","status-publish","format-standard","has-post-thumbnail","hentry","category-haberler","category-siyaset","tag-baris-pinari","tag-bulturk"],"jetpack_sharing_enabled":true,"jetpack_likes_enabled":true,"jetpack-related-posts":[],"jetpack_shortlink":"https:\/\/wp.me\/pc2PfJ-aJe","jetpack_featured_media_url":"https:\/\/i0.wp.com\/www.bghaber.org\/bghaber\/wp-content\/uploads\/2019\/10\/topl-bulturk.jpg?fit=1024%2C768&ssl=1","_links":{"self":[{"href":"https:\/\/www.bghaber.org\/bghaber\/wp-json\/wp\/v2\/posts\/41244","targetHints":{"allow":["GET"]}}],"collection":[{"href":"https:\/\/www.bghaber.org\/bghaber\/wp-json\/wp\/v2\/posts"}],"about":[{"href":"https:\/\/www.bghaber.org\/bghaber\/wp-json\/wp\/v2\/types\/post"}],"author":[{"embeddable":true,"href":"https:\/\/www.bghaber.org\/bghaber\/wp-json\/wp\/v2\/users\/13"}],"replies":[{"embeddable":true,"href":"https:\/\/www.bghaber.org\/bghaber\/wp-json\/wp\/v2\/comments?post=41244"}],"version-history":[{"count":0,"href":"https:\/\/www.bghaber.org\/bghaber\/wp-json\/wp\/v2\/posts\/41244\/revisions"}],"wp:featuredmedia":[{"embeddable":true,"href":"https:\/\/www.bghaber.org\/bghaber\/wp-json\/wp\/v2\/media\/41245"}],"wp:attachment":[{"href":"https:\/\/www.bghaber.org\/bghaber\/wp-json\/wp\/v2\/media?parent=41244"}],"wp:term":[{"taxonomy":"category","embeddable":true,"href":"https:\/\/www.bghaber.org\/bghaber\/wp-json\/wp\/v2\/categories?post=41244"},{"taxonomy":"post_tag","embeddable":true,"href":"https:\/\/www.bghaber.org\/bghaber\/wp-json\/wp\/v2\/tags?post=41244"}],"curies":[{"name":"wp","href":"https:\/\/api.w.org\/{rel}","templated":true}]}}