{"id":409,"date":"2013-04-14T04:17:18","date_gmt":"2013-04-14T01:17:18","guid":{"rendered":"http:\/\/bghaber.org\/bghaber\/?p=409"},"modified":"2013-07-14T18:43:07","modified_gmt":"2013-07-14T15:43:07","slug":"sinirin-oteki-tarafi-3","status":"publish","type":"post","link":"https:\/\/www.bghaber.org\/bghaber\/sinirin-oteki-tarafi-3\/","title":{"rendered":"S\u0131n\u0131r\u0131n &#8220;\u00d6teki Taraf\u0131&#8221; 3"},"content":{"rendered":"<p>T.Jivkov: T\u00fcrkiye onlar\u0131 [Bulgaristan T\u00fcrklerini] kabul etmeyi reddedecektir.<\/p>\n<p>Pen\u00e7o Kubainski:Biz kendimiz i\u00e7in her zaman avantaj sa\u011flayacak bir ad\u0131m att\u0131k. T\u00fcrkiye kap\u0131lar\u0131n\u0131 a\u00e7mazsa, biz\u00a0 onun su\u00e7lu oldu\u011funu, T\u00fcrkiye&#8217;nin onlar\u0131 kabul etmedi\u011fini s\u00f6yleyece\u011fiz. Gidip daha sonra d\u00f6nerlerse &#8220;Siz Bulgars\u0131n\u0131z, nereye gidiyorsunuz. Size gitmeyin demedik mi?&#8221; diyece\u011fiz. \u015eu anda onlar\u0131 kabul ederler mi etmezler mi konusu \u00fczerinde kafalar\u0131m\u0131z\u0131 yormayal\u0131m, onlar\u0131 kabul etmeleri i\u00e7in bask\u0131 yapal\u0131m. T.Jivkov: Bu i\u015fe rahat bakmal\u0131y\u0131z, onlar\u0131 m\u00fczikle u\u011furlamal\u0131y\u0131z&#8230; Gelecekte g\u00f6\u00e7 edenlerin evlerine Bulgar yerle\u015ftirmeliyiz, her \u015feyi bedava vermeliyiz. Georgi Yordanov:&#8230;T\u00fcrkiye&#8217;ye g\u00f6\u00e7 etmek isteyenlerin say\u0131s\u0131 200 bin mi, yoksa 100 bin mi olur, bilemeyiz ama biraz kan\u0131n akmas\u0131 devletimizin lehine olacakt\u0131r. Temiz olmayan kan d\u0131\u015far\u0131ya akmal\u0131.<!--more--><\/p>\n<figure id=\"attachment_3721\" aria-describedby=\"caption-attachment-3721\" style=\"width: 150px\" class=\"wp-caption alignright\"><a href=\"https:\/\/i0.wp.com\/bghaber.org\/bghaber\/wp-content\/uploads\/2013\/07\/hasine-sen.jpg\"><img data-recalc-dims=\"1\" loading=\"lazy\" decoding=\"async\" class=\"size-thumbnail wp-image-3721\" alt=\"Do\u00e7.Dr.Hasine \u015een\" src=\"https:\/\/i0.wp.com\/bghaber.org\/bghaber\/wp-content\/uploads\/2013\/07\/hasine-sen-150x150.jpg?resize=150%2C150\" width=\"150\" height=\"150\" srcset=\"https:\/\/i0.wp.com\/www.bghaber.org\/bghaber\/wp-content\/uploads\/2013\/07\/hasine-sen.jpg?resize=150%2C150&amp;ssl=1 150w, https:\/\/i0.wp.com\/www.bghaber.org\/bghaber\/wp-content\/uploads\/2013\/07\/hasine-sen.jpg?resize=65%2C65&amp;ssl=1 65w, https:\/\/i0.wp.com\/www.bghaber.org\/bghaber\/wp-content\/uploads\/2013\/07\/hasine-sen.jpg?zoom=2&amp;resize=150%2C150&amp;ssl=1 300w, https:\/\/i0.wp.com\/www.bghaber.org\/bghaber\/wp-content\/uploads\/2013\/07\/hasine-sen.jpg?zoom=3&amp;resize=150%2C150&amp;ssl=1 450w\" sizes=\"auto, (max-width: 150px) 100vw, 150px\" \/><\/a><figcaption id=\"caption-attachment-3721\" class=\"wp-caption-text\">Do\u00e7.Dr.Hasine \u015een<\/figcaption><\/figure>\n<p>T.Jivkov:&#8230;G\u00f6\u00e7 konusunu g\u00fcndemden kald\u0131rmal\u0131y\u0131z. Emil Hristov: Evet, t\u00fcm\u00fcyle kat\u0131l\u0131yorum. Yolda\u015f Kubadinski bile bunun bir g\u00f6\u00e7 oldu\u011funu, onlar\u0131n da bunu zaten bildi\u011fini, dolay\u0131s\u0131yla ona ne isim verece\u011fimizin hi\u00e7bir \u00f6nemi olmad\u0131\u011f\u0131n\u0131 s\u00f6yledi. Hay\u0131r, b\u00f6yle de\u011fil. Buna &#8220;g\u00f6\u00e7&#8221; demememiz \u00e7ok \u00f6nemlidir, aksi taktirde emekli maa\u015flar\u0131, m\u00fclkiyet sorunlar\u0131 gibi bir\u00e7ok hukuki sorunla kar\u015f\u0131la\u015faca\u011f\u0131z&#8230;.Baz\u0131 kanun metinlerinde de\u011fi\u015fiklik yapmal\u0131y\u0131z, serbest seyahat hakk\u0131 tan\u0131yan kanunumuza dayanarak yeni maddeler ilave etmeliyiz. G\u00f6\u00e7&#8217; ten de\u011fil, serbest seyahat hakk\u0131ndan s\u00f6z etmeliyiz ( 61-73)<\/p>\n<p>7 Haziran 1989 tarihinde, Politb\u00fcro \u00fcyelerinin Partinin B\u00f6lge Komite Sekreterleri, Kom\u00fcnist Gen\u00e7lik Birli\u011fi Sekreteri ve \u0130\u00e7 \u0130\u015fleri Bakan\u0131 ile yapt\u0131\u011f\u0131 g\u00f6r\u00fc\u015fmede de Parti Sekreteri Jivkov g\u00f6\u00e7 konusunu g\u00fcndeme getiriyor ve bu olay\u0131n ger\u00e7ekle\u015fmemesini \u00fclke i\u00e7in son derece b\u00fcy\u00fck bir tehlike olarak g\u00f6steriyor. Jivkov&#8217;a g\u00f6re \u00fclkeden en az iki y\u00fcz &#8211; \u00fc\u00e7 y\u00fcz bin Bulgaristan T\u00fcrk\u00fc d\u0131\u015far\u0131ya g\u00f6nderilmelidir, aksi taktirde &#8220;15 y\u0131l sonra ortada Bulgaristan diye bir \u00fclke kalmayacakt\u0131r. K\u0131br\u0131s veya benzer bir \u015feye d\u00f6n\u00fc\u015fecektir,&#8221; dolay\u0131s\u0131yla &#8220;g\u00f6\u00e7 olay\u0131na olumlu bir olay gibi bak\u0131lmal\u0131. Bulgaristan Halk Cumhuriyeti i\u00e7in bu n\u00fcfustan iki y\u00fcz, hatta m\u00fcmk\u00fcnse \u00fc\u00e7 y\u00fcz bin ki\u015finin g\u00f6\u00e7 etmesi son derece \u00f6nemlidir &#8221; (86).<\/p>\n<p>Jivkov&#8217;un bu a\u00e7\u0131klamas\u0131, T\u00fcrk az\u0131nl\u0131\u011f\u0131n\u0131n Bulgaristan i\u00e7in ni\u00e7in o kadar b\u00fcy\u00fck bir tehdit olu\u015fturuyor sorusunu da g\u00fcndeme getiriyor. &#8220;Soya d\u00f6n\u00fc\u015f&#8221; s\u00fcreciyle ilgili bir\u00e7ok kuram geli\u015ftirilse de, Bulgar n\u00fcfusunun sosyalizm d\u00f6neminde \u00fclkenin etnik kimli\u011fini tehdit edecek \u00f6l\u00e7\u00fcde azalmas\u0131 temel neden olarak g\u00f6sterilmektedir. Sosyalizm kar\u015f\u0131t\u0131 g\u00f6r\u00fc\u015flerini Bulgaristan&#8217;\u0131 terk ettikten sonra da &#8220;\u00d6zg\u00fcr Avrupa&#8221; radyosundan s\u00fcrd\u00fcren ve bundan dolay\u0131 Bulgaristan gizli ajanlar\u0131 taraf\u0131ndan 1978 y\u0131l\u0131nda \u0130ngiltere&#8217;de \u00f6ld\u00fcr\u00fclen Bulgar yazar\u0131 Georgi Markov bu konuya 1980&#8217;de Almanya&#8217;da ve 1990&#8217;da Bulgaristan&#8217;da yay\u0131mlanan <em>Bulgaristan R\u00f6portajlar\u0131<\/em>\u00a0\u00a0 ba\u015fl\u0131kl\u0131 kitab\u0131nda yer vermektedir. 1969&#8217;da yurt d\u0131\u015f\u0131na gitmeden \u00f6nce Bulgaristan&#8217;da ya\u015fad\u0131\u011f\u0131 olaylar\u0131 a\u00e7\u0131klad\u0131\u011f\u0131 bu eserinde Markov, o d\u00f6nemde yetkili bir parti lideri konumunda olan Boyan B\u0131lgaranov ile yapt\u0131\u011f\u0131 bir g\u00f6r\u00fc\u015fmede, B\u0131lgaranov&#8217;un kendisine &#8220;Yirmi y\u0131l sonra biz bir T\u00fcrk-\u00e7ingene \u00fclkesi olaca\u011f\u0131z, bunun fark\u0131nda de\u011fil misiniz?&#8221; diye ba\u011f\u0131rd\u0131\u011f\u0131n\u0131 anlat\u0131r (261).Markov&#8217;un da belirtti\u011fi gibi, 1960&#8217;larda Bulgar n\u00fcfusu do\u011fum oran\u0131n\u0131n eksi rakamlarla \u00f6l\u00e7\u00fclmesi, parti y\u00f6neticilerini tela\u015fland\u0131r\u0131r ve &#8220;Bulgar milli do\u011furganl\u0131\u011f\u0131n\u0131n trajik boyutlar\u0131&#8221; en \u00f6nemli sorun haline gelir (262). \u0130statistik verilere g\u00f6re g\u00f6zlemlenen genel n\u00fcfus art\u0131\u015f\u0131 ise iki etkene ba\u011fl\u0131d\u0131r: \u00f6l\u00fcm oran\u0131n\u0131n \u00f6nemli \u00f6l\u00e7\u00fcde d\u00fc\u015fmesi ve T\u00fcrk ile \u00e7ingene n\u00fcfusunun h\u0131zla \u00e7o\u011falmas\u0131. \u00dclkenin etnik dengesini korumak i\u00e7in Parti y\u00f6neticileri bir taraftan Bulgarlar\u0131n do\u011furganl\u0131\u011f\u0131 y\u00fckseltmek i\u00e7in \u00e7\u00f6z\u00fcmler ararken (bekarl\u0131k vergisi y\u00fczde be\u015f oran\u0131ndan y\u00fczde ona y\u00fckseltiliyor, annelerin kulland\u0131\u011f\u0131 do\u011fum ve do\u011fum sonras\u0131 izinler uzat\u0131l\u0131yor, ailelere sahip olduklar\u0131 \u00e7ocuk say\u0131s\u0131na g\u00f6re yap\u0131lan maddi yard\u0131m y\u00fckseltiliyor), di\u011fer taraftan da Markov&#8217;un t\u00fcm bu faaliyetler aras\u0131ndaki &#8220;en tuhaf eylem&#8221; olarak adland\u0131rd\u0131\u011f\u0131 bir s\u00fcre\u00e7 ba\u015flat\u0131yor: \u00e7ingenelerin isimleri zorunlu olarak Bulgar isimleriyle de\u011fi\u015ftiriliyor (Markov 262). 1984&#8217;te ger\u00e7ekle\u015fen &#8220;Soya D\u00f6n\u00fc\u015f&#8221; s\u00fcrecinin ve Jivkov&#8217;un 7 Haziran 1989 tarihli a\u00e7\u0131klamas\u0131nda bulundu\u011fu &#8220;g\u00f6\u00e7&#8221; talebinin de 1960&#8217;larda ba\u015flayan bu eylemin bir devam\u0131 oldu\u011fu a\u00e7\u0131kt\u0131r.<\/p><div id=\"bghab-1980147356\" class=\"bghab-icerik-icine bghab-entity-placement\"><script async src=\"\/\/pagead2.googlesyndication.com\/pagead\/js\/adsbygoogle.js?client=ca-pub-6203283170189293\" crossorigin=\"anonymous\"><\/script><ins class=\"adsbygoogle\" style=\"display:block; text-align:center;\" data-ad-client=\"ca-pub-6203283170189293\" \ndata-ad-slot=\"7303146466\" \ndata-ad-layout=\"in-article\"\ndata-ad-format=\"fluid\" data-full-width-responsive=\"true\"><\/ins>\n<script> \n(adsbygoogle = window.adsbygoogle || []).push({}); \n<\/script>\n<\/div>\n<p>Ancak Haziran 1989&#8217;da yap\u0131lan Parti toplant\u0131lar\u0131nda g\u00f6\u00e7ten s\u00f6z edilse bile, Todor Jivkov, resmi a\u00e7\u0131klamalarda bu terimden ka\u00e7\u0131nman\u0131n \u00f6nemi \u00fczerinde duruyor, g\u00f6\u00e7 yerine &#8220;ge\u00e7ici veya s\u00fcrekli olarak ba\u015fka bir \u00fclkede kalma&#8221; ifadesinin yayg\u0131nla\u015fmas\u0131n\u0131 \u00f6neriyor ve bu hareketin aciliyetini &#8220;ekstremist \u00f6\u011feleri \u00e7abucak, zorla g\u00f6\u00e7 ettirmeli; bu olaylar\u0131n [May\u0131s olaylar\u0131] merkezinde olan fanatikler topluca g\u00f6\u00e7 etmeli&#8221; ifadesiyle vurguluyor (86-87).<\/p>\n<p>Todor Jivkov&#8217;un Politb\u00fcro&#8217;nun 16 Haziran 1989 tarihli Toplant\u0131s\u0131nda yapt\u0131\u011f\u0131 Kapan\u0131\u015f Konu\u015fmas\u0131, daha \u00f6nceki toplant\u0131larda al\u0131nan kararlar\u0131n sorgulanmaya ba\u015flad\u0131\u011f\u0131na i\u015faret ediyor. S\u0131n\u0131rlar\u0131n a\u00e7\u0131lmas\u0131ndan iki hafta ge\u00e7mi\u015ftir ve bu s\u00fcre i\u00e7inde a\u011f\u0131rl\u0131kta T\u00fcrklerin ya\u015fad\u0131\u011f\u0131 b\u00f6lgelerde tarlalar ve fabrikalar bo\u015falmaya ba\u015flam\u0131\u015ft\u0131r. Tar\u0131m\u0131n ve iktisad\u0131n g\u00f6rd\u00fc\u011f\u00fc zararlar nedeniyle Politb\u00fcro ald\u0131\u011f\u0131 g\u00f6\u00e7 karar\u0131ndan geri ad\u0131m atmaya karar verir fakat, Jivkov&#8217; un a\u015fa\u011f\u0131daki a\u00e7\u0131klamas\u0131ndan da anla\u015f\u0131ld\u0131\u011f\u0131 gibi, serbest seyahat hakk\u0131 ismi alt\u0131nda ger\u00e7ekle\u015ftirilen g\u00f6\u00e7 uygulamas\u0131n\u0131 da s\u00fcrd\u00fcrmeye kararl\u0131d\u0131r:<\/p>\n<div id=\"bghab-970099996\" class=\"bghab-yazi-altinda bghab-entity-placement\"><script async src=\"https:\/\/pagead2.googlesyndication.com\/pagead\/js\/adsbygoogle.js\"><\/script>\r\n<!-- bghaber-yaz\u0131-sonu -->\r\n<ins class=\"adsbygoogle\"\r\n     style=\"display:block\"\r\n     data-ad-client=\"ca-pub-6203283170189293\"\r\n     data-ad-slot=\"4222328180\"\r\n     data-ad-format=\"auto\"\r\n     data-full-width-responsive=\"true\"><\/ins>\r\n<script>\r\n     (adsbygoogle = window.adsbygoogle || []).push({});\r\n<\/script><\/div><br style=\"clear: both; display: block; float: none;\"\/>","protected":false},"excerpt":{"rendered":"<p>T.Jivkov: T\u00fcrkiye onlar\u0131 [Bulgaristan T\u00fcrklerini] kabul etmeyi reddedecektir. Pen\u00e7o Kubainski:Biz kendimiz i\u00e7in her zaman avantaj sa\u011flayacak bir ad\u0131m att\u0131k. T\u00fcrkiye kap\u0131lar\u0131n\u0131 a\u00e7mazsa, biz\u00a0 onun su\u00e7lu<\/p>\n","protected":false},"author":27,"featured_media":3721,"comment_status":"closed","ping_status":"closed","sticky":false,"template":"","format":"standard","meta":{"advanced_seo_description":"","jetpack_seo_html_title":"","jetpack_seo_noindex":false,"jetpack_seo_schema_type":"","_jetpack_newsletter_access":"","_jetpack_dont_email_post_to_subs":false,"_jetpack_newsletter_tier_id":0,"_jetpack_memberships_contains_paywalled_content":false,"_jetpack_feature_clip_id":0,"_jetpack_memberships_contains_paid_content":false,"footnotes":"","jetpack_post_was_ever_published":false},"categories":[6],"tags":[],"class_list":["post-409","post","type-post","status-publish","format-standard","has-post-thumbnail","hentry","category-yorum"],"jetpack_sharing_enabled":true,"jetpack_likes_enabled":true,"jetpack-related-posts":[],"jetpack_shortlink":"https:\/\/wp.me\/pc2PfJ-6B","jetpack_featured_media_url":"https:\/\/i0.wp.com\/www.bghaber.org\/bghaber\/wp-content\/uploads\/2013\/07\/hasine-sen.jpg?fit=517%2C661&ssl=1","_links":{"self":[{"href":"https:\/\/www.bghaber.org\/bghaber\/wp-json\/wp\/v2\/posts\/409","targetHints":{"allow":["GET"]}}],"collection":[{"href":"https:\/\/www.bghaber.org\/bghaber\/wp-json\/wp\/v2\/posts"}],"about":[{"href":"https:\/\/www.bghaber.org\/bghaber\/wp-json\/wp\/v2\/types\/post"}],"author":[{"embeddable":true,"href":"https:\/\/www.bghaber.org\/bghaber\/wp-json\/wp\/v2\/users\/27"}],"replies":[{"embeddable":true,"href":"https:\/\/www.bghaber.org\/bghaber\/wp-json\/wp\/v2\/comments?post=409"}],"version-history":[{"count":0,"href":"https:\/\/www.bghaber.org\/bghaber\/wp-json\/wp\/v2\/posts\/409\/revisions"}],"wp:featuredmedia":[{"embeddable":true,"href":"https:\/\/www.bghaber.org\/bghaber\/wp-json\/wp\/v2\/media\/3721"}],"wp:attachment":[{"href":"https:\/\/www.bghaber.org\/bghaber\/wp-json\/wp\/v2\/media?parent=409"}],"wp:term":[{"taxonomy":"category","embeddable":true,"href":"https:\/\/www.bghaber.org\/bghaber\/wp-json\/wp\/v2\/categories?post=409"},{"taxonomy":"post_tag","embeddable":true,"href":"https:\/\/www.bghaber.org\/bghaber\/wp-json\/wp\/v2\/tags?post=409"}],"curies":[{"name":"wp","href":"https:\/\/api.w.org\/{rel}","templated":true}]}}