{"id":40837,"date":"2019-09-18T15:43:30","date_gmt":"2019-09-18T12:43:30","guid":{"rendered":"https:\/\/www.bghaber.org\/bghaber\/?p=40837"},"modified":"2019-09-18T15:43:30","modified_gmt":"2019-09-18T12:43:30","slug":"memleket-gercekler","status":"publish","type":"post","link":"https:\/\/www.bghaber.org\/bghaber\/memleket-gercekler\/","title":{"rendered":"Memleket Ger\u00e7ekler"},"content":{"rendered":"<p>Tarih: 18 Eyl\u00fcl 2019<br \/>\nAn\u0131: \u00a0Habil Kurt<br \/>\nSunu\u015f: BGSAM<br \/>\nKonu:\u00a0 <strong>Memleket Ger\u00e7ekleri<\/strong><\/p>\n<p>Y\u0131llar ne \u00e7abuk ge\u00e7iyor. Naz\u0131m Hikmet\u2019in Bulgaristan&#8217;\u0131 ilk ziyaretinden bu yana 68 y\u0131l ge\u00e7ti. Silinmeyen an\u0131lar bug\u00fcn de ya\u015f\u0131yor. T\u00fcrk kimli\u011fimizi \u015fiirde ya\u015fatan en derin kaynaklardan biri Naz\u0131m Ruhudur\u2026<\/p>\n<p>\u015eairimiz Habil Kurt\u2019un kaleme ald\u0131\u011f\u0131 An\u0131\u2019ya, bir\u00e7ok okurun kendi hat\u0131ras\u0131yla hemen kat\u0131lmas\u0131 ne g\u00fczel oldu bir bilseniz. Naz\u0131m Hikmet, T\u00fcrk edebiyat\u0131nda 2 klasikten biridir. Klasik yaratmak kolay i\u015f de\u011fil. Klasikler derin k\u00fclt\u00fcrden y\u00fccelir. Hem de bir klasi\u011fin klasik olmas\u0131na Nobel \u00d6d\u00fcl\u00fc falan almas\u0131na da gerek yok. Halk sevgisi yeter de artar.<\/p>\n<p>Deha kalemin \u00e7izdi\u011fi ince T\u00fcrk kimlik dokusuna ve renklerine bug\u00fcne kadar ba\u015fkas\u0131 o gibi dokunamam\u0131\u015ft\u0131r. O bizim kimli\u011fimizi \u201cbir a\u011fa\u00e7 gibi tek ve bir orman gibi birlikte\u201d g\u00f6rm\u00fc\u015ft\u00fcr. O, Bulgaristan T\u00fcrk kimli\u011fini T\u00fcr D\u00fcnyas\u0131 Kimli\u011fi b\u00fct\u00fcnselli\u011fine katan dehad\u0131r.<\/p>\n<p>E\u011fer T\u00fcrkl\u00fck bir d\u00fc\u015f\u00fcnce ve ruhsa, Naz\u0131m bu 2 niteli\u011fin en y\u00fcksek sentezidir. N. Hikmet Bulgaristan T\u00fcrklerine bilmeleri gereken ger\u00e7ekleri s\u00f6yleyen \u201dB\u00fcy\u00fck Adam\u201dd\u0131r. O halk\u0131m\u0131za \u201ccennetiniz buras\u0131d\u0131r\u201d derken, kesin inand\u0131\u011f\u0131 bir \u015feyi s\u00f6ylemi\u015ftir ve ondan sonra \u201cbizi temsil\u201d etmeyi kendilerine hak sayanlar, bu ger\u00e7e\u011fi ifade edecek dil bulamam\u0131\u015flard\u0131r.<\/p><div id=\"bghab-3599360468\" class=\"bghab-icerik-icine bghab-entity-placement\"><script async src=\"\/\/pagead2.googlesyndication.com\/pagead\/js\/adsbygoogle.js?client=ca-pub-6203283170189293\" crossorigin=\"anonymous\"><\/script><ins class=\"adsbygoogle\" style=\"display:block; text-align:center;\" data-ad-client=\"ca-pub-6203283170189293\" \ndata-ad-slot=\"7303146466\" \ndata-ad-layout=\"in-article\"\ndata-ad-format=\"fluid\" data-full-width-responsive=\"true\"><\/ins>\n<script> \n(adsbygoogle = window.adsbygoogle || []).push({}); \n<\/script>\n<\/div>\n<p><em><strong>Naz\u0131m Hikmet, \u015fair Habil Kurt\u2019un de\u011findi\u011fi konu\u015fmalar\u0131n\u0131,<\/strong> <\/em>1951\u2019de yaparken, memleketimizdeki durum \u00e7ok kar\u0131\u015f\u0131kt\u0131. \u0130kinci D\u00fcnya Sava\u015f\u0131nda fa\u015fizmin beli k\u0131r\u0131lm\u0131\u015f ama ruhu kalm\u0131\u015ft\u0131. Bulgaristan\u2019da ya\u015f\u0131yordu. Fa\u015fizm bir ejderhayd\u0131 ve \u201csevmedi\u011fi\u201d \u0131rklar\u0131 ve etnikleri yiyip yutmaktan zevk al\u0131yordu. O zaman art\u0131k Hitlerin telefonlar\u0131 kesilmi\u015f, Yahudiler Bulgaristan\u2019dan tas\u0131n\u0131 tara\u011f\u0131n\u0131 toplay\u0131p gitmi\u015f, T\u00fcrkler kalm\u0131\u015ft\u0131. Kader belirleyen telefonlar ve emirler Moskova\u2019dan geliyordu. Diktat\u00f6r Stalin\u2019in akl\u0131ndan ge\u00e7enleri kestirmek zordu. 250 bin Bulgaristan T\u00fcrk\u00fc\u2019n\u00fcn g\u00f6\u00e7e zorlanmas\u0131n\u0131, \u201cs\u0131n\u0131r b\u00f6lgelerinde M\u00fcsl\u00fcman kalmamas\u0131n\u0131, s\u00fcrg\u00fcn edilmelerini\u201d isteyen oydu. Naz\u0131m\u2019\u0131n halk \u00f6n\u00fcne \u00e7\u0131k\u0131p g\u00f6\u00e7 selini durdurmas\u0131, halk\u0131n ona inan\u0131p cebindeki pasaportu \u00e7\u0131kar\u0131p y\u0131rt\u0131p atmas\u0131, vatan sevgisinin \u00fcst\u00fcn geldi\u011fine kesin kan\u0131tt\u0131.<\/p>\n<p><em><strong>Naz\u0131m, Bulgaristan&#8217;daki o a\u011f\u0131r d\u00f6nemde T\u00fcrkl\u00fck ate\u015fini yakt\u0131.<\/strong><\/em> 1958\u2019e kadar T\u00fcrk ayd\u0131n ordusu olu\u015ftu, gen\u00e7ler anadilinde yazd\u0131 okudu, leh\u00e7elerimizden edebiyat dilimiz olu\u015ftu, halk sanat\u0131m\u0131z k\u0131na gecelerinden sahnelere ta\u015f\u0131nd\u0131, \u00f6zenci topluluklar\u0131m\u0131z ya\u015fama renk katt\u0131. Halk\u0131n eli kitap gazete, dergi tuttu. Kulaklar\u0131n pas\u0131 g\u00fczel T\u00fcrk\u00e7eyle al\u0131nd\u0131.<\/p>\n<p>De\u011finmek istedi\u011fim \u00e7ok ac\u0131 bir ger\u00e7ektir, fakat Naz\u0131m Hikmet ve onun arkada\u015flar\u0131 kom\u00fcnist \u00fclk\u00fcn\u00fcn Bulgaristan gibi baz\u0131 sosyalist \u00fclkelerde \u00f6z de\u011fi\u015ftirece\u011fini, barbarla\u015faca\u011f\u0131n\u0131, vah\u015file\u015fece\u011fini, T\u00fcrklerin, Tatarlar\u0131n, Pomaklar\u0131n, Romenlerin, Makedonlar\u0131n, Ulahlar\u0131n ve Gagavuzlar\u0131n vb etnik kimliklerin \u00f6z ve bi\u00e7imini de\u011fi\u015ftirip, dil, din ve tarihlerini \u00f6\u011frenmelerini yasaklay\u0131p Bulgarla\u015ft\u0131rma yolunu se\u00e7ece\u011fini, nereden ve nas\u0131l bilebilirlerdi?!<\/p>\n<p>Ar\u015fivler art\u0131k a\u00e7\u0131l\u0131yor. 1972\u2019de Pomaklara \u015fiddet ba\u015flad\u0131\u011f\u0131nda ve soy k\u0131r\u0131m s\u0131n\u0131r\u0131na varan bask\u0131 ve ter\u00f6r ya\u015fan\u0131rken, Naz\u0131m hayatta yoktu. Fakat onun en yak\u0131n arkada\u015flar\u0131 Sofya\u2019ya gelip BKP MK Politik B\u00fcro kat\u0131na \u00e7\u0131k\u0131p \u201c<strong>Pomaklar T\u00fcrk\u2019t\u00fcr, yapt\u0131klar\u0131n\u0131z Marksist-Leninist \u00f6\u011fretinin \u00f6z\u00fcne ayk\u0131r\u0131d\u0131r<\/strong>\u201d, halklar\u0131n enternasyonalizmine terstir, \u201c<strong>zulm\u00fc durdurun<\/strong>!\u201d demi\u015flerdir. Bu ger\u00e7eklerin ya\u015fayan tan\u0131klar\u0131 ve ar\u015fivlerde belgeleri vard\u0131r.<\/p>\n<p>\u00c7\u0131plak ger\u00e7ekleri en yal\u0131n bi\u00e7imde yazmam\u0131z gerekirse, yaz\u0131lacak olan, 1984\u2019in \u201cbocuk\u201d\u00a0 (Noel) gecesinden bir g\u00fcn \u00f6ncesinin an\u0131s\u0131d\u0131r. Naz\u0131m\u2019\u0131n insan mutlulu\u011fu davas\u0131 arkada\u015flar\u0131ndan S. \u00dcst\u00fcngel (Marat) Sofya\u2019da h\u00fck\u00fcmet hastanesinde tedavi g\u00f6rmektedir. \u00a0G\u00fcnl\u00fck haberleri ald\u0131\u011f\u0131nda, G\u00fcney Do\u011fu Rodoplar\u2019\u0131n T\u00fcrk k\u00f6ylerinin ku\u015fat\u0131ld\u0131\u011f\u0131n\u0131, isimleri zorla de\u011fi\u015ftirme sald\u0131r\u0131lar\u0131n\u0131n ba\u015flayaca\u011f\u0131n\u0131 \u00f6\u011frenir. Bu i\u015flerden en yetkili ki\u015fi olarak bilinen \u201cDS\u201d devlet g\u00fcvenli\u011fi Birinci \u015eube Ba\u015fkan Yard\u0131mc\u0131s\u0131ndan g\u00f6r\u00fc\u015fme ister. G\u00f6r\u00fc\u015fme h\u00fck\u00fcmet hastanesinde olur. \u00dcst\u00fcngel yetkiliden, \u201c<strong>T\u00fcrklerin isimlerinin de\u011fi\u015ftirilmemesini ve politik tutuklular\u0131n sal\u0131verilmesini<\/strong>\u201d talep eder. Taburca olmas\u0131 beklenirken, S. \u00dcst\u00fcngel ayn\u0131 gece hayata veda eder.<\/p><div id=\"bghab-3332695085\" class=\"bghab-icerik-icine-10-paragraf bghab-entity-placement\"><script async src=\"\/\/pagead2.googlesyndication.com\/pagead\/js\/adsbygoogle.js?client=ca-pub-6203283170189293\" crossorigin=\"anonymous\"><\/script><ins class=\"adsbygoogle\" style=\"display:block; text-align:center;\" data-ad-client=\"ca-pub-6203283170189293\" \ndata-ad-slot=\"7303146466\" \ndata-ad-layout=\"in-article\"\ndata-ad-format=\"fluid\" data-full-width-responsive=\"true\"><\/ins>\n<script> \n(adsbygoogle = window.adsbygoogle || []).push({}); \n<\/script>\n<\/div>\n<p><strong>B\u00f6ylece Bulgaristan T\u00fcrklerinin zorla isim de\u011fi\u015ftirme davas\u0131nda ilk \u015fehit 22-23 Aral\u0131k 1984 gecesi d\u00fc\u015fm\u00fc\u015f olur. Yatt\u0131\u011f\u0131 yer nur olsun!. An\u0131t\u0131 hen\u00fcz dikilmedi.<\/strong><\/p>\n<p>Bulgaristan T\u00fcrklerinin Kimlik Davas\u0131, T\u00fcrk olarak devlet taraf\u0131ndan tan\u0131nmas\u0131, durumlar\u0131n\u0131n yasalla\u015fmas\u0131, \u00a0isimlerini, geleneklerini, dil ve okullar\u0131n\u0131, dinlerini koruma m\u00fccadelesi ayn\u0131 d\u00f6nemde SBKP MK Politik B\u00fcrosu\u2019nu da ikiye b\u00f6lm\u00fc\u015ft\u00fc.<\/p>\n<p>SBKP MK Politik B\u00fcro \u00fcyesi, Azerbaycanl\u0131 Haydar Aliev ve T\u00fcrk\u00ee Cumhuriyetlerden arkada\u015flar\u0131, SBKP MK Politik b\u00fcrosunu defalarca toplant\u0131ya \u00e7a\u011f\u0131rd\u0131lar. Genel Sekreter Mihail Gorba\u00e7ov\u2019tan karar al\u0131p totaliter diktat\u00f6r Todor Jivkov\u2019tan Bulgaristan\u2019daki M\u00fcsl\u00fcman T\u00fcrklere bask\u0131 ve ter\u00f6r\u00fc durmas\u0131n\u0131, isimlerinin, insan ve din, anadil ve az\u0131nl\u0131k haklar\u0131n\u0131n geri verilmesini, otonomi haklar\u0131n\u0131n resmen tan\u0131nmas\u0131n\u0131, zul\u00fcm hemen durdurularak huzur sa\u011flanmas\u0131nda \u0131srar ettiler. Gorba\u00e7ov SBKP MK Politik B\u00fcrosu\u2019nun Bulgaristan T\u00fcrklerinin hak ve \u00f6zg\u00fcrl\u00fcklerini, T\u00fcrk kimli\u011fini destekleyen bir karar al\u0131nmas\u0131n\u0131 engelleyerek, Bulgar \u015foven zihniyetinin T\u00fcrk d\u00fc\u015fmanl\u0131\u011f\u0131n\u0131 desteklemi\u015f oldu. \u00dcstelik 360 bin ki\u015finin 2 ayda vatan\u0131m\u0131zdan kovulmas\u0131n\u0131, ailelerin par\u00e7alanmas\u0131n\u0131, derin ac\u0131lar ve facia ya\u015fanmas\u0131n\u0131 k\u0131namad\u0131, lanetlemedi.<\/p>\n<p><strong><em>B\u00fct\u00fcn bu ger\u00e7ekler Bulgaristan M\u00fcsl\u00fcman T\u00fcrklerinin 20. Y\u00fczy\u0131l boyunca y\u00fcr\u00fctt\u00fc\u011f\u00fc hak ve \u00f6zg\u00fcrl\u00fck, anadil, T\u00fcrk\u00e7e e\u011fitim, din, \u00f6zg\u00fcn k\u00fclt\u00fcr haklar\u0131 m\u00fccadelesinin<\/em><\/strong> yaln\u0131z Bulgaristan toplumunu ikiye b\u00f6lmekle, etnik az\u0131nl\u0131klarla devleti ve kom\u00fcnist partisini y\u00fcz y\u00fcze getirmekle, tarihsel bir m\u00fccadele ba\u015flatmakla kalmad\u0131. \u00a0BKP\u2019nin her \u00f6rg\u00fct\u00fcn\u00fc, il komitelerini, Merkez Komitesini ve hatta SBKP MK Polit B\u00fcrosunu ikiye b\u00f6lm\u00fc\u015f, a\u011f\u0131r kararlar almaya zorlam\u0131\u015ft\u0131r. 19 Kas\u0131m 1989\u2019da Todor Jivkov\u2019un y\u0131k\u0131lmas\u0131nda ve 25 Aral\u0131k 1991\u2019de SSCB\u2019nin da\u011f\u0131lmas\u0131nda Bulgaristan T\u00fcrklerinin m\u00fccadelesi, 1989 May\u0131s Ayaklanmas\u0131 ve\u00a0 \u201cB\u00fcy\u00fck G\u00f6\u00e7\u201d etkili olmu\u015ftur.<\/p>\n<p><strong><em>Bug\u00fcn de devam eden bu hak arama, \u00f6zg\u00fcr olma, birlik ve beraberlik kurma davam\u0131z\u0131n saflar\u0131nda d\u00fc\u015f\u00fcnce ve ruh olarak yer alan sevilen \u015fair Naz\u0131m Hikmet\u2019in 1951 Bulgaristan T\u00fcrkleriyle k\u00f6y ve kasabalarda g\u00f6r\u00fc\u015fmeleri, toplant\u0131lar, s\u0131radan insanlarla yemek yemesi, \u015fark\u0131 t\u00fcrk\u00fc s\u00f6ylemesi, f\u0131kralar payla\u015fmas\u0131 unutulmaz an\u0131lar b\u0131rakm\u0131\u015ft\u0131r.<\/em><\/strong><\/p><div id=\"bghab-2754424466\" class=\"bghab-icerik-icine-15-paragraf bghab-entity-placement\"><script async src=\"\/\/pagead2.googlesyndication.com\/pagead\/js\/adsbygoogle.js?client=ca-pub-6203283170189293\" crossorigin=\"anonymous\"><\/script><ins class=\"adsbygoogle\" style=\"display:block; text-align:center;\" data-ad-client=\"ca-pub-6203283170189293\" \ndata-ad-slot=\"7303146466\" \ndata-ad-layout=\"in-article\"\ndata-ad-format=\"fluid\" data-full-width-responsive=\"true\"><\/ins>\n<script> \n(adsbygoogle = window.adsbygoogle || []).push({}); \n<\/script>\n<\/div>\n<p><strong>BU G\u00dcN\u00dcN ANISI<br \/>\n<\/strong><strong>Naz\u0131m\u2019\u0131n k\u00f6y\u00fcm\u00fc ziyareti<\/strong><\/p>\n<p>Ge\u00e7en asr\u0131n tam ortas\u0131! Bulgaristan T\u00fcrk\u2019\u00fcn\u00fcn g\u00f6\u00e7 ve kal\u0131m aras\u0131nda teredd\u00fct etti\u011fi g\u00fcnler. Sene 1951 aylardan A\u011fustos-Eyl\u00fcl Deliorman ve Dobruca \u00a0T\u00fcrkl\u00fck ve d\u00fcnya \u015fairi, misafirimiz Naz\u0131m Hikmet\u201di kar\u015f\u0131lamaya haz\u0131rlan\u0131yor. Okullarda \u00e7ocuklara onun \u015fiirlerini ezberletiliyor. Dobruca\u2019da hava de\u011fi\u015fti, Naz\u0131m r\u00fczgar\u0131 esiyordu. Yaz\u0131n h\u00fckmetti\u011fi etti\u011fi bir eyl\u00fcl g\u00fcn\u00fc, uzun boyu, dalgal\u0131 sa\u00e7l\u0131, mavi denizi and\u0131ran g\u00f6zleriyle asr\u0131n dev adam\u0131 il\u00e7e merkezi olan Dulovo\u2019ya ermi\u015fti. B\u00fcy\u00fck bir kalabal\u0131k! Yerel y\u00f6netmenler co\u015fku i\u00e7inde! \u00a0Naz\u0131m Hikmet\u2019in yerli T\u00fcrklere konu\u015fmas\u0131 derin s\u00fck\u00fbnet i\u00e7inde sesleniyordu. G\u00f6n\u00fcller a\u00e7\u0131lm\u0131\u015f, doyum olmuyordu. Heyecan b\u00fcy\u00fckt\u00fc, \u00a0\u015fairi ba\u015fka il\u00e7e ve k\u00f6ylerde de sab\u0131rs\u0131zl\u0131kla bekliyorlard\u0131. Tam vedala\u015f\u0131rken Naz\u0131m\u2019\u0131n bir sorusu devrisi g\u00fcn\u00fcn program\u0131n\u0131 alt-\u00fcst edivermi\u015fti. Neydi o soru?<br \/>\n&#8211; Hey soyda\u015flar\u0131m, bize bura edas\u0131yla \u201c\u00c7ak\u0131c\u0131 da\u011fdan iner\u201d t\u00fcrk\u00fcs\u00fcn\u00fc s\u00f6yleyecek birisi yok mu? Dedi.<\/p>\n<p><em><strong>\u00a0Cevab\u0131n\u0131 hemen orta ya\u015fl\u0131 bir yerliden ald\u0131.<\/strong><\/em><br \/>\n&#8211; Var \u00f6yle ses \u00f6yle nara ki, doyamayacaks\u0131n ba\u015fka t\u00fcrk\u00fclerine de. Ama onu seslemek ve tan\u0131\u015fmak i\u00e7in a\u015fa\u011f\u0131-yukar\u0131 on be\u015f kilometre bir mesafeyi ge\u00e7memiz gerekiyor. Kendisi Do\u011frulan (Pravda) \u00a0k\u00f6y\u00fcnden, ismi Elman ama Kay\u0131\u015f Elman diye an\u0131l\u0131r&#8230;<br \/>\n<strong><em>\u0130\u015fitir i\u015fitmez dev \u015fair hi\u00e7 teredd\u00fcts\u00fcz hemen keser s\u00f6z\u00fcn\u00fc:<\/em><\/strong><br \/>\n&#8211; Haberimi hem ona, hem oralara iletin, yar\u0131n oraday\u0131m!<br \/>\nHaber yay\u0131l\u0131r etraf k\u00f6ylerine. Devrisi g\u00fcn g\u00fcne\u015f do\u011far do\u011fmaz Do\u011frular (Pravda) \u00a0k\u00f6y merkezi t\u0131kl\u0131m t\u0131kl\u0131m insanla dolar. A\u011fa\u00e7lar da salk\u0131m sa\u00e7ak insan y\u00fcklenir.<br \/>\n<em><strong>Tarih tam 17 eyl\u00fcl 1951.<\/strong><\/em><br \/>\nHalk \u015fairi merasim i\u00e7in \u00f6zelden yap\u0131lan sahneye \u00e7\u0131kt\u0131\u011f\u0131nda g\u00f6k ve yer alk\u0131\u015flarla \u00e7\u0131nlar. O koca elleriyle kitleyi selamlarken halk daha da co\u015far. O g\u00fcr sesiyle \u201cSoyda\u015flar\u0131m \u201c diye konu\u015fmas\u0131na ba\u015flad\u0131\u011f\u0131nda etraf\u0131 acayip bir sessizlik al\u0131verir.<br \/>\n&#8211; Soyda\u015flar\u0131m, arkada\u015flar\u0131m, g\u00f6\u00e7 etmek istiyor mu\u015funuz. Ama biliyor musunuz ki g\u00f6\u00e7 harple bire bir. \u00d6l\u00fcm kal\u0131m m\u00fccadelesidir. Y\u00fczy\u0131llarca dedelerimizin dedelerinin dedeleri ya\u015fam\u0131\u015f bu topraklarda. Say\u0131s\u0131 bilinmeyen nesiller s\u0131ralanm\u0131\u015f. Onun i\u00e7in buralar\u0131 terk etmeyi, hele de unutmay\u0131 kolay sanmay\u0131n. Ben bunun canl\u0131 misaliyim, bu durumu ya\u015famaktay\u0131m&#8230;<br \/>\n<em><strong>Derken o devin mavi\u015f g\u00f6zleri doluverir, dudaklar\u0131 titremeye ba\u015flar.<\/strong><\/em><br \/>\nSonralar\u0131 kendini toparlay\u0131p konu\u015fmas\u0131na devam eder. Bitirdi\u011finde a\u011f\u0131r ad\u0131mlarla sahneden inerken g\u00fcr sesler ve co\u015fkulu alk\u0131\u015flar insan denizini dalgaland\u0131r\u0131r. Uzun kollar\u0131n\u0131 uzat\u0131r, iri elleriyle ekseriyetle ihtiyarlarla tokala\u015f\u0131r, kimilerini ellerinden \u00f6per. \u00c7ocuklar\u0131 kuca\u011f\u0131na al\u0131r ve ok\u015far.<br \/>\n<strong><em>Sayg\u0131de\u011fer dost a\u011fabeyim, M\u00fcm\u00fcn Kara, h\u00e2l\u00e2n unutam\u0131yor,<\/em> <\/strong>babas\u0131n\u0131n kuca\u011f\u0131ndayken, \u015fairin onun yana\u011f\u0131na makas at\u0131p e\u011filerek \u00f6pt\u00fc\u011f\u00fcn\u00fc.<br \/>\nSonralar\u0131 kafile hen\u00fcz yeni kurulmakta olan kooperatif avlusuna y\u00f6nelir. Orada onu ba\u015fkan K\u00fct\u00fcp Mehmet ve halk ozan\u0131 Mehmet Con\u201dla b\u00fcy\u00fck bir grup sevgiyle kar\u015f\u0131lar. Ard\u0131ndan halk d\u00fc\u011f\u00fcnlerinde \u00fcn salm\u0131\u015f k\u0131r ko\u015fu at\u0131, y\u00fcr\u00fck ve yavrusuyla tan\u0131\u015ft\u0131r\u0131l\u0131r. Bu an\u0131 tarihle\u015ftirme misali yavru ata Naz\u0131m Hikmet\u2019in T\u00fcrkiye\u2019de babas\u0131ndan ayr\u0131 kalan o\u011flu Mehmet\u2019in ad\u0131 verilir. B\u00fcy\u00fcnce de \u00e7ok seneler Deliorman\u2019da ba\u015far\u0131lar\u0131yla \u00fcnlenmi\u015ftir.<br \/>\n<strong><em>\u00d6\u011flen biraz ge\u00e7e orman kenar\u0131nda sofralar kurulur.<\/em><\/strong> Bol yemekten sonra i\u00e7kiler i\u00e7ilir ve onlarla beraber \u015fairin e\u015fli\u011finde me\u015fhur Rumeli t\u00fcrk\u00fclerimiz t\u00fcm Deliorman ve Dobruca\u2019y\u0131 \u00e7\u0131nlat\u0131r.Tabi ki,bura ziyaretin sebebi olan Kay\u0131\u015f Elman da \u201c\u00c7ak\u0131c\u0131 Da\u011fdan \u0130ner\u201d t\u00fcrk\u00fcs\u00fcn\u00fc zevkle Naz\u0131m\u0131n mavi g\u00f6zlerine bakarak s\u00f6yler.Nakaratlarda Bosna k\u00f6y\u00fcnden Dudu\u015f Mahmut e\u015flik eder.<br \/>\n<strong><em>K\u00f6yde\u015flerim o tarihsel g\u00fcnden sonra, evlerinde, sokakta, d\u00fc\u011f\u00fcn-dernek ve bayramlarda hep Naz\u0131m\u2019\u0131 hasret ve sonsuz sevgiyle anm\u0131\u015ft\u0131r.<\/em><\/strong> Hele de Rafet Berbere sar\u0131lmas\u0131n\u0131, g\u00f6\u011fs\u00fcndeki sahte de olsa tak\u0131l\u0131 madalyalar\u0131 g\u00f6r\u00fcnce. Ya da Ey\u00fcp Pehlivan\u2019\u0131n aksakal\u0131n\u0131 sayg\u0131yla s\u0131vazlanmas\u0131n\u0131&#8230; Herkesler etraftan olanlar dair O\u2019na tutkun kalm\u0131\u015flar.<br \/>\n<strong><em>Ne mutlu bizlere ki, o koca \u00e7\u0131nar, bar\u0131\u015f el\u00e7isi, dev \u015fair k\u00f6y\u00fcm\u00fcz\u00fcn havas\u0131n\u0131 solumu\u015f, suyunu i\u00e7mi\u015f, ekme\u011fini yemi\u015f, hitap etmi\u015f, t\u00fcrk\u00fcler s\u00f6ylemi\u015f.<\/em><\/strong> Biz de \u00f6l\u00fcms\u00fczl\u00fc\u011f\u00fcn ad\u0131 o zaman koyduk ve topra\u011f\u0131m\u0131za bir o kadar daha sar\u0131ld\u0131k. \u00a0O, \u015fimdi de bizimle ya\u015f\u0131yor! \u015eiirlerini okuyor, foto\u011fraflar\u0131na bak\u0131yoruz, an\u0131yoruz.<br \/>\nGelen nesillerle de ya\u015fayacakt\u0131r!<\/p>\n<p><strong>Not:<\/strong> <em>Pravda Okumaevi y\u0131llarca y\u00fcce \u015fairin ad\u0131n\u0131 ta\u015f\u0131m\u0131\u015ft\u0131. \u015eimdi <\/em><br \/>\n<em>70 y\u0131l j\u00fcbilesinde in\u015fallah yine eski ismine l\u00e2y\u0131kla kavu\u015fur!<\/em><\/p>\n<p>Habil ( M\u00fcm\u00fcn) Kurt<\/p><div id=\"bghab-1841753401\" class=\"bghab-icerik-icine-20-paragraf bghab-entity-placement\"><script async src=\"\/\/pagead2.googlesyndication.com\/pagead\/js\/adsbygoogle.js?client=ca-pub-6203283170189293\" crossorigin=\"anonymous\"><\/script><ins class=\"adsbygoogle\" style=\"display:block; text-align:center;\" data-ad-client=\"ca-pub-6203283170189293\" \ndata-ad-slot=\"7303146466\" \ndata-ad-layout=\"in-article\"\ndata-ad-format=\"fluid\" data-full-width-responsive=\"true\"><\/ins>\n<script> \n(adsbygoogle = window.adsbygoogle || []).push({}); \n<\/script>\n<\/div>\n<p><img loading=\"lazy\" decoding=\"async\" class=\"\" src=\"https:\/\/scontent.fist4-1.fna.fbcdn.net\/v\/t1.0-9\/70119304_2971505386255941_4766778133594505216_n.jpg?_nc_cat=108&amp;_nc_oc=AQnY4mx98lGB28QFAR0lUFxGfXq21q8-DeQ8tcExlFgMfdgn7YPlNZGq3atiR0urD24&amp;_nc_ht=scontent.fist4-1.fna&amp;oh=f364e523d7422ea2c2c60a212e5c3344&amp;oe=5E023E1F\" alt=\"G\u00c3\u00b6r\u00c3\u00bcnt\u00c3\u00bcn\u00c3\u00bcn olas\u00c4\u00b1 i\u00c3\u00a7eri\u00c4\u009fi: bir veya daha fazla ki\u00c5\u009fi ve yaz\u00c4\u00b1\" width=\"712\" height=\"534\" \/><\/p>\n<div id=\"bghab-4192087869\" class=\"bghab-yazi-altinda bghab-entity-placement\"><div class=\"bghab-adlabel\">Reklamlar<\/div><script async src=\"https:\/\/pagead2.googlesyndication.com\/pagead\/js\/adsbygoogle.js\"><\/script>\r\n<!-- bghaber-yaz\u0131-sonu -->\r\n<ins class=\"adsbygoogle\"\r\n     style=\"display:block\"\r\n     data-ad-client=\"ca-pub-6203283170189293\"\r\n     data-ad-slot=\"4222328180\"\r\n     data-ad-format=\"auto\"\r\n     data-full-width-responsive=\"true\"><\/ins>\r\n<script>\r\n     (adsbygoogle = window.adsbygoogle || []).push({});\r\n<\/script><\/div><br style=\"clear: both; display: block; float: none;\"\/>","protected":false},"excerpt":{"rendered":"<p>Tarih: 18 Eyl\u00fcl 2019 An\u0131: \u00a0Habil Kurt Sunu\u015f: BGSAM Konu:\u00a0 Memleket Ger\u00e7ekleri Y\u0131llar ne \u00e7abuk ge\u00e7iyor. Naz\u0131m Hikmet\u2019in Bulgaristan&#8217;\u0131 ilk ziyaretinden bu yana 68 y\u0131l<\/p>\n","protected":false},"author":13,"featured_media":40828,"comment_status":"closed","ping_status":"closed","sticky":false,"template":"","format":"standard","meta":{"advanced_seo_description":"","jetpack_seo_html_title":"","jetpack_seo_noindex":false,"_jetpack_memberships_contains_paid_content":false,"footnotes":""},"categories":[6],"tags":[],"class_list":["post-40837","post","type-post","status-publish","format-standard","has-post-thumbnail","hentry","category-yorum"],"jetpack_featured_media_url":"https:\/\/i0.wp.com\/www.bghaber.org\/bghaber\/wp-content\/uploads\/2019\/09\/habil-kurtt.jpg?fit=960%2C720&ssl=1","jetpack_sharing_enabled":true,"jetpack_likes_enabled":true,"jetpack-related-posts":[],"jetpack_shortlink":"https:\/\/wp.me\/pc2PfJ-aCF","_links":{"self":[{"href":"https:\/\/www.bghaber.org\/bghaber\/wp-json\/wp\/v2\/posts\/40837","targetHints":{"allow":["GET"]}}],"collection":[{"href":"https:\/\/www.bghaber.org\/bghaber\/wp-json\/wp\/v2\/posts"}],"about":[{"href":"https:\/\/www.bghaber.org\/bghaber\/wp-json\/wp\/v2\/types\/post"}],"author":[{"embeddable":true,"href":"https:\/\/www.bghaber.org\/bghaber\/wp-json\/wp\/v2\/users\/13"}],"replies":[{"embeddable":true,"href":"https:\/\/www.bghaber.org\/bghaber\/wp-json\/wp\/v2\/comments?post=40837"}],"version-history":[{"count":0,"href":"https:\/\/www.bghaber.org\/bghaber\/wp-json\/wp\/v2\/posts\/40837\/revisions"}],"wp:featuredmedia":[{"embeddable":true,"href":"https:\/\/www.bghaber.org\/bghaber\/wp-json\/wp\/v2\/media\/40828"}],"wp:attachment":[{"href":"https:\/\/www.bghaber.org\/bghaber\/wp-json\/wp\/v2\/media?parent=40837"}],"wp:term":[{"taxonomy":"category","embeddable":true,"href":"https:\/\/www.bghaber.org\/bghaber\/wp-json\/wp\/v2\/categories?post=40837"},{"taxonomy":"post_tag","embeddable":true,"href":"https:\/\/www.bghaber.org\/bghaber\/wp-json\/wp\/v2\/tags?post=40837"}],"curies":[{"name":"wp","href":"https:\/\/api.w.org\/{rel}","templated":true}]}}