{"id":40788,"date":"2019-09-13T21:10:25","date_gmt":"2019-09-13T18:10:25","guid":{"rendered":"https:\/\/www.bghaber.org\/bghaber\/?p=40788"},"modified":"2021-03-26T18:26:51","modified_gmt":"2021-03-26T15:26:51","slug":"jivkov-rejimin-buyuk-kotulugu","status":"publish","type":"post","link":"https:\/\/www.bghaber.org\/bghaber\/jivkov-rejimin-buyuk-kotulugu\/","title":{"rendered":"Jivkov Rejimin B\u00fcy\u00fck K\u00f6t\u00fcl\u00fc\u011f\u00fc"},"content":{"rendered":"<p>Tarih: 13 Eyl\u00fcl 2019<br \/>\n\u00c7eviri: BGSAM<br \/>\nKonu:\u00a0 <strong>1989\u2019da T\u00fcrkler kovulurken Bulgar devleti \u00e7\u00f6km\u00fc\u015ft\u00fcr.. <\/strong><\/p>\n<p>Bu yaz\u0131 \u201c<strong>Almanya\u2019n\u0131n Sesi<\/strong>\u201d Radyosunda yay\u0131nlanm\u0131\u015ft\u0131r.<\/p>\n<p>\u0130simlerinin zor kullan\u0131larak de\u011fi\u015ftirilmesi ve ard\u0131ndan y\u00fczbinlerce Bulgaristan T\u00fcrk\u00fc\u2019n\u00fcn T\u00fcrkiye Cumhuriyetine kovulmas\u0131, Bulgaristan Halk Cumhuriyeti\u2019nin (BHC) zaten \u00e7\u00f6km\u00fc\u015f olan ekonomisini kuyunun dibine iyice \u00e7ekti. \u0130ktisat\u00e7\u0131 Rumen Arnavudov ve tarih\u00e7i Mihail Gruev, Bulgar tarihinin bu y\u00fczkaras\u0131 tablosuna yeni renkler katt\u0131.<\/p>\n<p>1989\u2019un 7 Eyl\u00fcl g\u00fcn\u00fc Todor Jivkov\u2019un 78. Do\u011fum g\u00fcn\u00fcyd\u00fc. O g\u00fcn\u00fcn k\u00f6t\u00fc haberi \u015fuydu. <strong>400\u00a0000 (<\/strong>d\u00f6rt y\u00fcz bin) i\u015fe gitmemi\u015fti. Makinelerin durmas\u0131ndan, mahsul\u00fcn toplanmas\u0131ndan meydana gelen kay\u0131plar hesaplanamaz olmu\u015ftu. <strong>1989\u2019da A\u011fustos ay\u0131n\u0131n sonunda Bulgar-T\u00fcrk s\u0131n\u0131r\u0131n\u0131n kapanmas\u0131ndan \u00f6nce T\u00fcrklerin yar\u0131s\u0131 \u00fclkeden \u00e7\u0131km\u0131\u015ft\u0131.<\/strong> Rejim ter\u00f6r\u00fcnden kurtulmak isteyenler de s\u0131n\u0131r kap\u0131s\u0131n\u0131n bir kez daha a\u00e7\u0131lmas\u0131n\u0131 bekliyorlard\u0131. Baz\u0131 belediyelerde insan kalmam\u0131\u015ft\u0131. K\u00f6y evleri soyulmu\u015ftu. Bo\u015fa sal\u0131nm\u0131\u015f k\u00fc\u00e7\u00fck ve iri ba\u015f hayvanlar etrafta dola\u015f\u0131yordu. Karma b\u00f6lgelerde hasat yerde yat\u0131yordu. Bir\u00e7ok sanayi i\u015fletmesi kap\u0131lar\u0131 kap\u0131y\u0131 \u00e7almaya haz\u0131rlan\u0131yordu.<\/p>\n<p>30\u00a0000 (otuz bin) doktor, \u00f6\u011fretmen, m\u00fchendis ve y\u00fcksek \u00f6\u011frenimli kadro\u00a0 o g\u00fcnden sonra d\u0131\u015f \u00fclkede \u00e7al\u0131\u015fmak \u00fczere \u00fclkeyi terk ediyordu.<\/p><div id=\"bghab-248342887\" class=\"bghab-icerik-icine bghab-entity-placement\"><script async src=\"\/\/pagead2.googlesyndication.com\/pagead\/js\/adsbygoogle.js?client=ca-pub-6203283170189293\" crossorigin=\"anonymous\"><\/script><ins class=\"adsbygoogle\" style=\"display:block; text-align:center;\" data-ad-client=\"ca-pub-6203283170189293\" \ndata-ad-slot=\"7303146466\" \ndata-ad-layout=\"in-article\"\ndata-ad-format=\"fluid\" data-full-width-responsive=\"true\"><\/ins>\n<script> \n(adsbygoogle = window.adsbygoogle || []).push({}); \n<\/script>\n<\/div>\n<p><strong>1989\u2019un yaz aylar\u0131nda Bulgaristan\u2019\u0131n d\u00f6rtte biri \u0131ss\u0131zla\u015fm\u0131\u015ft\u0131.<\/strong><\/p>\n<p><strong>\u201cB\u00fcy\u00fck G\u00f6\u00e7\u201d\u00a0 Bulgaristan\u2019\u0131n kol laps\u0131n\u0131 (ani \u00f6l\u00fcm\u00fcn\u00fc) h\u0131zland\u0131rd\u0131.<\/strong><\/p>\n<p>Todor Jivkov\u2019\u0131n devrilmesinden 2 hafta \u00f6nce, &#8211; 26 Ekim 1989 tarihinde Bulgaristan Kom\u00fcnist Partisi Merkez Komitesi (BKP MK) geni\u015f oturum yapm\u0131\u015ft\u0131. Bu toplant\u0131da, T. Jivkov yar\u0131m a\u011f\u0131zla, kendisinin ve yak\u0131n \u00e7evresinin daha <strong>1980\u2019li y\u0131llarda d\u00fc\u015f\u00fcnd\u00fc\u011f\u00fc etnik temizli\u011fin suya d\u00fc\u015ft\u00fc\u011f\u00fcn\u00fc bildirdi<\/strong>. Bilindi\u011fi o aylarda Sovyet y\u00f6neticisi M. Gorba\u00e7ov Bulgar diktat\u00f6r Jivkov\u2019u art\u0131k desteklemedi\u011finden, T\u00fcrklere ve M\u00fcsl\u00fcmanlara kar\u015f\u0131 uygulad\u0131\u011f\u0131 zulme SSCB\u2019den gerekli olan destek almad\u0131\u011f\u0131n\u0131 ve \u201c<strong>sosyalist devletler toplulu\u011funun da\u011f\u0131lmak \u00fczere oldu\u011fun<\/strong>u\u201d\u00a0 belirtti.\u00a0 T. Jivkov, Bulgaristan\u2019da az\u0131nl\u0131klar\u0131n \u201c<strong>\u00fcf\u00fcr\u00fclmesi<\/strong>\u201d dedi\u011fi olay\u0131n bitirilmesi i\u00e7in \u00e7ok az \u00e7ok az zamana ihtiya\u00e7 oldu\u011funu payla\u015ft\u0131.<\/p>\n<p>\u0130ktisat\u00e7\u0131 Rumen Avramov, T\u00fcrk isimlerinin zorla de\u011fi\u015ftirilmesi ve T\u00fcrk dilini yasaklama ve T\u00fcrk kimli\u011fini yok etme ve o zamana kadar g\u00f6r\u00fclmemi\u015f olan, insanlar\u0131n \u00fclkeden kitle halinde kovulmas\u0131ndan do\u011fan maddi ve manevi zarar\u0131n, al\u0131nan maddi darbelerin yakla\u015f\u0131k olarak hesaplanmas\u0131n\u0131n bile olas\u0131l\u0131k d\u0131\u015f\u0131 oldu\u011funu a\u00e7\u0131klad\u0131. 1989\u2019un yaln\u0131z 3 ay\u0131nda Bulgaristan\u2019\u0131n d\u00f6rtte biri insans\u0131z kald\u0131, bir y\u0131l \u00f6ncesine k\u0131yasla gayr\u0131 safi milli has\u0131la % 10 oran\u0131nda d\u00fc\u015ft\u00fc.<\/p>\n<p>1950-1951 y\u0131llar\u0131nda, daha k\u00fc\u00e7\u00fck boyutlarda olmak \u00fczere,\u00a0 <strong>V\u0131lko \u00c7ervenkov<\/strong> rejimi, (Stalinin s\u00f6zlerine g\u00f6re) \u201ctehlikeli unsurlar\u201d olan 250\u00a0000 (iki y\u00fcz elli bin) Bulgaristan T\u00fcrk\u00fcn\u00fc almas\u0131n\u0131 istemi\u015fti. Bu n\u00fcfus, \u00fclkenin g\u00fcney s\u0131n\u0131rlar\u0131 boyunda ya\u015fayan Bulgaristan vatanda\u015flar\u0131yd\u0131. \u00dclkeden kovulanlar Bulgar d\u0131\u015f sat\u0131m\u0131n\u0131n ana kalemlerinden biri olan, T\u00fcrkler ve Pomaklar taraf\u0131ndan Rodoplarda \u00fcretilen t\u00fct\u00fcnleri sa\u011fl\u0131yordu: Ne var ki, Todor Jivkov ve \u00e7evresindekiler o y\u0131llar\u0131n g\u00f6\u00e7\u00fcnden \u00fclkenin kay\u0131plar\u0131n\u0131 dikkate almak, ibret dersi \u00e7\u0131karmak istemiyordu.<\/p><div id=\"bghab-4147419495\" class=\"bghab-icerik-icine-10-paragraf bghab-entity-placement\"><script async src=\"\/\/pagead2.googlesyndication.com\/pagead\/js\/adsbygoogle.js?client=ca-pub-6203283170189293\" crossorigin=\"anonymous\"><\/script><ins class=\"adsbygoogle\" style=\"display:block; text-align:center;\" data-ad-client=\"ca-pub-6203283170189293\" \ndata-ad-slot=\"7303146466\" \ndata-ad-layout=\"in-article\"\ndata-ad-format=\"fluid\" data-full-width-responsive=\"true\"><\/ins>\n<script> \n(adsbygoogle = window.adsbygoogle || []).push({}); \n<\/script>\n<\/div>\n<p>Bulgaristan Halk Cumhuriyeti ekonomisinin yok olu\u015fu konusunu analiz eden Avramov, T\u00fcrk isimlerini zor kullanarak de\u011fi\u015ftirmezden \u00f6nce, d\u00fcnya piyasas\u0131nda en fazla kazan\u00e7 sa\u011flayan ve her yerde rekabet eden T\u00fcrklerin \u00fcretti\u011fi t\u00fct\u00fcnlerin BHC i\u00e7in en kazan\u00e7l\u0131 \u00fcr\u00fcn oldu\u011funu ve devletin t\u00fct\u00fcne bel ba\u011flad\u0131\u011f\u0131n\u0131 dikkate almam\u0131\u015ft\u0131r, yaz\u0131yor. 1989 y\u0131l\u0131nda, Bulgar kom\u00fcnizmi i\u00e7in en tehlikeli y\u0131lda, Bulgar devleti en kazan\u00e7l\u0131 kalemi g\u00f6zden \u00e7\u0131karma karar\u0131 alm\u0131\u015ft\u0131r.<\/p>\n<p><strong>Tarih\u00e7i Mihay\u0131l Gruev<\/strong> ise, Bulgar makamlar\u0131n\u0131n T\u00fcrk\u00e7e konu\u015fan n\u00fcfusa kar\u015f\u0131 bir s\u00fcr\u00fc iflasa s\u00fcr\u00fckleyen \u00f6nlemler ald\u0131\u011f\u0131n\u0131, komplolar kurdu\u011funu yaz\u0131yor ve \u015f\u00f6yle devam ediyor: \u201c\u0130simleri zorla de\u011fi\u015ftirilen <strong>1 milyona yak\u0131n vatanda\u015f\u0131n kimlik belgelerini de\u011fi\u015ftirirken devlet memurlar\u0131 T\u00fcrkleri adeta soydular<\/strong>. O aylarda, BHC ekonomisi ve maliyesi art\u0131k zor nefes al\u0131yor, y\u00f6netim i\u015fine bakm\u0131yor, devletin olanaklar\u0131 t\u00fckenmi\u015f, hi\u00e7bir konuda rekabet edemeyen ve a\u011f\u0131r y\u00fckler alt\u0131nda eziliyordu.\u201d \u015eeklinde a\u00e7\u0131klamada bulunuyor.<\/p>\n<p>Avramov ise, zorla i\u015fim de\u011fi\u015ftirip 1989\u2019da T\u00fcrkleri ata-vatanlar\u0131ndan kovarken, BKP MK\u00a0 \u201c<strong>61 parti ve sivil polis g\u00f6revlisinin su\u00e7 i\u015fledi\u011fine ve doland\u0131r\u0131c\u0131l\u0131k yapt\u0131\u011f\u0131na ili\u015fkin bir gizli haber alm\u0131\u015ft\u0131r<\/strong>\u201d dedikten sonra ekliyor:<\/p>\n<p>(O y\u0131llarda Bulgaristan\u2019da otomobil alabilmek i\u00e7in 10-12 s\u0131ra bekleniyordu) Bu 61 devlet ve parti \u00fcst d\u00fczey yetkilisi ara\u00e7lar\u0131 arka kap\u0131dan al\u0131p \u00fclkeden kovulan T\u00fcrklere \u00e7ok y\u00fcksek fiyat \u00fczerinden satm\u0131\u015flard\u0131r. Kovulan T\u00fcrkler ellerindeki paray\u0131 verip ara\u00e7 alarak ev e\u015fyalar\u0131n\u0131n bir k\u0131sm\u0131n\u0131 T\u00fcrkiye s\u0131n\u0131ra ta\u015f\u0131mak i\u00e7in kullanm\u0131\u015ft\u0131r.<\/p>\n<p>Bulgaristan T\u00fcrklerine kar\u015f\u0131 bask\u0131 ve zul\u00fcm uygulayanlar 1989 A\u011fustosunda topland\u0131 ve (bir\u00e7oklar\u0131 y\u00fcksek g\u00f6revlerinde \u00e7al\u0131\u015fan) <strong>43\u2019\u00fc itfaiyeci, 39\u2019u ise gizli polis (DS) makam\u0131nda g\u00f6rev alan toplam 178 Bulgar milyonerin durumunu g\u00f6r\u00fc\u015ft\u00fc<\/strong>. Bu sorumlu ki\u015filer 240 adet yasa d\u0131\u015f\u0131 i\u015flerde, doland\u0131r\u0131c\u0131l\u0131k ve r\u00fc\u015fvet olay\u0131na kar\u0131\u015fm\u0131\u015ft\u0131r. Apoletli doland\u0131r\u0131c\u0131lar\u0131n i\u015fi de ara\u00e7 al\u0131m sat\u0131m\u0131 t\u00fcr\u00fcndendir. Bir\u00e7ok yerde i\u015ften \u00e7\u0131kar\u0131lan ve \u00fclkeden kovulan T\u00fcrklerin maa\u015flar\u0131 ve tassa ruflar\u0131 ve emeklilik primleri \u00e7ekilmi\u015ftir. Yalanc\u0131 ve sahte evrak ve vek\u00e2let haz\u0131rlay\u0131p hareket eden \u201cDS\u201d subaylar\u0131 T\u00fcrklerin evlerini ve hayvanlar\u0131n\u0131 satm\u0131\u015ft\u0131r. Bankadan paras\u0131n\u0131 \u00e7ekmek isteyen T\u00fcrklerden yaln\u0131z bir g\u00fcnde 20\u00a0000 leva r\u00fc\u015fvet al\u0131nm\u0131\u015ft\u0131r. T\u00fcrklere sat\u0131lan US Dolarla 1 leva yerine 25 leva al\u0131nm\u0131\u015ft\u0131r. Bu sahtek\u00e2rl\u0131\u011fa o y\u0131llarda Bulgaristan\u2019da \u00e7al\u0131\u015fan Vietnam vatanda\u015flar\u0131 bile kat\u0131lm\u0131\u015ft\u0131r.<\/p><div id=\"bghab-1359539597\" class=\"bghab-icerik-icine-15-paragraf bghab-entity-placement\"><script async src=\"\/\/pagead2.googlesyndication.com\/pagead\/js\/adsbygoogle.js?client=ca-pub-6203283170189293\" crossorigin=\"anonymous\"><\/script><ins class=\"adsbygoogle\" style=\"display:block; text-align:center;\" data-ad-client=\"ca-pub-6203283170189293\" \ndata-ad-slot=\"7303146466\" \ndata-ad-layout=\"in-article\"\ndata-ad-format=\"fluid\" data-full-width-responsive=\"true\"><\/ins>\n<script> \n(adsbygoogle = window.adsbygoogle || []).push({}); \n<\/script>\n<\/div>\n<p><strong>\u201cTutuklanan ve cezaland\u0131r\u0131lan yoktur.\u201d<\/strong><\/p>\n<p><strong>Cezaland\u0131r\u0131lmalar\u0131 i\u00e7in BKP MK\u2019ne rapor edilen bu 178 ki\u015fi belediye polis amiri, milis albay\u0131 ve sivil g\u00f6revlerde bulunan ki\u015filerdir. Hi\u00e7 biri sorgulanmam\u0131\u015f, tutuklanmam\u0131\u015f ve i\u00e7eri at\u0131lmam\u0131\u015ft\u0131r. Ancak baz\u0131lar\u0131 i\u015finden uzakla\u015ft\u0131r\u0131lm\u0131\u015ft\u0131r. <\/strong><\/p>\n<p><strong>(<\/strong>2019 y\u0131l\u0131nda \u201c<strong>Amerikan\u0131n Sesi<\/strong>\u201d radyosunun a\u00e7\u0131klamalar\u0131ndan sonra GERB Partisi Ba\u015fkan Yard\u0131mc\u0131s\u0131 Tsvetan Tsvetanov ve baz\u0131 bakanlar\u0131n ucuz fiyattan daire, arsa, yazl\u0131k ve k\u0131\u015fl\u0131k ev sahibi olduklar\u0131 gibi, ancak <strong>Tsvetanov<\/strong>, Adalet Bakan\u0131 <strong>Tsa\u00e7eva <\/strong>ve di\u011ferlerinin emekliye g\u00f6nderilmesi ve uzak \u00fclkelere konsolos atanmalar\u0131 gibi benzer olay ya\u015fanm\u0131\u015ft\u0131r. Ba\u015fbakan Yard\u0131mc\u0131s\u0131 <strong>Kr. Karaka\u00e7anov<\/strong> (VMRO partisi lideri) 28 milyon Avro Bulgar vatanda\u015fl\u0131\u011f\u0131, kimli\u011fi ve pasaportu satm\u0131\u015f fakat yarg\u0131ya \u00e7\u0131kar\u0131lmadan yaln\u0131z g\u00f6revden uzakla\u015ft\u0131r\u0131lmakla yetinilmi\u015ftir. Olaylar\u0131n g\u00f6sterdi\u011fi \u00fczere bug\u00fcnk\u00fc Bulgar oligar\u015fisi 1989\u2019da T\u00fcrklerin soyulmas\u0131 esnas\u0131nda mayalanm\u0131\u015ft\u0131r.)<\/p>\n<p>1989\u2019da T\u00fcrkleri doland\u0131ran \u201cDS\u201d subaylar\u0131ndan cezaland\u0131r\u0131lan merkez y\u00f6netim g\u00f6revlisi ve subay olmam\u0131\u015ft\u0131r. T\u00fcrklere kar\u015f\u0131 i\u015flenen su\u00e7lar\u0131n, doland\u0131r\u0131c\u0131l\u0131\u011f\u0131n, sahtek\u00e2rl\u0131\u011f\u0131n ve r\u00fc\u015fvet\u00e7ili\u011fin cezas\u0131z kalmas\u0131 prati\u011fi o y\u0131llara dayan\u0131yor. \u0130ktisat\u00e7\u0131 Avramov, bo\u015f kalan evlerin soyulmas\u0131 ba\u011f ve bah\u00e7elerin talan edilmesi su\u00e7lar\u0131n\u0131n da 1989\u2019dan beri alabildi\u011fine artt\u0131\u011f\u0131n\u0131 ve \u015fiddetlendi\u011fini yaz\u0131yor. Avramov\u2019un yazd\u0131\u011f\u0131 ara\u015ft\u0131rma kitab\u0131nda, \u201c<strong>Kapitan Andreevo<\/strong>\u201d s\u0131n\u0131r kap\u0131s\u0131nda T\u00fcrklerin soyuldu\u011funa ge\u00e7i\u015f ver verilmi\u015f ve her evrak i\u00e7in, her imza ve m\u00fch\u00fcr i\u00e7in avu\u00e7 dolusu para \u00f6dendi\u011fine yer verilmi\u015ftir.<\/p>\n<p>Tarih\u00e7i Gruev, \u201cisimleri de\u011fi\u015ftiren, paralar\u0131 \u00e7al\u0131nan, evleri ve m\u00fclkleri talan edilen Bulgaristan T\u00fcrklerinin \u00e7ok a\u011f\u0131r g\u00fcnler ya\u015fad\u0131\u011f\u0131n\u0131, \u00e7ok \u00e7ekti\u011fini, k\u00fc\u00e7\u00fcmsendi\u011fini ve hor g\u00f6r\u00fcld\u00fc\u011f\u00fcn\u00fc\u201d yaz\u0131yor.\u00a0 Ve isimlerin zorlan de\u011fi\u015ftirilmesi, ailelerin par\u00e7alanmas\u0131, gerek\u00e7esiz ve mahkeme karar\u0131 olmadan tutuklamalar, anadilde konu\u015fma yasa\u011f\u0131, T\u00fcrklere kesilen cezalar, memleketin en ahlakl\u0131 ve namuslu insanlar\u0131na ter\u00f6r uygulanmas\u0131, toplama kamplar\u0131nda ve hapishanelerdeki zul\u00fcm, s\u00fcrg\u00fcn \u00e7ilesi Bulgar devletinin kimli\u011finden asla silinmeyecek y\u00fczkaras\u0131d\u0131r\u201d diye yazm\u0131\u015ft\u0131r.<\/p><div id=\"bghab-1773254461\" class=\"bghab-icerik-icine-20-paragraf bghab-entity-placement\"><script async src=\"\/\/pagead2.googlesyndication.com\/pagead\/js\/adsbygoogle.js?client=ca-pub-6203283170189293\" crossorigin=\"anonymous\"><\/script><ins class=\"adsbygoogle\" style=\"display:block; text-align:center;\" data-ad-client=\"ca-pub-6203283170189293\" \ndata-ad-slot=\"7303146466\" \ndata-ad-layout=\"in-article\"\ndata-ad-format=\"fluid\" data-full-width-responsive=\"true\"><\/ins>\n<script> \n(adsbygoogle = window.adsbygoogle || []).push({}); \n<\/script>\n<\/div>\n<p>&nbsp;<\/p>\n<p>Deutsche Welle\u201d radyosunun yukar\u0131daki yaz\u0131s\u0131na, sevilen\u00a0 \u015fairlerimizden Habil Kurt\u2019un\u00a0 bir \u015fiirini ekliyoruz.<\/p>\n<p><strong>B\u00d6YLE B\u0130R YER VAR<\/strong><\/p>\n<p><em>Her batt\u0131\u011f\u0131nda bile galip \u00e7\u0131kan<\/em><br \/>\n<em>Da\u011f\u0131, suyu, ta\u015f\u0131 hep destan olan<\/em><br \/>\n<em>Yedi d\u00fcvele \u00e7oktan kafa tutan<\/em><br \/>\n<em>Bir yer var as\u0131l ad\u0131, Anavatan<\/em><\/p>\n<p><em>Ne tarihi vard\u0131r utan\u0131lacak<\/em><br \/>\n<em>Ne de gelece\u011fi yok olunacak<\/em><br \/>\n<em>\u00c7\u00fcnk\u00fc evl\u00e2tlar\u0131 g\u00fc\u00e7l\u00fc imanla<\/em><br \/>\n<em>Sall\u0131yorlar al bayra\u011f\u0131 hil\u00e2lla<\/em><\/p>\n<p><em>Sultan\u0131, ba\u015fkan\u0131 hep ge\u00e7icidir <\/em><br \/>\n<em>Tek kal\u0131c\u0131s\u0131 Kemalin izidir<\/em><br \/>\n<em>\u015eanl\u0131 kahraman halk\u0131 \u2013g\u00fcvenidir<\/em><br \/>\n<em>Askeri d\u00fcnyam\u0131zda en enderdir<\/em><\/p><div id=\"bghab-2807776548\" class=\"bghab-icerik-icine-25-paragraf bghab-entity-placement\"><script async src=\"\/\/pagead2.googlesyndication.com\/pagead\/js\/adsbygoogle.js?client=ca-pub-6203283170189293\" crossorigin=\"anonymous\"><\/script><ins class=\"adsbygoogle\" style=\"display:block; text-align:center;\" data-ad-client=\"ca-pub-6203283170189293\" \ndata-ad-slot=\"7303146466\" \ndata-ad-layout=\"in-article\"\ndata-ad-format=\"fluid\" data-full-width-responsive=\"true\"><\/ins>\n<script> \n(adsbygoogle = window.adsbygoogle || []).push({}); \n<\/script>\n<\/div>\n<p><em>Daima b\u00f6lmek isteyenler \u00e7oktur<\/em><br \/>\n<em>Ama ba\u015faracak g\u00fc\u00e7leri yoktur<\/em><br \/>\n<em>Lafla hep de\u011firmenler d\u00f6nd\u00fcr\u00fcrler<\/em><br \/>\n<em>San\u0131yorlar bundan korkacak T\u00fcrkler<\/em><\/p>\n<p><em>Ama \u00e7ok uzun tarihten bilirler<\/em><br \/>\n<em>Ve defalarca da denemi\u015ftirler<\/em><br \/>\n<em>Mert\u00e7e \u00f6l\u00fcrler ama pes etmezler<\/em><br \/>\n<em>Sonunda hep k\u0131l\u0131n\u0131rlar muzaffer<\/em><br \/>\nH.K.<\/p>\n<div id=\"bghab-967539217\" class=\"bghab-yazi-altinda bghab-entity-placement\"><script async src=\"https:\/\/pagead2.googlesyndication.com\/pagead\/js\/adsbygoogle.js\"><\/script>\r\n<!-- bghaber-yaz\u0131-sonu -->\r\n<ins class=\"adsbygoogle\"\r\n     style=\"display:block\"\r\n     data-ad-client=\"ca-pub-6203283170189293\"\r\n     data-ad-slot=\"4222328180\"\r\n     data-ad-format=\"auto\"\r\n     data-full-width-responsive=\"true\"><\/ins>\r\n<script>\r\n     (adsbygoogle = window.adsbygoogle || []).push({});\r\n<\/script><\/div><br style=\"clear: both; display: block; float: none;\"\/>","protected":false},"excerpt":{"rendered":"<p>Tarih: 13 Eyl\u00fcl 2019 \u00c7eviri: BGSAM Konu:\u00a0 1989\u2019da T\u00fcrkler kovulurken Bulgar devleti \u00e7\u00f6km\u00fc\u015ft\u00fcr.. Bu yaz\u0131 \u201cAlmanya\u2019n\u0131n Sesi\u201d Radyosunda yay\u0131nlanm\u0131\u015ft\u0131r. \u0130simlerinin zor kullan\u0131larak de\u011fi\u015ftirilmesi ve ard\u0131ndan<\/p>\n","protected":false},"author":25,"featured_media":17690,"comment_status":"closed","ping_status":"closed","sticky":false,"template":"","format":"standard","meta":{"advanced_seo_description":"","jetpack_seo_html_title":"","jetpack_seo_noindex":false,"jetpack_seo_schema_type":"","_jetpack_newsletter_access":"","_jetpack_dont_email_post_to_subs":false,"_jetpack_newsletter_tier_id":0,"_jetpack_memberships_contains_paywalled_content":false,"_jetpack_feature_clip_id":0,"_jetpack_memberships_contains_paid_content":false,"footnotes":"","jetpack_post_was_ever_published":false},"categories":[6],"tags":[],"class_list":["post-40788","post","type-post","status-publish","format-standard","has-post-thumbnail","hentry","category-yorum"],"jetpack_sharing_enabled":true,"jetpack_likes_enabled":true,"jetpack-related-posts":[],"jetpack_shortlink":"https:\/\/wp.me\/pc2PfJ-aBS","jetpack_featured_media_url":"https:\/\/i0.wp.com\/www.bghaber.org\/bghaber\/wp-content\/uploads\/2016\/01\/1-logo-yk.jpg?fit=552%2C531&ssl=1","_links":{"self":[{"href":"https:\/\/www.bghaber.org\/bghaber\/wp-json\/wp\/v2\/posts\/40788","targetHints":{"allow":["GET"]}}],"collection":[{"href":"https:\/\/www.bghaber.org\/bghaber\/wp-json\/wp\/v2\/posts"}],"about":[{"href":"https:\/\/www.bghaber.org\/bghaber\/wp-json\/wp\/v2\/types\/post"}],"author":[{"embeddable":true,"href":"https:\/\/www.bghaber.org\/bghaber\/wp-json\/wp\/v2\/users\/25"}],"replies":[{"embeddable":true,"href":"https:\/\/www.bghaber.org\/bghaber\/wp-json\/wp\/v2\/comments?post=40788"}],"version-history":[{"count":0,"href":"https:\/\/www.bghaber.org\/bghaber\/wp-json\/wp\/v2\/posts\/40788\/revisions"}],"wp:featuredmedia":[{"embeddable":true,"href":"https:\/\/www.bghaber.org\/bghaber\/wp-json\/wp\/v2\/media\/17690"}],"wp:attachment":[{"href":"https:\/\/www.bghaber.org\/bghaber\/wp-json\/wp\/v2\/media?parent=40788"}],"wp:term":[{"taxonomy":"category","embeddable":true,"href":"https:\/\/www.bghaber.org\/bghaber\/wp-json\/wp\/v2\/categories?post=40788"},{"taxonomy":"post_tag","embeddable":true,"href":"https:\/\/www.bghaber.org\/bghaber\/wp-json\/wp\/v2\/tags?post=40788"}],"curies":[{"name":"wp","href":"https:\/\/api.w.org\/{rel}","templated":true}]}}