{"id":40631,"date":"2019-09-02T21:20:40","date_gmt":"2019-09-02T18:20:40","guid":{"rendered":"https:\/\/www.bghaber.org\/bghaber\/?p=40631"},"modified":"2020-05-02T16:04:43","modified_gmt":"2020-05-02T13:04:43","slug":"oyle-zor-oyle-zor-ki","status":"publish","type":"post","link":"https:\/\/www.bghaber.org\/bghaber\/oyle-zor-oyle-zor-ki\/","title":{"rendered":"\u00d6yle Zor, \u00d6yle Zor ki,"},"content":{"rendered":"<p>Edit\u00f6r\u00fcn K\u00f6\u015fesi: 31 A\u011fustos 2019<br \/>\n<strong>D\u00fczg\u00fcn karakter ta\u015f\u0131yan kadrolara ihtiyac\u0131m\u0131z var.<\/strong><\/p>\n<p>Hem de her zamankinden daha fazla, \u00e7ok fazla\u2026<br \/>\nNe yaz\u0131k ki, arad\u0131\u011f\u0131m\u0131z kadrolar\u0131 yeti\u015ftiren ne bir fabrika ne de bir \u00fcniversite var.<br \/>\nOnlar art\u0131k hayat\u0131n kaynayan kazan\u0131ndan, ancak T\u00fcrk oca\u011f\u0131ndan, M\u00fcsl\u00fcman aileden ve yeni ruhun kaynaklar\u0131ndan \u00e7\u0131kabilir.<\/p>\n<p>\u0130\u015fte o zaman insan\u0131 insan yapan ahlakla (moral) onlar\u0131 e\u011fitmek ve do\u011fru y\u00f6nlendirmek m\u00fcmk\u00fcn olabilir.<\/p>\n<p><strong>Biz bug\u00fcn, \u00fclkemizde manevi de\u011fi\u015fimin \u00e7ok \u00f6nemli bir a\u015famas\u0131nday\u0131z.<\/strong><\/p>\n<p>Totaliter kom\u00fcnizmin ta\u015fla\u015fm\u0131\u015f zihinsel izleri, bundan 5 y\u0131l \u00f6nce yava\u015f\u00e7a \u00e7\u00f6z\u00fclmeye ba\u015flad\u0131. Kendilerine hemen hemen herkesin ters bakt\u0131\u011f\u0131 ilk kahramanlar ortaya \u00e7\u0131kmaya ba\u015flad\u0131. Bug\u00fcn art\u0131k grupla\u015ft\u0131klar\u0131 ortadad\u0131r. S\u0131radan insanlar aras\u0131nda duygusal, fikirsel, eylemsel birli\u011fin do\u011fdu\u011funu izleyebiliyoruz.<\/p><div id=\"bghab-3035370859\" class=\"bghab-icerik-icine bghab-entity-placement\"><script async src=\"\/\/pagead2.googlesyndication.com\/pagead\/js\/adsbygoogle.js?client=ca-pub-6203283170189293\" crossorigin=\"anonymous\"><\/script><ins class=\"adsbygoogle\" style=\"display:block; text-align:center;\" data-ad-client=\"ca-pub-6203283170189293\" \ndata-ad-slot=\"7303146466\" \ndata-ad-layout=\"in-article\"\ndata-ad-format=\"fluid\" data-full-width-responsive=\"true\"><\/ins>\n<script> \n(adsbygoogle = window.adsbygoogle || []).push({}); \n<\/script>\n<\/div>\n<p><strong>Nesil de\u011fi\u015fimi de \u00e7ok \u00f6nemlidir.<\/strong><\/p>\n<p>Gelece\u011fin y\u00fck\u00fcn\u00fc \u00fcstlenen ku\u015fak art\u0131k 30 ya\u015f\u0131nda. Bu ku\u015fa\u011f\u0131n temsilcileri Bulgar ba\u011f\u0131ms\u0131zl\u0131\u011f\u0131n\u0131n 1878\u2019de ya da 1944\u2019te de\u011fil, 1991\u2019de do\u011fdu\u011funu savunuyorlar. <strong>Bu yeni bir zihinsel sentez ve d\u00fcnya g\u00f6r\u00fc\u015f\u00fc<\/strong>! III. Bulgar devleti tarihinden 113 y\u0131l\u0131 yok say\u0131p, ger\u00e7ek tarih olarak de\u011fersiz bularak \u00e7\u00f6pe at\u0131p, y\u00fcz ak\u0131 olan tarihimiz 28-30 ya\u015f\u0131ndad\u0131r demek, \u00e7ok anlaml\u0131 bir iddiad\u0131r. Bulgaristan\u2019da ya\u015fayan her vatanda\u015f\u0131 ayn\u0131 \u00e7at\u0131 alt\u0131nda bulu\u015fmaya bir davettir. 113 y\u0131l Bulgar tarihinden vazge\u00e7me \u00f6nerisinin temelinde, 1878\u2019de ve 1944\u2019te Rus ve ard\u0131ndan Sovyet esareti alt\u0131na d\u00fc\u015fm\u00fc\u015f olmam\u0131z ger\u00e7e\u011fi var. Rus esaretine d\u00fc\u015fen bir devletin \u201c<strong>ben o y\u0131llarda<\/strong>\u201d ba\u011f\u0131ms\u0131zd\u0131m demesi anlams\u0131zd\u0131r. Tohumu \u00e7atlayan bilin\u00e7 budur. Kabul edelim ki, esaret alt\u0131nda bulunan bir halk\u0131n milli bilin\u00e7, ruh ve k\u00fclt\u00fcr geli\u015ftiremeyece\u011fi g\u00fcn gibi ortada oldu\u011fundan, s\u00f6zde kurulan milli Bulgar devletinin (olmam\u0131\u015f bir \u015feymi\u015f gibi) de\u011ferlendirilip yok say\u0131lmas\u0131 sonucu do\u011fal olarak do\u011far. Ne ki, buradan kom\u00fcnist diktat\u00f6rl\u00fc\u011f\u00fcn y\u0131k\u0131lmas\u0131nda temel (ana, ba\u015fat) rol oynayan 1989 T\u00fcrk Ayaklanmas\u0131na dev an\u0131t dikmeli ve 1990 \u201cdemokrasisini\u201d, dolay\u0131s\u0131yla ba\u011f\u0131ms\u0131zl\u0131k ve egemenli\u011fini getiren bu ayaklanma kahramanlar\u0131n\u0131n da eli \u00f6p\u00fclmelidir. Yanl\u0131\u015f kahraman A.Do\u011fan (ajan Sava) \u00e7\u00f6mezinin eli de\u011fil tabii\u2026 \u00a0O \u201ck\u00f6\u015fk hapsinde\u201d kalabilir. Tahta oturma sevdas\u0131yla 25 y\u0131l ev hapsi (daha do\u011frusu saray hapsi) hayat\u0131 ya\u015fayan Osmanl\u0131 \u015fehzadelerinin \u00e7ilelerini, hastal\u0131klar\u0131n\u0131, streslerini vb anlatan T\u00fcrk romanlar\u0131n\u0131n Bulgarcala\u015ft\u0131r\u0131lmas\u0131 faydal\u0131 olabilir, \u00e7\u00fcnk\u00fc ayn\u0131 sahneler ya\u015fan\u0131yor&#8230;<\/p>\n<p><strong>Bak\u0131\u015f a\u00e7\u0131s\u0131n\u0131n y\u00f6n\u00fc.<\/strong><\/p>\n<p>Hi\u00e7 bir \u015fey istedi\u011fimiz gibi olmasa da a\u00e7\u0131lan pencereler var. Bu g\u00f6r\u00fcn\u00fcm neresidir. Nereye bak\u0131yoruz ve kimi g\u00f6rmek istiyoruz?<\/p>\n<p>Biz T\u00fcrkler \u00f6rne\u011finde cesur hareket eden, do\u011fruluk araman\u0131n bir hak oldu\u011funa inanan gen\u00e7 Yahudilerin, Roman (\u00c7ingene) karde\u015fler g\u00f6rmek ne ho\u015f. G\u00f6z\u00fc pek hareket ederek ilk ad\u0131mlar\u0131 atanlar\u0131 tan\u0131mak ne ho\u015f bir bilseniz\u2026<\/p><div id=\"bghab-1954932061\" class=\"bghab-icerik-icine-10-paragraf bghab-entity-placement\"><script async src=\"\/\/pagead2.googlesyndication.com\/pagead\/js\/adsbygoogle.js?client=ca-pub-6203283170189293\" crossorigin=\"anonymous\"><\/script><ins class=\"adsbygoogle\" style=\"display:block; text-align:center;\" data-ad-client=\"ca-pub-6203283170189293\" \ndata-ad-slot=\"7303146466\" \ndata-ad-layout=\"in-article\"\ndata-ad-format=\"fluid\" data-full-width-responsive=\"true\"><\/ins>\n<script> \n(adsbygoogle = window.adsbygoogle || []).push({}); \n<\/script>\n<\/div>\n<p><strong>Bir gazete haberi<\/strong><\/p>\n<p>\u201c\u00dc\u00e7\u00fcnc\u00fc Nesil\u201d (TRETA VIZRAST &#8211; 2019,Say\u0131 35) gazetesinde \u0131\u015f\u0131k sa\u00e7an bir haber \u00e7\u0131kt\u0131. Yahudi \u201c<strong>\u015ealom<\/strong>\u201d \u00f6rg\u00fct\u00fc art\u0131k ikinci ad\u0131m\u0131n\u0131 da atm\u0131\u015f bulunuyor. \u015e\u00f6yle, \u201c<strong>Biz \u0130kinci D\u00fcnya Sava\u015f\u0131\u2019nda<\/strong> <strong><em>Biz Yahudileri Kurtard\u0131k<\/em><\/strong>\u201d yalan\u0131 art\u0131k s\u00f6kmeyecek. Bulgaristan\u2019da \u00a0iki yerle\u015fim yerine, &#8211; Breznik ve Nedelino &#8211; 1942-1943 y\u0131llar\u0131nda\u00a0 Yahudi \u0130\u015f Kamplar\u0131na &#8220;<strong>Yahudiler &#8211; Holokost Ma\u011fdurlar\u0131<\/strong>&#8221; &#8211; yaz\u0131s\u0131n\u0131 i\u00e7eren an\u0131t ta\u015flar\u0131 dikildi. \u00a0T\u00f6rene h\u00fck\u00fcmet adamlar\u0131 ve belediyeciler de da kat\u0131ld\u0131. \u00a0Say\u0131lar\u0131 65 olan bu kamplarda Bulgarlar, \u00c7ingeneler, T\u00fcrkler, Pomaklar ve di\u011fer az\u0131nl\u0131klardan binlerce ki\u015fi (toplam 169 bin ki\u015fi) kalm\u0131\u015ft\u0131r. Yahudi ma\u011fdurlar\u0131 anma t\u00f6renleri bu defa yukarda ad\u0131 ge\u00e7en 2 kampta yap\u0131ld\u0131. 1942 ve 1943 y\u0131llar\u0131nda Bulgaristan\u2019daki Yahudiler evlerinden toplan\u0131p, erkekler ailelerinden ayr\u0131lm\u0131\u015f ve i\u015f kamplar\u0131na kapanm\u0131\u015ft\u0131. Aralar\u0131nda ileti\u015fim kesilmi\u015fti. \u00a0Kad\u0131nlar, \u00e7ocuklar ve ya\u015fl\u0131lar Nazi kamplar\u0131na g\u00f6nderilmek \u00fczere\u00a0 \u201c<strong>Bekletme Merkezlerinde<\/strong>\u201d toplu kalm\u0131\u015flard\u0131. O y\u0131llarda Bulgaristan\u2019da Holokost ya\u015fand\u0131\u011f\u0131n\u0131n tan\u0131nmas\u0131, \u00fclkeye kar\u015f\u0131 uluslararas\u0131 davalar a\u00e7\u0131lmas\u0131 yolunu a\u00e7\u0131yor. Bulgaristan Holokost su\u00e7u i\u015flemi\u015f \u00fclkeler listesine girecektir. 1942- 43 y\u0131llar\u0131nda Makedonya ve Yunanistan\u2019\u0131n Ege b\u00f6lgesini Bulgar \u00c7ar\u0131 III. Boris y\u00f6netmi\u015ftir. \u00a0\u0130\u015fgal topraklar\u0131nda ya\u015fayan yerli Yahudi ve Romanlar (\u00c7ingeneler) tutuklanm\u0131\u015f ve Bulgar vagonlar\u0131yla Nazi \u00d6l\u00fcm Kamplar\u0131na g\u00f6nderilmi\u015ftir. 20 bin ki\u015fiye yak\u0131n olan bu gruplardan sa\u011f kalan ve geri d\u00f6nen olmam\u0131\u015f, hepsi yak\u0131lm\u0131\u015ft\u0131r. \u00a0Bulgaristan\u2019daki kamplardan kurtulan Yahudiler ise, 1948\u2019de \u00a0(48 bin ki\u015fi) deniz yoluyla \u0130srail\u2019e g\u00f6\u00e7 etmi\u015ftir. \u201c\u015ealom\u201d \u00f6rg\u00fct\u00fc Yahudilerin Bulgaristan\u2019da kald\u0131\u011f\u0131 kamplara &#8220;<strong>Yahudiler &#8211; Holokost Ma\u011fdurlar\u0131<\/strong>\u201d \u00a0An\u0131t levhas\u0131 dikmeye kararl\u0131d\u0131r.<\/p>\n<p><strong>Bu mert ad\u0131mlar ancak d\u00fczg\u00fcn karakter ta\u015f\u0131yan ve hedefe do\u011fru \u00f6d\u00fcn vermeden bilin\u00e7li ilerleyerek olas\u0131d\u0131r.<\/strong><\/p>\n<p>Bu olaylar, tarihi unutturmak isteyenler \u00fczerinde zaferdir. Giderek tamamen pes edecekler.<br \/>\nBulgaristan\u2019dan 1989\u2019da kovulan T\u00fcrklerin ard\u0131ndan bo\u015f kalan ve y\u0131k\u0131lmaya y\u00fcz tutan k\u00f6ylere \u201cBU K\u00d6YDE \u015eU \u015eU\u2026..T\u00dcK HANELER\u0130 YA\u015eAMI\u015eTIR\u201d kampanyas\u0131 ba\u015flatma zaman\u0131 gelmi\u015ftir\u2026<\/p>\n<p><strong>Zihinsel durulma belirtileri sevindirici\u2026<\/strong><\/p><div id=\"bghab-2881701704\" class=\"bghab-icerik-icine-15-paragraf bghab-entity-placement\"><script async src=\"\/\/pagead2.googlesyndication.com\/pagead\/js\/adsbygoogle.js?client=ca-pub-6203283170189293\" crossorigin=\"anonymous\"><\/script><ins class=\"adsbygoogle\" style=\"display:block; text-align:center;\" data-ad-client=\"ca-pub-6203283170189293\" \ndata-ad-slot=\"7303146466\" \ndata-ad-layout=\"in-article\"\ndata-ad-format=\"fluid\" data-full-width-responsive=\"true\"><\/ins>\n<script> \n(adsbygoogle = window.adsbygoogle || []).push({}); \n<\/script>\n<\/div>\n<p>2019\u2019un A\u011fustos ay\u0131nda Bulgaristan\u2019da insan haklar\u0131na hayat hakk\u0131 kazand\u0131rma m\u00fccadelesinde \u00f6nemli kazan\u0131m elde edildi. Plovdiv (Filibe) iline ba\u011fl\u0131 Maritsa\u00a0 (Meri\u00e7) belediyesinin \u201cVoyvodino\u201d k\u00f6y\u00fcnde evleri karda k\u0131\u015fta y\u0131k\u0131lan getto-mahallelerinden kovulan 50 hane yerel mahkemede hak arama davas\u0131 a\u00e7m\u0131\u015ft\u0131. Tebrik ederiz. Davay\u0131 kazand\u0131lar. Gettonuza d\u00f6nebilirsiniz karar\u0131 \u00e7\u0131kt\u0131. Ne ki Belediye ve polis amirli\u011fi mahkeme karar\u0131n\u0131 tan\u0131mad\u0131.<\/p>\n<p>Helsinki \u0130nsan Haklar\u0131 Komitesi Ba\u015fkan\u0131 K. K\u0131nev\u2019in yard\u0131mlar\u0131yla dava bu defa \u00a0Strazburg Uluslar aras\u0131 \u0130nsan Haklar\u0131 Mahkemesine (U\u0130HM ) ta\u015f\u0131nd\u0131. U\u0130HM\u2019si davay\u0131 kabul etti. Bu, \u201c<strong>kendilerini her konuda hakl\u0131 g\u00f6ren ve az\u0131nl\u0131klar\u0131n ikamet hakk\u0131n\u0131 bile tan\u0131mayan<\/strong>,\u201d ev yakmay\u0131 ve kep\u00e7eyle ev y\u0131kmay\u0131 Bulgar demokrasisinin olmazsa olmaz\u0131 haline getiren Bulgar milliyet\u00e7i \u0131rk\u00e7\u0131 zihniyetine bir tokat oldu. \u00a0\u0130nsan \u015ferefini hi\u00e7e sayan Ba\u015fbakan Yard\u0131mc\u0131s\u0131 ve Savunma Bakan\u0131 Kr. Karaka\u00e7anov ve VMRO partisi Ba\u015fkan yard\u0131mc\u0131s\u0131 ve AP milletvekili An. Cambazki yere bak\u0131p susuyorlar. Bu iki \u0131rk\u00e7\u0131 zihniyetli siyaset\u00e7i \u00c7ingene az\u0131nl\u0131\u011fa sald\u0131r\u0131lar\u0131n\u0131 yasalla\u015ft\u0131rmak amac\u0131yla Romanlarla ilgili bir \u201c<strong>Yeni Entegrasyon Konsepti<\/strong>\u201d haz\u0131rlam\u0131\u015flard\u0131, Bakanlar Kuruluna tak\u0131ld\u0131, kabul edilmedi. Bu tarihi bir olayd\u0131r. 1956 y\u0131l\u0131ndan beri Bulgaristan\u2019da az\u0131nl\u0131klarla ilgili, onlar\u0131 ezip asimile etmek i\u00e7in haz\u0131rlanan ve Bakanlar Kurulundan imzal\u0131 m\u00fch\u00fcrl\u00fc \u00e7\u0131kmayan ilk resmi belgedir. Bu 2 olay yeni ku\u015fak Bulgarlar zihniyetinde keyfi i\u015flerle ilgili birazdan biraza bir durulma ba\u015flad\u0131\u011f\u0131na i\u015faret de\u011fil de nedir?<\/p>\n<p><strong>Adalet Bayram\u0131 yak\u0131nd\u0131r.<\/strong><\/p>\n<p>\u015eimdiye kadar Bulgaristan\u2019da az\u0131nl\u0131klar\u0131n hak arama davas\u0131nda b\u00f6yle bir hukuksal ba\u015far\u0131 elde edilememi\u015fti. 50 ailenin birlik olmas\u0131 ve beraberce duru\u015fma salonuna girmesi ve salondan lehlerinde \u00e7\u0131kan kararla ayr\u0131lmalar\u0131 paha bi\u00e7ilmez boyutta b\u00fcy\u00fck bir zaferdir. Kolektif hak arayanlar\u0131n galip gelmesinin imk\u00e2ns\u0131z olanaklarda da m\u00fcmk\u00fcn oldu\u011funa bir emsal kan\u0131t (ba\u015fka davalarda da kullan\u0131labilecek bir \u00f6rnek) getirmi\u015ftir. Bizim kolektif haklar\u0131m\u0131z u\u011fruna verdi\u011fimiz hukuk m\u00fccadelesinde benzet bir ba\u015far\u0131m\u0131z (elimizde bir mahkeme karar\u0131) yoktu.<\/p>\n<p>B\u00fcy\u00fck bir grup vatanda\u015f\u0131n ayn\u0131 \u00e7ileyi \u00e7ekerken, ayn\u0131 duygularla ya\u015farken, ortak (kolektif) \u00a0bilin\u00e7 olu\u015fturmas\u0131, beraberce hareketlenme, dayan\u0131p sabretme ve sonunda galip gelip muzaffer olmas\u0131nda do\u011fan \u00f6rnek hak ve \u00f6zg\u00fcrl\u00fck davam\u0131z\u0131n 1990\u2019da ba\u015flayan yeni d\u00f6nemde elde etti\u011fi dev zaferdir. Birka\u00e7 avukat\u0131m\u0131z olsa ve hatta bir s\u00fcre Adalet Bakan Yard\u0131mc\u0131s\u0131 bizden biri olsa bile, biz bu ta\u015f\u0131 kald\u0131ramad\u0131k karde\u015flerim. \u00a0Bizim \u00c7ingenelerin barosu olsa bu mahkeme karar\u0131n\u0131n \u00e7\u0131kt\u0131\u011f\u0131 g\u00fcn\u00fc ADALET BAYRAMI G\u00dcN\u00dc ilan edebilirdi. \u00c7ileke\u015f karde\u015flerimizi BULT\u00dcRK ve BGSAM ad\u0131na tebrik ediyoruz!<\/p><div id=\"bghab-2312396921\" class=\"bghab-icerik-icine-20-paragraf bghab-entity-placement\"><script async src=\"\/\/pagead2.googlesyndication.com\/pagead\/js\/adsbygoogle.js?client=ca-pub-6203283170189293\" crossorigin=\"anonymous\"><\/script><ins class=\"adsbygoogle\" style=\"display:block; text-align:center;\" data-ad-client=\"ca-pub-6203283170189293\" \ndata-ad-slot=\"7303146466\" \ndata-ad-layout=\"in-article\"\ndata-ad-format=\"fluid\" data-full-width-responsive=\"true\"><\/ins>\n<script> \n(adsbygoogle = window.adsbygoogle || []).push({}); \n<\/script>\n<\/div>\n<p><strong>Olay\u0131 biraz daha de\u015felim<\/strong>.<\/p>\n<p>Bulgaristan\u2019da kolektif dava dilek\u00e7esini mahkeme kabul etmezdi. \u015eimdiye kadar hi\u00e7 kabul etmedi. Biz okullar\u0131m\u0131z\u0131 ayn\u0131 g\u00fcnde hepimiz birden kaybettik ama dava a\u00e7amad\u0131k. B\u00fct\u00fcn camilerin kap\u0131s\u0131na ayn\u0131 g\u00fcnde anahtar takt\u0131lar fakat m\u00fcft\u00fcler dava a\u00e7mad\u0131lar. \u0130simlerimiz de\u011fi\u015ftirildi, \u00f6ld\u00fcr\u00fcld\u00fck, yaraland\u0131k, zindana d\u00fc\u015ft\u00fck tekmelendik ne yaz\u0131k ki, hi\u00e7 birimiz hak arama davas\u0131 ba\u015flatamad\u0131k. Bu yola girmeye \u00e7al\u0131\u015fanlardan hi\u00e7 biri lehinde \u00e7\u0131kan mahkeme karar\u0131n\u0131 al\u0131p, arkada\u015flar\u0131na bir kahve ikram edemedi.<\/p>\n<p>Neden mi? Katiller, soyk\u0131r\u0131m, k\u00fclt\u00fcr k\u0131r\u0131m\u0131 yapmaya haz\u0131rlananlar, kendilerine gerekli olacak k\u0131l\u0131f\u0131 \u00f6nceden haz\u0131rlam\u0131\u015flard\u0131. Anayasaya ve yasalara\u00a0 \u201cKolektif su\u00e7 yoktur\u201d yazd\u0131lar ve soy k\u0131r\u0131m kararlar\u0131n\u0131 kolektif ald\u0131lar, operasyonlar\u0131 onlar \u00f6rg\u00fctlediler, su\u00e7suz insanlar onlar\u0131n emirleriyle \u00f6ld\u00fcr\u00fcld\u00fc fakat su\u00e7lular tutuklanmad\u0131, sorgulanmad\u0131, i\u00e7eri at\u0131lmad\u0131, \u00e7\u00fcnk\u00fc olanlar hep \u201ckolektif\u201d i\u015flerdi. \u00a0\u00a0Bulgar devletinin kendi yasalar\u0131na uymad\u0131\u011f\u0131n\u0131 d\u00fcnya bilir, g\u00f6rd\u00fc. Zalimler, g\u00f6renler susarken\u2026 Nihayet testilerden biri k\u0131r\u0131ld\u0131. \u201cVoyvodino\u201d mahalle gettocular\u0131 birinci dereceli Bulgar mahkemesinden ald\u0131\u011f\u0131 karar\u0131 belediye uygulamay\u0131nca, hak arama davas\u0131 Strazburg\u2019a ta\u015f\u0131nd\u0131. Bu \u00f6nemli ad\u0131m\u0131, Bulgaristan M\u00fcsl\u00fcmanlar\u0131 Diyaneti, \u00a0Ba\u015fm\u00fcft\u00fcl\u00fck, \u0130l M\u00fcft\u00fcl\u00fckleri mal m\u00fclk davalar\u0131nda atamad\u0131. Bu ger\u00e7ek bize, ayaklanmalar\u0131n, dava kazanman\u0131n bo\u015f kafal\u0131 diplomal\u0131lar\u0131n, maa\u015fl\u0131lar\u0131n, be\u015f vakit namazdakilerin i\u015fi olamad\u0131\u011f\u0131na inand\u0131rd\u0131. Bu ancak ve yaln\u0131z d\u00fczg\u00fcn karakter ta\u015f\u0131yan yoksullar\u0131n davas\u0131 olabilirdi. \u00d6yle de oldu. Yoksulluk \u00fczerinde adalet bilinci d\u00f6v\u00fclen \u00f6rst\u00fcr.<\/p>\n<p>Son g\u00fcnlerde Bulgaristan\u2019da 80 yang\u0131n birden \u00e7\u0131kt\u0131. \u0130tfaiyeciler deli divane oldular. B\u00fct\u00fcn yang\u0131nlar tek k\u0131v\u0131lc\u0131mdan ba\u015flar. 2018\u2019de ve 2019\u2019un ilk 8 ay\u0131nda \u00fclkede 900 yang\u0131n ve \u00c7ingene getto-mahallerine 231 sald\u0131r\u0131 oldu. Hapishaneler ve tutuk evlerinde yatanlar\u0131n, tutuklular\u0131n bedava \u00e7al\u0131\u015ft\u0131rma merkezlerindekilerin % 72\u2019si \u00c7ingene. Her bask\u0131n\u0131n sonu patlama do\u011furur. Hakl\u0131 \u00e7\u0131kmalar\u0131na duac\u0131y\u0131z.<\/p>\n<p><strong>Propaganda konusu de\u011fi\u015firken derinlere inildi.<\/strong><\/p><div id=\"bghab-3288197783\" class=\"bghab-icerik-icine-25-paragraf bghab-entity-placement\"><script async src=\"\/\/pagead2.googlesyndication.com\/pagead\/js\/adsbygoogle.js?client=ca-pub-6203283170189293\" crossorigin=\"anonymous\"><\/script><ins class=\"adsbygoogle\" style=\"display:block; text-align:center;\" data-ad-client=\"ca-pub-6203283170189293\" \ndata-ad-slot=\"7303146466\" \ndata-ad-layout=\"in-article\"\ndata-ad-format=\"fluid\" data-full-width-responsive=\"true\"><\/ins>\n<script> \n(adsbygoogle = window.adsbygoogle || []).push({}); \n<\/script>\n<\/div>\n<p>Daha \u00f6nceki y\u0131llarda T\u00fcrklere kar\u015f\u0131 konu\u015fanlar, Osmanl\u0131ya sald\u0131ranlar ve M\u00fcsl\u00fcman az\u0131nl\u0131klar\u0131n \u201c<strong>k\u00f6t\u00fc<\/strong>\u201d olduklar\u0131ndan dem vuranlar, ans\u0131z\u0131n sahneden uzakla\u015ft\u0131r\u0131ld\u0131. Hele\u00a0 T.C.\u00a0 Rusya\u2019dan C-400\u00a0 f\u00fcze savar kompleksini domates biber, patates, ye\u015fil fasulye ve bal kaba\u011f\u0131 kar\u015f\u0131l\u0131\u011f\u0131 ald\u0131\u011f\u0131n\u0131 a\u00e7\u0131klay\u0131nca, 8 adet F-16\u2019ya 1.? milyar Avro (2.2\u00a0 \u2013 3 milyar leva) \u00f6deyen Bulgar siyasetinde savunacak taraf kalmad\u0131. Kafalar\u0131 k\u00fcfl\u00fc kal\u0131p ve \u00f6n yarg\u0131l\u0131 olanlar TV ekran\u0131na davet edilmiyor.\u00a0 Eski \u201cZamanc\u0131\u201d M. \u00d6mer, O. Oktay ve askeri istihbarattan olup Edirne Konsoloslu\u011funda da bulunan Dimov gibiler propagandada kekelediler.<\/p>\n<p><strong>Rusofiller konuyu \u015f\u00f6yle de\u011fi\u015ftirdiler.<\/strong><\/p>\n<p>2007\u2019den beri Avrupa Birli\u011fi \u00fcyesi olan Bulgaristan\u2019da bir arpa boyu ilerleme kaydedilmedi\u011fi ortaya \u00e7\u0131k\u0131nca, ayn\u0131 d\u00f6nemde Polonya halk\u0131n\u0131n refah d\u00fczeyinin 4 misli y\u00fckseldi\u011fi, \u00c7ek Cumhuriyeti % 90 ilerleme kaydetti\u011fi, H\u0131rvatistan\u2019da bile i\u015f \u00fccreti ve emekli maa\u015flar\u0131n\u0131n % 80 artt\u0131\u011f\u0131 gizlendi. Bulgar idaresinin ba\u015far\u0131s\u0131zl\u0131\u011f\u0131 niteliksiz ve kabiliyetsiz, doland\u0131r\u0131c\u0131, h\u0131rs\u0131z kadrolarla anlat\u0131ld\u0131.<\/p>\n<p>Sosyalizm y\u0131llar\u0131 nimetleri, zenginli\u011fi, refah\u0131 anlat\u0131ld\u0131. En s\u0131k\u0131nt\u0131l\u0131 1988 y\u0131l\u0131nda bile Bulgaristan\u2019da ki\u015fi ba\u015f\u0131na 195 litre s\u00fct, 236 adet yumurta \u2013 75 kilogram et, 109 kilogram meyve t\u00fcketildi hep tekrarland\u0131. Bu yumurtalardan ka\u00e7\u0131n\u0131 Rus turistlerin yedi\u011fi a\u00e7\u0131klanmad\u0131!<\/p>\n<p>Kar\u015f\u0131la\u015ft\u0131rma olarak ise 1990\u2019da ba\u015flayan \u201cDemokrasiye Ge\u00e7i\u015f\u201d d\u00f6neminde y\u0131lda ortalama ki\u015fi ba\u015f\u0131 20 litre s\u00fct, 143 adet yumurta, 32 kilogram et ve 50 kilo meyve t\u00fcketildi\u011fi belirtildi. Kimse kalk\u0131p,\u00a0 \u00fcretim olmay\u0131nca ne t\u00fcketelim, T\u00fcrkler gitti her \u015fey bitti, i\u015fler durdu, demiyor. Bu y\u0131l\u0131n ilk 6 ay\u0131nda Bulgar i\u00e7 pazar\u0131nda sat\u0131lan sebze ve meyvenin % 80\u2019ni ihra\u00e7 edilmi\u015ftir. Rakamlarla oynan\u0131yor, olaylar ters y\u00fcz g\u00f6steriliyor.<\/p><div id=\"bghab-3606163700\" class=\"bghab-icerik-icine-30-paragraf bghab-entity-placement\"><script async src=\"\/\/pagead2.googlesyndication.com\/pagead\/js\/adsbygoogle.js?client=ca-pub-6203283170189293\" crossorigin=\"anonymous\"><\/script><ins class=\"adsbygoogle\" style=\"display:block; text-align:center;\" data-ad-client=\"ca-pub-6203283170189293\" \ndata-ad-slot=\"7303146466\" \ndata-ad-layout=\"in-article\"\ndata-ad-format=\"fluid\" data-full-width-responsive=\"true\"><\/ins>\n<script> \n(adsbygoogle = window.adsbygoogle || []).push({}); \n<\/script>\n<\/div>\n<p><strong>Biz nas\u0131l oldu da bu duruma d\u00fc\u015ft\u00fck? \u00a0<\/strong>sorusuna yan\u0131t ararken, \u00f6nce acil ele al\u0131nmas\u0131 gereken birka\u00e7 soru var. \u00a0Bunlardan en \u00f6nemlisi Rus ve Sovyet \u201c<strong>\u00e7ifte kurtar\u0131c\u0131l\u0131\u011f\u0131n\u0131n<\/strong>\u201d bedeli meselesidir. Bir defa Bulgarlar\u0131 \u201c<strong>kurtaranlar<\/strong>\u201d kimdi?\u00a0 Bu i\u015fin faturas\u0131 ka\u00e7a \u00e7\u0131kt\u0131 sorusunu masaya yat\u0131ral\u0131m. \u00c7\u00fcnk\u00fc \u00e7ifte fatura domuz d\u00fc\u011f\u00fcm\u00fc demektir ve insan kendisi bunu \u00e7\u00f6zemez.<\/p>\n<p>Ba\u015ftan \u015funu hat\u0131rlayal\u0131m. Bulgarlar\u0131n Osmanl\u0131\u2019dan ayr\u0131lmas\u0131 i\u015flerinde s\u00f6z\u00fc ge\u00e7en ilhaml\u0131 havarilerden Rakovski, Botev ve Levski, \u201c<strong>bu i\u015fte Ruslardan uzak dural\u0131m<\/strong>\u201d s\u00f6z\u00fcnde \u0131srarl\u0131 olan tarihsel \u015fahsiyetler &#8211; ayd\u0131nl\u0131k\u00e7\u0131lard\u0131r. Hatta \u201c<strong>halk yaz\u0131dan anlamaz<\/strong>\u201d diye d\u00fc\u015f\u00fcnen \u015fair ve yazar Hr. Botev Romanya\u2019da \u00e7\u0131kard\u0131\u011f\u0131 \u201cT\u0131pan\u201d (Davul) dergisinde yay\u0131nlad\u0131\u011f\u0131 bir karikat\u00fcrde, seri halinde Moskof u\u015fa\u011f\u0131 do\u011furan bir e\u015fek \u00e7izmi\u015ftir. \u201c<strong>Hadi Ruslar, diyelim ki, bizi Osmanl\u0131dan kurtaracak, ama bizi onlardan kim kurtaracak<\/strong>?\u201d Sorusunu kitapla\u015ft\u0131ran bu davan\u0131n ideologu Rakovski\u2019dir. Ba\u015f komita Levski\u2019nin\u00a0 \u201c<strong>bir Rus ajan\u0131 olan Papaz Kr\u0131st\u00fc taraf\u0131ndan ele verildi\u011fi<\/strong>\u201d ders kitaplar\u0131na i\u015flenmi\u015ftir.<\/p>\n<p>1878 y\u0131l\u0131nda Bulgar halk\u0131n\u0131n kafas\u0131na dank eden \u015fu olmu\u015ftur: \u201c<strong>Ruslar bedavac\u0131. \u00d6demeden yiyip i\u00e7iyorlar! Bu i\u015ften kurtulma yolu bulal\u0131m.<\/strong>\u201d<\/p>\n<p>Biz Bulgaristan T\u00fcrkleri \u201c<strong>Osman Pa\u015fa meydan muharebesi<\/strong>\u201d ve ya \u201c<strong>Plevne Sava\u015f\u0131<\/strong>\u201d adlar\u0131yla \u201c<strong>Osman Pa\u015fa Mar\u015f\u0131yla<\/strong>\u201d ya\u015fatt\u0131\u011f\u0131m\u0131z, tarih kitaplar\u0131nda ise \u201c<strong>93 Harbi<\/strong>\u201d olarak anlat\u0131lan 1877-78 imparatorluklar aras\u0131 B\u00fcy\u00fck Sava\u015f\u2019ta Rusya \u0130mparatoru II. Aleksand\u0131r g\u00fc\u00e7lerinin 39 bin \u00f6l\u00fc verdi\u011fini bilirdik. Yay\u0131nlanan ilk kitaplarda \u201c<strong>bu i\u015fi ucuza getirdik<\/strong>\u201d havas\u0131 yaratan Ruslar \u00f6l\u00fc adetini 17 bin g\u00f6stermi\u015fti. Moskof\u00e7ular\u0131n rakam\u0131 200\u00a0000 \u00f6l\u00fcye \u00e7\u0131kt\u0131. Bile bile abart\u0131ld\u0131\u011f\u0131 biliniyordu. Hile abart\u0131n\u0131n i\u00e7inde gizliydi. Rus \u00c7ar\u0131 sava\u015f tazminat\u0131 isteyecekti. Sava\u015ftan sonra Bulgar Prensli\u011finde 50 bin asker kalm\u0131\u015ft\u0131. Ne ki, herkesten gizlense de Rus askerleri s\u00fcrekli azal\u0131yordu.\u00a0 Yar\u0131s\u0131 geri d\u00f6nemedi. Gece karanl\u0131\u011f\u0131nda tavuk, hindi, kaz, kuzu, koyun ve domuz h\u0131rs\u0131zl\u0131\u011f\u0131 yap\u0131yorlard\u0131. Bulgar k\u00f6yl\u00fcler onlara kar\u015f\u0131 ac\u0131mas\u0131zd\u0131. \u00d6ld\u00fcrd\u00fcklerini derin g\u00f6md\u00fcler. \u0130z b\u0131rakmad\u0131lar. \u0130zler hep silindi.<\/p>\n<ol>\n<li>Aleksand\u0131r ordular\u0131nda subaylar d\u0131\u015f\u0131nda Rus as\u0131ll\u0131 yoktu. Hepsi Ukrayna k\u00f6ylerinden en fazla da Orlovsk ve Herson k\u00f6ylerinden, Besarabya ve Kazan Bulgarlar\u0131 aras\u0131ndan toplanm\u0131\u015flard\u0131.<\/li>\n<\/ol>\n<p>Rus olmayan askerlere \u201c<strong>g\u00f6n\u00fcll\u00fc<\/strong>\u201d denmesinin sebebi vard\u0131. \u00a01855 ten sonra Rusya TOPRAK K\u00d6LEL\u0130\u011e\u0130 KALDIRILMI\u015eTI. Fakat savai\u0131n ba\u015flad\u0131\u011f\u0131 1877\u2019de toprak k\u00f6leli\u011fini kald\u0131ran reform hen\u00fcz Ukrayna\u2019y\u0131 kapsamam\u0131\u015ft\u0131. Sava\u015fa gidip sa\u011f sa\u011fl\u0131m d\u00f6nen askerlere \u201c<strong>toprak k\u00f6lesi de\u011fil<\/strong>\u201d yani \u201c<strong>serbest insand\u0131r<\/strong>\u201d vesikas\u0131 verilecekti. \u00a0Bu gen\u00e7lerin \u201ch\u00fcrriyet\u201d \u00f6zlemi \u015fu anlama geliyordu. \u0130stedi\u011fi k\u0131zla evlenebilecekti. \u015eehre gidip i\u015f\u00e7i olabilecekti. Para bulsa kendi topra\u011f\u0131 \u00fczerinde \u00e7ift\u00e7i olabilirdi. T\u00fcccar olabilirdi. Okuyabilirdi\u2026 G\u00f6nl\u00fcndeki insan haklar\u0131n\u0131n b\u00fcy\u00fck bir b\u00f6l\u00fcm\u00fcne sahip olabilmekti. Bulgaristan\u2019a gelmeleri hepsini \u00e7ok etkilemi\u015fti. Mal m\u00fclk sahibi k\u00f6yl\u00fcler g\u00f6rm\u00fc\u015flerdi. Onlara g\u00f6re Bulgarlar\u0131n kurtulu\u015fa ihtiya\u00e7lar\u0131 yoktu. Onlar \u00f6zg\u00fcrd\u00fc. Hem de bir k\u00f6lelinin bir \u00f6zg\u00fcr\u00fc kurtard\u0131\u011f\u0131 nerede g\u00f6r\u00fclm\u00fc\u015ft\u00fc?\u2026<\/p><div id=\"bghab-3469534134\" class=\"bghab-icerik-icine-35-paragraf bghab-entity-placement\"><script async src=\"\/\/pagead2.googlesyndication.com\/pagead\/js\/adsbygoogle.js?client=ca-pub-6203283170189293\" crossorigin=\"anonymous\"><\/script><ins class=\"adsbygoogle\" style=\"display:block; text-align:center;\" data-ad-client=\"ca-pub-6203283170189293\" \ndata-ad-slot=\"7303146466\" \ndata-ad-layout=\"in-article\"\ndata-ad-format=\"fluid\" data-full-width-responsive=\"true\"><\/ins>\n<script> \n(adsbygoogle = window.adsbygoogle || []).push({}); \n<\/script>\n<\/div>\n<p>Ve \u00f6zetle \u00a0bu \u201c<strong>toprak k\u00f6lesi zincirlerini k\u0131ramam\u0131\u015f<\/strong>\u201d askerler 1877\u2019de \u201c<strong>Bulgaristan\u2019\u0131 kurtarmaya<\/strong>\u201d de\u011fil, \u201c<strong>kendilerini \u00a0toprak k\u00f6leli\u011finden kurtarmaya<\/strong>\u201d gelmi\u015flerdi. Hepsi ayn\u0131 durumdayd\u0131lar ve geri d\u00f6n\u00fc\u015f yollar\u0131 t\u0131kal\u0131yd\u0131. Onlar\u0131 sava\u015f ate\u015fine iten de buydu asl\u0131nda\u2026<\/p>\n<p>Bu konuyu biraz daha derinle\u015ftirdi\u011fimizde, \u201c<strong>Bulgaristan kurtar\u0131c\u0131lar\u0131n\u0131n daha sonra Ukrayna\u2019da kara kader ya\u015fad\u0131\u011f\u0131n\u0131<\/strong>\u201d g\u00f6r\u00fcr\u00fcz. \u00c7\u00fcnk\u00fc d\u00f6nd\u00fcklerinde h\u00fcrriyetlerini istediklerinde alamay\u0131nca ayaklanm\u0131\u015flard\u0131. \u00c7ar \u00f6ld\u00fc\u011f\u00fcnde yerine III Aleksand\u0131r ge\u00e7ti\u011finde polis taraf\u0131ndan kovalanm\u0131\u015flar, kur\u015funlanm\u0131\u015flar, aileleri facia ya\u015fam\u0131\u015f da\u011f\u0131lm\u0131\u015ft\u0131. 1915\u2019e kadar devam eden bu \u015fiddet olaylar\u0131ndan T\u00fcrkiye\u2019ye s\u0131\u011f\u0131nanlar Gelibolu Yar\u0131madas\u0131nda topland\u0131. Osmanl\u0131 makamlar\u0131, toplam say\u0131lar\u0131n\u0131n 40\u00a0000 oldu\u011funu kaydetmi\u015ftir. Bilindi\u011fi \u00fczere, XX. Asr\u0131n ba\u015f\u0131nda \u00c7anakkale Ge\u00e7idinde d\u00fc\u011f\u00fcmlenen Anzaklarla (\u0130ngilizlerle) \u00f6l\u00fcm kal\u0131m sava\u015f\u0131 T\u00fcrkl\u00fc\u011f\u00fcm\u00fcze \u00f6l\u00fcm kal\u0131m g\u00fcnleri ya\u015fatt\u0131. . O zaman Rusya\u2019dan ka\u00e7aklar \u00c7anakkale Sava\u015f\u0131\u2019na Osmanl\u0131 saflar\u0131nda girmek isteseler. Padi\u015fah yol vermedi.\u00a0 Bulgar makamlarla anla\u015farak Varna\u2019ya g\u00f6nderildiler. Alman as\u0131ll\u0131 Bulgar \u00c7ar\u0131 Ferdinad \u201c<strong>kurtar\u0131c\u0131lar\u0131<\/strong>\u201d \u00a0balla b\u00f6rekle, g\u00fcler y\u00fczle kar\u015f\u0131lamad\u0131. Hele \u201cdar sosyalist\u201d kom\u00fcnistlerin kar\u015f\u0131 tavr\u0131 sertti. Bir\u00e7oklar\u0131 \u00f6ld\u00fcr\u00fcld\u00fc. Kay\u0131plara kar\u0131\u015ft\u0131. \u00a0\u00d6yle ki \u201c<strong>toprak k\u00f6leli\u011finden<\/strong>\u201d kurtulu\u015fun tad\u0131n\u0131 \u00e7\u0131karamad\u0131klar\u0131 gibi, Bulgaristan \u201c<strong>kurtar\u0131c\u0131s<\/strong>\u0131\u201d olmalar\u0131 da bir i\u015fe yaramad\u0131.<\/p>\n<p>\u015eimdi kalk\u0131p Besarabya\u2019ya gitseniz anlat\u0131lan \u00e7ok ac\u0131 \u201c<strong>kurtar\u0131c<\/strong>\u0131\u201d hik\u00e2yelerini dinlersiniz. Bu olaylara ilgili olumlu hava ya\u015fatan eser yoktur. Say\u0131s\u0131z \u00e7ok karamsar ge\u00e7mi\u015fin \u00fcst\u00fcn\u00fc cilalay\u0131p pudralamak i\u00e7in son y\u0131llarda d\u0131\u015f \u00fclkelerde a\u00e7\u0131lan Bulgar okullar\u0131na milliyet\u00e7ilik yan\u0131 a\u011f\u0131r basan tarih ve edebiyat \u00f6\u011fretmenleri delege ediliyor.\u00a0 Bulgar tarihi ancak uzaktan bakarsan okunur, yakla\u015ft\u0131k\u00e7a kokusu bo\u011fucudur.<\/p>\n<p><strong>\u201cKurtulu\u015fun\u201d bedeli.<\/strong><\/p>\n<p><strong>\u00a0<\/strong>10 Ocak 1884 tarihinde Bulgar Prensi I. Batenberg 1144 n.o\u2019lu bir emir imzalad\u0131. \u201c<strong>Rus \u0130mparatorlu\u011fu Askerlerinin Bulgar Prensli\u011fini \u0130\u015fgal Etti\u011fi S\u00fcreye \u0130li\u015fkin Rusya \u0130mparatorlu\u011funa \u00d6denecek Bor\u00e7<\/strong>\u201d ba\u015fl\u0131\u011f\u0131 alt\u0131nda \u00e7\u0131kan bu resmi belgede talep edilen para 10 milyon 618\u00a0250 Ruble ve 40 Kopektir. \u00a0Alt\u0131n de\u011feri 32,5 ton alt\u0131n, Frans\u0131z Frank\u0131 tutar\u0131 ise 53 milyon alt\u0131n Frankt\u0131.<\/p><div id=\"bghab-1752089876\" class=\"bghab-icerik-icine-40-paragraf bghab-entity-placement\"><script async src=\"\/\/pagead2.googlesyndication.com\/pagead\/js\/adsbygoogle.js?client=ca-pub-6203283170189293\" crossorigin=\"anonymous\"><\/script><ins class=\"adsbygoogle\" style=\"display:block; text-align:center;\" data-ad-client=\"ca-pub-6203283170189293\" \ndata-ad-slot=\"7303146466\" \ndata-ad-layout=\"in-article\"\ndata-ad-format=\"fluid\" data-full-width-responsive=\"true\"><\/ins>\n<script> \n(adsbygoogle = window.adsbygoogle || []).push({}); \n<\/script>\n<\/div>\n<p>1886\u2019da Bulgar Prensli\u011fi\u2019nin Do\u011fu Rumeli\u2019yi ilhak etmesinden sonra Rusya\u2019ya olan borca 50 ton alt\u0131n yani 82 milyon Frans\u0131z Frank\u0131 daha eklendi.\u00a0 Bulgarlar\u0131n bu \u201c<strong>borcu<\/strong>\u201d \u00f6deyemeyece\u011fini g\u00f6ren \u00c7ar III. Aleksand\u0131r Sofya idaresinden toplam 11 milyon iri ba\u015f hayvan (s\u0131\u011f\u0131r) talep etti.<\/p>\n<p>\u0130yi ki 1918\u2019de G\u00fcney Dobruca Sava\u015f\u0131nda T\u00fcrk Ordusu i\u015fgalci Romen ve Ruslara kar\u015f\u0131 s\u00fcng\u00fc takt\u0131 ve Bulgar \u00c7arl\u0131\u011f\u0131 Bresk-Litovsk Bar\u0131\u015f G\u00f6r\u00fc\u015fmelerinde ve Sovyet Savunma Bakan\u0131 Tro\u00e7ki ile imzalanan Bar\u0131\u015f Antla\u015fmas\u0131nda <strong>galipler listesinde <\/strong>yer ald\u0131 ve bu bor\u00e7 silindi. \u00d6tesini d\u00fc\u015f\u00fcnmek ve yazmak istemiyorum.<\/p>\n<p>\u015eu bir ger\u00e7ektir, \u015fu konu etti\u011fimiz s\u0131k\u0131nt\u0131lar, ekonomik bask\u0131 ve talan, \u00f6z tarihimizdeki esaret, hem de bir yandan Rus esareti p\u00fcsk\u00fcl\u00fc de Bulgar esareti alt\u0131na d\u00fc\u015fmemiz ve durumdan kaynaklanan hi\u00e7 aral\u0131ks\u0131z \u015fiddetlenen zul\u00fcm ata topraklar\u0131m\u0131zdan 100 y\u0131l devam eden b\u00fcy\u00fck s\u00f6k\u00fclmemize neden olmu\u015ftur. Bu bak\u0131mdan bug\u00fcn Bulgaristan\u2019da tutunmu\u015f ve T\u00fcrkl\u00fc\u011f\u00fcn\u00fc ya\u015fatan her T\u00fcrk, her M\u00fcsl\u00fcman, dini ve d\u00fcnyevi hayat aras\u0131nda s\u0131k\u0131\u015fm\u0131\u015f kalm\u0131\u015f karde\u015flerimden her biri kahramand\u0131r. Bu emsalsiz kahramanl\u0131\u011f\u0131n klasikle\u015fecek eserleri hen\u00fcz yaz\u0131lmam\u0131\u015ft\u0131r. \u0130l Allah yaz\u0131l\u0131r\u2026<\/p>\n<p><strong>Kahramanlar\u0131n tepesi \u201c\u015eipka\u201d. <\/strong><\/p>\n<p>16 Kas\u0131m 2016\u2019daki Cumhurba\u015fkan\u0131 se\u00e7ilmezden \u00f6nce, \u00a0boynuna \u201c<strong>Ba\u015f\u0131n\u0131 Bat\u0131\u2019ya \u00e7evirmeyi<\/strong>\u201d,\u00a0 g\u00f6zlerine de \u201d<strong>uza\u011f\u0131 g\u00f6rmeyi<\/strong>\u201d engelleyen \u2013 miyop- \u00e7ipi tak\u0131lmas\u0131na raz\u0131 olan General Rumen Radev,\u00a0 bir askeri jet pilotu olarak d\u00fcnyaya hep g\u00f6kten bakma nostaljisini t\u0131rnaklayarak ka\u015f\u0131mak \u00f6zlemini tatmin etmek amac\u0131yla, \u00a02 y\u0131ldan beri havan\u0131n a\u00e7\u0131k oldu\u011fu A\u011fustos ay\u0131nda Koca Balkan\u2019\u0131n \u201c\u015eipka Tepesi\u201d ne t\u0131rman\u0131yor. Korumalar\u0131 ve Cumhurba\u015fkanl\u0131\u011f\u0131 g\u00f6revlileri ve yak\u0131nlar\u0131 ile \u00fccretli bayraktarlar olmasa, o tepede e\u015fiyle birlikte ancak bir turist izlenimi b\u0131rakacak.<\/p><div id=\"bghab-492296329\" class=\"bghab-icerik-icine-45-paragraf bghab-entity-placement\"><script async src=\"\/\/pagead2.googlesyndication.com\/pagead\/js\/adsbygoogle.js?client=ca-pub-6203283170189293\" crossorigin=\"anonymous\"><\/script><ins class=\"adsbygoogle\" style=\"display:block; text-align:center;\" data-ad-client=\"ca-pub-6203283170189293\" \ndata-ad-slot=\"7303146466\" \ndata-ad-layout=\"in-article\"\ndata-ad-format=\"fluid\" data-full-width-responsive=\"true\"><\/ins>\n<script> \n(adsbygoogle = window.adsbygoogle || []).push({}); \n<\/script>\n<\/div>\n<p>Bu arada, \u00a0Kazanl\u0131k Etnograf\u0131 M\u00fczesinden 1 g\u00fcn i\u00e7in kiralanan 20 k\u0131l\u0131c\u0131 ku\u015fanm\u0131\u015f, \u00a020 fes, 20 aba potur, yelek ve \u00e7ar\u0131kl\u0131 Osmanl\u0131 askeri ile bir k\u00fclahl\u0131 Hoca\u2019n\u0131n kar\u015f\u0131 koruda belirmesi g\u00f6r\u00fcn\u00fcm\u00fc de\u011fi\u015ftirdi. \u00a030 Rus subay ve er k\u0131yafetli ve belleri ku\u015fakl\u0131, ellerinde k\u0131rmal\u0131 Bulgar \u201c<strong>g\u00f6n\u00fcll\u00fcler<\/strong>\u201d\u00a0 \u201cUra\u201d hayk\u0131r\u0131\u015f\u0131 \u00a0\u201cAllah Allah\u201d seslerine ve dualara kar\u0131\u015f\u0131nca da\u011f ba\u015f\u0131nda film \u00e7ekiliyor izlenimi olu\u015ftu. \u00a0\u00a0Sevlievo (Selvi) \u00a0At besleme \u00e7iftli\u011finden kiralanm\u0131\u015f ve s\u0131rtlar\u0131nda jokeylerle 1370 metre y\u00fcksek tepeye 3 saatte t\u0131rmanabilen suvariler de ter su i\u00e7inde geldiler. Atlar\u0131n Arnavut Kald\u0131r\u0131m\u0131 d\u00f6\u015feli yol \u00fczerinde soluk solu\u011fa tepinmesinden nal seslerine hoparl\u00f6rden y\u00fckselen Rus Zafer Mar\u015f\u0131 kar\u0131\u015f\u0131nca tablo sanki tamamd\u0131.<\/p>\n<p>Daha \u00f6nceki y\u0131llarda bu tabloya bir de yol kenar\u0131na dizilmi\u015f 10 Osmanl\u0131 subay, er ve bir din adam\u0131 maketi elenirdi. Rus atl\u0131lar bu maketlerin ba\u015flar\u0131n\u0131 boynuna tek vuru\u015fta u\u00e7uruyordu. \u00a0Bu olaylarda suni bir co\u015fku ya\u015fan\u0131yordu. Seyircilerin eline sanki \u00f6nceden birka\u00e7 para s\u0131k\u0131\u015ft\u0131r\u0131lm\u0131\u015f gibi, hararetli ba\u011f\u0131r\u0131p \u00e7a\u011f\u0131r\u0131yorlar hatta T\u00fcrklere kar\u015f\u0131 \u015fiir okuyanlar \u00f6ne f\u0131rl\u0131yordu.<\/p>\n<p>Cumhurba\u015fkan\u0131 Radev geleneksel a\u00e7\u0131k hava \u201c<strong>Zafer \u00c7arp\u0131\u015fmas\u0131<\/strong>\u201d sahnesine tepeden bakt\u0131. Davet edilen diplomatlar\u0131n hi\u00e7 biri gelmemi\u015fti. Yeni ku\u015fak Bulgar yazar, \u015fair ve ressamlar da bu gibi yapay sahnelerden esinlenmeyle sanki vedala\u015fm\u0131\u015ft\u0131.<\/p>\n<p>Cumhurba\u015fkan\u0131 \u015fiir s\u00f6yler gibi kutlama konu\u015fmas\u0131 yapt\u0131. \u201cRus zaferini\u201d \u00f6vd\u00fc.\u00a0 O, 26 A\u011fustos 1934\u2019te Bulgar \u00c7ar\u0131 III. Boris taraf\u0131ndan resmi bir t\u00f6renle a\u00e7\u0131lan \u201c<strong>\u015eipka An\u0131t\u0131<\/strong>\u201d\u00a0 heykelinin duvar\u0131ndaki yaz\u0131ya g\u00f6z atmad\u0131. E\u015fi de huzursuz gibiydi.<\/p>\n<p>Duvarda yaln\u0131z \u00a0\u201c<strong>H\u00fcrriyet Sava\u015f\u00e7\u0131lar\u0131\u2019na<\/strong>\u201d yaz\u0131yordu.<\/p><div id=\"bghab-719262867\" class=\"bghab-icerik-icine-50-paragraf bghab-entity-placement\"><script async src=\"\/\/pagead2.googlesyndication.com\/pagead\/js\/adsbygoogle.js?client=ca-pub-6203283170189293\" crossorigin=\"anonymous\"><\/script><ins class=\"adsbygoogle\" style=\"display:block; text-align:center;\" data-ad-client=\"ca-pub-6203283170189293\" \ndata-ad-slot=\"7303146466\" \ndata-ad-layout=\"in-article\"\ndata-ad-format=\"fluid\" data-full-width-responsive=\"true\"><\/ins>\n<script> \n(adsbygoogle = window.adsbygoogle || []).push({}); \n<\/script>\n<\/div>\n<p>Ve o heykelt\u0131ra\u015f \u201c\u015eipka\u201d \u00e7arp\u0131\u015fmas\u0131na General Skobelev\u2019ten ba\u015fka kat\u0131lan Rus olmad\u0131\u011f\u0131n\u0131 iyi biliyordu. Bunlar\u0131n art\u0131k pek \u00f6nemi de kalmam\u0131\u015ft\u0131. Bulgaristan\u2019\u0131n \u00f6devi \u201c<strong>Rus ve Sovyet An\u0131tlar\u0131<\/strong>\u201d cetvelinde yer alan bu eserleri korumak ve gerekti\u011finde onarmakt\u0131.<\/p>\n<p>1951\u2019e kadar bu ge\u00e7idi kullanan Bulgarlar an\u0131t\u0131n dikildi\u011fi doru\u011fa\u00a0 \u201cSv. Nikola\u201d\u00a0 derken, bu ismin Bizans\u2019tan kald\u0131\u011f\u0131n\u0131 bilmem biliyorlar m\u0131yd\u0131? T\u00fcrkler ise burada 2 tepe g\u00f6rm\u00fc\u015f, birine \u201cB\u00fcy\u00fck Yaban G\u00fcl\u201d, di\u011ferine de \u201cK\u00fc\u00e7\u00fck Yaban G\u00fcl\u201d demi\u015flerdi. Kazanl\u0131k ve Selvi T\u00fcrkleri bu yaylal\u0131 tepelerde k\u0131\u015f aylar\u0131nda \u00e7ay kaynatt\u0131klar\u0131 yaban g\u00fcl\u00fc meyvelerinden topluyorlard\u0131.\u00a0 \u201c<strong>K\u00f6pek G\u00fcl\u00fc<\/strong>\u201d ad\u0131yla da me\u015fhur bu k\u0131rm\u0131z\u0131 meyvelerden \u00e7ok leziz marmelad da kaynat\u0131l\u0131rd\u0131.<\/p>\n<p>1934\u2019te yerle\u015fen isim arama \u00e7al\u0131\u015fmalar\u0131yla Bulgar dili \u201c\u015eipka\u201d tepesi ad\u0131yla zenginle\u015fti. 1951\u2019de \u201c<strong>kurtar\u0131c\u0131<\/strong>\u201d\u00a0 Rus isimlerine yenilerini eklerken, \u201c<strong>B\u00fcy\u00fck Yaban G\u00fcl<\/strong>\u201d tepesine \u201cGeneral Skobelev\u201d ad\u0131 verdi. Fakat yerliler bu ismi kabullenemediler. Ger\u00e7ekleri bilenlerin \u00f6yk\u00fcler dinlendik\u00e7e Kom\u00fcnist iktidar geri ad\u0131m at\u0131p \u201c\u015eipka\u201d ismine d\u00f6nd\u00fc .\u201cK\u00fc\u00e7\u00fck Yaban G\u00fcl\u201d ismini de turistlere da\u011f\u0131t\u0131lan yol rehberlerinden sildiler.<\/p>\n<p>Cumhurba\u015fkan\u0131 Radev, konu\u015fmas\u0131nda isim de\u011fi\u015ftirme salg\u0131n hastal\u0131\u011f\u0131na hi\u00e7 de\u011finmedi. Stara Zagora (Eski Zara)\u00a0 Belediye Ba\u015fkanl\u0131\u011f\u0131nda \u00e7o\u011funluk olan \u201cAtaka\u201d (Sald\u0131r\u0131)\u00a0 dan\u0131\u015fmanlar\u0131n\u0131n 2005\u2019ten beri yaln\u0131z bu uyuzu ka\u015f\u0131d\u0131\u011f\u0131n\u0131 biliyordu\u2026<br \/>\nHele \u015fu Moskova\u2019da g\u00f6zlerine kakt\u0131klar\u0131 miyop perdesiyle tarihi e\u015felemek \u00d6yle zor, \u00d6yle zor ki!&#8230;<\/p>\n<p><a href=\"https:\/\/sites.google.com\/bulturk.org.tr\/e-bulturk\/2020\">BGSAM\u00a0\u00a0\u00a0<\/a><\/p><div id=\"bghab-639895519\" class=\"bghab-icerik-icine-55-paragraf bghab-entity-placement\"><script async src=\"\/\/pagead2.googlesyndication.com\/pagead\/js\/adsbygoogle.js?client=ca-pub-6203283170189293\" crossorigin=\"anonymous\"><\/script><ins class=\"adsbygoogle\" style=\"display:block; text-align:center;\" data-ad-client=\"ca-pub-6203283170189293\" \ndata-ad-slot=\"7303146466\" \ndata-ad-layout=\"in-article\"\ndata-ad-format=\"fluid\" data-full-width-responsive=\"true\"><\/ins>\n<script> \n(adsbygoogle = window.adsbygoogle || []).push({}); \n<\/script>\n<\/div>\n<p><a href=\"https:\/\/sites.google.com\/bulturk.org.tr\/e-bulturk\/2020\">https:\/\/sites.google.com\/bulturk.org.tr\/e-bulturk\/2020<\/a><\/p>\n<div id=\"bghab-1329304646\" class=\"bghab-yazi-altinda bghab-entity-placement\"><script async src=\"https:\/\/pagead2.googlesyndication.com\/pagead\/js\/adsbygoogle.js\"><\/script>\r\n<!-- bghaber-yaz\u0131-sonu -->\r\n<ins class=\"adsbygoogle\"\r\n     style=\"display:block\"\r\n     data-ad-client=\"ca-pub-6203283170189293\"\r\n     data-ad-slot=\"4222328180\"\r\n     data-ad-format=\"auto\"\r\n     data-full-width-responsive=\"true\"><\/ins>\r\n<script>\r\n     (adsbygoogle = window.adsbygoogle || []).push({});\r\n<\/script><\/div><br style=\"clear: both; display: block; float: none;\"\/>","protected":false},"excerpt":{"rendered":"<p>Edit\u00f6r\u00fcn K\u00f6\u015fesi: 31 A\u011fustos 2019 D\u00fczg\u00fcn karakter ta\u015f\u0131yan kadrolara ihtiyac\u0131m\u0131z var. Hem de her zamankinden daha fazla, \u00e7ok fazla\u2026 Ne yaz\u0131k ki, arad\u0131\u011f\u0131m\u0131z kadrolar\u0131 yeti\u015ftiren<\/p>\n","protected":false},"author":25,"featured_media":17690,"comment_status":"closed","ping_status":"closed","sticky":false,"template":"","format":"standard","meta":{"advanced_seo_description":"","jetpack_seo_html_title":"","jetpack_seo_noindex":false,"jetpack_seo_schema_type":"","_jetpack_newsletter_access":"","_jetpack_dont_email_post_to_subs":false,"_jetpack_newsletter_tier_id":0,"_jetpack_memberships_contains_paywalled_content":false,"_jetpack_feature_clip_id":0,"_jetpack_memberships_contains_paid_content":false,"footnotes":"","jetpack_post_was_ever_published":false},"categories":[6],"tags":[],"class_list":["post-40631","post","type-post","status-publish","format-standard","has-post-thumbnail","hentry","category-yorum"],"jetpack_sharing_enabled":true,"jetpack_likes_enabled":true,"jetpack-related-posts":[],"jetpack_shortlink":"https:\/\/wp.me\/pc2PfJ-azl","jetpack_featured_media_url":"https:\/\/i0.wp.com\/www.bghaber.org\/bghaber\/wp-content\/uploads\/2016\/01\/1-logo-yk.jpg?fit=552%2C531&ssl=1","_links":{"self":[{"href":"https:\/\/www.bghaber.org\/bghaber\/wp-json\/wp\/v2\/posts\/40631","targetHints":{"allow":["GET"]}}],"collection":[{"href":"https:\/\/www.bghaber.org\/bghaber\/wp-json\/wp\/v2\/posts"}],"about":[{"href":"https:\/\/www.bghaber.org\/bghaber\/wp-json\/wp\/v2\/types\/post"}],"author":[{"embeddable":true,"href":"https:\/\/www.bghaber.org\/bghaber\/wp-json\/wp\/v2\/users\/25"}],"replies":[{"embeddable":true,"href":"https:\/\/www.bghaber.org\/bghaber\/wp-json\/wp\/v2\/comments?post=40631"}],"version-history":[{"count":0,"href":"https:\/\/www.bghaber.org\/bghaber\/wp-json\/wp\/v2\/posts\/40631\/revisions"}],"wp:featuredmedia":[{"embeddable":true,"href":"https:\/\/www.bghaber.org\/bghaber\/wp-json\/wp\/v2\/media\/17690"}],"wp:attachment":[{"href":"https:\/\/www.bghaber.org\/bghaber\/wp-json\/wp\/v2\/media?parent=40631"}],"wp:term":[{"taxonomy":"category","embeddable":true,"href":"https:\/\/www.bghaber.org\/bghaber\/wp-json\/wp\/v2\/categories?post=40631"},{"taxonomy":"post_tag","embeddable":true,"href":"https:\/\/www.bghaber.org\/bghaber\/wp-json\/wp\/v2\/tags?post=40631"}],"curies":[{"name":"wp","href":"https:\/\/api.w.org\/{rel}","templated":true}]}}