{"id":40572,"date":"2019-08-27T01:41:53","date_gmt":"2019-08-26T22:41:53","guid":{"rendered":"https:\/\/www.bghaber.org\/bghaber\/?p=40572"},"modified":"2019-08-27T01:41:53","modified_gmt":"2019-08-26T22:41:53","slug":"malmode-turkuaz-festivali-gerceklestirildi","status":"publish","type":"post","link":"https:\/\/www.bghaber.org\/bghaber\/malmode-turkuaz-festivali-gerceklestirildi\/","title":{"rendered":"Malm\u00f6&#8217;de Turkuaz Festivali ger\u00e7ekle\u015ftirildi"},"content":{"rendered":"<div class=\"panel-title\">\n<p class=\"font-medium mb-0\">\u0130sve\u00e7&#8217;in Malm\u00f6 kentinde ger\u00e7ekle\u015ftirilen Turkuaz Festivali renkli g\u00f6r\u00fcnt\u00fclere sahne oldu.<\/p>\n<\/div>\n<p>\u0130sve\u00e7 Balg\u00f6\u00e7 Derne\u011fi ile Malm\u00f6 Belediyesi&#8217;nin ortakla\u015fa olarak Folkes Park&#8217;ta ger\u00e7ekle\u015ftirdi\u011fi programa y\u00fczlerce insan kat\u0131ld\u0131.<\/p>\n<p>Programda \u00e7ocuklar\u0131n olu\u015fturdu\u011fu halk danslar\u0131 g\u00f6sterisinin yan\u0131 s\u0131ra yerel sanat\u00e7\u0131lar\u0131n s\u00f6yledi\u011fi \u015fark\u0131lar alan\u0131 dolduranlar taraf\u0131ndan alk\u0131\u015flarla seyredildi.<\/p>\n<p>Sunuculu\u011funu Eliz Vatansever&#8217;in yapt\u0131\u011f\u0131 programa onur konu\u011fu olarak T\u00fcrkiye&#8217;nin \u0130sve\u00e7 Fahri Konsolosu Hakk\u0131 Uluda\u011f ve \u0130stanbul&#8217;daki Bult\u00fcrk Derne\u011fi&#8217;nin Genel Ba\u015fkan\u0131 Rafet Ulut\u00fcrk kat\u0131ld\u0131lar.<\/p>\n<p>\u0130lk defa b\u00f6yle bir program d\u00fczenlediklerini s\u00f6yleyen \u0130sve\u00e7 Balg\u00f6c Derne\u011fi Ba\u015fkan\u0131 Kaya Vatansever, kendilerine destek veren Malm\u00f6 Belediyesi, Malm\u00f6 T\u00fcrk Kad\u0131nlar Demokrasi ve Gen\u00e7lik Derne\u011fi, Malm\u00f6 K\u00fclt\u00fcr ve E\u011fitim Derne\u011fi, Malm\u00f6 Irak T\u00fcrkmenler Derne\u011fi y\u00f6netim kurullar\u0131na ve \u00fcyelerine te\u015fekk\u00fcr etti.<\/p>\n<p>Vatansever, programa\u00a0 binden fazla ki\u015finin kat\u0131ld\u0131\u011f\u0131n\u0131 belirtirken, kalabal\u0131\u011f\u0131n b\u00fcy\u00fck \u00e7o\u011funlu\u011funun Bulgaristan T\u00fcrkleri oldu\u011funu belirtti.<\/p><div id=\"bghab-421656091\" class=\"bghab-icerik-icine bghab-entity-placement\"><script async src=\"\/\/pagead2.googlesyndication.com\/pagead\/js\/adsbygoogle.js?client=ca-pub-6203283170189293\" crossorigin=\"anonymous\"><\/script><ins class=\"adsbygoogle\" style=\"display:block; text-align:center;\" data-ad-client=\"ca-pub-6203283170189293\" \ndata-ad-slot=\"7303146466\" \ndata-ad-layout=\"in-article\"\ndata-ad-format=\"fluid\" data-full-width-responsive=\"true\"><\/ins>\n<script> \n(adsbygoogle = window.adsbygoogle || []).push({}); \n<\/script>\n<\/div>\n<p>&nbsp;<\/p>\n<p>BG Haber<\/p>\n<div id=\"bghab-3138911180\" class=\"bghab-yazi-altinda bghab-entity-placement\"><script async src=\"https:\/\/pagead2.googlesyndication.com\/pagead\/js\/adsbygoogle.js\"><\/script>\r\n<!-- bghaber-yaz\u0131-sonu -->\r\n<ins class=\"adsbygoogle\"\r\n     style=\"display:block\"\r\n     data-ad-client=\"ca-pub-6203283170189293\"\r\n     data-ad-slot=\"4222328180\"\r\n     data-ad-format=\"auto\"\r\n     data-full-width-responsive=\"true\"><\/ins>\r\n<script>\r\n     (adsbygoogle = window.adsbygoogle || []).push({});\r\n<\/script><\/div><br style=\"clear: both; display: block; float: none;\"\/>","protected":false},"excerpt":{"rendered":"<p>\u0130sve\u00e7&#8217;in Malm\u00f6 kentinde ger\u00e7ekle\u015ftirilen Turkuaz Festivali renkli g\u00f6r\u00fcnt\u00fclere sahne oldu. \u0130sve\u00e7 Balg\u00f6\u00e7 Derne\u011fi ile Malm\u00f6 Belediyesi&#8217;nin ortakla\u015fa olarak Folkes Park&#8217;ta ger\u00e7ekle\u015ftirdi\u011fi programa y\u00fczlerce insan kat\u0131ld\u0131.<\/p>\n","protected":false},"author":29,"featured_media":40573,"comment_status":"closed","ping_status":"closed","sticky":false,"template":"","format":"standard","meta":{"advanced_seo_description":"","jetpack_seo_html_title":"","jetpack_seo_noindex":false,"jetpack_seo_schema_type":"","_jetpack_newsletter_access":"","_jetpack_dont_email_post_to_subs":false,"_jetpack_newsletter_tier_id":0,"_jetpack_memberships_contains_paywalled_content":false,"_jetpack_feature_clip_id":0,"_jetpack_memberships_contains_paid_content":false,"footnotes":"","jetpack_post_was_ever_published":false},"categories":[1,10],"tags":[39,2452,37,1083,2453,2450,2451],"class_list":["post-40572","post","type-post","status-publish","format-standard","has-post-thumbnail","hentry","category-haberler","category-kultur-sanat","tag-balgoc","tag-bulgaristanli","tag-bulturk","tag-isvec","tag-isvec-balgoc","tag-malmo","tag-turkuaz"],"jetpack_sharing_enabled":true,"jetpack_likes_enabled":true,"jetpack-related-posts":[],"jetpack_shortlink":"https:\/\/wp.me\/pc2PfJ-ayo","jetpack_featured_media_url":"https:\/\/i0.wp.com\/www.bghaber.org\/bghaber\/wp-content\/uploads\/2019\/08\/Malm%C3%B6de-Turkuaz-Festivali-ger%C3%A7ekle%C5%9Ftirildi.jpg?fit=960%2C720&ssl=1","_links":{"self":[{"href":"https:\/\/www.bghaber.org\/bghaber\/wp-json\/wp\/v2\/posts\/40572","targetHints":{"allow":["GET"]}}],"collection":[{"href":"https:\/\/www.bghaber.org\/bghaber\/wp-json\/wp\/v2\/posts"}],"about":[{"href":"https:\/\/www.bghaber.org\/bghaber\/wp-json\/wp\/v2\/types\/post"}],"author":[{"embeddable":true,"href":"https:\/\/www.bghaber.org\/bghaber\/wp-json\/wp\/v2\/users\/29"}],"replies":[{"embeddable":true,"href":"https:\/\/www.bghaber.org\/bghaber\/wp-json\/wp\/v2\/comments?post=40572"}],"version-history":[{"count":0,"href":"https:\/\/www.bghaber.org\/bghaber\/wp-json\/wp\/v2\/posts\/40572\/revisions"}],"wp:featuredmedia":[{"embeddable":true,"href":"https:\/\/www.bghaber.org\/bghaber\/wp-json\/wp\/v2\/media\/40573"}],"wp:attachment":[{"href":"https:\/\/www.bghaber.org\/bghaber\/wp-json\/wp\/v2\/media?parent=40572"}],"wp:term":[{"taxonomy":"category","embeddable":true,"href":"https:\/\/www.bghaber.org\/bghaber\/wp-json\/wp\/v2\/categories?post=40572"},{"taxonomy":"post_tag","embeddable":true,"href":"https:\/\/www.bghaber.org\/bghaber\/wp-json\/wp\/v2\/tags?post=40572"}],"curies":[{"name":"wp","href":"https:\/\/api.w.org\/{rel}","templated":true}]}}