{"id":405,"date":"2013-04-14T04:11:16","date_gmt":"2013-04-14T01:11:16","guid":{"rendered":"http:\/\/bghaber.org\/bghaber\/?p=405"},"modified":"2013-07-14T17:53:31","modified_gmt":"2013-07-14T14:53:31","slug":"sinirin-oteki-tarafi-2","status":"publish","type":"post","link":"https:\/\/www.bghaber.org\/bghaber\/sinirin-oteki-tarafi-2\/","title":{"rendered":"S\u0131n\u0131r\u0131n &#8220;\u00d6teki Taraf\u0131&#8221; 2"},"content":{"rendered":"<p>Ba\u015fka bir \u00fclkeye gitmedik ki, orada kalmak i\u00e7in belki de sonsuza dek.\/ Hay\u0131r, biz ka\u00e7t\u0131k. Kovulduk biz, s\u00fcrg\u00fcn edildik.&#8221;<\/p>\n<p>Edward Said de \u00fclkesini terk etmek zorunda kalanlar\u0131n iki \u00fclke aras\u0131nda kalma durumunu dile getirir bir \u00e7al\u0131\u015fmas\u0131nda: &#8220;S\u00fcrg\u00fcnlerin \u00e7o\u011fu i\u00e7in g\u00fc\u00e7l\u00fck sadece yuvadan uzakta ya\u015famak zorunda b\u0131rak\u0131lmaktan kaynaklanmaz,&#8230;g\u00fcnl\u00fck hayat\u0131n size eski yerinizle s\u00fcrekli ona ula\u015facak gibi oldu\u011funuz ama bir t\u00fcrl\u00fc ula\u015famad\u0131\u011f\u0131n\u0131z bir temas halinde tutulmas\u0131ndan kaynaklan\u0131r. Bu y\u00fczden s\u00fcrg\u00fcnler&#8230; ne yerli ortamla tamamen birle\u015febilir, ne de eskisinden tamamen kopabilir, ne ba\u011flanm\u0131\u015fl\u0131klar\u0131 tamd\u0131r ne de kopmu\u015fluklar\u0131.&#8221;<!--more--><\/p>\n<figure id=\"attachment_3721\" aria-describedby=\"caption-attachment-3721\" style=\"width: 150px\" class=\"wp-caption alignright\"><a href=\"https:\/\/i0.wp.com\/bghaber.org\/bghaber\/wp-content\/uploads\/2013\/07\/hasine-sen.jpg\"><img data-recalc-dims=\"1\" loading=\"lazy\" decoding=\"async\" class=\"size-thumbnail wp-image-3721\" alt=\"Do\u00e7.Dr.Hasine \u015een\" src=\"https:\/\/i0.wp.com\/bghaber.org\/bghaber\/wp-content\/uploads\/2013\/07\/hasine-sen-150x150.jpg?resize=150%2C150\" width=\"150\" height=\"150\" srcset=\"https:\/\/i0.wp.com\/www.bghaber.org\/bghaber\/wp-content\/uploads\/2013\/07\/hasine-sen.jpg?resize=150%2C150&amp;ssl=1 150w, https:\/\/i0.wp.com\/www.bghaber.org\/bghaber\/wp-content\/uploads\/2013\/07\/hasine-sen.jpg?resize=65%2C65&amp;ssl=1 65w, https:\/\/i0.wp.com\/www.bghaber.org\/bghaber\/wp-content\/uploads\/2013\/07\/hasine-sen.jpg?zoom=2&amp;resize=150%2C150&amp;ssl=1 300w, https:\/\/i0.wp.com\/www.bghaber.org\/bghaber\/wp-content\/uploads\/2013\/07\/hasine-sen.jpg?zoom=3&amp;resize=150%2C150&amp;ssl=1 450w\" sizes=\"auto, (max-width: 150px) 100vw, 150px\" \/><\/a><figcaption id=\"caption-attachment-3721\" class=\"wp-caption-text\">Do\u00e7.Dr.Hasine \u015een<\/figcaption><\/figure>\n<p>Said&#8217;in d\u00fc\u015f\u00fcnceleri tam olarak 1989 Bulgaristan g\u00f6\u00e7menlerinin duygular\u0131n\u0131 yans\u0131t\u0131rken Brecht&#8217; in \u015fiiri yetersiz kal\u0131yor \u00e7\u00fcnk\u00fc yeni \u00fclke onlar\u0131n durumunda herhangi bir yer de\u011fil, Anavatan T\u00fcrkiye&#8217;dir.\u00a0 T\u00fcrkiye&#8217;ye gelme nedeni olarak Parti Sekreteri Todor Jivkov&#8217;un uygulad\u0131\u011f\u0131 asimilasyon politikas\u0131n\u0131 g\u00f6sterirken bir taraftan Bulgaristan&#8217;dan <em>kovulduklar\u0131n\u0131<\/em> ifade etseler de, 1989 g\u00f6\u00e7menleri di\u011fer taraftan kovulduklar\u0131 yere kar\u015f\u0131 derin bir \u00f6zlemin de etkin oldu\u011funu vurguluyor. 1989&#8217;un yaz aylar\u0131nda ger\u00e7ekle\u015fen g\u00f6\u00e7\u00fcn, g\u00f6\u00e7 ve s\u00fcrg\u00fcn kavramlar\u0131n\u0131n ortas\u0131nda bir yerde kald\u0131\u011f\u0131n\u0131 g\u00f6stermek i\u00e7in hemen g\u00f6\u00e7 \u00f6ncesi cereyan eden, yak\u0131n Bulgar tarihinde &#8220;May\u0131s olaylar\u0131&#8221; olarak yer alan olaylar\u0131n incelenmesi son derece\u00a0 yararl\u0131 olacakt\u0131r.<\/p>\n<p>1985 y\u0131l\u0131nda, Bulgaristan T\u00fcrklerinin isimlerinin de\u011fi\u015ftirilmesi ve temel haklar\u0131n\u0131n ellerinden al\u0131nmas\u0131yla ifade edilen ve Parti y\u00f6neticileri taraf\u0131ndan &#8220;Soya D\u00f6n\u00fc\u015f&#8221; olarak isimlendirilen s\u00fcrece tepki olarak Bulgaristan T\u00fcrklerinin Milli Kurtulu\u015f Hareketi ad\u0131 alt\u0131nda illegal bir \u00f6rg\u00fct kuruldu. Bu \u00f6rg\u00fct\u00fcn rejim aleyhtar\u0131 \u00e7al\u0131\u015fmalar\u0131 1989 y\u0131l\u0131n\u0131n May\u0131s ay\u0131nda, <em>May\u0131s Bar\u0131\u015f Y\u00fcr\u00fcy\u00fc\u015fleri <\/em>&#8216;nin d\u00fczenlenmesiyle doruk noktas\u0131na ula\u015ft\u0131. May\u0131s hareketleri \u00fclkenin farkl\u0131 yerlerinde yap\u0131lan a\u00e7l\u0131k grevleriyle ba\u015flad\u0131. T\u00fcrklerin ya\u015fad\u0131\u011f\u0131 b\u00f6lgelerde 25 May\u0131s 1989&#8217;da\u00a0 toplu bar\u0131\u015f y\u00fcr\u00fcy\u00fc\u015flerinin yap\u0131lmas\u0131 kararla\u015ft\u0131r\u0131ld\u0131 ancak y\u00fcr\u00fcy\u00fc\u015fleri d\u00fczenleyenlerin tutuklan\u0131p Avusturya ve ba\u015fka Avrupa \u00fclkelerine s\u0131n\u0131r d\u0131\u015f\u0131 edilmeleri sonucunda halk g\u00f6sterileri daha erken ba\u015flad\u0131. \u00dclkenin bir\u00e7ok yerinde &#8220;Biz T\u00fcrk\u00fcz&#8221; ve &#8220;\u0130simlerimizi \u0130stiyoruz&#8221; gibi sloganlar at\u0131larak y\u00fcr\u00fcy\u00fc\u015fler yap\u0131ld\u0131. Bu y\u00fcr\u00fcy\u00fc\u015flerde ilk defa &#8220;Ya\u015fas\u0131n Demokrasi,&#8221; &#8220;Ya\u015fas\u0131n Gorba\u00e7ov,&#8221; &#8220;Kahrolsun Jivkov&#8221; t\u00fcr\u00fcnden sloganlar\u0131n at\u0131lmas\u0131, demokratikle\u015fme s\u00fcrecine ge\u00e7me talebinin ilk i\u015faretleri olarak okunabilir.\u00a0 G\u00f6\u00e7 talebi hi\u00e7bir mitingin konusu de\u011fildir. Bu y\u00fcr\u00fcy\u00fc\u015flerin amac\u0131 d\u00fcnya demokratik \u00f6rg\u00fctlerinin dikkatini \u00e7ekmektir, tarih olarak 25 May\u0131s\u0131n se\u00e7ilmesi de tesad\u00fcf de\u011fildir, \u00e7\u00fcnk\u00fc bu tarihte Paris&#8217;te Uluslararas\u0131 \u0130nsan Haklar\u0131 Konferans\u0131 ba\u015flayacakt\u0131r ve \u0130llegal \u00f6rg\u00fct lideri Ahmet Do\u011fan bulundu\u011fu Pazarc\u0131k hapishanesinden bu konferansa bir mesaj ula\u015ft\u0131rmay\u0131 ba\u015farm\u0131\u015ft\u0131r.<\/p>\n<p>Resmi devlet propagandas\u0131na g\u00f6re ise g\u00f6stericiler otonomi ve T\u00fcrkiye&#8217;ye g\u00f6\u00e7 etmek istemektedir, b\u00f6ylece kamuoyu yan\u0131lt\u0131lmakta ve g\u00f6stericilere kar\u015f\u0131 d\u00fc\u015fmanl\u0131k hissi uyand\u0131r\u0131lmaktad\u0131r (Yal\u0131mov 462). May\u0131s olaylar\u0131 boyunca (20-30 May\u0131s 1989) 2000 ki\u015fi s\u0131n\u0131r d\u0131\u015f\u0131 edilmi\u015ftir. Bu ki\u015filere 24 saat i\u00e7inde \u00fclkeyi terk etme emri verilmi\u015ftir. Bu \u015fekilde Bulgaristan&#8217;\u0131 terk etmek zorunda kalan Bulgaristan T\u00fcrkleri \u00f6nce Avusturya ve Macaristan&#8217;a, daha sonda da T\u00fcrkiye&#8217;ye g\u00f6nderilmi\u015ftir. Medya a\u00e7\u0131klamalar\u0131 ve bu &#8220;s\u0131n\u0131r d\u0131\u015f\u0131 etme&#8221; olaylar\u0131 yo\u011fun bir g\u00f6\u00e7 psikozunu yaratmakta gecikmez ve k\u0131sa bir s\u00fcre sonra Kap\u0131kule yollar\u0131 umut yolculu\u011funa \u00e7\u0131kan Bulgaristan T\u00fcrkleriyle dolup ta\u015fmaya ba\u015flar.<\/p><div id=\"bghab-761726753\" class=\"bghab-icerik-icine bghab-entity-placement\"><script async src=\"\/\/pagead2.googlesyndication.com\/pagead\/js\/adsbygoogle.js?client=ca-pub-6203283170189293\" crossorigin=\"anonymous\"><\/script><ins class=\"adsbygoogle\" style=\"display:block; text-align:center;\" data-ad-client=\"ca-pub-6203283170189293\" \ndata-ad-slot=\"7303146466\" \ndata-ad-layout=\"in-article\"\ndata-ad-format=\"fluid\" data-full-width-responsive=\"true\"><\/ins>\n<script> \n(adsbygoogle = window.adsbygoogle || []).push({}); \n<\/script>\n<\/div>\n<p>G\u00f6\u00e7 psikozunun nas\u0131l yarat\u0131ld\u0131\u011f\u0131n\u0131 anlatan kaynaklar aras\u0131nda 2003&#8217;\u00fcn May\u0131s ay\u0131nda yay\u0131nlanan <em>Soya D\u00f6n\u00fc\u015f S\u00fcreci&#8217;nin Ger\u00e7e\u011fi: Bulgaristan Kom\u00fcnist Partisi Merkez Komitesi Politb\u00fcro Ar\u015fivi Belgeleri<\/em> ba\u015fl\u0131kl\u0131 kitap, Merkez Komite&#8217; nin o g\u00fcnlerde ald\u0131\u011f\u0131 kararlar\u0131, isim de\u011fi\u015ftirme s\u00fcrecini nas\u0131l haz\u0131rlad\u0131\u011f\u0131n\u0131, 1989 y\u0131l\u0131nda meydana gelen g\u00f6\u00e7 olay\u0131n\u0131n nas\u0131l planland\u0131\u011f\u0131n\u0131 parti \u00fcyelerinin aras\u0131nda ge\u00e7en konu\u015fmalar\u0131 ve tart\u0131\u015fmalar\u0131 g\u00fcn \u0131\u015f\u0131\u011f\u0131na \u00e7\u0131karmas\u0131 a\u00e7\u0131s\u0131ndan son derece \u00f6nemlidir. Bu\u00a0 kaynak tarihi ger\u00e7ekleri \u00e7arp\u0131tarak suni bir\u00a0 tarihin nas\u0131l yaz\u0131ld\u0131\u011f\u0131n\u0131, k\u0131smen de olsa ortaya koyuyor (s\u00fcrecin sorumlular\u0131n\u0131 g\u00f6steren as\u0131l belgeler yok olmu\u015ftur ar\u015fivden),\u00a0 ve her \u015feyden \u00f6nce &#8220;Soya D\u00f6n\u00fc\u015f&#8221; s\u00fcrecinin ba\u015far\u0131s\u0131zl\u0131\u011fa do\u011fru gitti\u011fini g\u00f6r\u00fcnce yeni bir asimilasyon y\u00f6ntemi olarak Bulgaristan T\u00fcrkleri&#8217;ni g\u00f6\u00e7e nas\u0131l itti\u011fini g\u00f6steriyor.<\/p>\n<p>Sadece 1989 y\u0131l\u0131ndaki geli\u015fmelerin perde arkas\u0131n\u0131 yans\u0131tacak baz\u0131 kararlar \u00fczerinde duraca\u011f\u0131m. 6 Haziran 1989 tarihinde Bulgaristan Kom\u00fcnist Partisi Merkez Komitesi Toplant\u0131s\u0131n\u0131n raporundan al\u0131nan a\u015fa\u011f\u0131daki kesitler 1989 g\u00f6\u00e7 hareketinin Parti karar\u0131yla ba\u015flat\u0131ld\u0131\u011f\u0131n\u0131 a\u00e7\u0131k\u00e7a ortaya koyuyor:<\/p>\n<div id=\"bghab-2655039794\" class=\"bghab-yazi-altinda bghab-entity-placement\"><script async src=\"https:\/\/pagead2.googlesyndication.com\/pagead\/js\/adsbygoogle.js\"><\/script>\r\n<!-- bghaber-yaz\u0131-sonu -->\r\n<ins class=\"adsbygoogle\"\r\n     style=\"display:block\"\r\n     data-ad-client=\"ca-pub-6203283170189293\"\r\n     data-ad-slot=\"4222328180\"\r\n     data-ad-format=\"auto\"\r\n     data-full-width-responsive=\"true\"><\/ins>\r\n<script>\r\n     (adsbygoogle = window.adsbygoogle || []).push({});\r\n<\/script><\/div><br style=\"clear: both; display: block; float: none;\"\/>","protected":false},"excerpt":{"rendered":"<p>Ba\u015fka bir \u00fclkeye gitmedik ki, orada kalmak i\u00e7in belki de sonsuza dek.\/ Hay\u0131r, biz ka\u00e7t\u0131k. Kovulduk biz, s\u00fcrg\u00fcn edildik.&#8221; Edward Said de \u00fclkesini terk etmek<\/p>\n","protected":false},"author":27,"featured_media":3721,"comment_status":"closed","ping_status":"closed","sticky":false,"template":"","format":"standard","meta":{"advanced_seo_description":"","jetpack_seo_html_title":"","jetpack_seo_noindex":false,"jetpack_seo_schema_type":"","_jetpack_newsletter_access":"","_jetpack_dont_email_post_to_subs":false,"_jetpack_newsletter_tier_id":0,"_jetpack_memberships_contains_paywalled_content":false,"_jetpack_feature_clip_id":0,"_jetpack_memberships_contains_paid_content":false,"footnotes":"","jetpack_post_was_ever_published":false},"categories":[6],"tags":[30],"class_list":["post-405","post","type-post","status-publish","format-standard","has-post-thumbnail","hentry","category-yorum","tag-bulgaristan"],"jetpack_sharing_enabled":true,"jetpack_likes_enabled":true,"jetpack-related-posts":[],"jetpack_shortlink":"https:\/\/wp.me\/pc2PfJ-6x","jetpack_featured_media_url":"https:\/\/i0.wp.com\/www.bghaber.org\/bghaber\/wp-content\/uploads\/2013\/07\/hasine-sen.jpg?fit=517%2C661&ssl=1","_links":{"self":[{"href":"https:\/\/www.bghaber.org\/bghaber\/wp-json\/wp\/v2\/posts\/405","targetHints":{"allow":["GET"]}}],"collection":[{"href":"https:\/\/www.bghaber.org\/bghaber\/wp-json\/wp\/v2\/posts"}],"about":[{"href":"https:\/\/www.bghaber.org\/bghaber\/wp-json\/wp\/v2\/types\/post"}],"author":[{"embeddable":true,"href":"https:\/\/www.bghaber.org\/bghaber\/wp-json\/wp\/v2\/users\/27"}],"replies":[{"embeddable":true,"href":"https:\/\/www.bghaber.org\/bghaber\/wp-json\/wp\/v2\/comments?post=405"}],"version-history":[{"count":0,"href":"https:\/\/www.bghaber.org\/bghaber\/wp-json\/wp\/v2\/posts\/405\/revisions"}],"wp:featuredmedia":[{"embeddable":true,"href":"https:\/\/www.bghaber.org\/bghaber\/wp-json\/wp\/v2\/media\/3721"}],"wp:attachment":[{"href":"https:\/\/www.bghaber.org\/bghaber\/wp-json\/wp\/v2\/media?parent=405"}],"wp:term":[{"taxonomy":"category","embeddable":true,"href":"https:\/\/www.bghaber.org\/bghaber\/wp-json\/wp\/v2\/categories?post=405"},{"taxonomy":"post_tag","embeddable":true,"href":"https:\/\/www.bghaber.org\/bghaber\/wp-json\/wp\/v2\/tags?post=405"}],"curies":[{"name":"wp","href":"https:\/\/api.w.org\/{rel}","templated":true}]}}