{"id":40380,"date":"2019-08-16T09:41:12","date_gmt":"2019-08-16T06:41:12","guid":{"rendered":"https:\/\/www.bghaber.org\/bghaber\/?p=40380"},"modified":"2019-08-16T10:49:34","modified_gmt":"2019-08-16T07:49:34","slug":"komunizm-cezalandirilmamis-fasizmdir","status":"publish","type":"post","link":"https:\/\/www.bghaber.org\/bghaber\/komunizm-cezalandirilmamis-fasizmdir\/","title":{"rendered":"Kom\u00fcnizm Cezaland\u0131r\u0131lmam\u0131\u015f Fa\u015fizmdir"},"content":{"rendered":"<p>Tarih: 15 A\u011fustos 2019<br \/>\nKaynak: Faktor.bg<br \/>\nS\u00f6yle\u015fi: Vasil Vasilev<br \/>\nKonu: Hepimizi ilgilendiren g\u00fcncel politika \u00fcst\u00fcne tutarl\u0131 g\u00f6r\u00fc\u015fler.<br \/>\n\u00c7eviri: BGSAM<\/p>\n<p>Kom\u00fcnizm Cezaland\u0131r\u0131lmam\u0131\u015f Fa\u015fizmdir.<br \/>\n\u201c\u00c7alga\u201d siyasette pop\u00fclizm olur, diktat\u00f6rlerin sundu\u011fu kolay cevaplar\u0131 \u00f6nerecektir.<br \/>\n\u201c\u0130sim de\u011fi\u015ftirme konusunda insanlara ger\u00e7ekleri s\u00f6ylemek gerek, \u201cisim se\u00e7me hakk\u0131\u201d tan\u0131m\u0131\u015flard\u0131 ve ben Emil\u2019i se\u00e7mi\u015ftim. Erol \u0130brahim, Uikeda\u201d grubunun eski vokalisti.<br \/>\nPutin \u015fark\u0131s\u0131 besteleseydim. Ad\u0131 \u201cBen her \u015feyi biliyorum\u201d olurdu.<\/p>\n<div id=\"bghab-1541930412\">\t<a href=\"https:\/\/wixstats.com\/?a=28926&c=2228&s1=\"> <img data-recalc-dims=\"1\" loading=\"lazy\" decoding=\"async\" src=\"https:\/\/i0.wp.com\/eu1-us1.ckcdnassets.com\/869\/creatives\/2228\/new%2Blogo%2Bsquares%2B728_90_tr.png?resize=604%2C74&#038;ssl=1\" width=\"604\" height=\"74\"><\/a> \r\n<\/div>\n<p><strong>Erol \u0130BRAH\u0130M \/15 A\u011fustos 2019<\/strong><br \/>\n<em><strong>Soru: Say\u0131n \u0130brahimov, diktat\u00f6r d\u00fczeni hakim olan Rusya\u2019ya kar\u015f\u0131 baz\u0131 Bulgarlar\u0131n hayranl\u0131k beslemesini kendinize nas\u0131l a\u00e7\u0131kl\u0131yorsunuz? B\u00f6yle bir y\u00f6netime sempati besleyenlerin tutumuna ne diyeceksiniz?<\/strong><\/em><\/p>\n<p>Yan\u0131t: Rus halk\u0131 ve k\u00fclt\u00fcr\u00fcn\u00fcn be\u011fenilmesi ya da be\u011fenilmemesinde k\u00f6t\u00fc olan bir \u015fey g\u00f6rm\u00fcyorum. Fakat biz \u015fu an \u00f6zg\u00fcrl\u00fckten korku ve ka\u00e7anlar\u0131 g\u00f6r\u00fcyoruz. Demokrasiden ve \u00f6zg\u00fcrl\u00fckten korkan insanlar var. Onlar diktat\u00f6rl\u00fckleri seviyor ve kararlar\u0131 onlar\u0131n yerine ba\u015fkalar\u0131n\u0131n almas\u0131n\u0131 istiyorlar, belki de onlar bunun daha kolay oldu\u011funu d\u00fc\u015f\u00fcn\u00fcyorlar. Bu yaln\u0131z Bulgarlara ve Ruslara \u00f6zg\u00fc bir \u015fey de\u011fil, b\u00fct\u00fcn d\u00fcnyada ya\u015fanan bir \u201colay\u201dd\u0131r. \u015eahsen ben \u201cRusofil\u201d (Rus\u00e7u) ya da \u201cRusofob\u201d (Ruslardan ho\u015flanmayan) gibi kavramlar\u0131 sevmem, \u00e7\u00fcnk\u00fc bu belirli tip insan\u0131 sevmek ya da ondan nefret etmek anlam\u0131na gelir ki, ak\u0131l d\u0131\u015f\u0131 bir \u015feydir. Biz, iyiler ve k\u00f6t\u00fcler olarak b\u00f6l\u00fcnmeliyiz. Biz, bizdeki \u00f6zg\u00fcrl\u00fckten korkuyoruz, bu zor bir \u015fey ve korkanlar\u0131 anlayabiliyorum. Belirli bir bedel \u00f6dememiz gerekecek.<\/p>\n<p><em><strong>Soru: Zaman\u0131 dolmu\u015f, nostaljisi \u00e7ekilen, bir a\u015faman\u0131n bedelini ne zamana kadar \u00f6deyece\u011fiz?<\/strong><\/em><\/p><div id=\"bghab-719634916\" style=\"margin-left: auto;margin-right: auto;text-align: center;\"><script async src=\"\/\/pagead2.googlesyndication.com\/pagead\/js\/adsbygoogle.js?client=ca-pub-6203283170189293\" crossorigin=\"anonymous\"><\/script><ins class=\"adsbygoogle\" style=\"display:block; text-align:center;\" data-ad-client=\"ca-pub-6203283170189293\" \ndata-ad-slot=\"7303146466\" \ndata-ad-layout=\"in-article\"\ndata-ad-format=\"fluid\" data-full-width-responsive=\"true\"><\/ins>\n<script> \n(adsbygoogle = window.adsbygoogle || []).push({}); \n<\/script>\n<\/div>\n<p>Yan\u0131t: Evet ama son tarihi g\u00f6stermek zor! Daha \u00f6nce 20 y\u0131lda \u00fcstesinden gelece\u011fimiz bir s\u00fcre\u00e7ten s\u00f6z ediyorduk, 30 y\u0131l geldi ge\u00e7ti. O zaman i\u015fler biraz daha olumlu g\u00f6r\u00fcn\u00fcyordu, \u00e7\u00fcnk\u00fc her \u015feyin do\u011fru yolu bulaca\u011f\u0131na ve normal toplum kurulaca\u011f\u0131na bir \u00fcmit vard\u0131. Tersi oldu. Kendi sorunlar\u0131yla y\u00fczle\u015fip, do\u011fru karar almalar\u0131na i\u015ftahs\u0131zl\u0131k a\u015f\u0131layan politikac\u0131 ve medyalar\u0131n etkisi alt\u0131nda kalm\u0131\u015f insanlar beni hayal k\u0131r\u0131kl\u0131\u011f\u0131na u\u011frat\u0131yorlar. Demokrasi uzun bir s\u00fcre\u00e7&#8230; Bir g\u00fcn sonra biri gelip \u201cne d\u00fc\u015f\u00fcn\u00fcrsen ve ne istersen konu\u015f ve yap\u201d demeyecektir. Diktat\u00f6rl\u00fck kolay i\u015f, birisi ba\u015fkalar\u0131 ad\u0131na karar al\u0131p, \u00e7\u0131k\u0131p daha iyi ya\u015fayacaks\u0131n\u0131z diyor. \u00c7eli\u015fkisiz san\u0131lan, s\u00f6zde m\u00fckemmel olan sosyalizm ile ilgili sorun olmamas\u0131 buradan kaynaklan\u0131yor. \u0130nsanlar\u0131n ho\u015funa giden de bu olabilir. Rus, \u00c7in, Kuzey Kore veya Venezuela diktat\u00f6rl\u00fc\u011f\u00fc olmas\u0131 \u00f6nem ta\u015f\u0131maz. Profili hep ayn\u0131d\u0131r.<\/p>\n<div id=\"bghab-719634916\" style=\"margin-left: auto;margin-right: auto;text-align: center;\"><script async src=\"\/\/pagead2.googlesyndication.com\/pagead\/js\/adsbygoogle.js?client=ca-pub-6203283170189293\" crossorigin=\"anonymous\"><\/script><ins class=\"adsbygoogle\" style=\"display:block; text-align:center;\" data-ad-client=\"ca-pub-6203283170189293\" \ndata-ad-slot=\"7303146466\" \ndata-ad-layout=\"in-article\"\ndata-ad-format=\"fluid\" data-full-width-responsive=\"true\"><\/ins>\n<script> \n(adsbygoogle = window.adsbygoogle || []).push({}); \n<\/script>\n<\/div>\n<p><em><strong>Soru: Bizde kendilerine \u201cRusofiller\u201d dedi\u011fimiz gururlu \u201cPutinofillerin\u201d Putin\u2019e ba\u011fl\u0131 hareket eden motorlu \u201cGece Kurtlar\u0131\u201d harek\u00e2tlar\u0131na tepki g\u00f6steren hen\u00fcz yok.<\/strong><\/em><\/p>\n<p>Yan\u0131t: \u0130nsanlar\u0131n d\u00fczg\u00fcn bir ya\u015famla demokrasi aras\u0131ndaki ba\u011flant\u0131y\u0131 neden g\u00f6rmek istemediklerine ak\u0131l erdiremiyorum. Diktat\u00f6rl\u00fcklerde hep k\u0131tl\u0131k olmu\u015ftur. Eskiden \u201cK\u0131rm\u0131z\u0131biber gibi kayboldun!\u201d laf\u0131 vard\u0131. K\u0131rm\u0131z\u0131biber, kolay \u00fcretilen, k\u0131rm\u0131z\u0131biberden \u00e7ekiliyor de\u011fil mi? K\u0131tl\u0131\u011fa d\u00fc\u015f\u00fcnce insanlar di\u011ferlerini k\u0131skanmaya ba\u015fl\u0131yor. Burada, s\u00f6z konusu olan, \u00e7alarak zenginle\u015fmi\u015f kodamanlar da de\u011fil, namusluca \u00e7al\u0131\u015farak ve sab\u0131rla para biriktirenler birbirlerini k\u0131skan\u0131yorlar. Bu nedenledir ki, \u015fimdiki ortamda hayatlar\u0131n\u0131 de\u011fi\u015ftirmek i\u00e7in bir \u015feyler yapmak istemeyen ve B\u00fcy\u00fck Karde\u015f (Rusya) \u201cg\u00fcvencesiyle\u201d d\u00fcnyada \u00f6nem arz eden bir duruma geleceklerine inanmaya devam ediyorlar. S\u00f6z konusu olan yine demokrasinin insanlara verdi\u011fi olanaklardan g\u00f6n\u00fcll\u00fc olarak vazge\u00e7ilmesidir. Ben bunun en m\u00fckemmel sistem olmad\u0131\u011f\u0131na inan\u0131yorum. Demokraside \u00e7o\u011funlu\u011fun az\u0131nl\u0131k \u00fczerinde diktat\u00f6rl\u00fc\u011f\u00fc var. Kimi defa, bunu g\u00f6remeyenler de var ama hukukun \u00fcst\u00fcnl\u00fc\u011f\u00fcnden ve serbest se\u00e7imden daha iyisi yok. Diktat\u00f6rl\u00fcklerin tekeli asl\u0131nda onlar\u0131n y\u0131k\u0131lma sebepleridir. Ekmek ad\u0131na \u00f6zg\u00fcrl\u00fckten vaz ge\u00e7en insano\u011flu, sonunda ikisini de kaybeden olur. Kom\u00fcnizmi desteklemeleri bir yana, fa\u015fizme \u00e7ok benzeyen ve son hesapta kom\u00fcnizme de yak\u0131n olan, konservatizm (tutuculuk) baz\u0131 ki\u015filerin uydurma hayran olmalar\u0131na \u015fa\u015f\u0131yorum. 30-40 senede bir de\u011fi\u015fen, ayr\u0131 elbiseler giymi\u015f ayn\u0131 teoriden s\u00f6z ediyorum.<\/p>\n<p><em><strong>Soru: Tarih kitaplar\u0131nda, Todor Jivkov\u2019u ya\u015fad\u0131\u011f\u0131 zaman\u0131n olumlu kahraman\u0131 olarak anlatma denemesi yap\u0131ld\u0131. T. Jivkov\u2019u mezardan diriltmek isteyen tarih\u00e7ilerin \u00f6zledi\u011fi nedir?<\/strong><\/em><\/p>\n<p>Yan\u0131t: Bellek (haf\u0131za) tuhaf bir \u015fey\u2026 \u0130nsan hayat\u0131ndaki en iyi anlar\u0131 an\u0131ms\u0131yor ve onlar\u0131 eski zamanda ge\u00e7irdi\u011fi gen\u00e7lik y\u0131llar\u0131ndan en ilgin\u00e7 an\u0131larla ba\u011fl\u0131yor. Ve sonra yol bulup herhangi bir \u015fekilde onlar\u0131 \u015fimdiki \u00e7evreye ta\u015f\u0131yor. Kom\u00fcnizm ve diktat\u00f6rl\u00fc\u011f\u00fcn en \u00f6nemli konusu \u00e7eli\u015fkisiz, antagonizmsiz, z\u0131ddiyetlerin kanl\u0131 kavgas\u0131 olmayan bir toplum d\u00fczeni tablosu sunmakt\u0131r ve bir\u00e7ok insan neden farkl\u0131 olduklar\u0131n\u0131 tart\u0131\u015f\u0131yorlar. Demokrasi sorunlar\u0131 (uzla\u015fmazl\u0131klar\u0131, \u00e7eli\u015fkileri) kurallar ve yasalarla \u00e7\u00f6zmeye \u00e7al\u0131\u015f\u0131r. Bu, bir ger\u00e7ek olmas\u0131n\u0131, bu ger\u00e7e\u011fin bir insan taraf\u0131ndan dile getirilmesini ve dile getirilen bu ger\u00e7e\u011fin onlar\u0131n beklentileri ve d\u00fc\u015f\u00fcnd\u00fckleriyle \u00f6rt\u00fc\u015fmesini bekleyen pek \u00e7ok insan\u0131 korkutuyor. Cezas\u0131n\u0131 almam\u0131\u015f fa\u015fizmin ad\u0131 kom\u00fcnizmdir. 1989 \u00f6ncesi d\u00f6nem \u00fcst\u00fcne \u00c7ek, Polonya ve Macaristan\u2019da bu gibi konu\u015fmalar y\u00fcr\u00fct\u00fcld\u00fc m\u00fc bilmiyorum. Burada revan\u015fizmden (\u00f6\u00e7 almaktan) s\u00f6z etmiyorum, yanl\u0131\u015flara i\u015faret etmekten dem vuruyorum, gen\u00e7lerin kom\u00fcnizmim milyonlarca insan\u0131n \u00e7ekilerine ve \u00f6l\u00fcm\u00fcne neden oldu\u011funu bilmeleri gerekmez mi? Bir de bak\u0131yorsun insanlar kendi aralar\u0131nda \u201co kadar da k\u00f6t\u00fc de\u011fildi\u201d \u015feklinde f\u0131s\u0131ldan\u0131yorlar. Bu gibi an\u0131lar\u0131 olmayan bir ku\u015fak yeti\u015fiyor ve \u015fimdi onlara Todor Jivkov halk\u0131na ilgili bir devlet adam\u0131 gibi tan\u0131t\u0131l\u0131yor. O ise y\u0131llar y\u0131l\u0131 Moskova\u2019ya hademelik etmi\u015f, ne dedilerse onu yapm\u0131\u015f. O bir \u015fahsiyet olarak iyi olmayan bir idareci olabilir, fakat Moskova\u2019ya uygun biriymi\u015f. Tarih kitaplar\u0131yla olanlar, tuhafl\u0131kt\u0131r. Ger\u00e7ekleri bilmeyen gen\u00e7lerin bu gibi savlara inanmalar\u0131 kolayd\u0131r. Kom\u00fcnizmi tutuculuk olarak g\u00f6stermemiz kolayd\u0131r ama yeni elbiseler giydirip kolay \u00e7\u00f6z\u00fcm sunmam\u0131za anlam veremiyorum. Bundan 30 sene \u00f6nce modelin \u00e7al\u0131\u015fmad\u0131\u011f\u0131n\u0131, ekonomik olarak \u00e7\u00f6kt\u00fc\u011f\u00fcn\u00fc g\u00f6rd\u00fck. \u015eimdi gen\u00e7ler Todor Jivkov\u2019un \u201cdehal\u0131\u011f\u0131n\u0131\u201d g\u00f6rebilecekler ve yakla\u015fan se\u00e7imlerde onu yeniden y\u00fcceltelim ve yeni bir k\u00f6rd\u00fc\u011f\u00fcme girelim. \u00d6yle mi?<\/p><div id=\"bghab-719634916\" style=\"margin-left: auto;margin-right: auto;text-align: center;\"><script async src=\"\/\/pagead2.googlesyndication.com\/pagead\/js\/adsbygoogle.js?client=ca-pub-6203283170189293\" crossorigin=\"anonymous\"><\/script><ins class=\"adsbygoogle\" style=\"display:block; text-align:center;\" data-ad-client=\"ca-pub-6203283170189293\" \ndata-ad-slot=\"7303146466\" \ndata-ad-layout=\"in-article\"\ndata-ad-format=\"fluid\" data-full-width-responsive=\"true\"><\/ins>\n<script> \n(adsbygoogle = window.adsbygoogle || []).push({}); \n<\/script>\n<\/div>\n<div id=\"bghab-719634916\" style=\"margin-left: auto;margin-right: auto;text-align: center;\"><script async src=\"\/\/pagead2.googlesyndication.com\/pagead\/js\/adsbygoogle.js?client=ca-pub-6203283170189293\" crossorigin=\"anonymous\"><\/script><ins class=\"adsbygoogle\" style=\"display:block; text-align:center;\" data-ad-client=\"ca-pub-6203283170189293\" \ndata-ad-slot=\"7303146466\" \ndata-ad-layout=\"in-article\"\ndata-ad-format=\"fluid\" data-full-width-responsive=\"true\"><\/ins>\n<script> \n(adsbygoogle = window.adsbygoogle || []).push({}); \n<\/script>\n<\/div>\n<p><em><strong>Soru: Bizde \u201c\u00e7alga\u201d lokanta ve e\u011flence mek\u00e2nlar\u0131 d\u0131\u015f\u0131nda, politikaya da \u00e7\u00f6reklenmek istiyor. Bu karara nas\u0131l var\u0131ld\u0131, bizi bekleyen nedir, halk popfolku demokrasiye tercih ederse ne olur?<\/strong><\/em><\/p>\n<p>Yan\u0131t: \u201c\u00c7alka\u201d konusunda u\u00e7 g\u00f6r\u00fc\u015fler var. Bu, Bulgaristan d\u0131\u015f\u0131nda da b\u00f6yle! Zevk aranan komersiyal m\u00fczik \u00f6rnekleri \u00e7oktur. Ne ki, bu bi\u00e7im halk yardak\u00e7\u0131l\u0131\u011f\u0131 siyasete, d\u00fc\u015f\u00fcnce alan\u0131na, kolay \u00e7\u00f6z\u00fcmler arayanlar aras\u0131na ayak bast\u0131\u011f\u0131nda, her \u015fey de\u011fi\u015fiyor. \u015eu da var, onlar kendilerini ba\u015fka birileri olduklar\u0131na ikna etmi\u015fler, halk \u00fcst\u00fcnde birileri\u2026 Oysa politikac\u0131lar biziz. Biz de \u00e7\u00f6z\u00fcm \u00f6nerebiliriz. Siyasete \u201c\u00e7alga\u201d kar\u0131\u015fmas\u0131 halk\u00e7\u0131l\u0131\u011f\u0131n (pop\u00fclizmin) son noktas\u0131 oluyor. Ac\u0131 bir ger\u00e7ek olsa da, bu d\u00f6nemden de ge\u00e7memiz gerekecek.<\/p>\n<p><em><strong>Soru. Yerel se\u00e7imler yakla\u015f\u0131yor. BSP i\u00e7in konser verir misiniz?<\/strong><\/em><\/p>\n<p>Yan\u0131t: Asla ama bu sorun karma\u015f\u0131kt\u0131r, \u00e7\u00fcnk\u00fc BSP demokratik toplum ko\u015fullar\u0131na uygun ve yasal bir partidir. BKP k\u00f6klerine ve T. Jivkov rejimine ba\u011fl\u0131l\u0131\u011f\u0131ndan kopamad\u0131 BSP. Sosyalizm y\u0131llar\u0131ndan i\u015flenen su\u00e7lar\u0131n sorumlulu\u011funu \u00fcstlenen bir parti lideri bulunamad\u0131. Toplumlar\u0131n ekonomik anlamda sol partilere ihtiyac\u0131 var, fakat BSP a\u015f\u0131r\u0131 sa\u011f bir parti, konservatif bir olgu gibi hareketlerde bulunuyor. Ben politik partilerle ba\u011flanmay\u0131 sevmiyorum. Politik beklenti ve hevesim yok, sorular\u0131n\u0131za bir vatanda\u015f gibi cevap veriyorum. Politika sorumlu bir i\u015ftir. Milyonlarca insandan sorumlu olmak var. Yanl\u0131\u015f kararlar yeni ku\u015faklar\u0131 etkileyebilir. Biz bug\u00fcn Todor Jivkov\u2019un hesaplar\u0131n\u0131 \u00f6d\u00fcyoruz. Devlet kredi ile \u00e7al\u0131\u015f\u0131yordu. \u00d6rnek olarak \u201dKremikovtsi\u201d demir \u00e7elik tesisini g\u00f6sterebilirim. Kremlin siyasetinden dolay\u0131 \u00e7al\u0131\u015ft\u0131rmak zorunda oldu\u011fumuz fabrikalarsa bir de\u011fil on de\u011fildir. \u015eumen\u2019de b\u00fcy\u00fck bir telefon merkezi kurulmu\u015ftu, bug\u00fcn g\u00fcvercin yuvas\u0131d\u0131r. Mali piramitler 1980\u2019li y\u0131llarda belirmi\u015fti. Kom\u00fcnizmin iyi olan yan\u0131 buras\u0131 m\u0131yd\u0131?<\/p>\n<div id=\"bghab-719634916\" style=\"margin-left: auto;margin-right: auto;text-align: center;\"><script async src=\"\/\/pagead2.googlesyndication.com\/pagead\/js\/adsbygoogle.js?client=ca-pub-6203283170189293\" crossorigin=\"anonymous\"><\/script><ins class=\"adsbygoogle\" style=\"display:block; text-align:center;\" data-ad-client=\"ca-pub-6203283170189293\" \ndata-ad-slot=\"7303146466\" \ndata-ad-layout=\"in-article\"\ndata-ad-format=\"fluid\" data-full-width-responsive=\"true\"><\/ins>\n<script> \n(adsbygoogle = window.adsbygoogle || []).push({}); \n<\/script>\n<\/div>\n<p><em><strong>Soru: \u201c\u0130sim de\u011fi\u015ftirme S\u00fcrecinden\u201d hat\u0131ralar\u0131n\u0131z var m\u0131?<\/strong><\/em><\/p><div id=\"bghab-719634916\" style=\"margin-left: auto;margin-right: auto;text-align: center;\"><script async src=\"\/\/pagead2.googlesyndication.com\/pagead\/js\/adsbygoogle.js?client=ca-pub-6203283170189293\" crossorigin=\"anonymous\"><\/script><ins class=\"adsbygoogle\" style=\"display:block; text-align:center;\" data-ad-client=\"ca-pub-6203283170189293\" \ndata-ad-slot=\"7303146466\" \ndata-ad-layout=\"in-article\"\ndata-ad-format=\"fluid\" data-full-width-responsive=\"true\"><\/ins>\n<script> \n(adsbygoogle = window.adsbygoogle || []).push({}); \n<\/script>\n<\/div>\n<p>Yan\u0131t: Bu aptall\u0131klar\u0131n ne sebeple yap\u0131ld\u0131\u011f\u0131n\u0131 bilemiyorum. Susuluyor. Kimin akl\u0131na geldi de yapt\u0131lar ve \u015fimdi neden susuluyor? Bu sa\u00e7mal\u0131klar\u0131 sonradan destekleyenler oldu. Sonu\u00e7ta insanlar, toplum par\u00e7aland\u0131. Oysa insanlar\u0131n hepsine ayn\u0131 isimler dayat\u0131larak toplum \u00fczerinde kesin tekel uygulama istenmi\u015fti. Ahmet Do\u011fan\u2019\u0131n \u015fahsiyetine de anlam veremiyorum. Baz\u0131 ba\u015fka ki\u015filer gibi, o da, okudu\u011fum \u00fczere, Kremlin\u2019den emir alm\u0131\u015fm\u0131\u015f\u2026 Anlayabildi\u011fim kadar\u0131yla daha 60\u2019\u0131 y\u0131llar\u0131n ba\u015f\u0131nda Andropov kom\u00fcnist ideolojinin nallar\u0131 ataca\u011f\u0131n\u0131 ve ekonominin de \u00e7\u00f6kece\u011fini fark etmi\u015ftir. Besbelli, sosyalist toplum d\u00fczeninin lambas\u0131 s\u00f6nd\u00fc\u011f\u00fcnde, \u015fu isim de\u011fi\u015ftirme i\u015fiyle Bulgaristan toplumunu par\u00e7alamay\u0131 ama\u00e7lam\u0131\u015f olabilirler. \u00c7\u00fcnk\u00fc bulan\u0131k suda avlanmak kolayd\u0131r. Halk bir yerleri ka\u015f\u0131yor, fakat bu i\u015ften su\u00e7lu olan kimdir, \u00e7\u0131kar\u0131n ortaya g\u00f6relim, demiyor. Biz kimseyi \u00f6ld\u00fcrmek, onlara cezalar\u0131n en a\u011f\u0131rlar\u0131n\u0131 vermek de istemiyoruz, fakat \u015fu isim de\u011fi\u015ftirme sa\u00e7mal\u0131klar\u0131n\u0131n ard\u0131nda duranlar\u0131 bir g\u00f6r\u00fcp, bir yere kadar da olsa tarihsel su\u00e7u belirleme i\u015fi tamamlanabilirdi. Bu yap\u0131ld\u0131\u011f\u0131nda toplum temizlenecektir. Almanya Hitlercilikten b\u00f6yle kurtulmad\u0131 m\u0131? \u00c7ek, Polonya ve Macaristan\u2019da oldu\u011fu gibi l\u00fcstrasyon da yap\u0131labilirdi. (Bulgarcada \u2018l\u00fcstratsiya\u2019 olarak kullan\u0131lan bu kavram\u0131n s\u00f6zl\u00fckteki yorumlu a\u00e7\u0131klamas\u0131 \u015fudur: Kurban adayarak temizlenme. Meslek, parti, dinsel, ve ba\u015fka yollardan se\u00e7imle i\u015f ba\u015f\u0131na gelen ve devlet g\u00f6revinde yer alan (devlet memuru olan) baz\u0131 kategorilerden ki\u015filerin haklar\u0131n\u0131n yasalarla s\u0131n\u0131rland\u0131r\u0131lmas\u0131n\u0131 \u00f6ng\u00f6ren politik uygulama; (baz\u0131 mesleklerin yasaklanmas\u0131) profesyonel uygulama; ) do\u011fum, e\u011fitim, profesyonel haz\u0131rl\u0131k, aile durumu ve otobiyografiye baz\u0131 a\u00e7\u0131klamalar yap\u0131p bilgileri duyurmak yoluyla bilgiler yay\u0131nlayarak (dokunulmazl\u0131\u011f\u0131n kald\u0131r\u0131lmas\u0131d\u0131r.)<\/p>\n<div id=\"bghab-1541930412\">\t<a href=\"https:\/\/wixstats.com\/?a=28926&c=2228&s1=\"> <img data-recalc-dims=\"1\" loading=\"lazy\" decoding=\"async\" src=\"https:\/\/i0.wp.com\/eu1-us1.ckcdnassets.com\/869\/creatives\/2228\/new%2Blogo%2Bsquares%2B728_90_tr.png?resize=604%2C74&#038;ssl=1\" width=\"604\" height=\"74\"><\/a> \r\n<\/div>\n<p>Bu 3 \u00fclkede Ge\u00e7i\u015f D\u00f6neminin ba\u015far\u0131l\u0131 olmas\u0131n\u0131n nedenlerinden biri bu olabilir. \u0130simler de\u011fi\u015ftirirken ben 14 ya\u015f\u0131ndayd\u0131m. Benim bir kuzenimin ad\u0131 da Erol\u2019dur, ad\u0131n\u0131 birka\u00e7 y\u0131l \u00f6nce de\u011fi\u015ftirmi\u015flerdi, Emil olmu\u015ftu. \u0130sim \u201cse\u00e7ebilirdim\u201d ben de Emil oldum. Eski zamanlarda s\u00f6zde isimler de\u011fi\u015ftirilmi\u015fmi\u015f de \u201cadalet\u201d olmas\u0131 gerekiyormu\u015f gibi \u00e7ok g\u00fc\u00e7l\u00fc bir propaganda kampanyas\u0131 vard\u0131. Bir\u00e7ok yaz\u0131 ve kitap okudum ve anlat\u0131lanlar\u0131n yalan oldu\u011funu anlad\u0131m. Kom\u00fcnizm tarihi istedi\u011fi gibi yazmaya bay\u0131l\u0131yordu, her \u015feyi izledi\u011fi siyasete uyduruyordu. \u015eimdi de tarihin yeniden yaz\u0131lmas\u0131na s\u0131vam\u0131\u015flar kollar\u0131, \u015fimdiki politik duruma uydurmaya \u00e7al\u0131\u015f\u0131yorlar tarihi. Sonu\u00e7ta her \u015fey yine \u00e7arp\u0131t\u0131lacak. Oy kullanmaktan \u00f6nce d\u00fc\u015f\u00fcnmek gerek. Sonradan pi\u015fmanl\u0131k para etmez.<\/p>\n<p>Okuyanlara te\u015fekk\u00fcrler.<br \/>\nPayla\u015fanlara da \u00f6zel te\u015fekk\u00fcrler.<br \/>\nBizi izleyiniz.<\/p>\n<div id=\"bghab-1040756978\" class=\"bghab-yazi-altinda bghab-entity-placement\"><script async src=\"https:\/\/pagead2.googlesyndication.com\/pagead\/js\/adsbygoogle.js\"><\/script>\r\n<!-- bghaber-yaz\u0131-sonu -->\r\n<ins class=\"adsbygoogle\"\r\n     style=\"display:block\"\r\n     data-ad-client=\"ca-pub-6203283170189293\"\r\n     data-ad-slot=\"4222328180\"\r\n     data-ad-format=\"auto\"\r\n     data-full-width-responsive=\"true\"><\/ins>\r\n<script>\r\n     (adsbygoogle = window.adsbygoogle || []).push({});\r\n<\/script><\/div><br style=\"clear: both; display: block; float: none;\"\/>","protected":false},"excerpt":{"rendered":"<p>Tarih: 15 A\u011fustos 2019 Kaynak: Faktor.bg S\u00f6yle\u015fi: Vasil Vasilev Konu: Hepimizi ilgilendiren g\u00fcncel politika \u00fcst\u00fcne tutarl\u0131 g\u00f6r\u00fc\u015fler. \u00c7eviri: BGSAM Kom\u00fcnizm Cezaland\u0131r\u0131lmam\u0131\u015f Fa\u015fizmdir. \u201c\u00c7alga\u201d siyasette pop\u00fclizm<\/p>\n","protected":false},"author":25,"featured_media":24178,"comment_status":"closed","ping_status":"closed","sticky":false,"template":"","format":"standard","meta":{"advanced_seo_description":"","jetpack_seo_html_title":"","jetpack_seo_noindex":false,"jetpack_seo_schema_type":"","_jetpack_newsletter_access":"","_jetpack_dont_email_post_to_subs":false,"_jetpack_newsletter_tier_id":0,"_jetpack_memberships_contains_paywalled_content":false,"_jetpack_feature_clip_id":0,"_jetpack_memberships_contains_paid_content":false,"footnotes":"","jetpack_post_was_ever_published":false},"categories":[6],"tags":[],"class_list":["post-40380","post","type-post","status-publish","format-standard","has-post-thumbnail","hentry","category-yorum"],"jetpack_sharing_enabled":true,"jetpack_likes_enabled":true,"jetpack-related-posts":[],"jetpack_shortlink":"https:\/\/wp.me\/pc2PfJ-avi","jetpack_featured_media_url":"https:\/\/i0.wp.com\/www.bghaber.org\/bghaber\/wp-content\/uploads\/2017\/09\/bgsam.png?fit=793%2C599&ssl=1","_links":{"self":[{"href":"https:\/\/www.bghaber.org\/bghaber\/wp-json\/wp\/v2\/posts\/40380","targetHints":{"allow":["GET"]}}],"collection":[{"href":"https:\/\/www.bghaber.org\/bghaber\/wp-json\/wp\/v2\/posts"}],"about":[{"href":"https:\/\/www.bghaber.org\/bghaber\/wp-json\/wp\/v2\/types\/post"}],"author":[{"embeddable":true,"href":"https:\/\/www.bghaber.org\/bghaber\/wp-json\/wp\/v2\/users\/25"}],"replies":[{"embeddable":true,"href":"https:\/\/www.bghaber.org\/bghaber\/wp-json\/wp\/v2\/comments?post=40380"}],"version-history":[{"count":0,"href":"https:\/\/www.bghaber.org\/bghaber\/wp-json\/wp\/v2\/posts\/40380\/revisions"}],"wp:featuredmedia":[{"embeddable":true,"href":"https:\/\/www.bghaber.org\/bghaber\/wp-json\/wp\/v2\/media\/24178"}],"wp:attachment":[{"href":"https:\/\/www.bghaber.org\/bghaber\/wp-json\/wp\/v2\/media?parent=40380"}],"wp:term":[{"taxonomy":"category","embeddable":true,"href":"https:\/\/www.bghaber.org\/bghaber\/wp-json\/wp\/v2\/categories?post=40380"},{"taxonomy":"post_tag","embeddable":true,"href":"https:\/\/www.bghaber.org\/bghaber\/wp-json\/wp\/v2\/tags?post=40380"}],"curies":[{"name":"wp","href":"https:\/\/api.w.org\/{rel}","templated":true}]}}