{"id":40214,"date":"2019-08-07T23:00:38","date_gmt":"2019-08-07T21:00:38","guid":{"rendered":"https:\/\/www.bghaber.org\/bghaber\/?p=40214"},"modified":"2019-08-07T22:30:17","modified_gmt":"2019-08-07T20:30:17","slug":"bulgaristan-istanbul-konsolosundan-imamogluna-tebrik-ziyareti","status":"publish","type":"post","link":"https:\/\/www.bghaber.org\/bghaber\/bulgaristan-istanbul-konsolosundan-imamogluna-tebrik-ziyareti\/","title":{"rendered":"Bulgaristan \u0130stanbul Konsolosundan \u0130mamo\u011flu&#8217;na tebrik ziyareti"},"content":{"rendered":"<p>\u0130stanbul B\u00fcy\u00fck\u015fehir Belediye (\u0130BB) Ba\u015fkan\u0131 Ekrem \u0130mamo\u011flu, Sara\u00e7hane&#8217;deki makam odas\u0131nda Bulgaristan \u0130stanbul Ba\u015fkonsolosu Angel Angelov&#8217;u kabul etti.<\/p>\n<p>\u0130mamo\u011flu&#8217;na tebrik ziyaretine gelen Bulgaristan \u0130stanbul Ba\u015fkonsolosu Angelov, \u0130mamo\u011flu&#8217;na 1913-1938 y\u0131llar\u0131n\u0131 kapsayan, \u00f6ns\u00f6z\u00fcn\u00fc eski ba\u015fbakanlardan merhum B\u00fclent Ecevit&#8217;in yazd\u0131\u011f\u0131, \u201cBelgelerle Mustafa Kemal Atat\u00fcrk ve T\u00fcrk-Bulgar \u0130li\u015fkileri\u201d isimli \u00f6zel bas\u0131m bir kitap arma\u011fan etti.<\/p>\n<p>&nbsp;<\/p>\n<p>BG Haber<\/p>\n<p>&nbsp;<\/p>\n<div id=\"bghab-1229782608\" class=\"bghab-yazi-altinda bghab-entity-placement\"><script async src=\"https:\/\/pagead2.googlesyndication.com\/pagead\/js\/adsbygoogle.js\"><\/script>\r\n<!-- bghaber-yaz\u0131-sonu -->\r\n<ins class=\"adsbygoogle\"\r\n     style=\"display:block\"\r\n     data-ad-client=\"ca-pub-6203283170189293\"\r\n     data-ad-slot=\"4222328180\"\r\n     data-ad-format=\"auto\"\r\n     data-full-width-responsive=\"true\"><\/ins>\r\n<script>\r\n     (adsbygoogle = window.adsbygoogle || []).push({});\r\n<\/script><\/div><br style=\"clear: both; display: block; float: none;\"\/>","protected":false},"excerpt":{"rendered":"<p>\u0130stanbul B\u00fcy\u00fck\u015fehir Belediye (\u0130BB) Ba\u015fkan\u0131 Ekrem \u0130mamo\u011flu, Sara\u00e7hane&#8217;deki makam odas\u0131nda Bulgaristan \u0130stanbul Ba\u015fkonsolosu Angel Angelov&#8217;u kabul etti. \u0130mamo\u011flu&#8217;na tebrik ziyaretine gelen Bulgaristan \u0130stanbul Ba\u015fkonsolosu Angelov,<\/p>\n","protected":false},"author":29,"featured_media":40222,"comment_status":"closed","ping_status":"closed","sticky":false,"template":"","format":"standard","meta":{"advanced_seo_description":"","jetpack_seo_html_title":"","jetpack_seo_noindex":false,"jetpack_seo_schema_type":"","_jetpack_newsletter_access":"","_jetpack_dont_email_post_to_subs":false,"_jetpack_newsletter_tier_id":0,"_jetpack_memberships_contains_paywalled_content":false,"_jetpack_feature_clip_id":0,"_jetpack_memberships_contains_paid_content":false,"footnotes":"","jetpack_post_was_ever_published":false},"categories":[1,4],"tags":[2380,2379,600,67],"class_list":["post-40214","post","type-post","status-publish","format-standard","has-post-thumbnail","hentry","category-haberler","category-siyaset","tag-angel-angelov","tag-ekrem-imamoglu","tag-ibb","tag-istanbul"],"jetpack_sharing_enabled":true,"jetpack_likes_enabled":true,"jetpack-related-posts":[],"jetpack_shortlink":"https:\/\/wp.me\/pc2PfJ-asC","jetpack_featured_media_url":"https:\/\/i0.wp.com\/www.bghaber.org\/bghaber\/wp-content\/uploads\/2019\/08\/ekrem-imamoglu-ve-Bulgaristan-%C4%B0stanbul-Ba%C5%9Fkonsolosu-Angel-Angelov.jpg?fit=880%2C586&ssl=1","_links":{"self":[{"href":"https:\/\/www.bghaber.org\/bghaber\/wp-json\/wp\/v2\/posts\/40214","targetHints":{"allow":["GET"]}}],"collection":[{"href":"https:\/\/www.bghaber.org\/bghaber\/wp-json\/wp\/v2\/posts"}],"about":[{"href":"https:\/\/www.bghaber.org\/bghaber\/wp-json\/wp\/v2\/types\/post"}],"author":[{"embeddable":true,"href":"https:\/\/www.bghaber.org\/bghaber\/wp-json\/wp\/v2\/users\/29"}],"replies":[{"embeddable":true,"href":"https:\/\/www.bghaber.org\/bghaber\/wp-json\/wp\/v2\/comments?post=40214"}],"version-history":[{"count":0,"href":"https:\/\/www.bghaber.org\/bghaber\/wp-json\/wp\/v2\/posts\/40214\/revisions"}],"wp:featuredmedia":[{"embeddable":true,"href":"https:\/\/www.bghaber.org\/bghaber\/wp-json\/wp\/v2\/media\/40222"}],"wp:attachment":[{"href":"https:\/\/www.bghaber.org\/bghaber\/wp-json\/wp\/v2\/media?parent=40214"}],"wp:term":[{"taxonomy":"category","embeddable":true,"href":"https:\/\/www.bghaber.org\/bghaber\/wp-json\/wp\/v2\/categories?post=40214"},{"taxonomy":"post_tag","embeddable":true,"href":"https:\/\/www.bghaber.org\/bghaber\/wp-json\/wp\/v2\/tags?post=40214"}],"curies":[{"name":"wp","href":"https:\/\/api.w.org\/{rel}","templated":true}]}}