{"id":40033,"date":"2019-08-02T22:30:16","date_gmt":"2019-08-02T20:30:16","guid":{"rendered":"https:\/\/www.bghaber.org\/bghaber\/?p=40033"},"modified":"2019-08-02T21:57:18","modified_gmt":"2019-08-02T19:57:18","slug":"bulgaristanda-afrika-domuz-vebasi-salgini","status":"publish","type":"post","link":"https:\/\/www.bghaber.org\/bghaber\/bulgaristanda-afrika-domuz-vebasi-salgini\/","title":{"rendered":"Bulgaristan&#8217;da Afrika domuz vebas\u0131 salg\u0131n\u0131"},"content":{"rendered":"<p>Bulgaristan&#8217;\u0131n kuzey b\u00f6lgelerinde 1 ayd\u0131r h\u0131zla yay\u0131lan Afrika domuz vebas\u0131 salg\u0131n\u0131 nedeniyle \u00fclkedeki domuz \u00fcretim sekt\u00f6r\u00fcn\u00fcn y\u00fczde 17&#8217;si yok oldu.<\/p>\n<p>H\u00fck\u00fcmet, kuzey kom\u015fu Romanya&#8217;dan geldi\u011fi belirlenen vir\u00fcs\u00fcn yay\u0131lmas\u0131 nedeniyle Plevne, Rus\u00e7uk, Razgrad ve Silistre \u015fehirlerinde &#8220;kriz&#8221; ilan etti.<\/p>\n<p>Tar\u0131m Bakanl\u0131\u011f\u0131na ba\u011fl\u0131 Bulgaristan G\u0131da G\u00fcvenli\u011fi Ajans\u0131 (BABH) y\u00f6netimindeki kriz masas\u0131n\u0131n karar\u0131 ile \u015fimdiye kadar bu b\u00f6lgelerdeki domuz \u00fcretim \u00e7iftlikleri ve \u00f6zel besicilerin elinde bulunan toplam 100 bin domuz, \u00f6tanazi yoluyla \u00f6ld\u00fcr\u00fclerek g\u00f6m\u00fcld\u00fc.<\/p>\n<p>H\u00fck\u00fcmet, salg\u0131n\u0131n g\u00fcneye do\u011fru ilerlemesi nedeniyle T\u00fcrkiye s\u0131n\u0131r\u0131na yak\u0131n b\u00f6lgede, t\u00fcm \u00f6zel besicilere \u00e7iftliklerindeki hayvanlar\u0131 imha etmeleri i\u00e7in bir hafta s\u00fcre verdi. Hayvanlar\u0131 imha etmeyenler i\u00e7in 500 avroya varan para cezas\u0131 belirlendi.<\/p>\n<p>Kriz nedeniyle domuz eti fiyatlar\u0131nda son bir ayda y\u00fczde 10-15 oran\u0131nda art\u0131\u015f kaydedilirken, salg\u0131n\u0131n engellenmemesi durumunda bu sekt\u00f6rde \u00e7al\u0131\u015fan 20 bine yak\u0131n personelin b\u00fcy\u00fck b\u00f6l\u00fcm\u00fcn\u00fcn i\u015fsiz kalaca\u011f\u0131 tahmin ediliyor.<\/p><div id=\"bghab-184727603\" class=\"bghab-icerik-icine bghab-entity-placement\"><script async src=\"\/\/pagead2.googlesyndication.com\/pagead\/js\/adsbygoogle.js?client=ca-pub-6203283170189293\" crossorigin=\"anonymous\"><\/script><ins class=\"adsbygoogle\" style=\"display:block; text-align:center;\" data-ad-client=\"ca-pub-6203283170189293\" \ndata-ad-slot=\"7303146466\" \ndata-ad-layout=\"in-article\"\ndata-ad-format=\"fluid\" data-full-width-responsive=\"true\"><\/ins>\n<script> \n(adsbygoogle = window.adsbygoogle || []).push({}); \n<\/script>\n<\/div>\n<p>Bulgaristan&#8217;\u0131n Filibe kentine yak\u0131n en b\u00fcy\u00fck domuz \u00e7iftliklerinden birinin sahibi olan Lefter Lefterov, bas\u0131na yapt\u0131\u011f\u0131 a\u00e7\u0131klamada, devletten ald\u0131\u011f\u0131 talimatlara g\u00f6re 2 g\u00fcnde \u00e7iftli\u011findeki 17 bin hayvan\u0131 \u00f6ld\u00fcr\u00fcp g\u00f6mmek zorunda oldu\u011funu s\u00f6yledi.<\/p>\n<p>Bu arada halk, domuz vebas\u0131 salg\u0131n\u0131 tespit edilen i\u015fletmelerin 20 kilometre \u00e7evresinde karantina ilan edilmesi karar\u0131na kar\u015f\u0131 protesto g\u00f6sterileri d\u00fczenlemeye ba\u015flad\u0131.<\/p>\n<p><b>&#8220;Y\u00f6netim beceriksizli\u011fi&#8221;<\/b><\/p>\n<p>Bulgaristan Cumhurba\u015fkan\u0131 Rumen Radev, Avrupa Birli\u011fi&#8217;nin (AB) en yoksul \u00fcyesi olan Bulgaristan&#8217;da, h\u00fck\u00fcmetin beceriksiz y\u00f6netimi sonucu kontrolden \u00e7\u0131kan domuz vebas\u0131 krizinin, di\u011fer krizler zincirine eklendi\u011fini s\u00f6yledi.<\/p>\n<p>Radev, gazetecilere yapt\u0131\u011f\u0131 a\u00e7\u0131klamada, &#8220;Son d\u00f6nemde tan\u0131k oldu\u011fumuz; Devlet Milli Gelirler Ajans\u0131ndan (NAP) 5 milyon vatanda\u015f\u0131n ki\u015fisel bilgilerinin \u00e7al\u0131nmas\u0131, ABD&#8217;den pe\u015fin \u00f6denerek F-16 jetlerin al\u0131nmas\u0131 ile gelecek nesillerin bor\u00e7 girdab\u0131na s\u00fcr\u00fcklenmesi, yeni cumhuriyet ba\u015fsavc\u0131s\u0131 se\u00e7iminin \u015faibeli s\u00fcreci gibi krizler, domuz krizi ile birlikte Bulgaristan\u2019da halk aras\u0131nda biriken tepkiyi y\u00fckseltiyor.&#8221; ifadesini kulland\u0131.<\/p><div id=\"bghab-893710163\" class=\"bghab-icerik-icine-10-paragraf bghab-entity-placement\"><script async src=\"\/\/pagead2.googlesyndication.com\/pagead\/js\/adsbygoogle.js?client=ca-pub-6203283170189293\" crossorigin=\"anonymous\"><\/script><ins class=\"adsbygoogle\" style=\"display:block; text-align:center;\" data-ad-client=\"ca-pub-6203283170189293\" \ndata-ad-slot=\"7303146466\" \ndata-ad-layout=\"in-article\"\ndata-ad-format=\"fluid\" data-full-width-responsive=\"true\"><\/ins>\n<script> \n(adsbygoogle = window.adsbygoogle || []).push({}); \n<\/script>\n<\/div>\n<p>Bu arada, \u0130\u00e7i\u015fleri Bakan\u0131 Mladen Marinov, Bulgaristan G\u0131da G\u00fcvenli\u011fi Ajans\u0131n\u0131n talimatlar\u0131n\u0131n uygulanmas\u0131 i\u00e7in polisin trafikte ka\u00e7ak domuz ta\u015f\u0131mac\u0131l\u0131\u011f\u0131na kar\u015f\u0131 s\u0131k\u0131 denetim uygulamas\u0131 y\u00f6n\u00fcnde talimat verdi.<\/p>\n<p><b>&#8220;Komik tepkiler&#8221;<\/b><\/p>\n<p>Ba\u015fbakan Yard\u0131mc\u0131s\u0131 Tomislav Don\u00e7ev ise talimatlar nedeniyle \u00e7ok komik durumlara tan\u0131k olduklar\u0131n\u0131 belirtti.<\/p>\n<p>Don\u00e7ev, &#8220;Domuzlar\u0131 \u00f6ld\u00fcr\u00fclmesin diye kimi vatanda\u015flar, hayvanlar\u0131n\u0131 yatak odalar\u0131nda bile sakl\u0131yorlar. Afrika domuz vebas\u0131 salg\u0131n\u0131n\u0131n &#8216;siyasi salakl\u0131k salg\u0131n\u0131&#8217; ile birle\u015fmesi durumunda gelecekte korkun\u00e7 neticelere tan\u0131k olaca\u011f\u0131z.&#8221; diye konu\u015ftu.<\/p>\n<p>&nbsp;<\/p>\n<p>AA<\/p><div id=\"bghab-3950253219\" class=\"bghab-icerik-icine-15-paragraf bghab-entity-placement\"><script async src=\"\/\/pagead2.googlesyndication.com\/pagead\/js\/adsbygoogle.js?client=ca-pub-6203283170189293\" crossorigin=\"anonymous\"><\/script><ins class=\"adsbygoogle\" style=\"display:block; text-align:center;\" data-ad-client=\"ca-pub-6203283170189293\" \ndata-ad-slot=\"7303146466\" \ndata-ad-layout=\"in-article\"\ndata-ad-format=\"fluid\" data-full-width-responsive=\"true\"><\/ins>\n<script> \n(adsbygoogle = window.adsbygoogle || []).push({}); \n<\/script>\n<\/div>\n<div id=\"bghab-3701999921\" class=\"bghab-yazi-altinda bghab-entity-placement\"><script async src=\"https:\/\/pagead2.googlesyndication.com\/pagead\/js\/adsbygoogle.js\"><\/script>\r\n<!-- bghaber-yaz\u0131-sonu -->\r\n<ins class=\"adsbygoogle\"\r\n     style=\"display:block\"\r\n     data-ad-client=\"ca-pub-6203283170189293\"\r\n     data-ad-slot=\"4222328180\"\r\n     data-ad-format=\"auto\"\r\n     data-full-width-responsive=\"true\"><\/ins>\r\n<script>\r\n     (adsbygoogle = window.adsbygoogle || []).push({});\r\n<\/script><\/div><br style=\"clear: both; display: block; float: none;\"\/>","protected":false},"excerpt":{"rendered":"<p>Bulgaristan&#8217;\u0131n kuzey b\u00f6lgelerinde 1 ayd\u0131r h\u0131zla yay\u0131lan Afrika domuz vebas\u0131 salg\u0131n\u0131 nedeniyle \u00fclkedeki domuz \u00fcretim sekt\u00f6r\u00fcn\u00fcn y\u00fczde 17&#8217;si yok oldu. H\u00fck\u00fcmet, kuzey kom\u015fu Romanya&#8217;dan geldi\u011fi<\/p>\n","protected":false},"author":29,"featured_media":40034,"comment_status":"closed","ping_status":"closed","sticky":false,"template":"","format":"standard","meta":{"advanced_seo_description":"","jetpack_seo_html_title":"","jetpack_seo_noindex":false,"jetpack_seo_schema_type":"","_jetpack_newsletter_access":"","_jetpack_dont_email_post_to_subs":false,"_jetpack_newsletter_tier_id":0,"_jetpack_memberships_contains_paywalled_content":false,"_jetpack_feature_clip_id":0,"_jetpack_memberships_contains_paid_content":false,"footnotes":"","jetpack_post_was_ever_published":false},"categories":[5],"tags":[2223,30],"class_list":["post-40033","post","type-post","status-publish","format-standard","has-post-thumbnail","hentry","category-yasam","tag-afrika-domuz-vebasi","tag-bulgaristan"],"jetpack_sharing_enabled":true,"jetpack_likes_enabled":true,"jetpack-related-posts":[],"jetpack_shortlink":"https:\/\/wp.me\/pc2PfJ-apH","jetpack_featured_media_url":"https:\/\/i0.wp.com\/www.bghaber.org\/bghaber\/wp-content\/uploads\/2019\/08\/Bulgaristanda-Afrika-domuz-vebas%C4%B1-salg%C4%B1n%C4%B1.jpg?fit=1200%2C602&ssl=1","_links":{"self":[{"href":"https:\/\/www.bghaber.org\/bghaber\/wp-json\/wp\/v2\/posts\/40033","targetHints":{"allow":["GET"]}}],"collection":[{"href":"https:\/\/www.bghaber.org\/bghaber\/wp-json\/wp\/v2\/posts"}],"about":[{"href":"https:\/\/www.bghaber.org\/bghaber\/wp-json\/wp\/v2\/types\/post"}],"author":[{"embeddable":true,"href":"https:\/\/www.bghaber.org\/bghaber\/wp-json\/wp\/v2\/users\/29"}],"replies":[{"embeddable":true,"href":"https:\/\/www.bghaber.org\/bghaber\/wp-json\/wp\/v2\/comments?post=40033"}],"version-history":[{"count":0,"href":"https:\/\/www.bghaber.org\/bghaber\/wp-json\/wp\/v2\/posts\/40033\/revisions"}],"wp:featuredmedia":[{"embeddable":true,"href":"https:\/\/www.bghaber.org\/bghaber\/wp-json\/wp\/v2\/media\/40034"}],"wp:attachment":[{"href":"https:\/\/www.bghaber.org\/bghaber\/wp-json\/wp\/v2\/media?parent=40033"}],"wp:term":[{"taxonomy":"category","embeddable":true,"href":"https:\/\/www.bghaber.org\/bghaber\/wp-json\/wp\/v2\/categories?post=40033"},{"taxonomy":"post_tag","embeddable":true,"href":"https:\/\/www.bghaber.org\/bghaber\/wp-json\/wp\/v2\/tags?post=40033"}],"curies":[{"name":"wp","href":"https:\/\/api.w.org\/{rel}","templated":true}]}}