{"id":40027,"date":"2019-08-02T21:30:25","date_gmt":"2019-08-02T19:30:25","guid":{"rendered":"https:\/\/www.bghaber.org\/bghaber\/?p=40027"},"modified":"2019-08-02T21:54:30","modified_gmt":"2019-08-02T19:54:30","slug":"egridere-iskritsa-cocuk-dans-grubuna-turk-milli-halk-kiyafetleri-bagisladilar","status":"publish","type":"post","link":"https:\/\/www.bghaber.org\/bghaber\/egridere-iskritsa-cocuk-dans-grubuna-turk-milli-halk-kiyafetleri-bagisladilar\/","title":{"rendered":"E\u011fridere \u0130skritsa \u00c7ocuk Dans Grubu\u2019na T\u00fcrk milli halk k\u0131yafetleri ba\u011f\u0131\u015flad\u0131lar"},"content":{"rendered":"<p>Ardino (E\u011fridere) Mak (M\u0131km\u0131l) k\u00f6y\u00fcnden Bursa\u2019ya g\u00f6\u00e7 edenlerin \u00fcye oldu\u011fu derne\u011fin ba\u015fkan\u0131 Kamil Karabulut, Ardino Rodopska \u0130skra Halk Toplum Merkezi\u2019nin \u00e7at\u0131s\u0131 alt\u0131ndaki \u0130skritsa \u00c7ocuk Dans Grubu\u2019na iki t\u00fcr T\u00fcrk milli halk k\u0131yafetleri ba\u011f\u0131\u015flad\u0131.<\/p>\n<p>Ardino Rodopska \u0130skra Halk Toplum Merkezi Ba\u015fkan\u0131 Y\u00fcksel \u0130smail, \u00e7ocuk dans grubunun y\u00f6neticisi Svetlana Karamfilova, Kamil Karabulut\u2019un hay\u0131rsever davran\u0131\u015f\u0131n\u0131n ho\u015f bir s\u00fcrpriz oldu\u011funu ifade etti.<\/p>\n<p>\u0130skritsa \u00c7ocuk Dans Grubu, 2005 y\u0131l\u0131nda kuruldu. Grup, il\u00e7e, b\u00f6lgesel, ulusal ve uluslararas\u0131 d\u00fczeyde d\u00fczenlenen \u00e7ok say\u0131da festivale kat\u0131ld\u0131. Grubun amac\u0131, folkloru korumak ve gen\u00e7 nesiller aras\u0131nda yaymakt\u0131r.<\/p>\n<p>&nbsp;<\/p>\n<p>K\u0131rcaali Haber<\/p>\n<div id=\"bghab-672656802\" class=\"bghab-yazi-altinda bghab-entity-placement\"><script async src=\"https:\/\/pagead2.googlesyndication.com\/pagead\/js\/adsbygoogle.js\"><\/script>\r\n<!-- bghaber-yaz\u0131-sonu -->\r\n<ins class=\"adsbygoogle\"\r\n     style=\"display:block\"\r\n     data-ad-client=\"ca-pub-6203283170189293\"\r\n     data-ad-slot=\"4222328180\"\r\n     data-ad-format=\"auto\"\r\n     data-full-width-responsive=\"true\"><\/ins>\r\n<script>\r\n     (adsbygoogle = window.adsbygoogle || []).push({});\r\n<\/script><\/div><br style=\"clear: both; display: block; float: none;\"\/>","protected":false},"excerpt":{"rendered":"<p>Ardino (E\u011fridere) Mak (M\u0131km\u0131l) k\u00f6y\u00fcnden Bursa\u2019ya g\u00f6\u00e7 edenlerin \u00fcye oldu\u011fu derne\u011fin ba\u015fkan\u0131 Kamil Karabulut, Ardino Rodopska \u0130skra Halk Toplum Merkezi\u2019nin \u00e7at\u0131s\u0131 alt\u0131ndaki \u0130skritsa \u00c7ocuk Dans<\/p>\n","protected":false},"author":29,"featured_media":40028,"comment_status":"closed","ping_status":"closed","sticky":false,"template":"","format":"standard","meta":{"advanced_seo_description":"","jetpack_seo_html_title":"","jetpack_seo_noindex":false,"jetpack_seo_schema_type":"","_jetpack_newsletter_access":"","_jetpack_dont_email_post_to_subs":false,"_jetpack_newsletter_tier_id":0,"_jetpack_memberships_contains_paywalled_content":false,"_jetpack_feature_clip_id":0,"_jetpack_memberships_contains_paid_content":false,"footnotes":"","jetpack_post_was_ever_published":false},"categories":[10],"tags":[90,35,374,89,1855,2337],"class_list":["post-40027","post","type-post","status-publish","format-standard","has-post-thumbnail","hentry","category-kultur-sanat","tag-ardino","tag-bursa","tag-dans","tag-egridere","tag-kiyafet","tag-rodopska"],"jetpack_sharing_enabled":true,"jetpack_likes_enabled":true,"jetpack-related-posts":[],"jetpack_shortlink":"https:\/\/wp.me\/pc2PfJ-apB","jetpack_featured_media_url":"https:\/\/i0.wp.com\/www.bghaber.org\/bghaber\/wp-content\/uploads\/2019\/08\/E%C4%9Fridere-%C4%B0skritsa-%C3%87ocuk-Dans-Grubu.jpg?fit=1024%2C748&ssl=1","_links":{"self":[{"href":"https:\/\/www.bghaber.org\/bghaber\/wp-json\/wp\/v2\/posts\/40027","targetHints":{"allow":["GET"]}}],"collection":[{"href":"https:\/\/www.bghaber.org\/bghaber\/wp-json\/wp\/v2\/posts"}],"about":[{"href":"https:\/\/www.bghaber.org\/bghaber\/wp-json\/wp\/v2\/types\/post"}],"author":[{"embeddable":true,"href":"https:\/\/www.bghaber.org\/bghaber\/wp-json\/wp\/v2\/users\/29"}],"replies":[{"embeddable":true,"href":"https:\/\/www.bghaber.org\/bghaber\/wp-json\/wp\/v2\/comments?post=40027"}],"version-history":[{"count":0,"href":"https:\/\/www.bghaber.org\/bghaber\/wp-json\/wp\/v2\/posts\/40027\/revisions"}],"wp:featuredmedia":[{"embeddable":true,"href":"https:\/\/www.bghaber.org\/bghaber\/wp-json\/wp\/v2\/media\/40028"}],"wp:attachment":[{"href":"https:\/\/www.bghaber.org\/bghaber\/wp-json\/wp\/v2\/media?parent=40027"}],"wp:term":[{"taxonomy":"category","embeddable":true,"href":"https:\/\/www.bghaber.org\/bghaber\/wp-json\/wp\/v2\/categories?post=40027"},{"taxonomy":"post_tag","embeddable":true,"href":"https:\/\/www.bghaber.org\/bghaber\/wp-json\/wp\/v2\/tags?post=40027"}],"curies":[{"name":"wp","href":"https:\/\/api.w.org\/{rel}","templated":true}]}}