{"id":3939,"date":"2013-07-16T16:30:57","date_gmt":"2013-07-16T13:30:57","guid":{"rendered":"http:\/\/bghaber.org\/bghaber\/?p=3939"},"modified":"2019-07-18T23:42:45","modified_gmt":"2019-07-18T21:42:45","slug":"agabeyimin-dersi-ve-nasil-tayibin-adami-oldum","status":"publish","type":"post","link":"https:\/\/www.bghaber.org\/bghaber\/agabeyimin-dersi-ve-nasil-tayibin-adami-oldum\/","title":{"rendered":"A\u011fabeyimin dersi ve nas\u0131l Tayib&#8217;in adam\u0131 oldum"},"content":{"rendered":"<p>Bunalt\u0131c\u0131 yaz s\u0131caklar\u0131nda birka\u00e7 g\u00fcn evimde istirahat etme f\u0131rsat\u0131 buldum. Ba\u015flay\u0131pta bitiremedi\u011fim baz\u0131 edebi yaz\u0131lar\u0131mla biraz ha\u015f\u0131r ne\u015fir oldum, bu esnada sakal\u0131m da baya\u011f\u0131 uzad\u0131,sokakta tan\u0131mad\u0131klar\u0131m bile h\u00fcrmetle selam vermeye ba\u015flad\u0131 hac\u0131 day\u0131s\u0131na.<!--more--><\/p>\n<figure id=\"attachment_1585\" aria-describedby=\"caption-attachment-1585\" style=\"width: 256px\" class=\"wp-caption alignright\"><a href=\"https:\/\/i0.wp.com\/bghaber.org\/bghaber\/wp-content\/uploads\/2013\/05\/images2.jpg\"><img data-recalc-dims=\"1\" loading=\"lazy\" decoding=\"async\" class=\"size-full wp-image-1585\" alt=\"M\u00fcmin Top\u00e7u\" src=\"https:\/\/i0.wp.com\/bghaber.org\/bghaber\/wp-content\/uploads\/2013\/05\/images2.jpg?resize=256%2C153\" width=\"256\" height=\"153\" \/><\/a><figcaption id=\"caption-attachment-1585\" class=\"wp-caption-text\">M\u00fcmin Top\u00e7u<\/figcaption><\/figure>\n<p>Hafta sonu biraz mahle meydan\u0131na \u00e7\u0131k\u0131p,bizim \u0130rvan&#8217;\u0131n yerinde arkada\u015f g\u00f6r\u00fcr\u00fcm diye soka\u011fa att\u0131m kendimi.Bizim g\u00f6\u00e7men kafeleri \u00e7ok moderendir, haz\u0131rlad\u0131klar\u0131 kahfelerin bile isimleri &#8220;d\u0131lgo&#8221;ve &#8220;k\u0131so&#8221;. Bir g\u00f6lgeli\u011fin alt\u0131nda koyu sohbet ederken buldum g\u00f6\u00e7men derne\u011fimizin kurucusu ve 25 y\u0131l boyunca y\u00f6neticilik yapan \u00e7ok sevdi\u011fim bir A\u011fabeyimizi. Bu yaz\u0131mda onun ad\u0131n\u0131 ve derne\u011fimizin ad\u0131n\u0131 anmaktan \u00e7ekinece\u011fim. Bende oturdum masas\u0131na ve mohabet derinle\u015fti\u00e7e derinle\u015fti. Kalkaca\u011f\u0131m\u0131z vakit geldi\u011finde, A\u011fabeyim,ak\u015fama gel, beraber derne\u011fin iftar yeme\u011fine gidelim, dedi. Hemen olurumu verdim ve onu metro dura\u011f\u0131nda bekleyece\u011fimi belirttim.<br \/>\nAnla\u015ft\u0131\u011f\u0131m\u0131z saatte geldi,ama ellerindekileri g\u00f6rd\u00fc\u011f\u00fcmde \u015fa\u015f\u0131rmad\u0131m de\u011fil. Bir elinde bildi\u011fimiz tahta yer sinisi,birka\u00e7 po\u015fet dolusu evrak dosyas\u0131 ve dergiler,di\u011fer elindeki po\u015fette ise b\u00fcy\u00fck bir karpuz ve sar\u0131 bir kokulu kavun s\u0131r\u0131r\u0131t\u0131yordu. Bunlar\u0131 neden yan\u0131nda g\u00f6t\u00fcrd\u00fc\u011f\u00fcn\u00fc hi\u00e7 sormad\u0131m, kendimce herhalde bir bildi\u011fi vard\u0131r diye d\u00fc\u015f\u00fcnd\u00fcm.<br \/>\nMetroda, art\u0131k o kendini tutamad\u0131 ve bana dert yanmaya ba\u015flad\u0131.<br \/>\n&#8211; &#8220;\u0130yi tan\u0131rs\u0131n beni, hayat\u0131m boyunca g\u00fcnd\u00fcz\u00fcm\u00fc geceme katt\u0131m ve derne\u011fimizin i\u015flerinde ko\u015fu\u015fturdum, tek gayem topluma ve insan\u0131m\u0131za yararl\u0131 olmakt\u0131. Bu b\u00fcy\u00fck \u015fehirde beni tan\u0131mayan yoktur, d\u00f6rt tane dernek ba\u015fkan\u0131yla \u00e7al\u0131\u015ft\u0131m, bu devletin Cumhurba\u015fkanlar\u0131, Ba\u015fbakanlar\u0131 bile tan\u0131r beni. Rahmetli \u00d6zal ve sayg\u0131de\u011fer Demirel ile de beraber oldu\u011fum anlar oldu.<br \/>\nAs\u0131l derdim sana bunlar\u0131 anlatmak de\u011fil. Ge\u00e7en y\u0131l da ben derne\u011fimizin iftar davetiyesine gittim. Vard\u0131\u011f\u0131mda, konuklar masalar\u0131n \u00e7o\u011funu doldurmu\u015ftu. Sayd\u0131m ve yedi tane masada ise bo\u015f sandalyeler g\u00f6ze \u00e7arp\u0131yordu, bunlarda yak\u0131ndan tan\u0131d\u0131\u011f\u0131m dernek y\u00f6neticileri ve aktivistleri oturuyordu. Tek tek bu yedi masay\u0131 dola\u015ft\u0131m ve m\u00fcsaitse, oturabilirim mi diye sordum. Hepsinden red cevap geldi,g\u00fcya bekledikleri varm\u0131\u015f&#8230;<br \/>\nSesimi \u00e7\u0131karmad\u0131m,kendime bir t\u00fcrl\u00fc yer bulamad\u0131m ve b\u00f6ylece iftar\u0131m\u0131 a\u00e7amadan oradan ayr\u0131ld\u0131m,asl\u0131nda o bana yer g\u00f6stermeyenlerin \u00e7o\u011fu niyetli bile de\u011fildi. \u0130\u00e7im \u00e7ok burkuldu, adeta g\u00f6nl\u00fcm k\u0131r\u0131lm\u0131\u015ft\u0131. Ben bu sayg\u0131s\u0131zl\u0131\u011f\u0131 hi\u00e7 bir \u015fekilde haketmiyordum,\u00e7\u00fcnk\u00fc neredeyse bu derne\u011fi ben yaratm\u0131\u015f ve uzun y\u0131llar ya\u015fatm\u0131\u015ft\u0131m. \u00c7ileke\u015f insan\u0131m\u0131z ve dernek aras\u0131nda bir canl\u0131 k\u00f6pr\u00fc olmu\u015ftum. O, bana yan\u0131m\u0131zda bo\u015f sandalye yok diyenlerin \u00e7o\u011funun dernek \u00fcyeli\u011fini ben onaylam\u0131\u015ft\u0131m&#8230;&#8221;<br \/>\nBu ac\u0131lar d\u00f6k\u00fcl\u00fcverdi A\u011fabeyimin dudaklar\u0131 aras\u0131ndan, g\u00f6zlerini camdan d\u0131\u015far\u0131 ka\u00e7\u0131r\u0131yordu, bana bakam\u0131yordu. Ben de suskunlu\u011fa b\u00fcr\u00fcnm\u00fc\u015ft\u00fcm, iyi oldu da varaca\u011f\u0131m\u0131z dura\u011fa acele ula\u015ft\u0131k. Ben kavun ve karpuz po\u015fetini ald\u0131m, o di\u011fer e\u015fyalar\u0131 va Havuzlu parka do\u011fru yola koyulduk. Vard\u0131\u011f\u0131m\u0131zda yine masalar dolmu\u015ftu. Bizi g\u00f6renler b\u0131y\u0131k alt\u0131ndan g\u00fcl\u00fcmsemeye ba\u015flad\u0131, A\u011fabeyimin baz\u0131 eski dostlar\u0131 el sallayarak bizi masalar\u0131na davet ediyorlard\u0131. \u015eef tak\u0131m\u0131. tabi ki .yine g\u00f6rmezlikten geliyordu,ama \u00e7akt\u0131rmadan g\u00f6z alt\u0131ndan bizi takip ettikleri anla\u015f\u0131l\u0131yordu.<br \/>\nBu manzara kar\u015f\u0131s\u0131nda ben de \u015fa\u015fk\u0131nd\u0131m,bana figuran rolu bi\u00e7ilmi\u015fti ve A\u011fabeyimin yan\u0131ndan ayr\u0131lamazd\u0131m. Tek sakkall\u0131 oldu\u011fumdan dolay\u0131 ben de herkesin dikkatini \u00e7ekiyordum. A\u011fabeyim \u00f6nde,ben arkas\u0131nda,\u015f\u00f6yle bir tur att\u0131k konuk masalar\u0131n\u0131n ortas\u0131ndan ve iftara gelenlerin uza\u011f\u0131nda bulunan havuzun bir kenar\u0131nda duraklad\u0131k. A\u011fabeyim, \u00f6nce bir sofra bezi serdi yere, sonra g\u00fczelce siniyi yerle\u015ftirdi, \u00fczerine ise kavunu, karpuzu, iki \u00e7atal\u0131, bir b\u0131\u00e7a\u011f\u0131 ve bir de s\u0131cak pideyi \u00f6zenle yerle\u015ftirdi. Benim i\u00e7in de ,gitti neredense bir sandalye getirdi, sanki ben onun gibi yere ba\u011fada\u015f kuram\u0131yordum. Karpuzu ve kavunu kestk, ezan da okundu. Bu esnada herkesin g\u00f6z\u00fc bize odakl\u0131.A\u011fabeyim ellerini karpuz ve kavun dilimlerinle doldurdu ve \u00e7ok sevdi\u011fi eski arkada\u015flar\u0131n\u0131n masalar\u0131na do\u011fru gitti. Alem adam bu A\u011fabeyimiz, az daha yazmaya unutacakt\u0131m.Yan\u0131nda bir s\u00fcr\u00fc Atat\u00fcrk portresi ve Onuncu Y\u0131l Mar\u015f\u0131 posterleri de getirmi\u015fti o. Bunlar\u0131 gitti, g\u00f6z\u00fcken yerlere, protokol sahnesine filan ast\u0131. Ba\u015fka bir ilgin\u00e7 olay da ya\u015fand\u0131.Benim kimli\u011fimi merak edip soranlara; &#8220;Arkada\u015f,Ankara&#8217;dan \u00f6zel g\u00f6nderilmi\u015f, Tayip&#8217;in adamlar\u0131ndan, m\u00fcfetti\u015f yani!&#8221; demi\u015f. Biraz sonra \u00e7e\u015fitli fotograf\u00e7\u0131lar benim de resmimi \u00e7ekmeye ba\u015flad\u0131lar. Ve b\u00f6ylece ben Tayip&#8217;in adam\u0131 oldum.A\u011fabeyimin dersi de bitmi\u015f oldu.Bo\u015f sinimizi arkam\u0131za y\u00fckledik ve evlerimizin yolunu tuttuk&#8230;<\/p>\n<p><b>M\u00fcmin Top\u00e7u &#8211; dombira.eu<\/b><\/p>\n<div id=\"bghab-2586579686\" class=\"bghab-yazi-altinda bghab-entity-placement\"><script async src=\"https:\/\/pagead2.googlesyndication.com\/pagead\/js\/adsbygoogle.js\"><\/script>\r\n<!-- bghaber-yaz\u0131-sonu -->\r\n<ins class=\"adsbygoogle\"\r\n     style=\"display:block\"\r\n     data-ad-client=\"ca-pub-6203283170189293\"\r\n     data-ad-slot=\"4222328180\"\r\n     data-ad-format=\"auto\"\r\n     data-full-width-responsive=\"true\"><\/ins>\r\n<script>\r\n     (adsbygoogle = window.adsbygoogle || []).push({});\r\n<\/script><\/div><br style=\"clear: both; display: block; float: none;\"\/>","protected":false},"excerpt":{"rendered":"<p>Bunalt\u0131c\u0131 yaz s\u0131caklar\u0131nda birka\u00e7 g\u00fcn evimde istirahat etme f\u0131rsat\u0131 buldum. Ba\u015flay\u0131pta bitiremedi\u011fim baz\u0131 edebi yaz\u0131lar\u0131mla biraz ha\u015f\u0131r ne\u015fir oldum, bu esnada sakal\u0131m da baya\u011f\u0131 uzad\u0131,sokakta<\/p>\n","protected":false},"author":29,"featured_media":1585,"comment_status":"closed","ping_status":"closed","sticky":false,"template":"","format":"standard","meta":{"advanced_seo_description":"","jetpack_seo_html_title":"","jetpack_seo_noindex":false,"jetpack_seo_schema_type":"","_jetpack_newsletter_access":"","_jetpack_dont_email_post_to_subs":false,"_jetpack_newsletter_tier_id":0,"_jetpack_memberships_contains_paywalled_content":false,"_jetpack_feature_clip_id":0,"_jetpack_memberships_contains_paid_content":false,"footnotes":"","jetpack_post_was_ever_published":false},"categories":[6],"tags":[],"class_list":["post-3939","post","type-post","status-publish","format-standard","has-post-thumbnail","hentry","category-yorum"],"jetpack_sharing_enabled":true,"jetpack_likes_enabled":true,"jetpack-related-posts":[],"jetpack_shortlink":"https:\/\/wp.me\/pc2PfJ-11x","jetpack_featured_media_url":"https:\/\/i0.wp.com\/www.bghaber.org\/bghaber\/wp-content\/uploads\/2013\/05\/images2.jpg?fit=256%2C153&ssl=1","_links":{"self":[{"href":"https:\/\/www.bghaber.org\/bghaber\/wp-json\/wp\/v2\/posts\/3939","targetHints":{"allow":["GET"]}}],"collection":[{"href":"https:\/\/www.bghaber.org\/bghaber\/wp-json\/wp\/v2\/posts"}],"about":[{"href":"https:\/\/www.bghaber.org\/bghaber\/wp-json\/wp\/v2\/types\/post"}],"author":[{"embeddable":true,"href":"https:\/\/www.bghaber.org\/bghaber\/wp-json\/wp\/v2\/users\/29"}],"replies":[{"embeddable":true,"href":"https:\/\/www.bghaber.org\/bghaber\/wp-json\/wp\/v2\/comments?post=3939"}],"version-history":[{"count":0,"href":"https:\/\/www.bghaber.org\/bghaber\/wp-json\/wp\/v2\/posts\/3939\/revisions"}],"wp:featuredmedia":[{"embeddable":true,"href":"https:\/\/www.bghaber.org\/bghaber\/wp-json\/wp\/v2\/media\/1585"}],"wp:attachment":[{"href":"https:\/\/www.bghaber.org\/bghaber\/wp-json\/wp\/v2\/media?parent=3939"}],"wp:term":[{"taxonomy":"category","embeddable":true,"href":"https:\/\/www.bghaber.org\/bghaber\/wp-json\/wp\/v2\/categories?post=3939"},{"taxonomy":"post_tag","embeddable":true,"href":"https:\/\/www.bghaber.org\/bghaber\/wp-json\/wp\/v2\/tags?post=3939"}],"curies":[{"name":"wp","href":"https:\/\/api.w.org\/{rel}","templated":true}]}}