{"id":38480,"date":"2019-07-12T09:38:28","date_gmt":"2019-07-12T07:38:28","guid":{"rendered":"https:\/\/www.bghaber.org\/bghaber\/?p=38480"},"modified":"2019-07-23T23:51:02","modified_gmt":"2019-07-23T21:51:02","slug":"pontoscu-zihniyet-uyaniyor","status":"publish","type":"post","link":"https:\/\/www.bghaber.org\/bghaber\/pontoscu-zihniyet-uyaniyor\/","title":{"rendered":"Pontus\u00e7u Zihniyet Uyan\u0131yor"},"content":{"rendered":"<p>BGSAM &#8211; \u0130stanbul<br \/>\nTarih: 12 Temmuz 2019<br \/>\n<strong>Anavatan\u0131m\u0131zda da art\u0131k iyi tan\u0131d\u0131\u011f\u0131m\u0131z bir zihniyet ve tav\u0131rla kar\u015f\u0131la\u015f\u0131yoruz.<\/strong><\/p>\n<p>AK Parti Kocaeli \/ Ba\u015fiskele il\u00e7e ba\u015fkan yard\u0131mc\u0131s\u0131 S\u00fcleyman \u00d6zkaraaslan\u2019\u0131n bas\u0131na s\u0131zan d\u00fc\u015fmanl\u0131k zihniyeti, yeni se\u00e7ilen \u0130stanbul B\u00fcy\u00fck \u015eehir Belediye Ba\u015fkan\u0131 Ekrem \u0130mamo\u011flu\u2019nun Yunanistan\u2019a gidip Pontos haritas\u0131 \u00f6n\u00fcnde foto\u011fraf \u00e7ektirmesinden sonra y\u00fcre\u011fimizde c\u0131z eden ikinci i\u011fren\u00e7 olay oldu.<\/p>\n<p><strong>Hi\u00e7bir kimse, hi\u00e7 birimizin milli duygular\u0131m\u0131za, anavatan sevgimize, T\u00fcrkl\u00fc\u011f\u00fcm\u00fcze dil uzatamaz. Bu s\u00f6zler ci\u011ferinin derininde pontos n\u00fcktesi olmayan birinin a\u011fz\u0131ndan b\u00f6yle s\u00f6zler \u00e7\u0131kmaz.<\/strong><\/p>\n<p>Biz Bulgaristan T\u00fcrkleri 600 y\u0131l Osmanl\u0131 devrinde ve 100 y\u0131l da daha sonra o topraklarda iman ettik, M\u00fcsl\u00fcman T\u00fcrk ruhu ya\u015fatt\u0131k, T\u00fcrk\u00e7e konu\u015ftuk, al\u0131n teri d\u00f6kt\u00fc\u011f\u00fcm\u00fcz topraklar\u0131 vatan sevgisiyle ba\u011fr\u0131na bast\u0131k.\u00a0 Biz, 1989\u2019da Bulgaristan\u2019dan kovularak anavatan\u0131m\u0131za s\u0131\u011f\u0131nan Bulgaristan T\u00fcrkleri, Biz Yemen, Edirne, \u00c7anakkale ve Sakarya Sava\u015flar\u0131nda sakat kalan gazilerin koynunda kanatlanm\u0131\u015f T\u00fcrk m\u00fccahitleriz.<\/p>\n<p><img data-recalc-dims=\"1\" loading=\"lazy\" decoding=\"async\" class=\"\" src=\"https:\/\/i0.wp.com\/www.tarihakli.com\/wp-content\/uploads\/2017\/06\/goc-3.jpg?resize=640%2C398\" alt=\"g\u00c3\u00b6\u00c3\u00a7 1989 ile ilgili g\u00c3\u00b6rsel sonucu\" width=\"640\" height=\"398\" \/><\/p>\n<p><strong>Bizi Bulgaristan\u2019dan kovanlarla T\u00fcrkiye\u2019den kovma zihniyetiyle ya\u015fayanlar aras\u0131nda hi\u00e7bir fark g\u00f6rm\u00fcyoruz.\u00a0 \u0130zninizle bir hat\u0131rlatmada bulunay\u0131m.<\/strong><\/p><div id=\"bghab-3455609563\" style=\"margin-left: auto;margin-right: auto;text-align: center;\"><script async src=\"\/\/pagead2.googlesyndication.com\/pagead\/js\/adsbygoogle.js?client=ca-pub-6203283170189293\" crossorigin=\"anonymous\"><\/script><ins class=\"adsbygoogle\" style=\"display:block; text-align:center;\" data-ad-client=\"ca-pub-6203283170189293\" \ndata-ad-slot=\"7303146466\" \ndata-ad-layout=\"in-article\"\ndata-ad-format=\"fluid\" data-full-width-responsive=\"true\"><\/ins>\n<script> \n(adsbygoogle = window.adsbygoogle || []).push({}); \n<\/script>\n<\/div>\n<p>Saksonya-Coburg-Gotha prensi I. August&#8217;un (Augustus) en k\u00fc\u00e7\u00fck o\u011flu ve Fransa kral\u0131 Louis-Philippe&#8217;in torunu olan I. Ferdinand Saks-Koburg- Gotski 1887\u2019de Bulgar Prensli\u011fine Prens olarak atan\u0131r ve 1908\u2019de kendini \u00c7ar ilan eder.<\/p>\n<div id=\"bghab-3455609563\" style=\"margin-left: auto;margin-right: auto;text-align: center;\"><script async src=\"\/\/pagead2.googlesyndication.com\/pagead\/js\/adsbygoogle.js?client=ca-pub-6203283170189293\" crossorigin=\"anonymous\"><\/script><ins class=\"adsbygoogle\" style=\"display:block; text-align:center;\" data-ad-client=\"ca-pub-6203283170189293\" \ndata-ad-slot=\"7303146466\" \ndata-ad-layout=\"in-article\"\ndata-ad-format=\"fluid\" data-full-width-responsive=\"true\"><\/ins>\n<script> \n(adsbygoogle = window.adsbygoogle || []).push({}); \n<\/script>\n<\/div>\n<p><strong>20 May\u0131s 1910\u2019da Bulgar \u00c7ar\u0131\u2019n\u0131n kuzeni olan B\u00fcy\u00fck Britanya ve \u0130rlanda Kral\u0131 ve Hindistan \u0130mparatoru (1901-1910) olan Saks-Koburg-Gota s\u00fclalesinin birincisi olan VII. Edward vefat eder.\u00a0 I. Ferdinand Sofya\u2019dan Londra\u2019ya gider ve cenaze merasimine kat\u0131l\u0131r. Ferdinand, Sofya\u2019da sahne tak\u0131mlar\u0131 haz\u0131rlayan bir terziye diktirdi\u011fi, \u00a0Fatih Sultan Mehmet&#8217;in \u0130stanbul&#8217;u fethetmesi sonucu 29 May\u0131s 1453&#8217;te Osmanl\u0131 askerleri ile \u00e7arp\u0131\u015f\u0131rken \u00f6ld\u00fcr\u00fclen XI. Konstantinos\u2019un t\u00f6ren elbiselerini bavulunda sakl\u0131 tutuyordu. O, Londra\u2019da 1912\u2019de Edirne\u2019ye sald\u0131rma planlar\u0131n\u0131 a\u00e7\u0131klad\u0131 ve Bulgaristan Ba\u015fkentini Sofya\u2019dan Ege adalar\u0131ndan Rodos\u2019a ta\u015f\u0131ma niyetini ve Bulgaristan M\u00fcsl\u00fcmanlar\u0131ndan H\u0131ristiyanl\u0131\u011f\u0131 kabul etmeyenleri Anadolu\u2019ya kovaca\u011f\u0131n\u0131 gizlemedi.<\/strong><\/p>\n<p><strong>Bilmeyenlere anlatmay\u0131 bilgilendirmeyi bi bor\u00e7 biliyoruz, biz XX. Y\u00fczy\u0131lda Avrupa\u2019dan a\u015f\u0131lanan Bulgar \u00c7arlar\u0131 ve kom\u00fcnizm u\u015faklar\u0131yla bir g\u00fcn de\u011fil, bir saat bile ara vermeden T\u00fcrk kimli\u011fi m\u00fccadelesi verdik ve kovulunca anavatan\u0131m\u0131za s\u0131\u011f\u0131nmak zorunda kald\u0131k.<\/strong><\/p>\n<p><strong>Bizim vatan kavgam\u0131z bug\u00fcn anavatan\u0131m\u0131z T\u00fcrkiye\u2019de de yaln\u0131z d\u0131\u015f d\u00fc\u015fmana kar\u015f\u0131 de\u011fil, pontos zihniyetiyle ba\u015fkald\u0131ran ve hem iktidar hem de ana muhalefet partisinin b\u00fcnyesine s\u0131zan, baz\u0131 g\u00fc\u00e7lerle amans\u0131z m\u00fccadele \u015feklinde devam etmek zorunda oldu\u011funu g\u00f6r\u00fcyoruz ve bu y\u00fczkaras\u0131 iletin k\u00f6k\u00fc kaz\u0131nmadan bize burada da rahat hayat olmad\u0131\u011f\u0131na daha kesin inan\u0131yoruz.<\/strong><\/p>\n<p><strong>T\u00fcrkl\u00fc\u011f\u00fcn bir ruh hali oldu\u011funu ve onu ya\u015fatman\u0131n t\u00fcm T\u00fcrklerin ba\u015fat \u00f6devi oldu\u011funu belirtirken, T\u00fcrkiye Cumhuriyetinin y\u00f6neten ilgililerden gerekli \u00f6nlemleri acilen almalar\u0131 gere\u011fine sayg\u0131yla dikkat \u00e7ekiyoruz.<\/strong><\/p><div id=\"bghab-3455609563\" style=\"margin-left: auto;margin-right: auto;text-align: center;\"><script async src=\"\/\/pagead2.googlesyndication.com\/pagead\/js\/adsbygoogle.js?client=ca-pub-6203283170189293\" crossorigin=\"anonymous\"><\/script><ins class=\"adsbygoogle\" style=\"display:block; text-align:center;\" data-ad-client=\"ca-pub-6203283170189293\" \ndata-ad-slot=\"7303146466\" \ndata-ad-layout=\"in-article\"\ndata-ad-format=\"fluid\" data-full-width-responsive=\"true\"><\/ins>\n<script> \n(adsbygoogle = window.adsbygoogle || []).push({}); \n<\/script>\n<\/div>\n<p style=\"text-align: right;\"><strong>BGSAM<\/strong><br \/>\n<strong>\u0130stanbul<\/strong><\/p>\n<p><img data-recalc-dims=\"1\" loading=\"lazy\" decoding=\"async\" class=\"\" src=\"https:\/\/i0.wp.com\/www.bghaber.org\/bghaber\/wp-content\/uploads\/2019\/02\/goc-89.jpg?resize=640%2C403&#038;ssl=1\" width=\"640\" height=\"403\" \/><\/p>\n<p>Resim konusunda \u00e7ok talep oldu\u011fu i\u00e7in resmi de koyuyoruz: ALTTA <img data-recalc-dims=\"1\" loading=\"lazy\" decoding=\"async\" class=\"\" src=\"https:\/\/i0.wp.com\/www.bghaber.org\/bghaber\/wp-content\/uploads\/2019\/07\/ekrem-pontus.jpg?resize=640%2C415&#038;ssl=1\" width=\"640\" height=\"415\" \/><\/p>\n<p>Fotograf\u0131n arkas\u0131nda Pontus Rum Devletine ait haritan\u0131n yer ald\u0131\u011f\u0131 g\u00f6r\u00fcn\u00fcyor.<\/p>\n<div id=\"bghab-1004864874\" class=\"bghab-yazi-altinda bghab-entity-placement\"><script async src=\"https:\/\/pagead2.googlesyndication.com\/pagead\/js\/adsbygoogle.js\"><\/script>\r\n<!-- bghaber-yaz\u0131-sonu -->\r\n<ins class=\"adsbygoogle\"\r\n     style=\"display:block\"\r\n     data-ad-client=\"ca-pub-6203283170189293\"\r\n     data-ad-slot=\"4222328180\"\r\n     data-ad-format=\"auto\"\r\n     data-full-width-responsive=\"true\"><\/ins>\r\n<script>\r\n     (adsbygoogle = window.adsbygoogle || []).push({});\r\n<\/script><\/div><br style=\"clear: both; display: block; float: none;\"\/>","protected":false},"excerpt":{"rendered":"<p>BGSAM &#8211; \u0130stanbul Tarih: 12 Temmuz 2019 Anavatan\u0131m\u0131zda da art\u0131k iyi tan\u0131d\u0131\u011f\u0131m\u0131z bir zihniyet ve tav\u0131rla kar\u015f\u0131la\u015f\u0131yoruz. AK Parti Kocaeli \/ Ba\u015fiskele il\u00e7e ba\u015fkan yard\u0131mc\u0131s\u0131<\/p>\n","protected":false},"author":25,"featured_media":17690,"comment_status":"closed","ping_status":"closed","sticky":false,"template":"","format":"standard","meta":{"advanced_seo_description":"","jetpack_seo_html_title":"","jetpack_seo_noindex":false,"jetpack_seo_schema_type":"","_jetpack_newsletter_access":"","_jetpack_dont_email_post_to_subs":false,"_jetpack_newsletter_tier_id":0,"_jetpack_memberships_contains_paywalled_content":false,"_jetpack_feature_clip_id":0,"_jetpack_memberships_contains_paid_content":false,"footnotes":"","jetpack_post_was_ever_published":false},"categories":[6],"tags":[],"class_list":["post-38480","post","type-post","status-publish","format-standard","has-post-thumbnail","hentry","category-yorum"],"jetpack_sharing_enabled":true,"jetpack_likes_enabled":true,"jetpack-related-posts":[],"jetpack_shortlink":"https:\/\/wp.me\/pc2PfJ-a0E","jetpack_featured_media_url":"https:\/\/i0.wp.com\/www.bghaber.org\/bghaber\/wp-content\/uploads\/2016\/01\/1-logo-yk.jpg?fit=552%2C531&ssl=1","_links":{"self":[{"href":"https:\/\/www.bghaber.org\/bghaber\/wp-json\/wp\/v2\/posts\/38480","targetHints":{"allow":["GET"]}}],"collection":[{"href":"https:\/\/www.bghaber.org\/bghaber\/wp-json\/wp\/v2\/posts"}],"about":[{"href":"https:\/\/www.bghaber.org\/bghaber\/wp-json\/wp\/v2\/types\/post"}],"author":[{"embeddable":true,"href":"https:\/\/www.bghaber.org\/bghaber\/wp-json\/wp\/v2\/users\/25"}],"replies":[{"embeddable":true,"href":"https:\/\/www.bghaber.org\/bghaber\/wp-json\/wp\/v2\/comments?post=38480"}],"version-history":[{"count":0,"href":"https:\/\/www.bghaber.org\/bghaber\/wp-json\/wp\/v2\/posts\/38480\/revisions"}],"wp:featuredmedia":[{"embeddable":true,"href":"https:\/\/www.bghaber.org\/bghaber\/wp-json\/wp\/v2\/media\/17690"}],"wp:attachment":[{"href":"https:\/\/www.bghaber.org\/bghaber\/wp-json\/wp\/v2\/media?parent=38480"}],"wp:term":[{"taxonomy":"category","embeddable":true,"href":"https:\/\/www.bghaber.org\/bghaber\/wp-json\/wp\/v2\/categories?post=38480"},{"taxonomy":"post_tag","embeddable":true,"href":"https:\/\/www.bghaber.org\/bghaber\/wp-json\/wp\/v2\/tags?post=38480"}],"curies":[{"name":"wp","href":"https:\/\/api.w.org\/{rel}","templated":true}]}}