{"id":38304,"date":"2019-07-07T23:36:55","date_gmt":"2019-07-07T21:36:55","guid":{"rendered":"https:\/\/www.bghaber.org\/bghaber\/?p=38304"},"modified":"2019-07-10T17:10:45","modified_gmt":"2019-07-10T15:10:45","slug":"bulgaristana-kacak-kimyasal-tarim-gubresi-girisi-onlendi","status":"publish","type":"post","link":"https:\/\/www.bghaber.org\/bghaber\/bulgaristana-kacak-kimyasal-tarim-gubresi-girisi-onlendi\/","title":{"rendered":"Bulgaristan&#8217;a ka\u00e7ak kimyasal tar\u0131m g\u00fcbresi giri\u015fi \u00f6nlendi"},"content":{"rendered":"<p>Europol ve Avrupa Doland\u0131r\u0131c\u0131l\u0131kla M\u00fccadele \u00d6rg\u00fct\u00fc- OLAF ekipleri kat\u0131l\u0131m\u0131yla Mart ve Nisan ay\u0131nda Silver Axe adl\u0131 operasyon d\u00fczenlendi.<\/p>\n<p>Bulgar G\u00fcmr\u00fckler Ajans\u0131\u2019n\u0131n da taraf oldu\u011fu polis operasyonunda kimyasal tar\u0131m g\u00fcbresinin yasad\u0131\u015f\u0131 yollardan \u00fclkeye giri\u015fi kontrol edildi. Bitkisel g\u00fcbrenin ka\u00e7ak yollardan \u00fclkeye giri\u015finde 54 vaka vaka \u00f6nlendi.<\/p>\n<p>G\u00fcmr\u00fckte 695 kg. s\u0131v\u0131 kimyasal ve 75 kg. toz halinde kimyasal g\u00fcbreye el konuldu.<\/p>\n<p>&nbsp;<\/p>\n<p>BNR<\/p>\n<div id=\"bghab-1900917177\" class=\"bghab-yazi-altinda bghab-entity-placement\"><script async src=\"https:\/\/pagead2.googlesyndication.com\/pagead\/js\/adsbygoogle.js\"><\/script>\r\n<!-- bghaber-yaz\u0131-sonu -->\r\n<ins class=\"adsbygoogle\"\r\n     style=\"display:block\"\r\n     data-ad-client=\"ca-pub-6203283170189293\"\r\n     data-ad-slot=\"4222328180\"\r\n     data-ad-format=\"auto\"\r\n     data-full-width-responsive=\"true\"><\/ins>\r\n<script>\r\n     (adsbygoogle = window.adsbygoogle || []).push({});\r\n<\/script><\/div><br style=\"clear: both; display: block; float: none;\"\/>","protected":false},"excerpt":{"rendered":"<p>Europol ve Avrupa Doland\u0131r\u0131c\u0131l\u0131kla M\u00fccadele \u00d6rg\u00fct\u00fc- OLAF ekipleri kat\u0131l\u0131m\u0131yla Mart ve Nisan ay\u0131nda Silver Axe adl\u0131 operasyon d\u00fczenlendi. Bulgar G\u00fcmr\u00fckler Ajans\u0131\u2019n\u0131n da taraf oldu\u011fu polis<\/p>\n","protected":false},"author":29,"featured_media":38305,"comment_status":"closed","ping_status":"closed","sticky":false,"template":"","format":"standard","meta":{"advanced_seo_description":"","jetpack_seo_html_title":"","jetpack_seo_noindex":false,"jetpack_seo_schema_type":"","_jetpack_newsletter_access":"","_jetpack_dont_email_post_to_subs":false,"_jetpack_newsletter_tier_id":0,"_jetpack_memberships_contains_paywalled_content":false,"_jetpack_feature_clip_id":0,"_jetpack_memberships_contains_paid_content":false,"footnotes":"","jetpack_post_was_ever_published":false},"categories":[5],"tags":[30,2084,1556],"class_list":["post-38304","post","type-post","status-publish","format-standard","has-post-thumbnail","hentry","category-yasam","tag-bulgaristan","tag-gubre","tag-tarim"],"jetpack_sharing_enabled":true,"jetpack_likes_enabled":true,"jetpack-related-posts":[],"jetpack_shortlink":"https:\/\/wp.me\/pc2PfJ-9XO","jetpack_featured_media_url":"https:\/\/i0.wp.com\/www.bghaber.org\/bghaber\/wp-content\/uploads\/2019\/07\/Bulgaristana-ka%C3%A7ak-kimyasal-tar%C4%B1m-g%C3%BCbresi-giri%C5%9Fi-%C3%B6nlendi.jpg?fit=925%2C520&ssl=1","_links":{"self":[{"href":"https:\/\/www.bghaber.org\/bghaber\/wp-json\/wp\/v2\/posts\/38304","targetHints":{"allow":["GET"]}}],"collection":[{"href":"https:\/\/www.bghaber.org\/bghaber\/wp-json\/wp\/v2\/posts"}],"about":[{"href":"https:\/\/www.bghaber.org\/bghaber\/wp-json\/wp\/v2\/types\/post"}],"author":[{"embeddable":true,"href":"https:\/\/www.bghaber.org\/bghaber\/wp-json\/wp\/v2\/users\/29"}],"replies":[{"embeddable":true,"href":"https:\/\/www.bghaber.org\/bghaber\/wp-json\/wp\/v2\/comments?post=38304"}],"version-history":[{"count":0,"href":"https:\/\/www.bghaber.org\/bghaber\/wp-json\/wp\/v2\/posts\/38304\/revisions"}],"wp:featuredmedia":[{"embeddable":true,"href":"https:\/\/www.bghaber.org\/bghaber\/wp-json\/wp\/v2\/media\/38305"}],"wp:attachment":[{"href":"https:\/\/www.bghaber.org\/bghaber\/wp-json\/wp\/v2\/media?parent=38304"}],"wp:term":[{"taxonomy":"category","embeddable":true,"href":"https:\/\/www.bghaber.org\/bghaber\/wp-json\/wp\/v2\/categories?post=38304"},{"taxonomy":"post_tag","embeddable":true,"href":"https:\/\/www.bghaber.org\/bghaber\/wp-json\/wp\/v2\/tags?post=38304"}],"curies":[{"name":"wp","href":"https:\/\/api.w.org\/{rel}","templated":true}]}}