{"id":38045,"date":"2019-07-01T10:38:10","date_gmt":"2019-07-01T07:38:10","guid":{"rendered":"https:\/\/www.bghaber.org\/bghaber\/?p=38045"},"modified":"2019-07-05T00:18:25","modified_gmt":"2019-07-04T21:18:25","slug":"bulgaristan-gocmen-dernegi-tekirdag","status":"publish","type":"post","link":"https:\/\/www.bghaber.org\/bghaber\/bulgaristan-gocmen-dernegi-tekirdag\/","title":{"rendered":"Bulgaristan&#8217;dan Kovulmam\u0131z\u0131n 30. Y\u0131ld\u00f6n\u00fcm\u00fc"},"content":{"rendered":"<p>Tekirda\u011f<br \/>\nTarih: 30 Haziran 2019<br \/>\nRafet ULUT\u00dcRK:\u00a0 POL\u0130T\u0130K KONU\u015eMA<\/p>\n<p>360 B\u0130N T\u00dcRK\u00dcN BULGAR\u0130STAN\u2019DAN KOVULMASININ 30. YILD\u00d6N\u00dcM\u00dc<br \/>\nSay\u0131n Ba\u015fkan, Say\u0131n Belediye ba\u015fkan\u0131m. De\u011ferli siyasi parti ve STK Ba\u015fkanlar\u0131 ve temsilcileri,<\/p>\n<p>\u00c7ok De\u011ferli konuklar, K\u0131ymetli hem\u015fehrilerim, \u00d6ncelikle beni buraya davet eden Tekirda\u011f Bulgaristan G\u00f6\u00e7menleri derne\u011fi Ba\u015fkan\u0131 Kemal \u00d6zt\u00fcrk\u2019e huzurunuzda te\u015fekk\u00fcr ederim.<\/p>\n<p>Bizler T\u00fcrkl\u00fc\u011f\u00fcn meyvas\u0131 olan Orta Asya Bozk\u0131rlar\u0131ndan yola \u00e7\u0131karak Anadoludan \u00f6nce T\u00fcrkle\u015fen Rumeli-Balkan yar\u0131madas\u0131na ula\u015fanlar\u0131z, Bu topraklar\u0131 T\u00fcrk D\u00fcnyas\u0131na katan Evlad-\u0131 Fatihalar\u0131n torunlar\u0131y\u0131z.<\/p>\n<p>Bizler Tunadan akarak Deliorman, Dobrucay\u0131 ge\u00e7erek Koca Balkan\u0131 a\u015farak Pirin, Rodop da\u011flar\u0131na ula\u015fanlar\u0131z. Bir\u00e7ok t\u00fcrk\u00fclere hik\u00e2yelere romanlara ve manilere konu olan Rodop insan\u0131n\u0131n ayr\u0131lmaz par\u00e7as\u0131 nazl\u0131 y\u00e2ri Arda boyundan k\u0131vr\u0131m k\u0131vr\u0131m akarak Anadoluya do\u011fru h\u0131zla ilerledi\u011fi Ak\u0131nc\u0131lar yurdundan kucak dolusu selamlar getirdim.<\/p><div id=\"bghab-59092654\" style=\"margin-left: auto;margin-right: auto;text-align: center;\"><script async src=\"\/\/pagead2.googlesyndication.com\/pagead\/js\/adsbygoogle.js?client=ca-pub-6203283170189293\" crossorigin=\"anonymous\"><\/script><ins class=\"adsbygoogle\" style=\"display:block; text-align:center;\" data-ad-client=\"ca-pub-6203283170189293\" \ndata-ad-slot=\"7303146466\" \ndata-ad-layout=\"in-article\"\ndata-ad-format=\"fluid\" data-full-width-responsive=\"true\"><\/ins>\n<script> \n(adsbygoogle = window.adsbygoogle || []).push({}); \n<\/script>\n<\/div>\n<p>Bulgar devletinin silah g\u00fcc\u00fcyle ata-vatan\u0131m\u0131zdan at\u0131lmam\u0131z\u0131n, hayat\u0131m\u0131z\u0131n en ac\u0131 g\u00fcn\u00fcn\u00fcn 30. Y\u0131ld\u00f6n\u00fcm\u00fcn\u00fc birlikte anmaya, ac\u0131 payla\u015fmaya, dert yanmaya, ufuk a\u00e7an B\u00fcy\u00fck Yeni T\u00fcrkiye ile hep beraber gurur duymaya, y\u00fcrek kabartmaya toplanm\u0131\u015f bulunuyoruz. Birlik ve beraberlikte, sa\u011f sa\u011fl\u0131m olmam\u0131z\u0131, kutluyorum.<br \/>\nTarih a\u00e7\u0131s\u0131ndan k\u0131sa, ama bir insan \u00f6mr\u00fcn\u00fcnse yar\u0131s\u0131 olan bu 30 y\u0131lda, Allah\u0131m\u0131za \u015f\u00fck\u00fcrler olsun ki, B\u00fcy\u00fck T\u00fcrk halk\u0131na ve devletimize,\u00a0 hepimizi birlikte ba\u011fr\u0131na basan ANAVATANIMIZA ki, yaralar\u0131m\u0131z\u0131 pansuman edebildik. S\u0131z\u0131lar\u0131m\u0131z savd\u0131.<br \/>\nFakat \u00f6fkemiz asla dinmeyecek, vatan sevgimiz asla s\u00f6nmeyecek, kaybetti\u011fimiz her kar\u0131\u015f toprak yeniden ve ebediyen bizim olana kadar m\u00fccadelemiz devam edecektir. G\u00f6rd\u00fc\u011f\u00fcn\u00fcz \u00fczere T\u00fcrkiye Cumhuriyeti b\u00fcy\u00fcd\u00fck\u00e7e ta\u015f\u0131yor.<\/p>\n<p>Bir as\u0131rda 8 milyondan 82 milyona ula\u015ft\u0131k. Asr\u0131n sonunda b\u00fct\u00fcn Avrupa n\u00fcfusu, Balkanlarda her devletin n\u00fcfusu azal\u0131rken, Bulgar b\u00fct\u00fcn az\u0131nl\u0131klarla beraber 2 milyon 400 bin kal\u0131rken, B\u00fcy\u00fck Yeni T\u00fcrkiye 129 milyon olaca\u011f\u0131z.\u00a0 \u00d6zledi\u011fimiz, sevdi\u011fimiz, arzu etti\u011fimiz her \u015fey kendili\u011finden do\u011fal olarak bizim olacak\u2026.<br \/>\nKarde\u015flerim hepinize, \u0130stanbul- Bayrampa\u015fa\u2019dan, 10 bin \u00fcyesi olan Bulgaristan T\u00fcrkleri K\u00fclt\u00fcr ve Hizmet Derne\u011fi BULT\u00dcRK y\u00f6netimi ve \u00fcyelerinden, Bulgaristan Stratejik Ara\u015ft\u0131rma Merkezi &#8211; BGSAM y\u00f6netiminden,\u00a0 say\u0131s\u0131 145\u2019e ula\u015fan, ayl\u0131k \u201cBulgaristan T\u00fcrklerinin Sesi\u201d BULT\u00dcRK gazetemizin ekibinden. Ayr\u0131ca art\u0131k say\u0131lar\u0131 55 olan BGSAM ayd\u0131nlatma kitaplar\u0131m\u0131z\u0131n yay\u0131nlanmas\u0131nda eme\u011fi ge\u00e7en t\u00fcm arkada\u015flar\u0131m\u0131zdan en i\u00e7ten, en kalpten selamlar, sa\u011fl\u0131k ve ba\u015far\u0131 temennileri ile sizleri selaml\u0131yorum.<\/p>\n<p>Anavatana gelip yerle\u015fmemizin 30. y\u0131ld\u00f6n\u00fcm\u00fcn\u00fc b\u00f6yle s\u0131cak bir ortamda anmak, dertle\u015fmeye olanak yaratmak, \u00f6rnek ve \u00f6zendiren bir giri\u015fim oluyor, \u00f6vg\u00fcye lay\u0131ks\u0131n\u0131z.\u00a0 B\u00fcy\u00fcn umutlar\u0131n\u0131z ger\u00e7ek olsun. Burada Ba\u015fkan\u0131m\u0131za bu f\u0131rsat\u0131 bize verdi\u011fi i\u00e7in tekrar te\u015fekk\u00fcr ediyorum.<\/p>\n<p>\u00dczerinde y\u0131llar\u0131n yorgunlu\u011fu olan umut dolu \u00e7a\u011fr\u0131\u015f\u0131ml\u0131 bak\u0131\u015flar\u0131n\u0131zda, ba\u015fka soyda\u015f ortamlar\u0131nda da g\u00f6rd\u00fc\u011f\u00fcm derin \u00e7izgilerin parlakl\u0131\u011f\u0131n\u0131 g\u00f6r\u00fcyorum.\u00a0 BULT\u00dcRK olarak biz, 2002\u2019den beri \u0130stanbul\u2019da\u00a0 \u00f6rg\u00fctl\u00fc ve bilin\u00e7li bir DERNEK\u00c7\u0130L\u0130K BAYRA\u011eI dalgaland\u0131r\u0131yoruz.<\/p>\n<p>1950 muhacirlerinin, 1960-70 g\u00f6\u00e7menlerinin \u0130stanbul\u2013\u00c7emberlita\u015f\u2019ta ba\u015flatt\u0131\u011f\u0131 ve geli\u015ftirdi\u011fi edebiyat, sanat, k\u00fclt\u00fcr dernek\u00e7ili\u011finin, gazeteci \u015fair Mehmet \u00c7avu\u015f ve \u0130smet SEVER etraf\u0131nda toplanan dernek gelene\u011finin bizler devam\u0131y\u0131z.<\/p><div id=\"bghab-59092654\" style=\"margin-left: auto;margin-right: auto;text-align: center;\"><script async src=\"\/\/pagead2.googlesyndication.com\/pagead\/js\/adsbygoogle.js?client=ca-pub-6203283170189293\" crossorigin=\"anonymous\"><\/script><ins class=\"adsbygoogle\" style=\"display:block; text-align:center;\" data-ad-client=\"ca-pub-6203283170189293\" \ndata-ad-slot=\"7303146466\" \ndata-ad-layout=\"in-article\"\ndata-ad-format=\"fluid\" data-full-width-responsive=\"true\"><\/ins>\n<script> \n(adsbygoogle = window.adsbygoogle || []).push({}); \n<\/script>\n<\/div>\n<p>1989 \u00f6ncesi Bulgaristan g\u00f6\u00e7menleri dernek\u00e7ili\u011fe ancak,\u00a0 \u015fair yazar etkinli\u011fi olarak bakarken, BULT\u00dcRK bu dar \u00e7emberi k\u0131rd\u0131. En basit soyda\u015f sorunlar\u0131ndan, en karma\u015f\u0131k olanlara, siyasete, k\u00fclt\u00fcre, e\u011fitim, edebiyat, T\u00fcrk Kimli\u011fine kadar kanat a\u00e7t\u0131. T\u00fcm olaylara dayat\u0131lanlardan nitel olarak fakl\u0131 i\u00e7erik getirdik ve \u00e7abalar\u0131m\u0131za devam ediyoruz.<\/p>\n<p>Biz g\u00f6\u00e7 etmedik. Kovulduk da geldik. Biz turist de\u011fi\u015fiz soyk\u0131r\u0131ma u\u011frad\u0131k. Biz, \u0130slamla\u015ft\u0131r\u0131lm\u0131\u015f Bulgar de\u011filiz k\u00fclt\u00fcrel soy k\u0131r\u0131ma u\u011frayan, devlet ter\u00f6r\u00fc g\u00f6ren,\u00a0 asimile edilen M\u00fcsl\u00fcman T\u00fcrkleriz.<\/p>\n<p>Biz Bulgar halk\u0131ndan bir par\u00e7a de\u011fil, T\u00fcrk ulusundan, T\u00fcrk D\u00fcnyas\u0131ndan kopmaz ve ayr\u0131lmaz bir b\u00fct\u00fcn\u00fcz. Maddi varl\u0131\u011f\u0131yla birlikte manevi varl\u0131\u011f\u0131na, diline, dinine, geleneklerine, alfabesinden atas\u00f6zlerine, f\u0131kralar\u0131ndan edebiyat\u0131na sald\u0131r\u0131lm\u0131\u015f, kasetleri, plo\u00e7alar toplam\u0131\u015f k\u0131r\u0131lm\u0131\u015f, \u015fark\u0131 t\u00fcrk\u00fc s\u00f6yleyenlerimizin a\u011fz\u0131na kelep\u00e7e vurulmu\u015f \u00e7ok ezilmi\u015f de\u011fil hep ya\u015fam boyu ezilmi\u015f ama yine de teslim olmam\u0131\u015f, dayanm\u0131\u015f ve dirilmi\u015f mert bir etnik halk toplulu\u011fuyuz. Biz \u00f6zelliklerimizle g\u00fczellik, vas\u0131flar\u0131m\u0131zla g\u00fc\u00e7l\u00fcy\u00fcz, alicenap ve cesuruz, bile\u011fi b\u00fck\u00fclmez bir milleriz.<br \/>\n1989\u2019da vatan\u0131m\u0131zdan devlet ter\u00f6r\u00fcyle s\u00f6k\u00fcl\u00fcp s\u0131n\u0131ra y\u0131\u011f\u0131lmam\u0131z\u0131n bir soyk\u0131r\u0131m oldu\u011funu uluslararas\u0131 7 toplant\u0131 ve konferansa konu ettik. Anadilimizin, okullar\u0131m\u0131z\u0131n, T\u00fcrk\u00e7e derslerimizin, \u00f6zg\u00fcn halk sanat\u0131m\u0131z\u0131n, halk k\u00fclt\u00fcr\u00fcm\u00fcz\u00fcn, geleneklerimizin, adetlerimizin, T\u00fcrk ya\u015fam tarz\u0131m\u0131z\u0131n yasaklanmas\u0131n\u0131n bir \u201ck\u00fclt\u00fcrel soy k\u0131r\u0131m\u201d oldu\u011funu d\u00fcnyaya duyurabilmek amac\u0131yla 5 uluslararas\u0131 sempozyum d\u00fczenledik.<\/p>\n<p>Bulgaristan\u2019dan ara\u015ft\u0131rmac\u0131 yazar ve tarih\u00e7ileri, ilgilileri davet ettik. Geldiler. Tart\u0131\u015ft\u0131k. Ata-vatandan kovulu\u015fumuzu anlatan kitap sergileri, zulm\u00fcn resim sergisini, \u201cBelene\u201d \u00f6l\u00fcm kamp\u0131 foto\u011fraf sergisi d\u00fczenledik. Kahramanlar\u0131m\u0131z\u0131 \u00f6\u011frencilerle bulu\u015fturduk. Ba\u015f\u0131m\u0131za gelenlerin unutulmamas\u0131 i\u00e7in elimizden geleni bug\u00fcn de yap\u0131yoruz.<\/p>\n<p>\u201cBghaber.org\u201d g\u00fcnl\u00fck akt\u00fcel Bulgaristan haberleri ve yorum sitemiz var. 600 bin t\u0131klayan\u0131m\u0131z okurumuz var. Sizlerden de Say\u0131n fizik tedavi uzman\u0131m\u0131z Erta\u015f \u00c7ak\u0131r, \u00f6\u011fretmenlerimiz, okul m\u00fcd\u00fcr\u00fc ve Aksakall\u0131m\u0131z \u015fair Galip Sertel, Silistre\u2019de ya\u015fayan k\u0131demli \u015fair Naim Bakov yay\u0131nlar\u0131m\u0131za devaml\u0131 kat\u0131l\u0131yorlar. Ak Kad\u0131nll\u0131 (Dulovo) milli \u015fairlerinden Bayramal\u0131 edebiyat sayfam\u0131zdan hi\u00e7 inmedi. Yatt\u0131\u011f\u0131 yer nur olsun. Onlar ruhumuza kanat oluyorlar. Hepinizin \u00f6n\u00fcnde kendilerine te\u015fekk\u00fcr ediyorum. Eli kalem tutan Bulgaristanl\u0131lar\u0131 yarat\u0131c\u0131 karde\u015flerimize kap\u0131m\u0131z her zaman a\u00e7\u0131kt\u0131r. Her sat\u0131r\u0131n\u0131za, her s\u00f6z\u00fcn\u00fcze muhtac\u0131z. Siz her bak\u0131ma y\u00fcreklendirici \u00f6nc\u00fclersiniz. Tek \u015fart\u0131m\u0131z bu sitede sadece Bulgaristan ile ilgili yaz\u0131lar\u0131 yaz\u0131yoruz. Tabi ki t\u00fcm T\u00fcrk D\u00fcnyas\u0131 ile ilgili de yaz\u0131yoruz amma bunlar\u0131 Gazetemizde yay\u0131nlayabiliriz.<\/p><div id=\"bghab-59092654\" style=\"margin-left: auto;margin-right: auto;text-align: center;\"><script async src=\"\/\/pagead2.googlesyndication.com\/pagead\/js\/adsbygoogle.js?client=ca-pub-6203283170189293\" crossorigin=\"anonymous\"><\/script><ins class=\"adsbygoogle\" style=\"display:block; text-align:center;\" data-ad-client=\"ca-pub-6203283170189293\" \ndata-ad-slot=\"7303146466\" \ndata-ad-layout=\"in-article\"\ndata-ad-format=\"fluid\" data-full-width-responsive=\"true\"><\/ins>\n<script> \n(adsbygoogle = window.adsbygoogle || []).push({}); \n<\/script>\n<\/div>\n<div id=\"bghab-59092654\" style=\"margin-left: auto;margin-right: auto;text-align: center;\"><script async src=\"\/\/pagead2.googlesyndication.com\/pagead\/js\/adsbygoogle.js?client=ca-pub-6203283170189293\" crossorigin=\"anonymous\"><\/script><ins class=\"adsbygoogle\" style=\"display:block; text-align:center;\" data-ad-client=\"ca-pub-6203283170189293\" \ndata-ad-slot=\"7303146466\" \ndata-ad-layout=\"in-article\"\ndata-ad-format=\"fluid\" data-full-width-responsive=\"true\"><\/ins>\n<script> \n(adsbygoogle = window.adsbygoogle || []).push({}); \n<\/script>\n<\/div>\n<p>Bizlerden biri olan karde\u015fimiz hocam\u0131z H\u00fcseyin G\u00fcntekin\u2019de s\u00f6z etmeden ge\u00e7emem:<\/p>\n<p>Ne demi\u015f \u015fairimiz Yaral\u0131 G\u00f6n\u00fcl kitab\u0131n\u0131n Deliorman \u015fiirinde:<br \/>\nG\u00f6\u00e7 r\u00fczgar\u0131 bizi kast\u0131 kavurdu \/\u0130lden ile ac\u0131madan savurdu\/<br \/>\nEcdad\u0131m\u0131n yeri ana kuca\u011f\u0131 Deliorman\/Hasretimiz \u00f6zlemimiz Deliorman<br \/>\n\/Deliorman bizim \u00f6z topra\u011f\u0131m\u0131z\/ G\u00f6n\u00fcl co\u015fturan sevgi kayna\u011f\u0131m\u0131z<br \/>\nUnutulmayan g\u00f6n\u00fcl yaram\u0131z\/ B\u00fcy\u00fck sevgimizsin Deliorman<\/p>\n<p>Birka\u00e7 \u015fiir kitab\u0131 yay\u0131nlayan ablam\u0131z \u201cEzer\u00e7e\u2019dem \u00e7\u0131kt\u0131m yola\u201d eserinde bak\u0131n sizleri nas\u0131l anlat\u0131yor:<\/p>\n<p>\u201c1989 zorunlu g\u00f6\u00e7\u00fc s\u0131ras\u0131nda T\u00fcrkiye\u2019ye s\u0131\u011f\u0131nm\u0131\u015f olanlar eski g\u00f6\u00e7erden kat kat daha farkl\u0131d\u0131r. \u00d6\u011frenim g\u00f6rm\u00fc\u015f, T\u00fcrk Kimlikli ve d\u00fcnyay\u0131 tan\u0131yan insanlard\u0131 hep. Bulgaristan\u2019da fa\u015fizm ile totalitarizmi bilen ve olaylar\u0131 de\u011ferlendirebilen insanlard\u0131. Her biri bilin\u00e7 seviyesi y\u00fcksek karde\u015flerimizdi.\u201d<\/p>\n<p>Her bir Bulgaristanl\u0131 soyda\u015f\u0131n y\u00fcksek vas\u0131fl\u0131 ve bilin\u00e7li, namuslu ve ahlakl\u0131, ezgi g\u00f6rm\u00fc\u015f ama boyun e\u011fmemi\u015f bir vatanda\u015f oldu\u011fu tespitini, 6 y\u0131l \u00f6nce Ankara\u2019da \u00e7\u0131kan 4 ciltlik \u201c1989 G\u00f6\u00e7\u00fc kitap Serisinde\u201d de g\u00f6rebiliyoruz.<br \/>\n\u0130\u015fkence g\u00f6rm\u00fc\u015f, 1 as\u0131r kaynayan asimilasyon kazan\u0131nda erimemi\u015f, illegal \u00f6rg\u00fctlenmi\u015f ve isyan etmi\u015f bir etnik T\u00fcrk toplulu\u011fundan s\u00f6z ediyoruz ve B\u00fcy\u00fck Atat\u00fcrk\u2019\u00fcn \u201cNe mutlu T\u00fcrk\u00fcm Diyene\u201d s\u00f6zlerini ifade etmeden devam edemiyorum.<\/p><div id=\"bghab-59092654\" style=\"margin-left: auto;margin-right: auto;text-align: center;\"><script async src=\"\/\/pagead2.googlesyndication.com\/pagead\/js\/adsbygoogle.js?client=ca-pub-6203283170189293\" crossorigin=\"anonymous\"><\/script><ins class=\"adsbygoogle\" style=\"display:block; text-align:center;\" data-ad-client=\"ca-pub-6203283170189293\" \ndata-ad-slot=\"7303146466\" \ndata-ad-layout=\"in-article\"\ndata-ad-format=\"fluid\" data-full-width-responsive=\"true\"><\/ins>\n<script> \n(adsbygoogle = window.adsbygoogle || []).push({}); \n<\/script>\n<\/div>\n<p>\u201cNe mutlu Bulgaristanl\u0131 bir T\u00fcrk\u00fcm diyene!\u201d<\/p>\n<p>Yeniden vurguluyorum: Biz Bulgaristan T\u00fcrkleri anadili, edebiyat dili, dini, sanat\u0131, halk k\u00fclt\u00fcr\u00fc, folkloru, ya\u015fam bi\u00e7iminin dokusu olan,\u00a0 halk bilgileri, g\u00f6renekleri, manevi hayat gelenekleri olan bir halk toplulu\u011fuyuz, Bulgaristan T\u00fcrk az\u0131nl\u0131\u011f\u0131y\u0131z.<br \/>\nBulgaristan\u2019da bizden ba\u015fka bu sosyal ve k\u00fclt\u00fcrel geli\u015fim d\u00fczeyine ula\u015fabilmi\u015f ba\u015fka bir az\u0131nl\u0131k yoktur. \u0130lham kayna\u011f\u0131m\u0131z T\u00fcrkiye devletidir. T\u00fcrk halk\u0131 ve Uluslararas\u0131 T\u00fcrk Kimli\u011fi ve birli\u011fidir.<\/p>\n<p>Bulgaristan\u2019da bug\u00fcn T\u00fcrkler, Pomaklar, Romenler \u00c7ingeneler, Ulahlar, Makedonlar, Tatar, Gagavuzlar, \u00c7erkezler, Ermeniler ve Yahudiler toplam 11 az\u0131nl\u0131k var. \u015eu an en kalabal\u0131k n\u00fcfus hen\u00fcz Bulgar\u2019da. Birle\u015fmi\u015f Milletler tahminlerine g\u00f6re, 2040\u2019ta Bulgarlar\u0131n say\u0131s\u0131 \u00c7ingene n\u00fcfustan daha az kalacak. AZINLIKLAR MEMLEKET\u0130 BULGAR\u0130STAN\u2019 da toplam 12 az\u0131nl\u0131k olaca\u011f\u0131z. Ayn\u0131 kaynak, Birle\u015fmi\u015f Milletler N\u00dcFUS B\u00dcROSU ge\u00e7en hafta 2 100 y\u0131l\u0131na ili\u015fkin anket sonu\u00e7lar\u0131n\u0131 a\u00e7\u0131klad\u0131.<\/p>\n<p>Asr\u0131n sonunda, Bulgaristan n\u00fcfusu 2 milyon 400 bin kal\u0131yor. Bulgarlar, az\u0131nl\u0131klar\u0131n az\u0131nl\u0131klardan biri kalacak. \u201cEtme kom\u015funa, gelir ba\u015f\u0131na!\u201d O zaman b\u00fct\u00fcn kavgalar yeniden ba\u015flayacak.<\/p>\n<p>Bu s\u00f6ylediklerim b\u00fcy\u00fck bir ger\u00e7ektir.<\/p><div id=\"bghab-59092654\" style=\"margin-left: auto;margin-right: auto;text-align: center;\"><script async src=\"\/\/pagead2.googlesyndication.com\/pagead\/js\/adsbygoogle.js?client=ca-pub-6203283170189293\" crossorigin=\"anonymous\"><\/script><ins class=\"adsbygoogle\" style=\"display:block; text-align:center;\" data-ad-client=\"ca-pub-6203283170189293\" \ndata-ad-slot=\"7303146466\" \ndata-ad-layout=\"in-article\"\ndata-ad-format=\"fluid\" data-full-width-responsive=\"true\"><\/ins>\n<script> \n(adsbygoogle = window.adsbygoogle || []).push({}); \n<\/script>\n<\/div>\n<p>Bulgaristan\u2019da ya\u015fayan n\u00fcfusun i\u00e7inde Biz T\u00fcrklerden ba\u015fka, soy kabu\u011fundan \u00e7\u0131km\u0131\u015f, \u00fcmmetten s\u0131yr\u0131lm\u0131\u015f, T\u00fcrk kimli\u011fini bulmu\u015f ve milliyet a\u015famas\u0131ndan ge\u00e7ip M\u0130LLET zirvesine ula\u015fm\u0131\u015f bir halk toplulu\u011fu, anadili, yaz\u0131 dili, edebiyat dili, dini, zengin halk gelenekleri ve b\u00fct\u00fcnlenmi\u015f k\u00fclt\u00fcr\u00fc olan, dayanacak ge\u00e7mi\u015fi olan, bir az\u0131nl\u0131k yoktur.<\/p>\n<p>Bulgaristan\u2019da, 1989 g\u00f6\u00e7\u00fcnde h\u0131rpalansak da, bug\u00fcn de M\u0130LLET OLGUNLU\u011eUNA eri\u015fmi\u015f tek az\u0131nl\u0131k biziz.<\/p>\n<p>\u015eu s\u00f6zlerimi \u00e7ok iyi dinleyiniz, bu tespitlerimiz ola\u011fan\u00fcst\u00fc \u00f6nemlidir.<br \/>\nBulgarlar yaln\u0131z bizimle de\u011fil, kendilerine en yak\u0131n ve ayn\u0131 dinden olan Makedonlarla bile milli M\u0130LL\u0130 MENSUB\u0130YET konusunda TAR\u0130H, D\u0130L VE etnik ve k\u00fclt\u00fcrel K\u0130ML\u0130K KONUSUNDA,\u00a0 anla\u015fam\u0131yorlar.<\/p>\n<p>Katolik Ulahlar\u0131 1920\u2019lerde, Do\u011fu Ortodoks H\u0131ristiyan yapt\u0131lar, hepsine kiliseden do\u011fum k\u00e2\u011f\u0131d\u0131 verdiler. Olay\u0131n \u00fcst\u00fcnden tam100 sene ge\u00e7ti, \u015fimdi ULAHLAR imza toplam\u0131\u015flar \u201cidari ve hukuksal\u201d olarak, ya\u015fad\u0131klar\u0131 Vidin,\u00a0 Vratsa ve Montana illerinin Romanya\u2019ya ba\u011flanmak istiyorlar.<\/p>\n<p>Yani Bulgar ulusundan bir par\u00e7a olduklar\u0131n\u0131 kabul etmiyorlar.<\/p><div id=\"bghab-59092654\" style=\"margin-left: auto;margin-right: auto;text-align: center;\"><script async src=\"\/\/pagead2.googlesyndication.com\/pagead\/js\/adsbygoogle.js?client=ca-pub-6203283170189293\" crossorigin=\"anonymous\"><\/script><ins class=\"adsbygoogle\" style=\"display:block; text-align:center;\" data-ad-client=\"ca-pub-6203283170189293\" \ndata-ad-slot=\"7303146466\" \ndata-ad-layout=\"in-article\"\ndata-ad-format=\"fluid\" data-full-width-responsive=\"true\"><\/ins>\n<script> \n(adsbygoogle = window.adsbygoogle || []).push({}); \n<\/script>\n<\/div>\n<p>Ayn\u0131 olay\u0131 Karasu (Mesta) \u0131rma\u011f\u0131na, Pirin Da\u011f\u0131na kadar uzanan ve Yukar\u0131 Cuma (Blagoevgrad) ve K\u00f6stendil illerinde ya\u015fayan Makedonlar\u0131n milli kimlik aray\u0131\u015f\u0131nda da izliyoruz.<\/p>\n<p>Otonomi isteyen tutuklan\u0131p i\u00e7eri at\u0131lsa da,\u00a0 Strazburg \u0130nsan Haklar\u0131 Mahkemesi hepsini sald\u0131. Yeni \u00dcsk\u00fcp h\u00fck\u00fcmeti, Makedonya\u2019da ya\u015fayan Bulgar kimli\u011fini tan\u0131mak i\u00e7in, \u00f6nce Bulgaristan\u2019da ya\u015fayan Makedon milli kimli\u011finin t\u00fcm haklar\u0131n\u0131n tan\u0131nmas\u0131nda \u0131srar ediyor.<\/p>\n<p>\u00c7eli\u015fkinin sivri dikenleri b\u00fcy\u00fcyor, bunal\u0131m derinle\u015ftik\u00e7e derinle\u015fiyor\u2026<\/p>\n<p>Gagavuzlarla Tatarlardan kurtulduk diye sevinenler \u00e7ok. Ermeni ve Yahudiler de say\u0131ca az ve isteklerini yerine getiriyor. Bulgar kurumlar\u0131ndaki m\u00fcd\u00fcrlerin veya m\u00fcd\u00fcr yard\u0131mc\u0131lar\u0131n\u0131n isimleri hep YAN \u2018la biter.<\/p>\n<p>Bulgaristan\u2019da kalan,\u00a0 yukar\u0131daki az\u0131nl\u0131klardan hi\u00e7 istisnas\u0131z hi\u00e7 birinin kendi alfabesi, dolay\u0131s\u0131yla yaz\u0131 dili, dolay\u0131s\u0131yla yaz\u0131l\u0131 edebiyat\u0131, kendi k\u00fclt\u00fcr\u00fc ve dini yoktur. Demek oluyor ki, eriyen Bulgar n\u00fcfusa Bulgaristan\u2019da iktidar ortakl\u0131\u011f\u0131 yapabilecek T\u00fcrklerden ba\u015fka bir milli az\u0131nl\u0131k kimli\u011fi yoktur. Cahil insanlarla h\u00fck\u00fcmet kurulmaz, ortakl\u0131k hi\u00e7 olmaz.<\/p><div id=\"bghab-59092654\" style=\"margin-left: auto;margin-right: auto;text-align: center;\"><script async src=\"\/\/pagead2.googlesyndication.com\/pagead\/js\/adsbygoogle.js?client=ca-pub-6203283170189293\" crossorigin=\"anonymous\"><\/script><ins class=\"adsbygoogle\" style=\"display:block; text-align:center;\" data-ad-client=\"ca-pub-6203283170189293\" \ndata-ad-slot=\"7303146466\" \ndata-ad-layout=\"in-article\"\ndata-ad-format=\"fluid\" data-full-width-responsive=\"true\"><\/ins>\n<script> \n(adsbygoogle = window.adsbygoogle || []).push({}); \n<\/script>\n<\/div>\n<p>\u00c7ingenelere, Pomaklara, Ulahlara ve Makedonlara kendi yaz\u0131 dillerini geli\u015ftirme imk\u00e2n\u0131 tan\u0131nmam\u0131\u015ft\u0131r. T\u00fcm az\u0131nl\u0131klar, iktidar b\u00f6re\u011finden pay istemesinler diye k\u00f6r cahil b\u0131rak\u0131lm\u0131\u015ft\u0131r. Buna tepki g\u00f6steren 3 milyon vatanda\u015f bug\u00fcn yurt d\u0131\u015f\u0131ndad\u0131r. Bulgaristan\u2019\u0131 terk etmi\u015flerdir.<\/p>\n<p>\u00d6te yandan, 1944\u2019e kadar \u00c7ar diktat\u00f6rl\u00fc\u011f\u00fc, 1989\u2019a kadar da totaliter kom\u00fcnist diktat\u00f6rl\u00fc\u011f\u00fc ya\u015fayan Bulgaristan\u2019da etnik az\u0131nl\u0131klar aras\u0131nda POL\u0130T\u0130K K\u0130ML\u0130\u011eE y\u00fckselebilmi\u015f T\u00fcrklerden ba\u015fka bir etnik az\u0131nl\u0131k da g\u00f6sterilemez.<\/p>\n<p>Ger\u00e7ek\u00e7i olmam\u0131z gerekirse 20. Y\u00fczy\u0131lda Bulgar halk\u0131 T\u00fcrklerle ve di\u011fer M\u00fcsl\u00fcmanlarla ho\u015fg\u00f6r\u00fcl\u00fc i\u015fbirli\u011fi, yard\u0131mla\u015fma ve birlikte devlet olma imk\u00e2nlar\u0131n\u0131 ka\u00e7\u0131rd\u0131.<\/p>\n<p>&#8211; 1929\u2019da Bulgaristan T\u00fcrklerinin Birinci Milli Kongresi Sofya\u2019da topland\u0131\u011f\u0131nda b\u00f6yle bir imk\u00e2n belirmi\u015fti.<\/p>\n<p>&#8211; 1934 Askeri Darbesi ve \u00c7ar III. Boris diktat\u00f6rl\u00fc\u011f\u00fc ortak iktidarda birle\u015fme yolunu kesti.<\/p><div id=\"bghab-59092654\" style=\"margin-left: auto;margin-right: auto;text-align: center;\"><script async src=\"\/\/pagead2.googlesyndication.com\/pagead\/js\/adsbygoogle.js?client=ca-pub-6203283170189293\" crossorigin=\"anonymous\"><\/script><ins class=\"adsbygoogle\" style=\"display:block; text-align:center;\" data-ad-client=\"ca-pub-6203283170189293\" \ndata-ad-slot=\"7303146466\" \ndata-ad-layout=\"in-article\"\ndata-ad-format=\"fluid\" data-full-width-responsive=\"true\"><\/ins>\n<script> \n(adsbygoogle = window.adsbygoogle || []).push({}); \n<\/script>\n<\/div>\n<p>&#8211; 1956\u2019da Todor Jivkov BKP y\u00f6netimini ele ge\u00e7irmezden \u00f6nce ikinci defa b\u00f6yle bir f\u0131rsat belirmi\u015fti, o da ka\u00e7\u0131r\u0131ld\u0131.<\/p>\n<p>&#8211; 1958\u2019den sonra T\u00fcrk az\u0131nl\u0131\u011f\u0131n k\u00fclt\u00fcrel haklar\u0131n\u0131 budama politikas\u0131 iki milleti birbirinden uzakla\u015ft\u0131rd\u0131.<\/p>\n<p>&#8211; 1990\u2019da sonra ortaya \u00e7\u0131kan s\u0131n\u0131rl\u0131 ve kontroll\u00fc demokrasi ko\u015fullar\u0131nda 140 y\u0131ll\u0131k tarihimizde ilk kez Halk ve \u00d6zg\u00fcrl\u00fck Partisinin politik kimli\u011finde bulu\u015ftuk.<\/p>\n<p>&#8211; 2001\u2019de Simyon Saks-kobur-gotski ve 2005\u2019te Sergey Stani\u015fev h\u00fck\u00fcmetlerine kat\u0131labildik. Onun da bedeli anadil, edebiyat dili, zorunlu T\u00fcrk\u00e7e dersleri, okullarda Bulgaristan T\u00fcrkleri k\u00fclt\u00fcr ve tarihi, din dersleri, \u00f6rf ve adet dersleri isteklerinden, T\u00fcrk Milletinden kopmaz bir par\u00e7a olu\u015fumuz ger\u00e7e\u011finden vazge\u00e7ip, Bulgar milli kimli\u011finden bir par\u00e7a oldu\u011fumuzu kabul etmemiz \u015fart ko\u015fuldu. B\u00f6ylece, Hak ve \u00d6zg\u00fcrl\u00fck Hareketi y\u00f6netiminin ve \u00f6zellikle hainlerin ba\u015f\u0131 Ahmet Do\u011fan\u2019\u0131n \u201cBulgar Etnik Modeli\u201d 2015\u2019te tamamen \u00e7\u00f6kene kadar devam etti.<\/p>\n<p>Hak ve \u00d6zg\u00fcrl\u00fck davam\u0131z sizin, bizim, hepimizin ortak davam\u0131zd\u0131r. Ahmet Do\u011fan gibi liderlerin hainli\u011fi ge\u00e7icidir. Politik bilince y\u00fckselen halk, kendi liderini kendisi yarat\u0131r. Yaratmal\u0131d\u0131r. Yaratacakt\u0131r.<\/p><div id=\"bghab-59092654\" style=\"margin-left: auto;margin-right: auto;text-align: center;\"><script async src=\"\/\/pagead2.googlesyndication.com\/pagead\/js\/adsbygoogle.js?client=ca-pub-6203283170189293\" crossorigin=\"anonymous\"><\/script><ins class=\"adsbygoogle\" style=\"display:block; text-align:center;\" data-ad-client=\"ca-pub-6203283170189293\" \ndata-ad-slot=\"7303146466\" \ndata-ad-layout=\"in-article\"\ndata-ad-format=\"fluid\" data-full-width-responsive=\"true\"><\/ins>\n<script> \n(adsbygoogle = window.adsbygoogle || []).push({}); \n<\/script>\n<\/div>\n<p>Hukuksal kimlik kavgam\u0131z\u0131n i\u00e7inde Pomak karde\u015flerimizin yeri ve rol\u00fc ola\u011fan\u00fcst\u00fc b\u00fcy\u00fckt\u00fcr. \u015eehitlerimiz yan yana yat\u0131yor, an\u0131tlar\u0131m\u0131z ortakt\u0131r.<\/p>\n<p>Dinimiz, davam\u0131z, m\u00fccadele ve tarih sayfalar\u0131m\u0131z ortakt\u0131r.<\/p>\n<p>Ne yaz\u0131k ki, a\u011f\u0131r bask\u0131 ve ter\u00f6r rejimi ko\u015fullar\u0131nda, Pomak s\u00f6z\u00fcn\u00fc a\u011fz\u0131na alan T\u00fcrk \u00f6nc\u00fclerin s\u00fcrg\u00fcnde ve zindanda \u00e7\u00fcr\u00fct\u00fcld\u00fc\u011f\u00fc y\u0131llarda, biz Pomak karde\u015flerimize sar\u0131lamad\u0131k. Onlarla omuz omuza y\u00fcr\u00fcyemedik.<\/p>\n<p>1972\u2019de Nevrekop\u2019a ba\u011fl\u0131 \u201cKornitsa\u201d k\u00f6y\u00fcnde T\u00fcrkiye Cumhuriyeti ilan edip Minarede ve muhtarl\u0131kta ay y\u0131ld\u0131zl\u0131 bayrak dalgaland\u0131rd\u0131klar\u0131 o kutsal g\u00fcnde, sabah namaz\u0131n\u0131 birlikte k\u0131lamad\u0131k, selamla\u015famad\u0131k, bayramla\u015famad\u0131k.<\/p>\n<p>Borino madencilerinin kur\u015funland\u0131\u011f\u0131n\u0131 da nice y\u0131l sonra \u00f6\u011frendik.<\/p><div id=\"bghab-59092654\" style=\"margin-left: auto;margin-right: auto;text-align: center;\"><script async src=\"\/\/pagead2.googlesyndication.com\/pagead\/js\/adsbygoogle.js?client=ca-pub-6203283170189293\" crossorigin=\"anonymous\"><\/script><ins class=\"adsbygoogle\" style=\"display:block; text-align:center;\" data-ad-client=\"ca-pub-6203283170189293\" \ndata-ad-slot=\"7303146466\" \ndata-ad-layout=\"in-article\"\ndata-ad-format=\"fluid\" data-full-width-responsive=\"true\"><\/ins>\n<script> \n(adsbygoogle = window.adsbygoogle || []).push({}); \n<\/script>\n<\/div>\n<p>Fakat bu demek de\u011fildir ki, biz Bulgaristan T\u00fcrkleri daha 1913\u2019te Pomak k\u00f6yleri bas\u0131l\u0131rken, minareler y\u0131k\u0131l\u0131rken, camiler kilise ilan edilirken ve fesleriniz toplan\u0131p yerine kalpak ge\u00e7irilirken,\u00a0 ac\u0131lar\u0131 sizinle birlikte ya\u015famad\u0131k. Sizler 100 y\u0131l geleneklerinizi koruyarak M\u00fcsl\u00fcman kimli\u011finizi korudunuz.<\/p>\n<p>1913\u2019te B\u00fcy\u00fck Atat\u00fcrk \u00f6nc\u00fcl\u00fc\u011f\u00fcnde Pomak karde\u015flerimizin T\u00fcrk isimleri ve ibadet haklar\u0131 geri al\u0131nd\u0131.<\/p>\n<p>1934\u2019te Pa\u015fmakl\u0131 (Smolyan\u2019da) isim de\u011fi\u015ftirme ve ibadet haklar\u0131m\u0131z\u0131 k\u0131s\u0131tlama kampanyalar\u0131 yeniden ba\u015flad\u0131. T\u00fcrk isimli Pomaklara ve camiye giden Pomaklara okul ve i\u015f yok, dediler.<\/p>\n<p>1942\u2019de \u00c7ar Boris h\u00fck\u00fcmeti Pomak Kimli\u011fini yasaklayan kanun \u00e7\u0131kard\u0131.<\/p>\n<p>1945\u2019te haklar yine iade edildi ama 1964\u2019te Todor Jivkov Pomak k\u00f6ylerini tankla ku\u015fatt\u0131, bast\u0131, ama birbirine \u00f6r\u00fclen Pomak karde\u015flerimizin M\u00fcsl\u00fcman ruhunu k\u0131ramad\u0131, geri p\u00fcsk\u00fcrt\u00fcld\u00fcler.<\/p><div id=\"bghab-59092654\" style=\"margin-left: auto;margin-right: auto;text-align: center;\"><script async src=\"\/\/pagead2.googlesyndication.com\/pagead\/js\/adsbygoogle.js?client=ca-pub-6203283170189293\" crossorigin=\"anonymous\"><\/script><ins class=\"adsbygoogle\" style=\"display:block; text-align:center;\" data-ad-client=\"ca-pub-6203283170189293\" \ndata-ad-slot=\"7303146466\" \ndata-ad-layout=\"in-article\"\ndata-ad-format=\"fluid\" data-full-width-responsive=\"true\"><\/ins>\n<script> \n(adsbygoogle = window.adsbygoogle || []).push({}); \n<\/script>\n<\/div>\n<p>1972\u2019de Karasu (Mesta) boyu Bar\u0131 Rodop k\u00f6yleri ku\u015fat\u0131ld\u0131.<\/p>\n<p>Kornitsa, V\u0131rbitsa, Satov\u00e7a gibi k\u00f6ylerde direni\u015f 3 ay s\u00fcrd\u00fc. Pomak karde\u015flerimiz Da\u011fa \u00e7\u0131kt\u0131. \u015eehitler verdi. Tutuklananlar i\u00e7eri at\u0131ld\u0131. Y\u00fczlerce aile s\u00fcrg\u00fcn edildi. Fakat hak ve \u00f6zg\u00fcrl\u00fck, insan haklar\u0131, adalet, etnik kimlik davas\u0131 asla s\u00f6nmedi.<br \/>\n1989\u2019da isim ve din haklar\u0131 yeniden iade edildi. Burada 100 y\u0131l \u015fanl\u0131 ve kanl\u0131 Kimlik Davas\u0131 y\u00fcr\u00fcyen bir halktan s\u00f6z ediyorum. Ya\u015fananlar\u0131 anlat\u0131rken zorlan\u0131yorum\u2026<\/p>\n<p>1962 ve 1982 y\u0131llar\u0131nda isim ve kimlik de\u011fi\u015ftirme kampanyas\u0131 M\u00fcsl\u00fcman \u00c7ingene karde\u015flerimizi sard\u0131.<\/p>\n<p>\u00c7al\u0131\u015fanlar i\u015ften \u00e7\u0131kar\u0131ld\u0131lar. S\u00fcr\u00fcnd\u00fcler. Dayand\u0131lar. Bulgar isimleri ancak resmi evraklarda kald\u0131, art\u0131k 3. Ku\u015fak asla kullan\u0131lm\u0131yor. Gettolar \u00c7ingene\u2019ce ve T\u00fcrk\u00e7e konu\u015fuyor. Bu sene Bulgaristan 7 \u00c7ingene ayaklanmas\u0131 ya\u015fad\u0131. Filibe\u2019nin Voyvodino k\u00f6y\u00fcnde,Gabrovo\u2019da \u00c7ingene evleri yak\u0131ld\u0131. Blogoevgrada ba\u011fl\u0131 G\u0131rmende \u00c7ingene Mahallesi, Varna Mensura\u2019da \u00c7ingene mahallesi y\u0131k\u0131ld\u0131. \u00c7ingenelerin bar\u0131nma ko\u015fullar\u0131n\u0131 iyile\u015ftirmek i\u00e7in gelen 7 milyar 800 milyon Euro 10 y\u0131lda da\u011f evi, deniz evi, konuk evi, konak saray oldu ve hukuksuz Bulgaristan\u2019da meydana gelen oligar\u015fi yerle\u015fip ya\u015f\u0131yor. Denizde k\u00f6\u015fkl\u00fc, Sofya\u2019da Sarayl\u0131 B\u00fcy\u00fck \u00c7ingenelerin de y\u00fczkaras\u0131 Ahmet Do\u011fan\u2019d\u0131r. Bu, ba\u015fl\u0131 ba\u015f\u0131na bir konu, bir ba\u015fka bulu\u015fmam\u0131zda, a\u00e7ar\u0131z, dertle\u015firiz.<\/p>\n<p>Yukar\u0131da anlatt\u0131klar\u0131n totaliter kom\u00fcnist rejimin gece sald\u0131r\u0131lar\u0131yd\u0131.<br \/>\nK\u00f6yler, evler, mahalleler hep gece bas\u0131ld\u0131. Kar\u015f\u0131 \u00e7\u0131kanlar gece d\u00f6v\u00fcld\u00fcler.<br \/>\nYaral\u0131lar\u0131 hastaneler almad\u0131. Sakatlar ortada kald\u0131.<\/p><div id=\"bghab-59092654\" style=\"margin-left: auto;margin-right: auto;text-align: center;\"><script async src=\"\/\/pagead2.googlesyndication.com\/pagead\/js\/adsbygoogle.js?client=ca-pub-6203283170189293\" crossorigin=\"anonymous\"><\/script><ins class=\"adsbygoogle\" style=\"display:block; text-align:center;\" data-ad-client=\"ca-pub-6203283170189293\" \ndata-ad-slot=\"7303146466\" \ndata-ad-layout=\"in-article\"\ndata-ad-format=\"fluid\" data-full-width-responsive=\"true\"><\/ins>\n<script> \n(adsbygoogle = window.adsbygoogle || []).push({}); \n<\/script>\n<\/div>\n<p>En k\u00f6t\u00fc olan da, G\u00fcney Do\u011fu ve Bat\u0131 Rodoplar\u2019da, Makedonya\u2019da s\u0131n\u0131r k\u00f6ylerine yaz\u0131l\u0131 izinsiz giri\u015f \u00e7\u0131k\u0131\u015flar yasakland\u0131. Konu kom\u015funun cenazelere toplanmas\u0131, mevlit yapmas\u0131, Cuma namazlar\u0131 yasakland\u0131. Bask\u0131 ve ter\u00f6r azm\u0131\u015ft\u0131 ki, T\u00fcrkiye ile mektupla\u015fmak yasakt\u0131, mektuplar okunuyordu. Askerlerin eve T\u00fcrk\u00e7e mektup yazmas\u0131, otob\u00fcslerde, \u00e7ar\u015f\u0131da T\u00fcrk\u00e7e konu\u015fmak yasakland\u0131, T\u00fcrk\u00e7e konu\u015fana 5 leva ceza kesildi.<\/p>\n<div id=\"bghab-59092654\" style=\"margin-left: auto;margin-right: auto;text-align: center;\"><script async src=\"\/\/pagead2.googlesyndication.com\/pagead\/js\/adsbygoogle.js?client=ca-pub-6203283170189293\" crossorigin=\"anonymous\"><\/script><ins class=\"adsbygoogle\" style=\"display:block; text-align:center;\" data-ad-client=\"ca-pub-6203283170189293\" \ndata-ad-slot=\"7303146466\" \ndata-ad-layout=\"in-article\"\ndata-ad-format=\"fluid\" data-full-width-responsive=\"true\"><\/ins>\n<script> \n(adsbygoogle = window.adsbygoogle || []).push({}); \n<\/script>\n<\/div>\n<p>Bug\u00fcn art\u0131k mitinglerde T\u00fcrk\u00e7e konu\u015fanlara 2500 leva ceza kesiyorlar. Davalar Strazburg\u2019a \u0130nsan Haklar\u0131 Mahkemesine gidiyor. \u00c7ocuklar\u0131m\u0131z\u0131n kre\u015flerde ve okulda T\u00fcrk\u00e7e tek kelime konu\u015fmas\u0131na m\u00fcsamahalar\u0131 yok.\u00a0 Biz orada rehin gibiyiz. Bu ger\u00e7e\u011fi anlat\u0131rken, akl\u0131ma hep Bulgarlar\u0131n kulland\u0131\u011f\u0131 \u201c500 y\u0131l Osmanl\u0131 esareti\u201d sa\u00e7mal\u0131\u011f\u0131 ve Bulgar folklorunda bir koro t\u00fcrk\u00fcs\u00fc olan \u201cMari Mariya\u201d gelir. Mariya bir k\u00f6yl\u00fc gen\u00e7 k\u0131zd\u0131r. Sark\u0131nt\u0131l\u0131k yapmak isteyen bir T\u00fcrk askeri kafas\u0131na ta\u015f vurarak \u00f6ld\u00fcr\u00fcr. Olay\u0131 devlete anlat\u0131r. Mahkemeye d\u00fc\u015fer. Davaya avukats\u0131z \u00e7\u0131kar. E\u011f\u0131r\u0131 oturan ama do\u011fru karar veren KADI, k\u0131z\u0131 hakl\u0131 bulur ve serbest b\u0131rak\u0131r.<br \/>\nOlay efsanele\u015fmi\u015f ve \u015fark\u0131la\u015fm\u0131\u015ft\u0131r. \u201cKole\u201d ve \u201cesir\u201d olduklar\u0131n\u0131 anlatanlar nas\u0131l avukats\u0131z davaya \u00e7\u0131kar ve dava kazan\u0131r. Bunun d\u00fcnyada \u00f6rne\u011fi varm\u0131d\u0131r \u00e7\u0131ks\u0131n biri bunu s\u00f6ylesin bize. Yok karde\u015flerim yok.<\/p>\n<p>Bu g\u00fcn Sofya ilinde \u2013Sofya Mahkemesinin Osmanl\u0131 Ar\u015fivleri a\u00e7\u0131ld\u0131 \u2013 Bulgarlar 1700 mal m\u00fclk davas\u0131 a\u00e7m\u0131\u015ft\u0131r. K\u00f6lenin dava a\u00e7ma hakk\u0131 nerede g\u00f6r\u00fclm\u00fc\u015ft\u00fcr.<br \/>\nAmerikan zencilerinin tarihini okumalar\u0131n\u0131 kendilerine tavsiye ederim.<\/p>\n<p>\u015eu da unutulmas\u0131n, III. Bulgar devletinde \u0131rk ayr\u0131m\u0131, etnik ayr\u0131\u015f\u0131m da 1879\u2019da T\u0131rnova Anayasas\u0131yla ba\u015flam\u0131\u015ft\u0131r. Bu Anayasa\u2019da, \u00c7ingene n\u00fcfusa se\u00e7me ve se\u00e7ilme hakk\u0131 dahi tan\u0131nmam\u0131\u015ft\u0131r. Biz T.C.\u2019de art\u0131k 1 milyonu a\u00e7t\u0131k. Bulgaristan\u2019da 650 binimizin Bulgaristan se\u00e7imlerinde oy kullanma hakk\u0131 var, ama se\u00e7ilme hakk\u0131 yok.<\/p>\n<p>Soruyorum: Bu bir ayr\u0131m, haks\u0131zl\u0131k, milliyet\u00e7ilik ve \u0131rk\u00e7\u0131l\u0131k de\u011fil midir?<br \/>\nGe\u00e7en y\u00fczy\u0131l\u0131n ikinci yar\u0131s\u0131nda sinsi ter\u00f6r ve etnik asimilasyon ve maneviyat olarak hepimizi yok etmeyi ama\u00e7layan eritme politikas\u0131 \u00e7\u0131\u011f gibi \u00fczerimize gelirken, bir\u00e7oklar\u0131m\u0131z hep, \u201cBiz T\u00fcrk\u2019\u00fcz bize bir \u015fey olmaz\u201d, \u201cgelir ge\u00e7er\u201d demi\u015fti.<br \/>\n24 Aral\u0131k 1984 sabah\u0131 k\u00f6ylerini saran asker, jandarma, sivil polis ve partili kendini bilmezler ablukas\u0131n\u0131 yar\u0131p ge\u00e7en H\u00dcRR\u0130YET ARAMAYA Y\u00dcR\u00dcYEN S\u00fctkesi\u011fi, Kayloba, Mle\u00e7ino\u2019lu karde\u015flerimize otomatik silahlardan ate\u015f a\u00e7\u0131ld\u0131\u011f\u0131nda, 17 ayl\u0131k T\u00fcrkan bebek annesinin s\u0131rt\u0131nda \u00f6ld\u00fcr\u00fcld\u00fc\u011f\u00fcnde T\u00fcrkl\u00fc\u011f\u00fcm\u00fcz\u00fc savunma m\u00fccadelemiz ba\u015flad\u0131.<\/p><div id=\"bghab-59092654\" style=\"margin-left: auto;margin-right: auto;text-align: center;\"><script async src=\"\/\/pagead2.googlesyndication.com\/pagead\/js\/adsbygoogle.js?client=ca-pub-6203283170189293\" crossorigin=\"anonymous\"><\/script><ins class=\"adsbygoogle\" style=\"display:block; text-align:center;\" data-ad-client=\"ca-pub-6203283170189293\" \ndata-ad-slot=\"7303146466\" \ndata-ad-layout=\"in-article\"\ndata-ad-format=\"fluid\" data-full-width-responsive=\"true\"><\/ins>\n<script> \n(adsbygoogle = window.adsbygoogle || []).push({}); \n<\/script>\n<\/div>\n<p>III. Bulgar devleti tarihinde 1984-1989 Bulgaristan\u2019da \u0130\u00e7 Sava\u015f ya\u015fand\u0131.<br \/>\nSald\u0131rgan tanklarla, z\u0131rhl\u0131 ara\u00e7larla, askerle, berelilerle, milis ve sivil polisle ve g\u00f6n\u00fcll\u00fc s\u00fcr\u00fcleri, hergele tak\u0131m\u0131 ve kom\u00fcnist sap\u0131klar, her T\u00fcrk k\u00f6y\u00fcne, her camiye, her tekkeye, her T\u00fcrk evine, her ah\u0131ra ve samanl\u0131\u011fa girerek 1877-78 Osmanl\u0131 Rus \u0130mparatorlu\u011fu sava\u015f\u0131n\u0131 tamamlad\u0131klar\u0131n\u0131, Bulgaristan\u2019da M\u00fcsl\u00fcman-T\u00fcrk yerinden oynatt\u0131klar\u0131n\u0131 ilan ettiler.\u00a0 1984\u2019te sadece 3 ayda resmi rakamlarla 1 milyon 360 bin T\u00fcrk\u00fcn ismi, baba ad\u0131 ve soyad\u0131 de\u011fi\u015ftirildi.<\/p>\n<p>5 sene s\u00fcren bu i\u00e7 sava\u015fta 200\u2019den fazla \u015fehit verdik, 37 \u015fehidimize an\u0131t dikilmi\u015ftir.<\/p>\n<p>12 500 karde\u015fimiz tutukland\u0131,\u00a0MVR- zemin katlar\u0131nda dayaktan ge\u00e7irildi, sakat kald\u0131lar, tutuklular yarg\u0131s\u0131z, su\u00e7suz hapse at\u0131ld\u0131lar, 160 karde\u015fimize \u00f6l\u00fcm cezas\u0131 kesildi, 517 ayd\u0131n\u0131m\u0131z \u2013 hoca, imam, \u00f6\u011fretmen, okul m\u00fcd\u00fcr\u00fc, ekip \u015fefi, ustaba\u015f\u0131, g\u00fc\u00e7l\u00fc kuvvetli gen\u00e7ler \u201cBelene\u201d \u00f6l\u00fcm kamp\u0131na kapand\u0131. Y\u0131llarca domuzdan ba\u015fka yemek verilmedi kendilerine, a\u00e7 kald\u0131lar, ama dayand\u0131lar. Bir\u00e7oklar\u0131na \u00f6l\u00fc k\u00e2\u011f\u0131d\u0131 \u00e7\u0131kar\u0131ld\u0131, ama T\u00fcrk kald\u0131lar.<\/p>\n<p>Emsalsiz kahramanlar\u0131m\u0131zdan biri Mestanl\u0131\u2019dan H\u00fcsniye Mustafova \u00f6\u011fretmen bac\u0131m\u0131zd\u0131r.\u00a0 O kadar \u00e7ok d\u00f6vm\u00fc\u015fler ki onu, belki de \u00e7ok uzun zaman nefes alamad\u0131\u011f\u0131ndan dolay\u0131, \u201c\u00d6LM\u00dc\u015eT\u00dcR\u201d belgesi haz\u0131rlanm\u0131\u015f,\u00a0 \u00a0Sofya\u2019ya g\u00f6nderilmi\u015f ve \u201ccesedi ne yapal\u0131m?\u201d sorusuna cevap beklerken, H\u00fcsniye ablam\u0131z bileklerinden tutup domuz etlerini dondurduklar\u0131 derin dondurucu kamaraya s\u00fcr\u00fcklemi\u015fler. Dikkat \u0130ki g\u00fcn sonra, Sofya\u2019dan otopsi raporu istenmi\u015f.<br \/>\nGitmi\u015fler derin dondurucudan\u00a0 \u201ccesedi\u201d \u00e7\u0131kar\u0131p ve revir \u00f6n\u00fcndeki masaya koymu\u015flar. Aylarda \u015fimdiki gibi Haziran, Tuna nehri \u00fczerinde hava 30-35 derece s\u0131cak ve derken cesedin buzu \u00e7\u00f6z\u00fclm\u00fc\u015f ve H\u00fcsniye ablam\u0131z dayan\u0131lmaz a\u011f\u0131r\u0131 s\u0131z\u0131 i\u00e7inde nefes almaya, elini kolunu k\u0131p\u0131rdatmaya ba\u015flam\u0131\u015f, g\u00f6z a\u00e7m\u0131\u015f.<br \/>\n\u201cBelene\u201d kamp\u0131 Polis amirleri ne yaps\u0131n, bir defa kendi elleriyle doldurup imzalad\u0131klar\u0131 Bulgar adl\u0131 \u00f6l\u00fcm k\u00e2\u011f\u0131d\u0131ndan kurtulu\u015f yok. H\u00fcsniye Mustafova\u2019n\u0131n T\u00fcrk isimli kimli\u011fini cebine koyup, bir gece gizlice kamptan ka\u00e7\u0131r\u0131p, Rus\u00e7uk ilinin bir Bulgar k\u00f6y\u00fcnde g\u00fcvendikleri bir Bulgar haneye b\u0131rakm\u0131\u015flar ve \u201cbak\u0131n \u00f6lmesin, gelip alaca\u011f\u0131z\u201d demi\u015fler. Mosmor olan H\u00fcsniye, ana,\u00a0 hayata b\u00fcy\u00fck g\u00fc\u00e7l\u00fcklerle d\u00f6nebilmi\u015f ve 1989 Haziran\u0131nda ilk f\u0131rsatta bir gece s\u0131n\u0131r\u0131 ge\u00e7ip anavatan topra\u011f\u0131n\u0131 \u00f6pm\u00fc\u015f. B\u00f6yle y\u00fczlerce \u00f6rnek var. Ya\u015fas\u0131n Bulgaristan T\u00fcrklerinin \u00f6l\u00fcms\u00fcz kahramanlar\u0131. Ya\u015fas\u0131n ayakta kalan kahramanlar\u0131m\u0131z.<\/p>\n<p>Karde\u015flerim,\u00a0 biz Bulgaristan T\u00fcrkleri, \u0130kinci D\u00fcnya Sava\u015f\u0131ndan sonra Avrupa\u2019da en b\u00fcy\u00fck ve \u015fiddetli zul\u00fcm g\u00f6ren, en b\u00fcy\u00fck g\u00f6\u00e7e zorlanan, 1000 y\u0131ll\u0131k ata topraklar\u0131m\u0131zdan, sadece 3 ayda 360 binimiz birden zorla s\u00f6k\u00fcl\u00fcp at\u0131lan bir bile\u011fi b\u00fck\u00fclmez zek\u00e2s\u0131na eri\u015filmez kahraman halk toplulu\u011fuyuz.\u00a0 Bulgar\u2019\u0131n d\u00fcnyay\u0131 aldatmak i\u00e7in ad\u0131na \u201cB\u00fcy\u00fck Seyahat\u201d dedi\u011fi bu a\u015famal\u0131 katliamdan \u00f6nce, biz hi\u00e7bir Bulgar\u2019\u0131n, kom\u00fcnist partisi ve totaliter devletin, T\u00fcrkler aras\u0131nda 3 bin ajan bulundurdu\u011funu gizlemeyen gizli polis \u201cDS\u201d nin t\u00fcm \u00e7abalar\u0131na ra\u011fmen,\u00a0 \u015fiddeti g\u00f6klere \u00e7\u0131kan ter\u00f6re ra\u011fmen,<\/p>\n<p>1989 May\u0131s\u0131n\u2019da Bulgar devleri tarihinin en b\u00fcy\u00fck, en g\u00fc\u00e7l\u00fc, m\u00fckemmel \u00f6rg\u00fctlenmi\u015f, politik \u00f6nc\u00fcs\u00fc olan, sonu\u00e7 veren 1989 May\u0131s Ayaklanmas\u0131n\u0131 ba\u015flatt\u0131k ve ger\u00e7ekle\u015ftirdik. Berlin duvar\u0131n\u0131n y\u0131k\u0131l\u0131\u015f\u0131 bizden sonra bizden g\u00fc\u00e7 alarak y\u0131k\u0131lm\u0131\u015ft\u0131r.<\/p>\n<p>\u0130zinsiz, bir daldan bir dala ku\u015f u\u00e7amayan bir ter\u00f6r \u00fclkesinde, Cebel\u2019den, Mestanl\u0131 ve Ko\u015fukavak\u2019tan Silistre\u2019nin, \u015eumnunun k\u00f6ylerinden, Dobruca\u2019n\u0131n her k\u00f6y\u00fcne kadar 72 bin ki\u015fi birden ayakland\u0131k.<\/p>\n<p>Bu ayaklanma 1984\u2019 Aral\u0131\u011f\u0131nda ba\u015flayan insan haklar\u0131 ve \u00f6zg\u00fcrl\u00fckler, \u00f6zellikle isimlerimiz ve T\u00fcrk kimli\u011fimiz i\u00e7in kahramanl\u0131klar dolu m\u00fccadelemizin Z\u0130RVES\u0130, DORU\u011eU, Zafer noktas\u0131 oldu.<\/p>\n<p>T\u00fcrk\u00fcn yok dedikleri Olmad\u0131\u011f\u0131m\u0131z\u0131 anlatan d\u00fcnya bizi ayaklanm\u0131\u015f g\u00f6rd\u00fc. Bu Ayaklanman\u0131n ard\u0131nda direni\u015f y\u0131llar\u0131nda kurdu\u011fumuz 52 gizli, yar\u0131 legal ve a\u00e7\u0131k direni\u015f, \u00f6rg\u00fct\u00fc, birlik ve parti vard\u0131. Bunlar\u0131n aras\u0131nda en b\u00fcy\u00fck rol\u00fc, \u00f6nc\u00fcl\u00fck ve \u00f6nderlik rol\u00fcn\u00fc \u0130nsan Haklar\u0131 \u00d6rg\u00fct\u00fc \u2013 DEMOKRAT\u0130K B\u0130RL\u0130K \u2013 DEMOKRAT\u0130K L\u0130G g\u00f6rd\u00fc.<\/p>\n<p>\u201cBelene\u201d m\u00fccahitlerimizden, Mihaylovgrad \u2013 Montana k\u00f6ylerine s\u00fcrg\u00fcn edilen \u00d6\u011fretmen feylesof Mustafa \u00d6mer, Kazan (Kotel) b\u00f6lgesi Yablanova k\u00f6y\u00fcnden Osman Ormanl\u0131, ve yine ayn\u0131 b\u00f6lgeden ve BULT\u00dcRK derne\u011fimizin \u00fcyesi olan Sabri \u0130skender ile Silistre\u2019den hukuk\u00e7u, Ankara\u2019da vefat eden Nasuf Ba\u015faran Demokratik Lig m\u00fccadele \u00f6rg\u00fct\u00fcn\u00fcn kurucular\u0131 ve \u00f6nc\u00fcleridir.<\/p>\n<p>21 May\u0131s 1989\u2019da Demokratik Lig Koca Balkan Tepesinde Yablanovo k\u00f6y\u00fcnde<\/p>\n<p>Birinci Kongresini ilan etmi\u015f ve haz\u0131rl\u0131klar\u0131n\u0131 tamamlam\u0131\u015ft\u0131.<\/p>\n<p>Ayaklanman\u0131n doruk noktas\u0131 i\u00e7inden bir politik \u00f6nder, kolektif organ, lider \u00e7\u0131kacakt\u0131. Ne yaz\u0131k ki, s\u0131n\u0131r kap\u0131lar\u0131n\u0131n a\u00e7\u0131lmas\u0131 ve liderlerin, \u00f6rg\u00fct\u00e7\u00fclerin, kadrolar\u0131n tutuklan\u0131p memleketimizden gece gece yaka pa\u00e7a kovulmas\u0131yla bu dava o zaman yar\u0131m kalm\u0131\u015f, ta\u015fland\u0131r\u0131lamam\u0131\u015ft\u0131r. Hak ve \u00d6zg\u00fcrl\u00fck davam\u0131z\u0131n \u00e7ilesinden \u00e7\u0131kan filiz b\u00f6yle kesilmi\u015ftir.<\/p>\n<p>\u00c7ok \u00f6nemli etkinlikleri olan ikinci illegal direni\u015f \u00f6rg\u00fct ise, 1989 Viyana Dayan\u0131\u015fma Hareketi\u2019dir. Davam\u0131z\u0131 ve ayaklanmam\u0131z\u0131 d\u00fcnyaya tan\u0131tm\u0131\u015ft\u0131r.\u00a0 Cebelli \u00d6\u011fretmen Avni Veli taraf\u0131ndan kurulmu\u015f ve y\u00f6netilmi\u015ftir.<\/p>\n<p>O, Bulgaristan T\u00fcrklerinin hak ve \u00f6zg\u00fcrl\u00fck davas\u0131n\u0131 Paris AG\u0130T konferans\u0131na da ba\u015far\u0131yla ta\u015f\u0131m\u0131\u015f ve orada temsil edip savunmu\u015ftur. B\u00f6ylece, isimlerimizi de\u011fi\u015ftirmek ve kimli\u011fimizi yok etmek, \u201colmad\u0131\u011f\u0131m\u0131z\u0131\u201d d\u00fcnyaya yutturmak i\u00e7in 20 y\u0131l haz\u0131rl\u0131k yapanlar\u0131n t\u00fcm planlar\u0131, hamleleri suya d\u00fc\u015fm\u00fc\u015ft\u00fcr.<\/p>\n<p>Tepeden t\u0131rna\u011fa silahl\u0131 ve kin, nefret ve \u00f6fke kusan bir devletle \u00f6l\u00fcm kal\u0131m sava\u015f\u0131m\u0131 veren ve muzaffer olan bizdik, biziz.<\/p>\n<p>Biz, bir as\u0131r sava\u015f\u0131ndan sonra zafer kazand\u0131k. Bulgaristan\u2019da 50 y\u0131ll\u0131k kom\u00fcnist rejim, insan d\u00fc\u015fman\u0131 diktat\u00f6r T. Jivkov d\u00fc\u015ft\u00fc. Kom\u00fcnizm \u00e7\u00f6kt\u00fc.\u00a0 Bu davada hepinizin ola\u011fan\u00fcst\u00fc katk\u0131n\u0131z oldu.<\/p>\n<p>E\u015fleri s\u00fcrg\u00fcnde, Ak Kad\u0131n gelinleri ellerinde \u00e7apa, k\u00fcreklerle tanklar\u0131n \u00fcst\u00fcne \u00e7\u0131kt\u0131lar. 1000 y\u0131l \u00f6nce Balkanlara Sar\u0131 Saltuk\u2019la ilk gelenlerin torunlar\u0131 T\u00fcrkl\u00fc\u011fe kilitlenmi\u015fti. Halk kahraman\u0131 Demir Baba\u2019da uyand\u0131.\u00a0 Herkes kahraman oldu. \u0130kinci Viyana ku\u015fatmas\u0131ndan beri geri \u00e7ekilen T\u00fcrkler b\u00f6yle ayaklanmam\u0131\u015ft\u0131, bu bir ilkti.\u00a0 Sizi hepinizi kutluyorum Sizler o g\u00fcn\u00fcn kahramanlar\u0131s\u0131n\u0131z, sizler Jivkov rejimini alt \u00fcst edenlersiniz.<\/p>\n<p>140 y\u0131l bizimle u\u011fra\u015fan Bulgar hala bizi okuyamam\u0131\u015ft\u0131r.<\/p>\n<p>T\u00fcrk oca\u011f\u0131n\u0131 kad\u0131n yakar, kad\u0131n s\u00f6nd\u00fcr\u00fcr. Bizim bir kad\u0131n er-kil toplum oldu\u011fumuzu g\u00f6rememi\u015ftir.<\/p>\n<p>Erke\u011fin olmad\u0131\u011f\u0131 yerde kad\u0131nlar\u0131n ayaklanaca\u011f\u0131n\u0131 d\u00fc\u015f\u00fcnememi\u015ftir.<br \/>\nBu, bu topraklarda rejim deviren, diktat\u00f6r y\u0131kan ilk Kad\u0131n \u0130syan\u0131 olmu\u015ftur.<br \/>\n1918\u2019de sava\u015ftan d\u00f6nen Bulgar askerleri Vladaya\u2019da ayakland\u0131, Cumhuriyet istedi. Bulgar i\u015f\u00e7i s\u0131n\u0131f\u0131 1923\u2019te ayakland\u0131, \u0130\u015f\u00e7i k\u00f6yl\u00fc h\u00fck\u00fcmeti istedi.<br \/>\n\u00c7ift\u00e7i lideri Stanboliyski eli, kolu, kellesi kesilince K\u00f6yl\u00fcler ayakland\u0131, ama hi\u00e7 birisi zafer ya\u015fayamad\u0131.<\/p>\n<p>1989\u2019da bizim kovulmam\u0131z do\u011fald\u0131r. Frans\u0131z ink\u0131lab\u0131n\u0131 yapanlar da 1795\u2019te Paris\u2019ten kovulmu\u015f ve \u0130svi\u00e7re\u2019ye yerle\u015fmi\u015flerdir. Tarihin kural\u0131 b\u00f6yledir diyerek, ezikli\u011fimizi yenelim. Muzaffer olan sizlersiniz!<\/p>\n<p>M\u00fcsaadenizle \u015funa da de\u011fineyim.<\/p>\n<p>194 y\u0131l \u00f6nce zafer kazanan Frans\u0131z devriminin adalet, karde\u015flik ve \u00f6zg\u00fcrl\u00fck yank\u0131s\u0131 kulaklar\u0131m\u0131zdayd\u0131. \u0130nan\u0131n\u0131z. Her muzaffer ayaklanma gibi bizim \u0130syan\u0131m\u0131z da y\u0131llarca yank\u0131lanacakt\u0131r.<\/p>\n<p>O g\u00fcn, bu g\u00fcn Bulgar devleti, gerici g\u00fc\u00e7ler, katiller, cezas\u0131z kalanlar\u2026\u2026hala\u00a0 tarihi, ders kitaplar\u0131n\u0131 kendi istedikleri gibi yazma hevesinden vazge\u00e7mediler.<br \/>\n\u0130ki \u00fc\u00e7 g\u00fcn \u00f6nce Per\u015fembe g\u00fcn Sofya\u2019da tarih kitaplar\u0131n\u0131n yeniden yaz\u0131lmas\u0131 ve kom\u00fcnizmin, totalitarizmin ger\u00e7ek \u00e7ehresinin d\u00fcnyaya g\u00f6sterilmesi, 1989 Ayaklanmam\u0131z\u0131n tarihsel rol\u00fcn\u00fcn \u201cTarih ve Uygarl\u0131k\u201d dersi kitaplar\u0131na i\u015flenmesi i\u00e7in imza toplama kampanyas\u0131 ba\u015flad\u0131.<\/p>\n<p>\u015eimdiki kitaplarda 1944-1948 y\u0131llar\u0131 aras\u0131nda 25 bin ki\u015finin yarg\u0131lanmadan idam edildi\u011finden, 165 toplama kamp\u0131nda y\u00fcz binlerce ki\u015fiye ta\u015f k\u0131rd\u0131r\u0131ld\u0131\u011f\u0131ndan, M\u00fcsl\u00fcman az\u0131nl\u0131klardan gen\u00e7lerin 2 y\u0131l in\u015faat ve demiryolu i\u015flerinde paras\u0131z \u00e7al\u0131\u015ft\u0131r\u0131ld\u0131\u011f\u0131ndan, az\u0131nl\u0131klar\u0131n bilin\u00e7li cahil b\u0131rak\u0131lmas\u0131ndan, isim de\u011fi\u015ftirerek asimilasyon, Bulgarla\u015ft\u0131rma zulm\u00fcnden, T\u00fcrk \u0130syan\u0131ndan iki sat\u0131r yaz\u0131 dahi yok.<br \/>\nGer\u00e7ekler gizleniyor. Bu devir de ge\u00e7ecek. \u0130kinci D\u00fcnya Sava\u015f\u0131ndan sonra Avrupa\u2019da ger\u00e7ekle\u015fen en b\u00fcy\u00fck \u0130syan ve en b\u00fcy\u00fck toplu g\u00f6\u00e7\u00fcn nedenleri ara\u015ft\u0131r\u0131lacak ve her dilde herkese anlat\u0131lacakt\u0131r. Bu ta\u015f yolda durduk\u00e7a Bulgar arabas\u0131 1 ad\u0131m ileri gidemez. Siz zafer kazanan bir etnik toplulu\u011fun en y\u00fcrekli kahramanlar\u0131s\u0131n\u0131z. Tekrar Sizleri hepinizi kutluyorum.<\/p>\n<div id=\"bghab-59092654\" style=\"margin-left: auto;margin-right: auto;text-align: center;\"><script async src=\"\/\/pagead2.googlesyndication.com\/pagead\/js\/adsbygoogle.js?client=ca-pub-6203283170189293\" crossorigin=\"anonymous\"><\/script><ins class=\"adsbygoogle\" style=\"display:block; text-align:center;\" data-ad-client=\"ca-pub-6203283170189293\" \ndata-ad-slot=\"7303146466\" \ndata-ad-layout=\"in-article\"\ndata-ad-format=\"fluid\" data-full-width-responsive=\"true\"><\/ins>\n<script> \n(adsbygoogle = window.adsbygoogle || []).push({}); \n<\/script>\n<\/div>\n<p>\u0130\u015fte size ba\u015fka bir \u00f6rnek vereyim<\/p>\n<p>\u00c7orlu\u2019da &#8220;1989 G\u00d6\u00c7\u00dcN\u00dcN 30.YIL D\u00d6N\u00dcM\u00dc ULUSLARARASI SEMPOZYUMU \/ 1989 Y\u0131l\u0131nda T\u00fcrklerin Bulgaristan\u2019dan Zorunlu G\u00f6\u00e7\u00fc 15-16 Haziran 2019&#8221; d\u00fczenlendi.<\/p>\n<p>Bu \u00e7al\u0131\u015fmaya, Tekirda\u011f Nam\u0131n Kemal \u00dcniversitesi Redt\u00f6r\u00fc Prof. Dr. M\u00fcnin \u015eahin Sempozyum Onur Kurulu Ba\u015fkan\u0131 olarak ve yine Tekirda\u011f \u00dcniversitesi\u2019nden Prof. Dr. Ay\u015fe Kayap\u0131nar Bilim Kurumu ba\u015fkan\u0131 s\u0131fat\u0131yla kat\u0131ld\u0131lar. Bu vesileyle kom\u015fu \u00c7orlu&#8217;ya, \u00c7orlu belediyesine \u00f6zel bir te\u015fekk\u00fcr bor\u00e7luyuz.<\/p>\n<p>T\u00fcrkiye ve Bulgaristan\u2019dan 9 Profes\u00f6r, 5 Do\u00e7ent, 9 doktor ile 7 bilimsel ara\u015ft\u0131rmac\u0131n\u0131n kat\u0131lmas\u0131 sempozyuma a\u011f\u0131rl\u0131k kazand\u0131rd\u0131, ilgi \u00e7ekti.<br \/>\n42 rapor sunuldu ki, bu da 1989 g\u00f6\u00e7\u00fcn\u00fcn ne kadar b\u00fcy\u00fck \u00f6nem ta\u015f\u0131d\u0131\u011f\u0131na kan\u0131tt\u0131r. Bir\u00e7ok Avrupa ve Amerikan \u00dcniversitesi olay\u0131 izledi.<br \/>\nKu\u015fkusuz t\u00fcm sunumlar\u0131n T\u00fcrk\u00e7e, \u0130ngilizce ve Bulgarca olmak \u00fczere kitapla\u015ft\u0131r\u0131l\u0131p uluslararas\u0131 platforma ta\u015f\u0131nmas\u0131n\u0131 \u00f6neriyoruz.<\/p>\n<p>Konu, 20. Y\u00fczy\u0131l\u0131n ikinci yar\u0131s\u0131nda i\u015flenmi\u015f bir soyk\u0131r\u0131md\u0131r.<br \/>\nDevam\u0131nda k\u00fclt\u00fcrel soyk\u0131r\u0131m da i\u015flenmi\u015ftir.<br \/>\nBu katliamlar, bizim, sizin, hepimizin haklar\u0131 do\u011fmaktad\u0131r.<\/p>\n<p>Sald\u0131r\u0131lar, bask\u0131nlar, ter\u00f6r uygulamas\u0131, zul\u00fcm Devlet Ba\u015fkan\u0131 T. Jivkov emriyle, H\u00fck\u00fcmet ve bakanl\u0131k kararlar\u0131yla i\u015flenmi\u015ftir. Bu g\u00fcne kadar Katillerden hi\u00e7 biri tutuklan\u0131p sorgulanmam\u0131\u015f, aranan katillerin listesi bile haz\u0131rlan\u0131p yay\u0131nlanmam\u0131\u015ft\u0131r.<\/p>\n<p>Sorgulama genel m\u00fcd\u00fcrl\u00fc\u011f\u00fc, \u201cBelene\u201d gibi toplama kamplar\u0131, kad\u0131n ve erkek hapishanelerinin ar\u015fivi, asimilasyon konusuna a\u00e7\u0131l\u0131p incelenmemi\u015ftir.<br \/>\nAjan ve katiller bilinmiyor ve hala aram\u0131zda dola\u015f\u0131yorlar. Bu \u00e7al\u0131\u015fmalar tamamlanmadan hi\u00e7bir uluslararas\u0131 ya da ikili sempozyum ge\u00e7erli karar alamaz. Almamal\u0131d\u0131r. Yanl\u0131\u015f olur. Bulgar bilim adamlar\u0131n\u0131n kat\u0131lmas\u0131 iyi de, ama\u00e7lar\u0131 nedir?<br \/>\nDemokratik Almanya\u2019da \u201c\u015etazi\u201d \u2013 gizli polis ajanlar\u0131 a\u00e7\u0131kland\u0131.<\/p>\n<p>Bizde \u00e7\u00f6pl\u00fck olanlar\u0131 a\u00e7\u0131klad\u0131lar, di\u011ferleri g\u00f6reve devam. Almanya\u2019da hi\u00e7 birine devlet ve kamu i\u015fi verilmiyor. Bizde ise hala y\u00f6netimlerde yer alabiliyorlar.<br \/>\nBulgaristan\u2019da bu yap\u0131lmas\u0131, yaln\u0131z mecliste 80 gizli polis \u201cDS\u201d ajan\u0131 var. H\u00d6H-DPS, DOST partilerinin i\u00e7i ajan dolu. Y\u00f6neticileri k\u0131demli ajan-haindir.<\/p>\n<p>Bizde, totalitarizm devrildi, ama kom\u00fcnistlerin defin i\u015flerini yapamad\u0131k. Bu hainler Bulgar-T\u00fcrk hepsi aram\u0131zda dola\u015f\u0131yorlar. \u0130\u015fte biz bunlar\u0131 bulup yok etmeden bize ve yeni neslimizin ya\u015famlar\u0131 iyi olmas\u0131 m\u00fcmk\u00fcn de\u011fil bu \u00e7ok iyi bilinmelidir. Bu ki\u015fileri bizim neslimiz bitirmek zorundad\u0131r, bu pislikleri torunlar\u0131m\u0131z\u0131 zehirlemelerine izin vermemeliyiz.<\/p>\n<p>Bu nedenle memleketimizde \u201cdemokrasiye\u201d ge\u00e7ildi dense de, insan haklar\u0131, az\u0131nl\u0131k haklar\u0131, kolektif haklar tan\u0131nmad\u0131. \u0130\u015f yar\u0131m kald\u0131. Bulgar az\u0131nl\u0131klar\u0131n haklar\u0131n\u0131 tan\u0131maktan korkuyor.<\/p>\n<p>Bulgaristan imzalad\u0131\u011f\u0131 uluslararas\u0131 insan haklar\u0131 anla\u015fmalar\u0131n\u0131, Paris\u00a0 \u0130nsan Haklar\u0131 \u00c7er\u00e7eve Anla\u015fmas\u0131n\u0131 uygulam\u0131yor, kolektif haklar\u0131 tan\u0131m\u0131yor, \u00f6rne\u011fin T\u00fcrk Kimli\u011fini tan\u0131m\u0131yor ve me\u015frula\u015ft\u0131rm\u0131yor. Buna \u00f6ncelikle anayasa ve siyasi sistem de\u011fi\u015fikli\u011fi gerekiyor.<\/p>\n<p>Daha iyi anla\u015f\u0131labilmem i\u00e7in \u015funa da de\u011finmek istiyorum.<br \/>\nSon zamanda, Bulgaristan toplumu tarihi yeniden yazma, ger\u00e7eklerin y\u00fcz\u00fcn\u00fc a\u00e7ma konusunda ikiye ayr\u0131ld\u0131.<\/p>\n<p>\u00d6rne\u011fin Bulgaristan\u2019daki 1200 tarih\u00e7iden 20-si ger\u00e7eklerin bilinmesi i\u00e7in gece g\u00fcnd\u00fcz \u00e7al\u0131\u015f\u0131rken, di\u011ferleri pasif durumda bekliyorlar.<\/p>\n<p>1778 Sanstefano Anla\u015fmas\u0131, 3 Mart Bulgaristan Milli bayram\u0131, Milli mar\u015f, Ruslar kurtar\u0131c\u0131 m\u0131 istilac\u0131 m\u0131?, \u015eipka Tepesinde S\u00fcleyman Pa\u015fa An\u0131t\u0131 neden yok?<br \/>\nYarg\u0131s\u0131z \u0130nfazlar. \u00d6zellikle isim de\u011fi\u015ftirerek Bulgarla\u015ft\u0131rma gibi konular\u0131n lanetlenmesi isteniyor.<\/p>\n<p>B\u00fcy\u00fck trajedinin \u00fczerinden 30 y\u0131l ge\u00e7mi\u015f olmas\u0131na ra\u011fmen, mezalimi k\u0131nayan ve lanetleyen bir Bulgar \u015fiiri, Bulgarca bir uzun veya k\u0131sa hik\u00e2ye, Novel veya Roman \u00e7\u0131kmad\u0131. Biz kendi derdimizi, ac\u0131m\u0131z\u0131, s\u0131z\u0131m\u0131z\u0131 100\u2019den fazla eserde anlatt\u0131k. Onlardan hi\u00e7 birisi de T\u00fcrkiye edebiyat ele\u015ftirmenlerince de\u011ferli bulunmad\u0131.<br \/>\nBu sorunlar\u0131n bu y\u0131l \u00e7\u00f6z\u00fclmesini, \u201cDrina K\u00f6pr\u00fcs\u00fc\u201d gibi bir eserin b\u00fct\u00fcn \u00e7\u0131banba\u015flar\u0131n\u0131 koparmas\u0131n\u0131 sa\u011fl\u0131k veriyoruz.<\/p>\n<p>Ben de 2 kitap yazd\u0131m. Birinde m\u00fccadelemizin 50 y\u0131l\u0131n\u0131, uyan\u0131\u015f ve dirili\u015fimizi, ikincisinde de Bulgaristan\u2019da T\u00fcrk Kimli\u011fi kavgam\u0131z\u0131 inceledim ve anlatt\u0131m.<br \/>\nSizlere de getirdim, Bulgaristan T\u00fcrklerinin sesi gazetemizi de tan\u0131ma imk\u00e2n\u0131 sunmak istiyorum.<\/p>\n<p>Burada demek istedi\u011fim, temel eserleri yaratmakt\u0131k, kavgam\u0131z\u0131n insan haklar\u0131 taban\u0131n\u0131 betonlamam\u0131zd\u0131r, hukuksal hakl\u0131l\u0131\u011f\u0131m\u0131z\u0131 kan\u0131tlamam\u0131zd\u0131r, Bunu yapabilirsel \u00fczerinde 1000 doktor ve 1000 Profes\u00f6r yeti\u015febilir. Sizin \u00f6z katk\u0131lar\u0131n\u0131z\u0131 Belediye y\u00f6netiminin destekleyece\u011fine inan\u0131yorum.<\/p>\n<p>Art\u0131k noktalamak istiyorum da m\u00fcsaadenizle \u015funa da de\u011finmek istiyorum.<br \/>\n1879\u2019a kadar, 483 y\u0131l iktidars\u0131z kalan Bulgarlar, Osmanl\u0131 y\u0131llar\u0131nda de\u011fil, daha \u00f6nce Birinci ve \u0130kinci Bulgar devletlerinde 3 defa k\u0131r\u0131lm\u0131\u015flard\u0131r. Birincisi 864\u2019te H\u0131ristiyanl\u0131\u011f\u0131 kabul ederken 52 Bulgar s\u00fclalenin yediden yetmi\u015fe \u00f6ld\u00fcr\u00fcl\u00fcp ayn\u0131 toplu mezara g\u00f6m\u00fcld\u00fcklerinde;<\/p>\n<p>\u0130kinci k\u0131r\u0131lma Bizan \u0130mparatoru Vasiliyin 914 y\u0131l\u0131nda 15 bin Bulgar askerinin 2 g\u00f6z\u00fcn\u00fc de \u00e7\u0131kar\u0131p teker teker k\u00f6ylere da\u011f\u0131tmas\u0131 ve halka g\u00f6zda\u011f\u0131 vermesiyle ya\u015fanm\u0131\u015ft\u0131r. Bizans k\u00f6leli\u011fine d\u00fc\u015fmek ba\u015fka bir felakettir.<\/p>\n<p>Di\u011fer k\u0131r\u0131lmalar da \u0130kinci Balkan Sava\u015f\u0131 facias\u0131nda, 1944\u2019te mahkemeye \u00e7\u0131kar\u0131lmadan yukar\u0131da i\u015faret etti\u011fim gibi, 25 bin ki\u015finin can\u0131na k\u0131y\u0131lmas\u0131nda, 165 toplama kamp\u0131nda ya\u015fanan facialarda ya\u015fanm\u0131\u015ft\u0131r.<\/p>\n<p>En belirgin olan da 1878 ve 1944\u2019te Rus ve Sovyet esaretine 2 defa d\u00fc\u015f\u00fcld\u00fc\u011f\u00fcnde ya\u015fanm\u0131\u015ft\u0131r.<\/p>\n<p>Bulgarlar\u0131n tarihlerinde gizledikleri bir \u015fey var:<br \/>\nHan Kubrat zaman\u0131nda Islav Bulgar devleti kuruldu, diyorlar. Kubrat\u2019\u0131n 5 \u00e7ocu\u011funun anas\u0131 Rus idi de onun i\u00e7in Rus-Bulgar devleti \u2013 kan ba\u011f\u0131m\u0131z var \u2013 diyorlar. Olay ise \u015f\u00f6yle. O zaman Rus devleti yok tabi. Ruslar ba\u015f\u0131 serbest k\u00f6ylerinde bar\u0131n\u0131yorlar. Bulgarlar onlar\u0131 \u00f6yle ba\u015f\u0131bo\u015f g\u00f6r\u00fcnce topluyor, erkeklerin hepsinin ba\u015f\u0131n\u0131 kesip, kad\u0131nlar\u0131na 4-e 5-er \u00e7ocuk do\u011furtuyor.<\/p>\n<p>O d\u00f6nem Bulgar tohumunun ilk kurudu\u011fu d\u00f6nemdir.<\/p>\n<p>2. Kuruma Birinci Bulgar devletinin sonundad\u0131r. Osmanl\u0131da rahat 1 milyon \u00e7o\u011falm\u0131\u015flard\u0131r. \u015eimdi tuz torbas\u0131 boyunlar\u0131na as\u0131l\u0131nca 3. Tohum kuruma d\u00f6nemi ya\u015f\u0131yorlar. Sonu hay\u0131rl\u0131 olur i\u015f Allah.<\/p>\n<p>Gelecek sizindir, bizimdir, hepimizindir en \u00f6nemlisi de gelecek sevgi verenlerin sevgi da\u011f\u0131tanlar\u0131nd\u0131r karde\u015flerim. Biz as\u0131rlar \u00f6nce<br \/>\nB\u00fct\u00fcn zul\u00fcmlerin hesab\u0131 sorulur, sorulacakt\u0131r.<\/p>\n<p>B\u00fcy\u00fck G\u00fc\u00e7l\u00fc T\u00fcrkiye ta\u015f\u0131yor. Gelecek bizimdir. Trakya\u2019da ba\u015flayan t\u00fcrb\u00fclans \u00e7ekimi Bulgaristan\u2019\u0131 Balkanlar\u0131 T\u00fcrkiye\u2019ye \u00e7ekiyor.<br \/>\nBeni sab\u0131rla dinledi\u011finiz i\u00e7in te\u015fekk\u00fcr ederim.<\/p>\n<p>En iyi g\u00fcnler sizin bizim Bulgaristan T\u00fcrklerinin olsun.<\/p>\n<p>Sa\u011f olun var olun. Allaha emanet olun.<\/p>\n<div id=\"bghab-3939959288\" class=\"bghab-yazi-altinda bghab-entity-placement\"><script async src=\"https:\/\/pagead2.googlesyndication.com\/pagead\/js\/adsbygoogle.js\"><\/script>\r\n<!-- bghaber-yaz\u0131-sonu -->\r\n<ins class=\"adsbygoogle\"\r\n     style=\"display:block\"\r\n     data-ad-client=\"ca-pub-6203283170189293\"\r\n     data-ad-slot=\"4222328180\"\r\n     data-ad-format=\"auto\"\r\n     data-full-width-responsive=\"true\"><\/ins>\r\n<script>\r\n     (adsbygoogle = window.adsbygoogle || []).push({});\r\n<\/script><\/div><br style=\"clear: both; display: block; float: none;\"\/>","protected":false},"excerpt":{"rendered":"<p>Tekirda\u011f Tarih: 30 Haziran 2019 Rafet ULUT\u00dcRK:\u00a0 POL\u0130T\u0130K KONU\u015eMA 360 B\u0130N T\u00dcRK\u00dcN BULGAR\u0130STAN\u2019DAN KOVULMASININ 30. YILD\u00d6N\u00dcM\u00dc Say\u0131n Ba\u015fkan, Say\u0131n Belediye ba\u015fkan\u0131m. De\u011ferli siyasi parti ve<\/p>\n","protected":false},"author":2,"featured_media":38088,"comment_status":"closed","ping_status":"closed","sticky":false,"template":"","format":"standard","meta":{"advanced_seo_description":"","jetpack_seo_html_title":"","jetpack_seo_noindex":false,"jetpack_seo_schema_type":"","_jetpack_newsletter_access":"","_jetpack_dont_email_post_to_subs":false,"_jetpack_newsletter_tier_id":0,"_jetpack_memberships_contains_paywalled_content":false,"_jetpack_feature_clip_id":0,"_jetpack_memberships_contains_paid_content":false,"footnotes":"","jetpack_post_was_ever_published":false},"categories":[6],"tags":[],"class_list":["post-38045","post","type-post","status-publish","format-standard","has-post-thumbnail","hentry","category-yorum"],"jetpack_sharing_enabled":true,"jetpack_likes_enabled":true,"jetpack-related-posts":[],"jetpack_shortlink":"https:\/\/wp.me\/pc2PfJ-9TD","jetpack_featured_media_url":"https:\/\/i0.wp.com\/www.bghaber.org\/bghaber\/wp-content\/uploads\/2019\/07\/thumbnail-5.jpg?fit=1080%2C720&ssl=1","_links":{"self":[{"href":"https:\/\/www.bghaber.org\/bghaber\/wp-json\/wp\/v2\/posts\/38045","targetHints":{"allow":["GET"]}}],"collection":[{"href":"https:\/\/www.bghaber.org\/bghaber\/wp-json\/wp\/v2\/posts"}],"about":[{"href":"https:\/\/www.bghaber.org\/bghaber\/wp-json\/wp\/v2\/types\/post"}],"author":[{"embeddable":true,"href":"https:\/\/www.bghaber.org\/bghaber\/wp-json\/wp\/v2\/users\/2"}],"replies":[{"embeddable":true,"href":"https:\/\/www.bghaber.org\/bghaber\/wp-json\/wp\/v2\/comments?post=38045"}],"version-history":[{"count":0,"href":"https:\/\/www.bghaber.org\/bghaber\/wp-json\/wp\/v2\/posts\/38045\/revisions"}],"wp:featuredmedia":[{"embeddable":true,"href":"https:\/\/www.bghaber.org\/bghaber\/wp-json\/wp\/v2\/media\/38088"}],"wp:attachment":[{"href":"https:\/\/www.bghaber.org\/bghaber\/wp-json\/wp\/v2\/media?parent=38045"}],"wp:term":[{"taxonomy":"category","embeddable":true,"href":"https:\/\/www.bghaber.org\/bghaber\/wp-json\/wp\/v2\/categories?post=38045"},{"taxonomy":"post_tag","embeddable":true,"href":"https:\/\/www.bghaber.org\/bghaber\/wp-json\/wp\/v2\/tags?post=38045"}],"curies":[{"name":"wp","href":"https:\/\/api.w.org\/{rel}","templated":true}]}}