{"id":37268,"date":"2019-06-12T17:00:19","date_gmt":"2019-06-12T14:00:19","guid":{"rendered":"https:\/\/www.bghaber.org\/bghaber\/?p=37268"},"modified":"2019-06-22T00:23:55","modified_gmt":"2019-06-21T21:23:55","slug":"odevimiz-dunyada-buyuk-olmaktir","status":"publish","type":"post","link":"https:\/\/www.bghaber.org\/bghaber\/odevimiz-dunyada-buyuk-olmaktir\/","title":{"rendered":"\u00d6devimiz D\u00fcnyada B\u00fcy\u00fck Olmakt\u0131r"},"content":{"rendered":"<p><em>Tarih: 12 Haziran 2019<br \/>\nYazan: Rafet ULUT\u00dcRK<br \/>\nKonu<\/em><em>: <\/em><strong><em>Olaylara bir de T\u00fcrk G\u00f6z\u00fcyle bakmal\u0131y\u0131z<\/em><\/strong><\/p>\n<p>Okuldan kovulmu\u015f bir matematik hocas\u0131 tan\u0131d\u0131m. Kovulma sebebi, matematik derslerinde \u00f6\u011frencilerini ders kitab\u0131na ve \u00f6devlere s\u0131k\u0131\u015ft\u0131r\u0131lm\u0131\u015f d\u00fcnyadan \u00e7\u0131kar\u0131p rakamlar\u0131n sonsuz deryas\u0131nda gezdirip y\u00fczd\u00fcr\u00fcp e\u011flendirmez i\u011fmi\u015f.<\/p>\n<ul>\n<li><em><strong>Bunu neden yap\u0131yorsun? Sorusuna, o her defas\u0131nda \u015fu yan\u0131t\u0131 verirmi\u015f.<\/strong><\/em><\/li>\n<li><em><strong>Ders kitab\u0131 bir havuz, matematik ise bir deniz hatta bir okyanus, onlar\u0131 \u00e7ocuklar\u0131m\u0131z\u0131 bu k\u00e2inatta y\u00fczmeye al\u0131\u015ft\u0131r\u0131yorum.<\/strong><\/em><\/li>\n<\/ul>\n<p>2018 Hon Kong D\u00fcnya Matematik Olimpiyatlar\u0131nda alt\u0131n madalya alan \u00f6\u011frencilerden d\u00f6rd\u00fcn\u00fcn de hocas\u0131 oldu\u011funu \u00f6\u011frendi\u011fimde \u00e7ok etkilendim. Ara\u015ft\u0131rd\u0131m ve hocan\u0131n \u00f6\u011fretmenlikten uzakla\u015ft\u0131r\u0131ld\u0131\u011f\u0131n\u0131, serbest matematik dersi veren bir dershane kurdu\u011funu, Birle\u015fik Amerika ve Kanada\u2019dan \u00f6\u011frencilerine internet \u00fczerinden ders verdi\u011fini ve uygulad\u0131\u011f\u0131 y\u00f6ntemi \u00f6\u011frendim. <strong><em>D\u00fcnya \u015fampiyonlar\u0131 yeti\u015ftiren bu \u00fcstat, \u00f6\u011frencilerine \u00f6dev \u00e7\u00f6zmeyi de\u011fil, \u00f6dev kurmay\u0131 \u00f6\u011fretiyormu\u015f.<\/em><\/strong> <strong><u>\u0130lkesi ise:<\/u><\/strong> <strong><em>Kuran her zaman bozabilir mant\u0131\u011f\u0131ndan hareket edermi\u015f.<\/em><\/strong><\/p>\n<p>Biz, Bulgaristan T\u00fcrkleri K\u00fclt\u00fcr ve Hizmet Derne\u011fi &#8211; BULT\u00dcRK olarak bir Bulgaristanl\u0131 soyda\u015flar derne\u011fiyiz. B\u00fcy\u00fck milletlerin milli \u015fuurunun en \u00f6nemli kaynaklar\u0131n\u0131n ba\u015f\u0131nda tarih \u015fuuru gelir inanc\u0131 ile b\u00fcy\u00fcd\u00fck. 1989\u2019da Bulgaristan\u2019dan kovulan soyda\u015flar\u0131m\u0131z\u0131n orada zorla belle\u011finden silinen T\u00fcrk tarihine ve T\u00fcrk milletine T\u00fcrk g\u00f6z\u00fcyle bakmay\u0131 sa\u011flamak i\u00e7in \u00e7abalar\u0131m\u0131z 2002\u2019den beri aras\u0131z devam ediyoruz.<em><strong> \u201cBGHABER.ORG\u201d<\/strong><\/em> g\u00fcncel haber ve siyaset \u0130nternet sitemizin ve ayl\u0131k <strong>\u201cBulgaristan T\u00fcrklerinin Sesi\u201d<\/strong> BULT\u00dcRK Gazetemizin, yaz\u0131p bast\u0131\u011f\u0131m\u0131z y\u00fczlerce kitab\u0131n, d\u00fczenledi\u011fimiz uluslararas\u0131 sempozyumlar, konferanslar, forum ve panellerin, TV Medya ve bas\u0131n s\u00f6yle\u015filerimizin, binlerce g\u00f6r\u00fc\u015fme ve sohbetlerimizin bir tek amac\u0131 bir tek hedefi vard\u0131: <strong>\u201cD\u00fcnyay\u0131 T\u00fcrk g\u00f6z\u00fcyle alg\u0131layan gen\u00e7ler yeti\u015ftirmek.\u201d<\/strong><\/p>\n<p>\u00c7al\u0131\u015fmalar\u0131m\u0131z\u0131n ba\u015f\u0131nda bizden \u00f6nce kovularak veya g\u00f6\u00e7 anla\u015fmalar\u0131na g\u00f6re T\u00fcrkiye\u2019ye gelen soyda\u015flar\u0131m\u0131zla y\u00fcr\u00fct\u00fclen dernek \u00e7al\u0131\u015fmalar\u0131n\u0131 ara\u015ft\u0131r\u0131p inceledim. Yazar ve \u015fairlerimizin kalem ate\u015fiyle halk\u0131n memleket hasret ve sevgisini ya\u015fatma gayretlerine tan\u0131k oldum. Soyda\u015flar\u0131m\u0131zda silkinemeyen ruhsal eziklik izleri buldum.<\/p><div id=\"bghab-3000896492\" class=\"bghab-icerik-icine bghab-entity-placement\"><script async src=\"\/\/pagead2.googlesyndication.com\/pagead\/js\/adsbygoogle.js?client=ca-pub-6203283170189293\" crossorigin=\"anonymous\"><\/script><ins class=\"adsbygoogle\" style=\"display:block; text-align:center;\" data-ad-client=\"ca-pub-6203283170189293\" \ndata-ad-slot=\"7303146466\" \ndata-ad-layout=\"in-article\"\ndata-ad-format=\"fluid\" data-full-width-responsive=\"true\"><\/ins>\n<script> \n(adsbygoogle = window.adsbygoogle || []).push({}); \n<\/script>\n<\/div>\n<p>Bir g\u00f6\u00e7men derne\u011finin y\u00fcksek kulelerinden tarihte T\u00fcrklerin ak\u0131lc\u0131l\u0131\u011f\u0131, her \u015feyden \u00f6nce yola \u00e7\u0131karken akl\u0131 \u00f6ne koymam\u0131z gerekti\u011fini, Bulgaristan T\u00fcrklerinin yarat\u0131c\u0131 \u00f6z\u00fc ve umutlar\u0131 pek g\u00f6r\u00fclememi\u015fti. Biz T\u00fcrklerin din anlay\u0131\u015flar\u0131m\u0131z bile ak\u0131lc\u0131l\u0131\u011fa dayan\u0131yordu, bizim (<em><strong>M\u00e2t\u00fcr\u00eed\u00ee<\/strong><\/em>&#8216;nin E\u015f&#8217;ar\u00ee&#8217;den) \u0130slam anlay\u0131\u015f\u0131m\u0131z bile tarih boyu ak\u0131lc\u0131yd\u0131 da, g\u00f6lgede kalm\u0131\u015ft\u0131. T\u00fcrklerin d\u00fcnyan\u0131n \u00fc\u00e7te ikisini y\u00f6netmesinin ana unsurlar\u0131ndan birisi, ak\u0131lc\u0131, geli\u015fimci, \u00f6zg\u00fcr d\u00fc\u015f\u00fcnceli ve inan\u00e7l\u0131 olu\u015flar\u0131yd\u0131. Bu yedi bin y\u0131ll\u0131k d\u00fcnya tarihinde kurulan imparatorluklar ve devletler buna a\u00e7\u0131k kan\u0131tt\u0131r. Toplumsal geli\u015fmeyi tabiat\u0131n do\u011fal geli\u015fmesinden esinlenerek alg\u0131layan T\u00fcrkler,\u00a0 bahar\u0131n a\u00e7mas\u0131 ve g\u00fcz\u00fcn yaprak d\u00f6k\u00fcm\u00fc nas\u0131l do\u011falsa, toplumsal d\u00fczen, imparatorluk ve devletlerin de\u011fi\u015fmesini de, do\u011fal g\u00f6r\u00fcp kabul etmi\u015flerdir. D\u00fcnya Devlet kurmay\u0131 T\u00fcrklerden \u00f6\u011frenmi\u015ftir. Asl\u0131nda bizi d\u00fcnyadan farkl\u0131 ve \u00fcst\u00fcn k\u0131lan da budur.\u00a0 Ne var ki biz y\u0131llarca geli\u015fen olaylar\u0131, hi\u00e7 bir \u015feye s\u0131\u011fmayan ac\u0131 ve \u00e7ekileri, susarak haf\u0131zam\u0131za depolayan ve olu\u015facak yeni \u015fuurun kanatlanmas\u0131n\u0131 bekleyen soyda\u015flar\u0131m\u0131z\u0131 yorgun bulduk. Hele yak\u0131n ge\u00e7mi\u015fimizde nas\u0131l oldu da bu b\u00fcy\u00fck tuza\u011fa nas\u0131l d\u00fc\u015ft\u00fcklerine yan\u0131t ararken zorlan\u0131yorduk.<\/p>\n<p>Derne\u011fimizdeki ayd\u0131nlanma \u00e7al\u0131\u015fmalar\u0131m\u0131z\u0131, <strong>bug\u00fcn ya\u015fad\u0131\u011f\u0131m\u0131z t\u00fcm sorunlar tarihte ya\u015fad\u0131\u011f\u0131m\u0131z sorunlar\u0131n devam\u0131d\u0131r<\/strong>, esas\u0131 \u00fczerinde,\u00a0 ilkesel bir yakla\u015f\u0131mla i\u015fi ba\u015flatt\u0131k. Tarihte T\u00fcrk Varl\u0131\u011f\u0131na kar\u015f\u0131 devam eden sava\u015flar halen i\u00e7eride ve d\u0131\u015far\u0131da en \u015fiddetli bir bi\u00e7imde devam etmektedir.<\/p>\n<p><strong><em>Buna en kesin \u00f6rnek bizim memleketimiz Bulgaristan\u2019da 140 y\u0131ldan beri ba\u015f\u0131m\u0131za sar\u0131lan k\u00fcstahl\u0131klar, din ve dil yasa\u011f\u0131, isim ve kimlik silme, asimile edip Bulgarla\u015ft\u0131rarak yok etme s\u00fcre\u00e7leridir. <\/em><\/strong><\/p>\n<p>Tarihte iz b\u0131rakan cami, medrese, hamam ve d\u00fckk\u00e2nlar y\u0131k\u0131l\u0131rken, kald\u0131r\u0131m ta\u015flar\u0131n\u0131n bile s\u00f6k\u00fclmesi, \u00e7e\u015fme kurnalar\u0131n\u0131n k\u0131r\u0131lmas\u0131, kuyulara domuz ba\u015f\u0131 at\u0131lmas\u0131 vs. bunlar hep bu s\u00fcrecin devam\u0131d\u0131r.<\/p>\n<p><strong>Onlar Bulgarlar i\u00e7in biz hep Do\u011fulu kald\u0131k. <\/strong><\/p><div id=\"bghab-2549232312\" class=\"bghab-icerik-icine-10-paragraf bghab-entity-placement\"><script async src=\"\/\/pagead2.googlesyndication.com\/pagead\/js\/adsbygoogle.js?client=ca-pub-6203283170189293\" crossorigin=\"anonymous\"><\/script><ins class=\"adsbygoogle\" style=\"display:block; text-align:center;\" data-ad-client=\"ca-pub-6203283170189293\" \ndata-ad-slot=\"7303146466\" \ndata-ad-layout=\"in-article\"\ndata-ad-format=\"fluid\" data-full-width-responsive=\"true\"><\/ins>\n<script> \n(adsbygoogle = window.adsbygoogle || []).push({}); \n<\/script>\n<\/div>\n<p>Dilimizi, dinimizi, geleneklerimizi ve ya\u015fam bi\u00e7imlerimizi \u00f6\u011frenip farkl\u0131l\u0131klardan demet yapmak i\u00e7in de\u011fil, mal m\u00fclk g\u00fczel olan neyimiz varsa \u00e7almak i\u00e7in s\u00fcrekli ilgilenip \u00f6\u011frenmek istediler.<\/p>\n<p>S\u00f6z gelimi, B\u00fcy\u00fck \u0130skender Do\u011fuya uzanan seferine \u00e7\u0131karken, ele ge\u00e7irece\u011fi yerlere ili\u015fkin bilgi edinmek amac\u0131yla yan\u0131nda bilginler toplulu\u011fu da g\u00f6r\u00fclm\u00fc\u015ft\u00fcr.<\/p>\n<p>Napolyon, M\u0131s\u0131r\u2019a Paris\u2019in b\u00fct\u00fcn gen\u00e7 bilginleriyle birlikte \u00e7\u0131km\u0131\u015ft\u0131. Anadolu Bat\u0131 i\u00e7in bug\u00fcn de halen bir gizemdir. Bug\u00fcn de onlar\u0131n u\u011fra\u015f alanlar\u0131ndan biri yine biziz.<\/p>\n<p><strong>As\u0131rlar s\u00fcren bu irdelemenin i\u00e7inde en \u00e7ok T\u00fcrkler yer ald\u0131. <\/strong><\/p>\n<p>Bulgaristan\u2019da T\u00fcrk ruhunu bunaltmak i\u00e7in 100 y\u0131l s\u00fcren \u00e7al\u0131\u015fmalardan sonra, \u00f6nc\u00fc, vas\u0131fl\u0131, d\u00fc\u015f\u00fcnen ve ruhunun kanatlar\u0131yla hepimizi kucaklaya bilenlerimizin t\u00fcm\u00fcn\u00fcn kamplara kapanm\u0131\u015f oldu\u011fu bir anda, 1989 May\u0131s\u0131\u2019nda T\u00fcrk kad\u0131nlar\u0131n Bulgar tarihinin en g\u00f6rkemli ve en etkin, rejimini deviren ayaklanmas\u0131, yaln\u0131z Bulgarlar\u0131 de\u011fil, Bat\u0131 d\u00fcnyay\u0131 bile sarst\u0131.<\/p><div id=\"bghab-3870918508\" class=\"bghab-icerik-icine-15-paragraf bghab-entity-placement\"><script async src=\"\/\/pagead2.googlesyndication.com\/pagead\/js\/adsbygoogle.js?client=ca-pub-6203283170189293\" crossorigin=\"anonymous\"><\/script><ins class=\"adsbygoogle\" style=\"display:block; text-align:center;\" data-ad-client=\"ca-pub-6203283170189293\" \ndata-ad-slot=\"7303146466\" \ndata-ad-layout=\"in-article\"\ndata-ad-format=\"fluid\" data-full-width-responsive=\"true\"><\/ins>\n<script> \n(adsbygoogle = window.adsbygoogle || []).push({}); \n<\/script>\n<\/div>\n<p><strong>Ama bu, yeni devirde,\u00a0 T\u00fcrk D\u00fcnyas\u0131n\u0131n neden oldu\u011fu birinci sars\u0131nt\u0131 de\u011fildi. <\/strong><\/p>\n<p>Yeni devir dedi\u011fim, \u00e7ok as\u0131rl\u0131 imparatorluklar\u0131n y\u0131k\u0131ld\u0131\u011f\u0131 ve milli devletlerin do\u011fdu\u011fu devirdir. Bu imparatorluklar\u0131n en b\u00fcy\u00fc ve i\u00e7inden 56 devlet \u00e7\u0131kan Osmanl\u0131yd\u0131.<\/p>\n<p><strong>1824\u2019ten sonra Osmanl\u0131\u2019dan kopar\u0131lan her par\u00e7ada \u00f6zg\u00fcr ve ba\u011f\u0131ms\u0131z milli devlet de\u011fil, emperyalizme kukla T\u00fcrk ve T\u00fcrkiye d\u00fc\u015fman\u0131 \u00e7akallar s\u00fcr\u00fcs\u00fc belirdi. <\/strong><\/p>\n<p>Ve \u00f6rne\u011fin Bulgaristan\u2019da bu d\u00fc\u015fman \u00e7akal s\u00fcr\u00fcs\u00fc de hi\u00e7 aras\u0131z hep havlad\u0131.<\/p>\n<p><strong>Biz kendimizi tekrar-yeniden tanzim edebilmemiz i\u00e7in tarihe ihtiyac\u0131m\u0131z oldu\u011fu bilincinde birle\u015ftik. Bu b\u00fcy\u00fck \u00e7\u0131nar\u0131n k\u00f6klerine su vermeye ba\u015fland\u0131.<\/strong><\/p><div id=\"bghab-2400908514\" class=\"bghab-icerik-icine-20-paragraf bghab-entity-placement\"><script async src=\"\/\/pagead2.googlesyndication.com\/pagead\/js\/adsbygoogle.js?client=ca-pub-6203283170189293\" crossorigin=\"anonymous\"><\/script><ins class=\"adsbygoogle\" style=\"display:block; text-align:center;\" data-ad-client=\"ca-pub-6203283170189293\" \ndata-ad-slot=\"7303146466\" \ndata-ad-layout=\"in-article\"\ndata-ad-format=\"fluid\" data-full-width-responsive=\"true\"><\/ins>\n<script> \n(adsbygoogle = window.adsbygoogle || []).push({}); \n<\/script>\n<\/div>\n<p>Bu bilgi,\u00a0 bize ana-vatan\u0131m\u0131zda ya\u015fayan t\u00fcm karde\u015flerimizin birlik halinde olmalar\u0131n\u0131 sa\u011flamak ve T\u00fcrk d\u00fcnyas\u0131nda yaralar\u0131 kanayan karde\u015flerimizin yaralar\u0131na merhem olmak i\u00e7in gereklidir.<\/p>\n<p>Biz BULT\u00dcRK olarak bu yola 2002\u2019de ba\u015f koydu\u011fumuzda T\u00fcrkiye Cumhuriyetinde AK Parti yeni iktidar olmu\u015ftu. &#8220;<strong><em>Benim<\/em>\u00a0hayatta yegane\u00a0<em>fahrim<\/em>,\u00a0<em>servetim<\/em>, T\u00fcrkl\u00fckten ba\u015fka bir \u015fey de\u011fildir.&#8221;<\/strong>\u00a0diyen ve hem Sultanl\u0131\u011f\u0131n hem de emperyalizmin pen\u00e7esinden kopar\u0131p ald\u0131\u011f\u0131 vatan topra\u011f\u0131m\u0131zda, \u0130slam bir \u00fclkeden, yeni ba\u011f\u0131ms\u0131z ve egemen modern bir devlet,\u00a0 T\u00fcrkiye Cumhuriyetini kuran b\u00fcy\u00fck \u00f6nder Mustafa Kemal ATAT\u00dcRK\u2019\u00dcN asil ve kutsal davas\u0131 ger\u00e7ekten y\u00fcrekten devamc\u0131lar\u0131n\u0131 o zaman bulabildi. Biz de t\u00fcm T\u00fcrk D\u00fcnyas\u0131 y\u00fcreklenerek bu sefere kat\u0131ld\u0131k.<\/p>\n<p>Ayn\u0131 y\u00f6nde birlikte y\u00fcr\u00fcyebilmemiz i\u00e7in ana-vatan\u0131m\u0131z\u0131n Cumhuriyet tarihini seminer konusu etmemiz gerekiyordu.\u00a0 \u015eevket S\u00fcreyya Aydemir\u2019in \u201c<strong>Suyu Bulan Adam<\/strong>\u201d eseriyle ba\u015flad\u0131k.<\/p>\n<p>Tuna boyundan gelen eski g\u00f6\u00e7men ailelerinde olan ve milli kurtulu\u015f m\u00fccadelesi ate\u015finde \u015fehit d\u00fc\u015fen karde\u015flerinin de ac\u0131s\u0131yla kaleme ald\u0131\u011f\u0131 ola\u011fan\u00fcst\u00fc de\u011ferli eserinde ilk kez derin bir gururla T\u00fcrk milleti ad\u0131na suyu bulan adamla, Atat\u00fcrk\u2019le tan\u0131\u015ft\u0131k.<\/p>\n<p>Bat\u0131 D\u00fcnyas\u0131 ile T\u00fcrk milleti aras\u0131ndaki amans\u0131z m\u00fccadelede bir halk\u0131n yediden yetmi\u015fe g\u00f6n\u00fcll\u00fc oldu\u011funu ya\u015fad\u0131k. Birlikte \u00c7anakkale \u015eehitli\u011fini ziyaret ettik. Kuvveyi Milliye destan\u0131yla T\u00fcrkiye halk\u0131n\u0131n yenilmezli\u011fiyle y\u00fczle\u015ftik. Ya\u015far Kemal\u2019in <strong>\u201c\u0130nce Mehmet\u201d<\/strong> inden T\u00fcrk\u00fcn \u00f6z\u00fcnde yarat\u0131c\u0131 ve yenilik\u00e7i g\u00fc\u00e7 ta\u015f\u0131d\u0131\u011f\u0131na inand\u0131k.<br \/>\nBu arada, \u201c<strong>Bu \u00fclke, bizim oldu\u011fu i\u00e7in, bizim<\/strong>\u201d gibi tezlerden etkilendik. T\u00fcrk milleti, \u0130slam \u00fcmmeti ve Bat\u0131 medeniyeti tezleri, \u201c<strong>siz \u0130slamla\u015ft\u0131r\u0131lm\u0131\u015f Bulgar\u2019s\u0131n\u0131z<\/strong>\u201d gibi d\u00fc\u015fman iddialar\u0131 kendili\u011fimde \u00e7\u00f6z\u00fcld\u00fc ve zamanla \u00e7\u00fcr\u00fcd\u00fc..<\/p><div id=\"bghab-4084887702\" class=\"bghab-icerik-icine-25-paragraf bghab-entity-placement\"><script async src=\"\/\/pagead2.googlesyndication.com\/pagead\/js\/adsbygoogle.js?client=ca-pub-6203283170189293\" crossorigin=\"anonymous\"><\/script><ins class=\"adsbygoogle\" style=\"display:block; text-align:center;\" data-ad-client=\"ca-pub-6203283170189293\" \ndata-ad-slot=\"7303146466\" \ndata-ad-layout=\"in-article\"\ndata-ad-format=\"fluid\" data-full-width-responsive=\"true\"><\/ins>\n<script> \n(adsbygoogle = window.adsbygoogle || []).push({}); \n<\/script>\n<\/div>\n<p>T\u00fcrk milletinin olu\u015fumu, politik sahnede yer al\u0131\u015f\u0131, demokrasiyi benimsemesi, tek partili siyasi sistemden \u00e7ok partili sisteme ge\u00e7i\u015f, NATO ve ABD destekli bask\u0131s\u0131yla vesaitten orduya gelen davran\u0131\u015f serbestli\u011finden kaynaklanan bir s\u00fcr\u00fc askeri bask\u0131, \u00a0\u00f6zg\u00fcrl\u00fcklere darbeler ve umutlar\u0131 budama, \u00a0alg\u0131lama a\u00e7\u0131m\u0131z\u0131 de\u011fi\u015ftirdi.<\/p>\n<p>Bu zorlu yolda ve bu \u00e7al\u0131\u015fmalar sonucu,\u00a0 15 Temmuz 2016\u2019da emperyalizmin devlet sistemimize k\u00fcmeledi\u011fi FETO \u2013 NATO hain ordusunun askeri darbe denemesini bertaraf ettik. Bu haberi alan dernek \u00fcyelerimizin, soyda\u015flar\u0131m\u0131z\u0131n Ba\u015fkan\u0131m\u0131z-Cumhurba\u015fkan\u0131m\u0131z Say\u0131n Recep Tayyip Erdo\u011fan\u2019\u0131n \u00e7a\u011fr\u0131s\u0131na uyarak sokaklar\u0131 doldurduk. Daha o gece AY-YILDIZLI sanca\u011f\u0131m\u0131zla yan yana dalgalanan BULT\u00dcRK dernek bayra\u011f\u0131m\u0131zla \u0130stanbul\/Bayrampa\u015fa Meydan\u0131na y\u00fcr\u00fcy\u00fcp dolmam\u0131z, \u201c<strong>Ne mutlu T\u00fcrk\u00fcm diyene<\/strong>!\u201d Sloganlar\u0131m\u0131zla tempo tutmam\u0131z ezgin kimli\u011fimizin de\u011fi\u015fti\u011fine, soyda\u015flar\u0131m\u0131n kalbine \u00c7anakkale ruhu, yenilmezlik ve zafer ruhu doldu\u011funa tan\u0131k olduk ve bundan gurur duydum.<\/p>\n<p>T\u00fcrk halk\u0131n\u0131n Mustafa Kemal Atat\u00fcrk\u2019ten sonra,\u00a0 Say\u0131n Recep Tayyip Erdo\u011fan gibi, hukukun \u00fcst\u00fcnl\u00fc\u011f\u00fc ve halk\u0131n iradesine dayanarak devleti y\u00fcceltme azmine sahip ak\u0131lc\u0131 ve d\u00f6nmez iradeli bir \u00f6nder yaratmas\u0131, de\u011ferine paha bi\u00e7ilmez bir edinimdir.<\/p>\n<p>T\u00fcrk d\u00fc\u015fmanl\u0131\u011f\u0131n\u0131n k\u00fcstahl\u0131kta e\u015fi olmayan numunesi olan ve Cumhurba\u015fkan\u0131m\u0131z Say\u0131n Erdo\u011fan\u2019\u0131n Sofya ziyaretlerinin birinde Halk Meclisi kap\u0131s\u0131nda yolunu kesip esas\u0131z isteklerde bulunan, \u201c<strong>Ataka<\/strong>\u201d (Sald\u0131r\u0131) partisi lideri V. Siderov, bu sabah (12 Haziran 2019)\u00a0 Bulgar \u201c<strong>NOVA<\/strong>\u201d TV kanal\u0131nda yapt\u0131\u011f\u0131 konu\u015fmas\u0131nda, <strong>\u201c8 adet Amerikan F-16 u\u00e7a\u011f\u0131 almam\u0131z bo\u015f i\u015f. Kime kar\u015f\u0131 kullanaca\u011f\u0131z. T\u00fcrkiye Hava Kuvvetlerinde ayn\u0131lar\u0131ndan 1000 adet var. Erdo\u011fan C 400 f\u00fczesavarlar\u0131 almakla ak\u0131lc\u0131 i\u015f yap\u0131yor. \u00d6rnek almal\u0131y\u0131z!\u201d<\/strong> dedi. Bu s\u00f6zler, d\u00fcnyan\u0131n ne kadar de\u011fi\u015fti\u011fine ve s\u00f6zde m\u00fcttefik d\u00fc\u015fmanlar\u0131m\u0131z\u0131n \u00e7\u0131ld\u0131rd\u0131\u011f\u0131na en kesin kan\u0131tlar\u0131n ba\u015f\u0131nda gelmektedir.<\/p>\n<p><strong>T\u00fcrkiye\u2019de M.K.Atat\u00fcrk\u2019ten sonra, dost ve d\u00fc\u015fman d\u00fcnyan\u0131n \u00f6rnek ald\u0131\u011f\u0131, ikinci bir devlet lideri yeti\u015ftiren T\u00fcrk halk\u0131n\u0131 kutluyorum. <\/strong><\/p><div id=\"bghab-2567528973\" class=\"bghab-icerik-icine-30-paragraf bghab-entity-placement\"><script async src=\"\/\/pagead2.googlesyndication.com\/pagead\/js\/adsbygoogle.js?client=ca-pub-6203283170189293\" crossorigin=\"anonymous\"><\/script><ins class=\"adsbygoogle\" style=\"display:block; text-align:center;\" data-ad-client=\"ca-pub-6203283170189293\" \ndata-ad-slot=\"7303146466\" \ndata-ad-layout=\"in-article\"\ndata-ad-format=\"fluid\" data-full-width-responsive=\"true\"><\/ins>\n<script> \n(adsbygoogle = window.adsbygoogle || []).push({}); \n<\/script>\n<\/div>\n<p>S\u00f6z konusu olan en de\u011ferli varl\u0131k olan insanlar\u0131n g\u00fcvenli\u011fini garanti alt\u0131na almakt\u0131r. T\u00fcrk milletinin ve T\u00fcrk devletinin en b\u00fcy\u00fck \u00f6zelli\u011fi ve h\u00fcneri insan yeti\u015ftirmektir.<\/p>\n<p><strong>Bir as\u0131rda 8 milyondan 80 milyon olan T\u00fcrk halk\u0131d\u0131r.<br \/>\nB\u00fcy\u00fcn Avrupa\u2019da tek bir \u00fclke bunu ger\u00e7ekle\u015ftirememi\u015ftir. <\/strong><\/p>\n<p><strong>\u201cS\u0131\u011f\u0131nmac\u0131lar kap\u0131m\u0131za gelirse\u201d<\/strong> endi\u015fesinden b\u00fct\u00fcn Avrupa halklar\u0131 korku ve stres ge\u00e7irirken, h\u00fck\u00fcmetler d\u00fc\u015f\u00fcp, AB birli\u011fi par\u00e7alan\u0131rken,\u00a0 4 milyar s\u0131\u011f\u0131nmac\u0131ya y\u0131llardan beri ev sahipli\u011fi eden T\u00fcrkiye halk\u0131 ve devletinin, Ramazan Bayram\u0131\u2019nda Suriye\u2019ye yak\u0131nlar\u0131yla bayramla\u015fmaya giden ma\u011fdurlara s\u0131n\u0131r kap\u0131s\u0131nda 1\u00a0000\u2019er Amerikan Dolar\u0131 har\u00e7l\u0131k vermesi, d\u00fcnya tarihinde emsali olmayan bir olayd\u0131r.<\/p>\n<p><strong>Berlin Duvar\u0131n\u0131 y\u0131kan insan sevgisiyse t\u00fcm insanlar\u0131n yar\u0131n\u0131n me\u015falesini yakan da yine \u0130nsan Sevgisi ve \u0130nsana sayg\u0131 olacakt\u0131r. Say\u0131n Erdo\u011fan\u2019\u0131n Atat\u00fcrk\u2019ten al\u0131p bu bayra\u011f\u0131 ve bu milleti daha da y\u00fcceltti\u011fi en b\u00fcy\u00fck erdem i\u015fte bu sevgidir.<\/strong><\/p>\n<p>T\u00fcrkiye Cumhuriyeti arkada kalan 97 y\u0131lda \u00e7ok engeller a\u015ft\u0131, uzun yol ald\u0131. Bunlar\u0131n en \u00f6nemlilerinden baz\u0131lar\u0131, \u00c7anakkale ve Sakarya Zaferlerinden sonra, Cumhuriyetin ilan\u0131, Sevr Anla\u015fmas\u0131\u2019n\u0131n \u00e7\u00f6pe at\u0131lmas\u0131, g\u00f6zlerini Anadolu\u2019dan ay\u0131rmayan k\u00fcresel d\u00fcnya g\u00fc\u00e7leriyle ge\u00e7ici yeni dengenin Lozan\u2019da kurulmas\u0131 ve ard\u0131ndan emperyalist \u00e7emberin perde perde kald\u0131r\u0131lmas\u0131 oldu.<\/p><div id=\"bghab-446517540\" class=\"bghab-icerik-icine-35-paragraf bghab-entity-placement\"><script async src=\"\/\/pagead2.googlesyndication.com\/pagead\/js\/adsbygoogle.js?client=ca-pub-6203283170189293\" crossorigin=\"anonymous\"><\/script><ins class=\"adsbygoogle\" style=\"display:block; text-align:center;\" data-ad-client=\"ca-pub-6203283170189293\" \ndata-ad-slot=\"7303146466\" \ndata-ad-layout=\"in-article\"\ndata-ad-format=\"fluid\" data-full-width-responsive=\"true\"><\/ins>\n<script> \n(adsbygoogle = window.adsbygoogle || []).push({}); \n<\/script>\n<\/div>\n<p>Birka\u00e7 g\u00fcn \u00f6nce \u201c<strong>Osmanl\u0131\u2019n\u0131n bir \u015feker fabrikas\u0131 yoktu<\/strong>\u201d sald\u0131r\u0131lar\u0131yla bunal\u0131mda dalgaland\u0131rma yaratma \u00e7abas\u0131, bana dedemi hat\u0131rlatt\u0131. Hac\u0131 Murat dedem, \u201c<strong>\u015fu koskocaman Osmanl\u0131 nas\u0131l oldu da \u00e7\u00f6kt\u00fc, bir anlatsana<\/strong>\u201d diyenlere, mal\u0131n\u0131 m\u00fclk\u00fcn\u00fc \u201c<strong>\u015fekerli \u00e7avdar kahvesiyle\u201d i\u00e7mi\u015f<\/strong>, \u00a0cevab\u0131n\u0131 veriyordu.<\/p>\n<p>Burada \u00f6nemli olan T\u00fcrk milletine kalan Osmanl\u0131 miras\u0131n\u0131n hacmi de\u011fil, bir as\u0131rda eri\u015fti\u011fi doruk ve a\u00e7t\u0131\u011f\u0131 ufuktur. Yap\u0131lanlar fabrika ve \u00dcniversite say\u0131s\u0131yla, Bo\u011fazda d\u00fcnyay\u0131 bir birine ba\u011flayan son Yavuz Sultan k\u00f6pr\u00fcs\u00fcyle, Bo\u011faz\u0131n alt\u0131ndan ge\u00e7itler, k\u00f6pr\u00fcyollar\u0131 ve iki tarafl\u0131 gidi\u015f-geli\u015f otobanlar\u0131, modern hastaneler, okullar, barajlar, \u0131s\u0131, su ve 3 atom elektrik santrali, sava\u015f sanayi, u\u00e7ak ve insans\u0131z hava u\u00e7aklar\u0131 ile vs. say\u0131s\u0131yla \u00f6l\u00e7\u00fclecekse, <strong><u>i\u015flerin hep s\u0131f\u0131rdan ba\u015flad\u0131\u011f\u0131n\u0131 asla unutmayal\u0131m.<\/u><\/strong><\/p>\n<p>T\u00fcm bu tesis ve sistemlere kat\u0131lan kadrolar\u0131n T\u00fcrkiye\u2019de e\u011fitilmesi de ola\u011fan\u00fcst\u00fc \u00f6nemlidir. Rusya\u2019dan C-400 f\u00fczesavar sistemlerinin devam\u0131 C 500 sistemleri art\u0131k T\u00fcrkiye\u2019de \u00fcretilecektir. Oyun kuruculuk i\u015fte budur. Matematik \u00f6devlerini art\u0131k biz kuruyoruz.<\/p>\n<p><strong>Bug\u00fcn T\u00fcrk halk\u0131n\u0131n b\u00fcy\u00fckl\u00fc\u011f\u00fcn\u00fc ancak T\u00fcrk halk\u0131n\u0131n zek\u00e2s\u0131, her konuda ak\u0131lc\u0131 davran\u0131\u015flar\u0131 ve yenid\u00fcnya d\u00fczeni kuran bir motor durumuna gelmi\u015f olmas\u0131d\u0131r.<\/strong><\/p>\n<p>Bu motorun d\u00fczenli \u00e7al\u0131\u015fmas\u0131n\u0131 23 Haziran\u2019da yap\u0131lacak \u0130stanbul Belediye Ba\u015fkan\u0131 se\u00e7imleri asla ve hi\u00e7bir surette de\u011fi\u015ftiremez ve etkileyemez.\u00a0Olacak olan de\u011fi\u015fiklik olursa bir araban\u0131n \u00e7amurlu\u011funu de\u011fi\u015ftirmesinden \u00f6teye gitmez. Bizim i\u00e7in \u00f6nemli olan B\u00fcy\u00fck T\u00fcrkiye Cumhuriyeti\u2019nin daha da b\u00fcy\u00fcmeye g\u00fc\u00e7lendirmeye devam etmesine destek olmakt\u0131r. 2019\u2019da soyda\u015f olman\u0131n anlam\u0131 da budur!<br \/>\n\u00d6devimiz B\u00fcy\u00fck ve G\u00fc\u00e7l\u00fc T\u00fcrkiye projesini \u00e7izmektir. Olu\u015fturmakt\u0131r, yeni yeni fikirler \u00fcretmektir.<\/p><div id=\"bghab-4193309845\" class=\"bghab-icerik-icine-40-paragraf bghab-entity-placement\"><script async src=\"\/\/pagead2.googlesyndication.com\/pagead\/js\/adsbygoogle.js?client=ca-pub-6203283170189293\" crossorigin=\"anonymous\"><\/script><ins class=\"adsbygoogle\" style=\"display:block; text-align:center;\" data-ad-client=\"ca-pub-6203283170189293\" \ndata-ad-slot=\"7303146466\" \ndata-ad-layout=\"in-article\"\ndata-ad-format=\"fluid\" data-full-width-responsive=\"true\"><\/ins>\n<script> \n(adsbygoogle = window.adsbygoogle || []).push({}); \n<\/script>\n<\/div>\n<p><strong><em>Hepinize ba\u015far\u0131 dilerim.<\/em><\/strong><br \/>\n<strong><em>Anla\u015f\u0131lmayan bir \u015feyler kald\u0131ysa BULT\u00dcRK Derne\u011finin kap\u0131s\u0131 t\u00fcm T\u00fcrk D\u00fcnyas\u0131na a\u00e7\u0131kt\u0131r. Her \u015fey g\u00f6nl\u00fcn\u00fczce olsun. Allah T\u00fcrk Milletine yar ve yard\u0131mc\u0131 olsun. <\/em><\/strong><br \/>\n<strong><em>Bilgi payla\u015ft\u0131k\u00e7a \u00e7o\u011fal\u0131r. \u0130nsanlar birlik olduk\u00e7a g\u00fc\u00e7lenirler. <\/em><\/strong><br \/>\n<strong><em>Sayg\u0131lar\u0131mla, <\/em><\/strong><strong><em>Dostlar\u0131n\u0131zla Payla\u015fmay\u0131 sak\u0131n unutmay\u0131n\u0131z. <\/em><\/strong><\/p>\n<div id=\"bghab-381426408\" class=\"bghab-yazi-altinda bghab-entity-placement\"><script async src=\"https:\/\/pagead2.googlesyndication.com\/pagead\/js\/adsbygoogle.js\"><\/script>\r\n<!-- bghaber-yaz\u0131-sonu -->\r\n<ins class=\"adsbygoogle\"\r\n     style=\"display:block\"\r\n     data-ad-client=\"ca-pub-6203283170189293\"\r\n     data-ad-slot=\"4222328180\"\r\n     data-ad-format=\"auto\"\r\n     data-full-width-responsive=\"true\"><\/ins>\r\n<script>\r\n     (adsbygoogle = window.adsbygoogle || []).push({});\r\n<\/script><\/div><br style=\"clear: both; display: block; float: none;\"\/>","protected":false},"excerpt":{"rendered":"<p>Tarih: 12 Haziran 2019 Yazan: Rafet ULUT\u00dcRK Konu: Olaylara bir de T\u00fcrk G\u00f6z\u00fcyle bakmal\u0131y\u0131z Okuldan kovulmu\u015f bir matematik hocas\u0131 tan\u0131d\u0131m. Kovulma sebebi, matematik derslerinde \u00f6\u011frencilerini<\/p>\n","protected":false},"author":2,"featured_media":37269,"comment_status":"closed","ping_status":"closed","sticky":false,"template":"","format":"standard","meta":{"advanced_seo_description":"","jetpack_seo_html_title":"","jetpack_seo_noindex":false,"jetpack_seo_schema_type":"","_jetpack_newsletter_access":"","_jetpack_dont_email_post_to_subs":false,"_jetpack_newsletter_tier_id":0,"_jetpack_memberships_contains_paywalled_content":false,"_jetpack_feature_clip_id":0,"_jetpack_memberships_contains_paid_content":false,"footnotes":"","jetpack_post_was_ever_published":false},"categories":[6],"tags":[],"class_list":["post-37268","post","type-post","status-publish","format-standard","has-post-thumbnail","hentry","category-yorum"],"jetpack_sharing_enabled":true,"jetpack_likes_enabled":true,"jetpack-related-posts":[],"jetpack_shortlink":"https:\/\/wp.me\/pc2PfJ-9H6","jetpack_featured_media_url":"https:\/\/i0.wp.com\/www.bghaber.org\/bghaber\/wp-content\/uploads\/2019\/06\/rafet-ky.jpg?fit=290%2C398&ssl=1","_links":{"self":[{"href":"https:\/\/www.bghaber.org\/bghaber\/wp-json\/wp\/v2\/posts\/37268","targetHints":{"allow":["GET"]}}],"collection":[{"href":"https:\/\/www.bghaber.org\/bghaber\/wp-json\/wp\/v2\/posts"}],"about":[{"href":"https:\/\/www.bghaber.org\/bghaber\/wp-json\/wp\/v2\/types\/post"}],"author":[{"embeddable":true,"href":"https:\/\/www.bghaber.org\/bghaber\/wp-json\/wp\/v2\/users\/2"}],"replies":[{"embeddable":true,"href":"https:\/\/www.bghaber.org\/bghaber\/wp-json\/wp\/v2\/comments?post=37268"}],"version-history":[{"count":0,"href":"https:\/\/www.bghaber.org\/bghaber\/wp-json\/wp\/v2\/posts\/37268\/revisions"}],"wp:featuredmedia":[{"embeddable":true,"href":"https:\/\/www.bghaber.org\/bghaber\/wp-json\/wp\/v2\/media\/37269"}],"wp:attachment":[{"href":"https:\/\/www.bghaber.org\/bghaber\/wp-json\/wp\/v2\/media?parent=37268"}],"wp:term":[{"taxonomy":"category","embeddable":true,"href":"https:\/\/www.bghaber.org\/bghaber\/wp-json\/wp\/v2\/categories?post=37268"},{"taxonomy":"post_tag","embeddable":true,"href":"https:\/\/www.bghaber.org\/bghaber\/wp-json\/wp\/v2\/tags?post=37268"}],"curies":[{"name":"wp","href":"https:\/\/api.w.org\/{rel}","templated":true}]}}