{"id":37245,"date":"2019-06-12T18:00:52","date_gmt":"2019-06-12T15:00:52","guid":{"rendered":"https:\/\/www.bghaber.org\/bghaber\/?p=37245"},"modified":"2019-06-24T18:19:53","modified_gmt":"2019-06-24T15:19:53","slug":"razgrad-bolgesinde-yeni-sosyal-hizmetler","status":"publish","type":"post","link":"https:\/\/www.bghaber.org\/bghaber\/razgrad-bolgesinde-yeni-sosyal-hizmetler\/","title":{"rendered":"Razgrad b\u00f6lgesinde yeni sosyal hizmetler"},"content":{"rendered":"<p>B\u00f6lge Bilgi Merkezi Direkt\u00f6r\u00fc Julian Danailov, Razgrad b\u00f6lgesinde t\u00fcm belediyelerde onaylanan projelere g\u00f6re 385 ki\u015fiye hizmet verilece\u011fini a\u00e7\u0131klad\u0131.<\/p>\n<p>Entegre hizmetler 12 ay boyunca sa\u011flanacak ve her muhta\u00e7 g\u00fcnde iki saate kadar sa\u011fl\u0131k ve sosyal yard\u0131m alabilecektir. Ama\u00e7, ev ortam\u0131nda bir hizmet a\u011f\u0131 olu\u015fturmak ve 65 ya\u015f \u00fcst\u00fc ya\u015fl\u0131lara ve engellilere evlerde saatlik mobil sa\u011fl\u0131k ve sosyal hizmetler sa\u011flamakt\u0131r.Proje faaliyetlerinin psikolojik destek sa\u011flanmas\u0131 planlanmaktad\u0131r.<\/p>\n<p>&nbsp;<\/p>\n<p>BNR<\/p>\n<div id=\"bghab-1744360379\" class=\"bghab-yazi-altinda bghab-entity-placement\"><script async src=\"https:\/\/pagead2.googlesyndication.com\/pagead\/js\/adsbygoogle.js\"><\/script>\r\n<!-- bghaber-yaz\u0131-sonu -->\r\n<ins class=\"adsbygoogle\"\r\n     style=\"display:block\"\r\n     data-ad-client=\"ca-pub-6203283170189293\"\r\n     data-ad-slot=\"4222328180\"\r\n     data-ad-format=\"auto\"\r\n     data-full-width-responsive=\"true\"><\/ins>\r\n<script>\r\n     (adsbygoogle = window.adsbygoogle || []).push({});\r\n<\/script><\/div><br style=\"clear: both; display: block; float: none;\"\/>","protected":false},"excerpt":{"rendered":"<p>B\u00f6lge Bilgi Merkezi Direkt\u00f6r\u00fc Julian Danailov, Razgrad b\u00f6lgesinde t\u00fcm belediyelerde onaylanan projelere g\u00f6re 385 ki\u015fiye hizmet verilece\u011fini a\u00e7\u0131klad\u0131. Entegre hizmetler 12 ay boyunca sa\u011flanacak ve<\/p>\n","protected":false},"author":13,"featured_media":37246,"comment_status":"closed","ping_status":"closed","sticky":false,"template":"","format":"standard","meta":{"advanced_seo_description":"","jetpack_seo_html_title":"","jetpack_seo_noindex":false,"jetpack_seo_schema_type":"","_jetpack_newsletter_access":"","_jetpack_dont_email_post_to_subs":false,"_jetpack_newsletter_tier_id":0,"_jetpack_memberships_contains_paywalled_content":false,"_jetpack_feature_clip_id":0,"_jetpack_memberships_contains_paid_content":false,"footnotes":"","jetpack_post_was_ever_published":false},"categories":[5],"tags":[30,1907,92,1345],"class_list":["post-37245","post","type-post","status-publish","format-standard","has-post-thumbnail","hentry","category-yasam","tag-bulgaristan","tag-julian-danailov","tag-razgrad","tag-sosyal-hizmetler"],"jetpack_sharing_enabled":true,"jetpack_likes_enabled":true,"jetpack-related-posts":[],"jetpack_shortlink":"https:\/\/wp.me\/pc2PfJ-9GJ","jetpack_featured_media_url":"https:\/\/i0.wp.com\/www.bghaber.org\/bghaber\/wp-content\/uploads\/2019\/06\/Razgrad-b%C3%B6lgesinde-yeni-sosyal-hizmetler.jpg?fit=925%2C520&ssl=1","_links":{"self":[{"href":"https:\/\/www.bghaber.org\/bghaber\/wp-json\/wp\/v2\/posts\/37245","targetHints":{"allow":["GET"]}}],"collection":[{"href":"https:\/\/www.bghaber.org\/bghaber\/wp-json\/wp\/v2\/posts"}],"about":[{"href":"https:\/\/www.bghaber.org\/bghaber\/wp-json\/wp\/v2\/types\/post"}],"author":[{"embeddable":true,"href":"https:\/\/www.bghaber.org\/bghaber\/wp-json\/wp\/v2\/users\/13"}],"replies":[{"embeddable":true,"href":"https:\/\/www.bghaber.org\/bghaber\/wp-json\/wp\/v2\/comments?post=37245"}],"version-history":[{"count":0,"href":"https:\/\/www.bghaber.org\/bghaber\/wp-json\/wp\/v2\/posts\/37245\/revisions"}],"wp:featuredmedia":[{"embeddable":true,"href":"https:\/\/www.bghaber.org\/bghaber\/wp-json\/wp\/v2\/media\/37246"}],"wp:attachment":[{"href":"https:\/\/www.bghaber.org\/bghaber\/wp-json\/wp\/v2\/media?parent=37245"}],"wp:term":[{"taxonomy":"category","embeddable":true,"href":"https:\/\/www.bghaber.org\/bghaber\/wp-json\/wp\/v2\/categories?post=37245"},{"taxonomy":"post_tag","embeddable":true,"href":"https:\/\/www.bghaber.org\/bghaber\/wp-json\/wp\/v2\/tags?post=37245"}],"curies":[{"name":"wp","href":"https:\/\/api.w.org\/{rel}","templated":true}]}}