{"id":37242,"date":"2019-06-12T17:00:36","date_gmt":"2019-06-12T14:00:36","guid":{"rendered":"https:\/\/www.bghaber.org\/bghaber\/?p=37242"},"modified":"2019-06-24T18:19:53","modified_gmt":"2019-06-24T15:19:53","slug":"tihomir-radev-jules-verne-romaninda-oldugu-gibi-tuna-nehrini-kano-ile-asacak","status":"publish","type":"post","link":"https:\/\/www.bghaber.org\/bghaber\/tihomir-radev-jules-verne-romaninda-oldugu-gibi-tuna-nehrini-kano-ile-asacak\/","title":{"rendered":"Tihomir Radev, Jules Verne roman\u0131nda oldu\u011fu gibi Tuna nehrini kano ile a\u015facak"},"content":{"rendered":"<p>\u015eumen\u2019li Tihomir Radev, Jules Verne\u2019nin \u201cTuna K\u0131lavuzu\u201d roman\u0131ndan karakteri \u00f6rnek alarak Tuna nehrini kanoyla a\u015fmaya haz\u0131rlan\u0131yor. \u015eimdiye kadar kimse, romanda\u00a0anlat\u0131lan \u015fartlarda Tuna\u2019y\u0131 a\u015fma giri\u015fiminde bulunmam\u0131\u015ft\u0131r.<\/p>\n<p>Tuna nehrinin kaynaklar\u0131ndan ba\u015flayacak olan 47 ya\u015f\u0131ndaki Tihomir, sadece Tuna nehrinin ve k\u0131y\u0131lar\u0131n\u0131n sundu\u011fu g\u0131dalarla beslenecek. Kano ustas\u0131 bir tek i\u00e7me suyunu sat\u0131n alacak. Tihomir Radev, 9 Haziran\u2019da Almanya yolcusu oldu, bu g\u00fcn ise Tuna maceras\u0131na Ingolstadt&#8217;tan ba\u015flad\u0131 ve A\u011fustos ay\u0131n\u0131n sonunda Tuna deltas\u0131 yak\u0131n\u0131nda son bulmas\u0131 bekleniyor.<\/p>\n<p>\u015eumenli maceraperest, 2500 km\u2019lik yolculu\u011fu 28 kg a\u011f\u0131rl\u0131\u011f\u0131nda, be\u015f metre uzunlu\u011funda ve 63 cm geni\u015fli\u011finde plastik kanoyla ger\u00e7ekle\u015ftirecek. Macera tutkunu, &#8220;Tuna K\u0131lavuzu\u201d roman\u0131n\u0131 okudu\u011fu 10-12 ya\u015f\u0131ndaki \u00e7ocukluk hayalini ger\u00e7ekle\u015ftirmek istedi\u011fini belirtti. Bu y\u00fczden Tihomir gen\u00e7ler ve yeti\u015fkinlere bir mesaj g\u00f6nderdi:<i><br \/>\n<\/i><\/p>\n<p><i>\u201cDijital d\u00fcnyas\u0131 d\u0131\u015f\u0131nda da hayal g\u00fcc\u00fcn\u00fc kullans\u0131nlar, maceralar\u0131n pe\u015finden ko\u015fsunlar, yeti\u015fkinlere ise \u00e7ocukluk hayallerinin pe\u015fini b\u0131rakmas\u0131nlar, \u00e7\u00fcnk\u00fc onlar\u0131n ger\u00e7ekle\u015fmesi i\u00e7in hi\u00e7bir zaman ge\u00e7 de\u011fildir\u201d.<\/i><\/p>\n<p>&#8220;Hayatta kalma modunda&#8221; Tihomir Radev, Bulgaristan turunu y\u00fcreyerek ger\u00e7ekle\u015ftirdi. Ayr\u0131ca kendi elleriyle yapt\u0131\u011f\u0131 yelkenli sal ve ve deniz bisikleti ile Tuna nehrini defalarca a\u015ft\u0131. Kendi \u00e7ocukluk hayalini ger\u00e7ekle\u015ftirmek amac\u0131yla maceraperest, Tuna nehrini yakla\u015f\u0131k iki y\u0131l boyunca incelemi\u015f.<\/p><div id=\"bghab-1313668012\" class=\"bghab-icerik-icine bghab-entity-placement\"><script async src=\"\/\/pagead2.googlesyndication.com\/pagead\/js\/adsbygoogle.js?client=ca-pub-6203283170189293\" crossorigin=\"anonymous\"><\/script><ins class=\"adsbygoogle\" style=\"display:block; text-align:center;\" data-ad-client=\"ca-pub-6203283170189293\" \ndata-ad-slot=\"7303146466\" \ndata-ad-layout=\"in-article\"\ndata-ad-format=\"fluid\" data-full-width-responsive=\"true\"><\/ins>\n<script> \n(adsbygoogle = window.adsbygoogle || []).push({}); \n<\/script>\n<\/div>\n<p>&nbsp;<\/p>\n<p>BNR<\/p>\n<div id=\"bghab-2626912789\" class=\"bghab-yazi-altinda bghab-entity-placement\"><script async src=\"https:\/\/pagead2.googlesyndication.com\/pagead\/js\/adsbygoogle.js\"><\/script>\r\n<!-- bghaber-yaz\u0131-sonu -->\r\n<ins class=\"adsbygoogle\"\r\n     style=\"display:block\"\r\n     data-ad-client=\"ca-pub-6203283170189293\"\r\n     data-ad-slot=\"4222328180\"\r\n     data-ad-format=\"auto\"\r\n     data-full-width-responsive=\"true\"><\/ins>\r\n<script>\r\n     (adsbygoogle = window.adsbygoogle || []).push({});\r\n<\/script><\/div><br style=\"clear: both; display: block; float: none;\"\/>","protected":false},"excerpt":{"rendered":"<p>\u015eumen\u2019li Tihomir Radev, Jules Verne\u2019nin \u201cTuna K\u0131lavuzu\u201d roman\u0131ndan karakteri \u00f6rnek alarak Tuna nehrini kanoyla a\u015fmaya haz\u0131rlan\u0131yor. \u015eimdiye kadar kimse, romanda\u00a0anlat\u0131lan \u015fartlarda Tuna\u2019y\u0131 a\u015fma giri\u015fiminde bulunmam\u0131\u015ft\u0131r.<\/p>\n","protected":false},"author":13,"featured_media":37243,"comment_status":"closed","ping_status":"closed","sticky":false,"template":"","format":"standard","meta":{"advanced_seo_description":"","jetpack_seo_html_title":"","jetpack_seo_noindex":false,"jetpack_seo_schema_type":"","_jetpack_newsletter_access":"","_jetpack_dont_email_post_to_subs":false,"_jetpack_newsletter_tier_id":0,"_jetpack_memberships_contains_paywalled_content":false,"_jetpack_feature_clip_id":0,"_jetpack_memberships_contains_paid_content":false,"footnotes":"","jetpack_post_was_ever_published":false},"categories":[5],"tags":[256,30,1906,167],"class_list":["post-37242","post","type-post","status-publish","format-standard","has-post-thumbnail","hentry","category-yasam","tag-almanya","tag-bulgaristan","tag-tihomir-radev","tag-tuna"],"jetpack_sharing_enabled":true,"jetpack_likes_enabled":true,"jetpack-related-posts":[],"jetpack_shortlink":"https:\/\/wp.me\/pc2PfJ-9GG","jetpack_featured_media_url":"https:\/\/i0.wp.com\/www.bghaber.org\/bghaber\/wp-content\/uploads\/2019\/06\/Tihomir-Radev.jpg?fit=925%2C520&ssl=1","_links":{"self":[{"href":"https:\/\/www.bghaber.org\/bghaber\/wp-json\/wp\/v2\/posts\/37242","targetHints":{"allow":["GET"]}}],"collection":[{"href":"https:\/\/www.bghaber.org\/bghaber\/wp-json\/wp\/v2\/posts"}],"about":[{"href":"https:\/\/www.bghaber.org\/bghaber\/wp-json\/wp\/v2\/types\/post"}],"author":[{"embeddable":true,"href":"https:\/\/www.bghaber.org\/bghaber\/wp-json\/wp\/v2\/users\/13"}],"replies":[{"embeddable":true,"href":"https:\/\/www.bghaber.org\/bghaber\/wp-json\/wp\/v2\/comments?post=37242"}],"version-history":[{"count":0,"href":"https:\/\/www.bghaber.org\/bghaber\/wp-json\/wp\/v2\/posts\/37242\/revisions"}],"wp:featuredmedia":[{"embeddable":true,"href":"https:\/\/www.bghaber.org\/bghaber\/wp-json\/wp\/v2\/media\/37243"}],"wp:attachment":[{"href":"https:\/\/www.bghaber.org\/bghaber\/wp-json\/wp\/v2\/media?parent=37242"}],"wp:term":[{"taxonomy":"category","embeddable":true,"href":"https:\/\/www.bghaber.org\/bghaber\/wp-json\/wp\/v2\/categories?post=37242"},{"taxonomy":"post_tag","embeddable":true,"href":"https:\/\/www.bghaber.org\/bghaber\/wp-json\/wp\/v2\/tags?post=37242"}],"curies":[{"name":"wp","href":"https:\/\/api.w.org\/{rel}","templated":true}]}}