{"id":37218,"date":"2019-06-12T12:25:09","date_gmt":"2019-06-12T09:25:09","guid":{"rendered":"https:\/\/www.bghaber.org\/bghaber\/?p=37218"},"modified":"2019-06-24T18:19:54","modified_gmt":"2019-06-24T15:19:54","slug":"bulgaristanda-cevrecilerden-karadenizin-dengesiz-insaatlasmasina-karsi-protestolar","status":"publish","type":"post","link":"https:\/\/www.bghaber.org\/bghaber\/bulgaristanda-cevrecilerden-karadenizin-dengesiz-insaatlasmasina-karsi-protestolar\/","title":{"rendered":"Bulgaristan&#8217;da \u00e7evrecilerden Karadeniz\u2019in dengesiz in\u015faatla\u015fmas\u0131na kar\u015f\u0131 protestolar"},"content":{"rendered":"<p>Sivil toplum \u00f6rg\u00fctleri, Bakanlar Kuruluna sunduklar\u0131 belgede, s\u00f6z\u00fcm ona &#8220;Bulgaristan k\u0131y\u0131lar\u0131nda dayan\u0131lmaz kalabal\u0131k ortama ve sivil haklar\u0131n s\u0131n\u0131rland\u0131r\u0131lmas\u0131na&#8221; kar\u015f\u0131 tutumlar\u0131n\u0131 bildirdiler.<\/p>\n<p>\u00c7evreci Toma Belev, BNR\u2019ye verdi\u011fi deme\u00e7te, 20&#8217;den fazla kez de\u011fi\u015fikliklerin getirildi\u011fi Karadeniz Sahilleri Y\u00f6netimi Yasas\u0131\u2019na genel de\u011ferlendirme ve uygulanma analizi yap\u0131lmas\u0131 gerekti\u011fini, s\u00f6yledi.<\/p>\n<p>&nbsp;<\/p>\n<p>BNR<\/p>\n<div id=\"bghab-253353783\" class=\"bghab-yazi-altinda bghab-entity-placement\"><script async src=\"https:\/\/pagead2.googlesyndication.com\/pagead\/js\/adsbygoogle.js\"><\/script>\r\n<!-- bghaber-yaz\u0131-sonu -->\r\n<ins class=\"adsbygoogle\"\r\n     style=\"display:block\"\r\n     data-ad-client=\"ca-pub-6203283170189293\"\r\n     data-ad-slot=\"4222328180\"\r\n     data-ad-format=\"auto\"\r\n     data-full-width-responsive=\"true\"><\/ins>\r\n<script>\r\n     (adsbygoogle = window.adsbygoogle || []).push({});\r\n<\/script><\/div><br style=\"clear: both; display: block; float: none;\"\/>","protected":false},"excerpt":{"rendered":"<p>Sivil toplum \u00f6rg\u00fctleri, Bakanlar Kuruluna sunduklar\u0131 belgede, s\u00f6z\u00fcm ona &#8220;Bulgaristan k\u0131y\u0131lar\u0131nda dayan\u0131lmaz kalabal\u0131k ortama ve sivil haklar\u0131n s\u0131n\u0131rland\u0131r\u0131lmas\u0131na&#8221; kar\u015f\u0131 tutumlar\u0131n\u0131 bildirdiler. \u00c7evreci Toma Belev, BNR\u2019ye<\/p>\n","protected":false},"author":13,"featured_media":37219,"comment_status":"closed","ping_status":"closed","sticky":false,"template":"","format":"standard","meta":{"advanced_seo_description":"","jetpack_seo_html_title":"","jetpack_seo_noindex":false,"jetpack_seo_schema_type":"","_jetpack_newsletter_access":"","_jetpack_dont_email_post_to_subs":false,"_jetpack_newsletter_tier_id":0,"_jetpack_memberships_contains_paywalled_content":false,"_jetpack_feature_clip_id":0,"_jetpack_memberships_contains_paid_content":false,"footnotes":"","jetpack_post_was_ever_published":false},"categories":[5],"tags":[30,1896,1148,596],"class_list":["post-37218","post","type-post","status-publish","format-standard","has-post-thumbnail","hentry","category-yasam","tag-bulgaristan","tag-cevreciler","tag-insaat","tag-karadeniz"],"jetpack_sharing_enabled":true,"jetpack_likes_enabled":true,"jetpack-related-posts":[],"jetpack_shortlink":"https:\/\/wp.me\/pc2PfJ-9Gi","jetpack_featured_media_url":"https:\/\/i0.wp.com\/www.bghaber.org\/bghaber\/wp-content\/uploads\/2019\/06\/toprak-yol-k%C4%B1y%C4%B1-k%C4%B1rsal.jpg?fit=925%2C520&ssl=1","_links":{"self":[{"href":"https:\/\/www.bghaber.org\/bghaber\/wp-json\/wp\/v2\/posts\/37218","targetHints":{"allow":["GET"]}}],"collection":[{"href":"https:\/\/www.bghaber.org\/bghaber\/wp-json\/wp\/v2\/posts"}],"about":[{"href":"https:\/\/www.bghaber.org\/bghaber\/wp-json\/wp\/v2\/types\/post"}],"author":[{"embeddable":true,"href":"https:\/\/www.bghaber.org\/bghaber\/wp-json\/wp\/v2\/users\/13"}],"replies":[{"embeddable":true,"href":"https:\/\/www.bghaber.org\/bghaber\/wp-json\/wp\/v2\/comments?post=37218"}],"version-history":[{"count":0,"href":"https:\/\/www.bghaber.org\/bghaber\/wp-json\/wp\/v2\/posts\/37218\/revisions"}],"wp:featuredmedia":[{"embeddable":true,"href":"https:\/\/www.bghaber.org\/bghaber\/wp-json\/wp\/v2\/media\/37219"}],"wp:attachment":[{"href":"https:\/\/www.bghaber.org\/bghaber\/wp-json\/wp\/v2\/media?parent=37218"}],"wp:term":[{"taxonomy":"category","embeddable":true,"href":"https:\/\/www.bghaber.org\/bghaber\/wp-json\/wp\/v2\/categories?post=37218"},{"taxonomy":"post_tag","embeddable":true,"href":"https:\/\/www.bghaber.org\/bghaber\/wp-json\/wp\/v2\/tags?post=37218"}],"curies":[{"name":"wp","href":"https:\/\/api.w.org\/{rel}","templated":true}]}}