{"id":36758,"date":"2019-05-30T21:06:42","date_gmt":"2019-05-30T18:06:42","guid":{"rendered":"https:\/\/www.bghaber.org\/bghaber\/?p=36758"},"modified":"2019-05-31T20:32:47","modified_gmt":"2019-05-31T17:32:47","slug":"turk-dunyasinda-soykirim-konferansi","status":"publish","type":"post","link":"https:\/\/www.bghaber.org\/bghaber\/turk-dunyasinda-soykirim-konferansi\/","title":{"rendered":"T\u00fcrk D\u00fcnyas\u0131&#8217;nda Soyk\u0131r\u0131m Konferans\u0131"},"content":{"rendered":"<p>Konferans 30.05.2019&#8217;da BULT\u00dcRK Genel Merkezinde yap\u0131ld\u0131.<\/p>\n<p><em><strong>BULT\u00dcRK Genel Sekreteri Elif G\u00dcNE\u015e toplant\u0131n\u0131n a\u00e7\u0131l\u0131\u015f\u0131nda bir \u015fiir ile ba\u015flad\u0131;<\/strong><\/em><\/p>\n<p><em>Biz <\/em>Bulgaristanl\u0131 <em>T\u00fcrkleriz<br \/>\n<\/em>Ad\u0131ndan, <em>dilinden, dininden mahrum bir millet,<br \/>\nNeremize <\/em>baksan\u0131z,<br \/>\n<em>Bir yara g\u00f6receksiniz kanayan<br \/>\n<\/em>A\u011flayan <em>bir <\/em>y\u00fcre\u011fin d\u00f6k\u00fcl\u00fc\u015f\u00fcn\u00fc <em>g\u00f6receksiniz<br \/>\nDamla damla g\u00f6zlerimizden.<\/em><\/p>\n<p>Evet Bulgaristan&#8217;\u0131n 1984-1989 y\u0131llar\u0131 aras\u0131nda T\u00fcrklere y\u00f6nelik uygulad\u0131\u011f\u0131 asimilasyon politikas\u0131ndan ka\u00e7an yakla\u015f\u0131k sadece 3 ayda 350 bin ki\u015finin &#8220;zorunlu g\u00f6\u00e7\u00fc \u201cn\u00fcn \u00fczerinden 30 y\u0131l ge\u00e7ti. Bulgaristan&#8217;da 1984 y\u0131l\u0131nda, Sovyet Rusyan\u0131n icraat\u0131n\u0131n oldu\u011funu Osmanl\u0131 zaman\u0131nda Bulgaristan&#8217;da ya\u015fayan Bulgarlar\u0131n, mecburen Hristiyanl\u0131ktan \u00e7\u0131k\u0131p M\u00fcsl\u00fcmanl\u0131\u011f\u0131 kabul ettikleri ve T\u00fcrk olduklar\u0131n\u0131n iddia edildi\u011fini bu icraat kapsam\u0131nda, Kom\u00fcnist Parti&#8217;nin, Bulgaristan&#8217;da ya\u015fayan T\u00fcrklerin, Bulgarl\u0131\u011fa d\u00f6nmesi i\u00e7in isimlerinin de\u011fi\u015fmesini ve b\u00f6ylelikle tek millet, tek ulus, tek dil olarak ulus devlet olu\u015fturulmas\u0131n\u0131n istendi\u011fini. <strong>1946 y\u0131l\u0131nda Bulgaristan\u2019da oylama ile krall\u0131k kald\u0131r\u0131lmas\u0131ndan ve cumhuriyet ilan edilmesinden sonra, 27 Ekim 1946\u2019da yap\u0131lan se\u00e7imleri Kom\u00fcnist Parti kazand\u0131. Ard\u0131ndan 4 Aral\u0131k 1947\u2019de kom\u00fcnizm esaslar\u0131na dayal\u0131 yeni anayasa kabul edildi. Bu Bulgaristan i\u00e7in bir d\u00f6nemin ba\u015flang\u0131c\u0131 oldu.<\/strong><strong>\u201c<\/strong>Yeniden Canlanma\u201dn\u0131n ilk a\u015famas\u0131 Ocak 1985\u2019e kadar s\u00fcrd\u00fc. Bu noktada g\u00fcneydo\u011fu Rodop B\u00f6lgesinde yasayan b\u00fct\u00fcn T\u00fcrklerin ve Pomaklar\u0131n isimleri zorla Bulgar ismi ile de\u011fi\u015ftirildi. <strong>1984-85 y\u0131llar\u0131nda resmi rakamlarda toplam 2.800.000 pasaport de\u011fi\u015fimi yap\u0131lm\u0131\u015ft\u0131r<\/strong>. Burada Bulgarlar\u0131n da de\u011fi\u015ftirildi\u011fini d\u00fc\u015f\u00fcnelim 150.000 civar\u0131nda kald\u0131 2.650.000 ki\u015fi. Burada Pomak Karde\u015flerimizin isimleri 1972 y\u0131l\u0131nda de\u011fi\u015fti ve Roman (\u00c7ingene) karde\u015flerimizin de 1970 y\u0131l\u0131nda de\u011fi\u015fmi\u015fti yani bunlar hesapta yoklar. 2. D\u00fcnya Sava\u015f\u0131&#8217;ndan sonra ya\u015fanan en b\u00fcy\u00fck kitlesel g\u00f6\u00e7 olay\u0131 olan 1989 Bulgaristan&#8217;dan Zorunlu G\u00f6\u00e7&#8217;\u00fcn 30.y\u0131l d\u00f6n\u00fcm\u00fc sebebiyle bu g\u00fcn <strong>\u201cT\u00fcrk D\u00fcnyas\u0131nda soyk\u0131r\u0131mlar\u201d<\/strong> ad\u0131nda bu konferans\u0131m\u0131za kat\u0131l\u0131m\u0131n\u0131z i\u00e7in te\u015fekk\u00fcr ediyorum ho\u015f geldiniz sefalar getirdiniz.<\/p>\n<p><strong>Ard\u0131ndan Protokol konu\u015fmalar\u0131 ba\u015flad\u0131. Rafet ULUT\u00dcRK\u2019\u00fcn A\u00e7\u0131l\u0131\u015f konu\u015fmas\u0131ndan sonra <\/strong><strong>k\u00fcrs\u00fcye CHP Bursa Milletvekili Prof. Dr. Y\u00fcksel \u00d6ZKAN\u2019\u0131 davet etti. Y. \u00d6ZKAN;<\/strong><em><br \/>\n\u201c<\/em><em>Ben \u00f6ncelikle beni davet eden Rafet karde\u015fime te\u015fekk\u00fcr ediyorum. Hangi sivil toplum \u00f6rg\u00fct\u00fc olursa olsun \u00fclke yarar\u0131na katk\u0131 koyan temsil ettikleri kitle yarar\u0131na katk\u0131 koyan herkesi sayg\u0131yla selaml\u0131yorum. Bu STK\u2019larda \u00e7al\u0131\u015fanlar b\u00fcy\u00fck bir \u00f6z veride bulunduklar\u0131n\u0131 da \u00e7ok iyi biliyorum. Konferans\u0131n\u0131z\u0131n konusu 89 g\u00f6\u00e7\u00fcn\u00fcn 30.y\u0131l\u0131 Asl\u0131nda bu bir kutlama de\u011fil bu ac\u0131 g\u00fcn\u00fcn\u00fc anmad\u0131r. Unutulmamal\u0131d\u0131r ki davalar\u0131 u\u011fruna kimliklerini koruma u\u011fruna T\u00fcrk ve M\u00fcsl\u00fcman olduklar\u0131 i\u00e7in ger\u00e7ekten ac\u0131mas\u0131z bir asimilasyon politikalar\u0131na tabi tutan Bulgaristan T\u00fcrklerinin 89 y\u0131l\u0131nda Anavatan kap\u0131lar\u0131n\u0131 sonuna kadar a\u00e7m\u0131\u015ft\u0131r. O d\u00f6nem 70 g\u00fcnde 370.000 ki\u015fi yani 2.D\u00fcnya sava\u015f\u0131ndan sonra o tarihe kadar ger\u00e7ekle\u015fen en b\u00fcy\u00fck g\u00f6\u00e7t\u00fcr. Bizler Ana-Vatana m\u00fcte\u015fekkiriz. Bizler g\u00f6\u00e7men de\u011filiz, bizler \u00f6z ve \u00f6z Anadolu T\u00fcrk\u00fcy\u00fcz Anadolu T\u00fcrkmenlerindeniz. Anadolu\u2019nun her k\u00f6\u015fesinden Osmanl\u0131n\u0131n iskan politikalar\u0131 \u00e7er\u00e7evesinde bizler oralara gidenlerdeniz.\u201d dedi.<\/em><\/p><div id=\"bghab-703250460\" class=\"bghab-icerik-icine bghab-entity-placement\"><script async src=\"\/\/pagead2.googlesyndication.com\/pagead\/js\/adsbygoogle.js?client=ca-pub-6203283170189293\" crossorigin=\"anonymous\"><\/script><ins class=\"adsbygoogle\" style=\"display:block; text-align:center;\" data-ad-client=\"ca-pub-6203283170189293\" \ndata-ad-slot=\"7303146466\" \ndata-ad-layout=\"in-article\"\ndata-ad-format=\"fluid\" data-full-width-responsive=\"true\"><\/ins>\n<script> \n(adsbygoogle = window.adsbygoogle || []).push({}); \n<\/script>\n<\/div>\n<p><strong>Ard\u0131ndan MHP \u0130stanbul K\u00fc\u00e7\u00fck\u00e7ekmece Ba\u015fkan Yrd. Ercan TA\u015e<\/strong> s\u00f6z\u00fc ald\u0131. <em>konu\u015fmas\u0131nda: \u201cBiz T\u00fcrklerin tarih boyunca g\u00f6\u00e7lerle ilgili ya\u015fanm\u0131\u015f b\u00fcy\u00fck ac\u0131lar\u0131 vard\u0131r. Balkanlardan ya\u015fanan g\u00f6\u00e7ler yak\u0131n tarihimizin en fazla kan ve g\u00f6zya\u015f\u0131n\u0131n d\u00f6k\u00fcld\u00fc\u011f\u00fc, en b\u00fcy\u00fck ac\u0131lar\u0131n ya\u015fand\u0131\u011f\u0131 g\u00f6\u00e7lerdir. dedi. <\/em><\/p>\n<p>CHP \u0130stanbul \u0130l Meclis \u00dcyesi ve Bulgaristan T\u00fcrkleri Evlad\u0131 Fatihan Platformu Genel Ba\u015fkan\u0131 Sn. Orhan \u00c7AKIR <em>Bulgaristan\u2019da ya\u015fanan bu utan\u00e7 verici asimilasyon \u00e7al\u0131\u015fmalar\u0131n\u0131 hakl\u0131 g\u00f6sterme \u00e7abas\u0131nda olan baz\u0131 giri\u015fim, s\u00f6z ve eylemleri tasnif etmek m\u00fcmk\u00fcn de\u011fildir. Zorunlu G\u00f6\u00e7 ile ilgili bilgilerin tarih kitaplar\u0131nda yer almad\u0131\u011f\u0131n\u0131 belirtti, tarihte yer almam\u0131z i\u00e7in herkesi g\u00f6\u00e7 an\u0131lar\u0131n\u0131 yazmaya davet etti.<\/em> <em>D\u00fcnyada tarih bilimiyle u\u011fra\u015fan b\u00fct\u00fcn bilim adamlar\u0131, hem fikirlerdir ki Bulgaristan\u2019da ya\u015fayan T\u00fcrk az\u0131nl\u0131\u011f\u0131n mensuplar\u0131 Osmanl\u0131lar d\u00f6neminde balkanlara yerle\u015ftirilen T\u00fcrklerdir, Tarihimizin kay\u0131t alt\u0131na al\u0131nmas\u0131 sizlerin bu de\u011ferli bilgileri aktarmas\u0131na ba\u011fl\u0131. G\u00f6\u00e7 \u00f6ncesi, g\u00f6\u00e7 s\u0131ras\u0131nda ve g\u00f6\u00e7 sonras\u0131 ya\u015fananlar akl\u0131m\u0131zdan silinmeyecek, bunlar\u0131 gen\u00e7 ku\u015faklara aktarmam\u0131z gerekecek. G\u00f6\u00e7ler bir daha ya\u015fanmas\u0131n, toplumlar bar\u0131\u015f i\u00e7inde ya\u015fas\u0131nlar\u201d dedi.<\/em> \u00c7AKIR\u2019\u0131n konu\u015fmas\u0131ndan sonra iftara ge\u00e7ildi.<\/p>\n<p><strong>\u0130ftardan sonra Konferans\u2019a ge\u00e7ildi;<\/strong><\/p>\n<p><strong>\u00a0 \u00a0 \u00a0 \u00a0Konferansta Konu\u015fmac\u0131lar;<\/strong><\/p>\n<ul>\n<li><em><a href=\"https:\/\/bulturk.org.tr\/v2\/dogu-turkistandaki-soykirim\/\">\u201cDo\u011fu T\u00fcrkistan\u2019da Soyk\u0131r\u0131m\u201d konusunda \u2013 Sn. Abdullah O\u011fuz<\/a> \u2013 Do\u011fu T\u00fcrkistan Vakf\u0131 M\u00fctevelli heyeti,<\/em><\/li>\n<li><em>Bulgaristan\u2019dan Moldova\u2019ya Gagauz g\u00f6\u00e7leri \u2013 Necdet ERTU\u011eRUL \u2013 Gagauz Derne\u011fi Ba\u015fkan\u0131,<\/em><\/li>\n<li><em>Balkanlardan Kafkaslara Nogay G\u00f6\u00e7leri-Veysel DEM\u0130R- Nogay T\u00fcrkleri Derne\u011fi Ba\u015fkan\u0131,<\/em><\/li>\n<li><em>Bulgaristan\u2019dan T\u00fcrkiye\u2019ye g\u00f6\u00e7ler konusunda BULT\u00dcRK Genel Sekreteri Elif G\u00dcNE\u015e.<\/em><\/li>\n<li><em><a href=\"https:\/\/www.bghaber.org\/bghaber\/buyuk-goc-30-yasinda\/\">Rafet ULUT\u00dcRK\u2019\u00fcn konu\u015fmas\u0131<\/a><\/em><\/li>\n<\/ul>\n<p>BULT\u00dcRK Derne\u011fi olarak d\u00fczenlemi\u015f oldu\u011fumuz <strong>\u201cT\u00dcRK D\u00dcNYASINDA SOYKIRIMLAR \u201c<\/strong> konulu konferans\u0131m\u0131za kat\u0131lan ve konu\u015fmac\u0131 olarak kat\u0131l\u0131m g\u00f6stermek i\u00e7in T\u00fcrk D\u00fcnyas\u0131n\u0131n geni\u015f co\u011frafyas\u0131ndan gelerek bizleri onurland\u0131ran, \u00d6ncelikle CHP Bursa Milletvekili B\u00fcy\u00fc\u011f\u00fcm\u00fcz Abimiz Prof. Dr. Y\u00fcksel \u00d6ZKAN Beyefendiye, MHP \u0130stanbul \u0130l Ba\u015fkan Yard\u0131mc\u0131s\u0131 B\u00fclent Ma\u015fao\u011flu\u2019na, S\u0131nav Dershanesi Sahibi Hasan MUTLU, MHP 3.B\u00f6lge Ba\u015fkan\u0131 Sevim AVCI, BAYRAMPA\u015eA &#8211; \u015eehit B\u00fcy\u00fckel\u00e7i \u0130smail Erez Mesleki ve Teknik Anadolu Lisesi M\u00fcd\u00fcr\u00fc Sn. Cemalettin KO\u00c7AK, av.G\u00fcl\u015fen \u00dc\u00c7KARDE\u015eLER &#8211; Bayrampa\u015fa avukat\u0131, Veysel DEM\u0130R- Nogay T\u00fcrkleri Derne\u011fi Ba\u015fkan\u0131, Bayrampa\u015fa Sa\u011f\u0131l\u0131k grup Ba\u015fkan\u0131 Ayd\u0131n Bey, Yeni \u00c7a\u011f\u0131 Gazetesi yazar\u0131 Arslan BULUT, Osmar CRYSTAL-O s m a n DUMAN, Ercan TA\u015e-Egeliler E\u011fitim K\u00fclt\u00fcr Yard\u0131mla\u015fma Dayan\u0131\u015fma Derne\u011fi Ba\u015fkan\u0131, Agil Sametbeyli-T\u00fcm Azerbaycanl\u0131lar Derne\u011fi Ba\u015fkan\u0131, Vedat MOL-Rumeli Balkan Trakya Platformu Genel Ba\u015fkan\u0131, Necdet ERTU\u011eRUL &#8211; Gagauz Derne\u011fi Ba\u015fkan\u0131, Bayrampa\u015fa G\u00fcndem gazete sahibi Mehmet CEYLAN ve Bayrampa\u015fa Haber gazetesi sahibi Y\u0131lmaz B\u0130R\u0130NC\u0130, BGSAM Ba\u015fkan\u0131 Erdal KARABA\u015e, Ka\u011f\u0131thane Temsilcimiz Naz\u0131m \u00c7AVU\u015e, D\u00fczce Temsilcimiz Nevzat \u00d6ZT\u00dcRK&#8217;e kat\u0131l\u0131mlar\u0131ndan dolay\u0131 te\u015fekk\u00fcr ederiz. \u00d6zellikle bu ak\u015fam BULT\u00dcRK Derne\u011fine iftar konusunda yard\u0131m eden hay\u0131rseverlere t\u00fcm Bult\u00fcrk ad\u0131na te\u015fekk\u00fcr ediyoruz, Allah kendilerinden raz\u0131 olsun, Allah bereketlerini art\u0131rs\u0131n.<\/p><div id=\"bghab-834708006\" class=\"bghab-icerik-icine-10-paragraf bghab-entity-placement\"><script async src=\"\/\/pagead2.googlesyndication.com\/pagead\/js\/adsbygoogle.js?client=ca-pub-6203283170189293\" crossorigin=\"anonymous\"><\/script><ins class=\"adsbygoogle\" style=\"display:block; text-align:center;\" data-ad-client=\"ca-pub-6203283170189293\" \ndata-ad-slot=\"7303146466\" \ndata-ad-layout=\"in-article\"\ndata-ad-format=\"fluid\" data-full-width-responsive=\"true\"><\/ins>\n<script> \n(adsbygoogle = window.adsbygoogle || []).push({}); \n<\/script>\n<\/div>\n<p>Ayr\u0131ca da Osman DUMAN Abimizin Aksakal\u0131m\u0131z\u0131n k\u0131sa konu\u015fmas\u0131ndan sonra T\u00fcrk D\u00fcnyas\u0131 Ad\u0131na Ba\u015fkan\u0131m\u0131z Rafet ULUT\u00dcRK\u2019e T\u00fcrk D\u00fcnyas\u0131na ve Bulgaristan T\u00fcrklerine hizmetlerinden dolay\u0131 kupa vermesi bu g\u00fczel s\u00fcrprizi i\u00e7in kendilerine te\u015fekk\u00fcr ederim.<\/p>\n<p>Toplant\u0131m\u0131za ve iftar\u0131m\u0131za kat\u0131l\u0131m g\u00f6steren t\u00fcm dostlar\u0131m\u0131za da te\u015fekk\u00fcrlerimi sunar\u0131m.<\/p>\n<p>Elif G\u00dcNE\u015e<br \/>\nBULT\u00dcRK Derne\u011fi<br \/>\nGenel Sekreteri<\/p>\n<p>&nbsp;<\/p>\n<p>Not: Foto\u011fraflar i\u00e7in derne\u011fin sitesine bakabilirsiniz.<br \/>\nKaynak: <a href=\"https:\/\/bulturk.org.tr\/v2\/turk-dunyasinda-soykirim-konferansi\/\">bulturk.org.tr\u00a0<\/a><\/p>\n<p>&nbsp;<\/p>\n<p>&nbsp;<\/p>\n<p>&nbsp;<\/p>\n<div id=\"bghab-2821217579\" class=\"bghab-yazi-altinda bghab-entity-placement\"><script async src=\"https:\/\/pagead2.googlesyndication.com\/pagead\/js\/adsbygoogle.js\"><\/script>\r\n<!-- bghaber-yaz\u0131-sonu -->\r\n<ins class=\"adsbygoogle\"\r\n     style=\"display:block\"\r\n     data-ad-client=\"ca-pub-6203283170189293\"\r\n     data-ad-slot=\"4222328180\"\r\n     data-ad-format=\"auto\"\r\n     data-full-width-responsive=\"true\"><\/ins>\r\n<script>\r\n     (adsbygoogle = window.adsbygoogle || []).push({});\r\n<\/script><\/div><br style=\"clear: both; display: block; float: none;\"\/>","protected":false},"excerpt":{"rendered":"<p>Konferans 30.05.2019&#8217;da BULT\u00dcRK Genel Merkezinde yap\u0131ld\u0131. BULT\u00dcRK Genel Sekreteri Elif G\u00dcNE\u015e toplant\u0131n\u0131n a\u00e7\u0131l\u0131\u015f\u0131nda bir \u015fiir ile ba\u015flad\u0131; Biz Bulgaristanl\u0131 T\u00fcrkleriz Ad\u0131ndan, dilinden, dininden mahrum bir<\/p>\n","protected":false},"author":13,"featured_media":36773,"comment_status":"closed","ping_status":"closed","sticky":false,"template":"","format":"standard","meta":{"advanced_seo_description":"","jetpack_seo_html_title":"","jetpack_seo_noindex":false,"jetpack_seo_schema_type":"","_jetpack_newsletter_access":"","_jetpack_dont_email_post_to_subs":false,"_jetpack_newsletter_tier_id":0,"_jetpack_memberships_contains_paywalled_content":false,"_jetpack_feature_clip_id":0,"_jetpack_memberships_contains_paid_content":false,"footnotes":"","jetpack_post_was_ever_published":false},"categories":[1,10],"tags":[37,785,1787,562],"class_list":["post-36758","post","type-post","status-publish","format-standard","has-post-thumbnail","hentry","category-haberler","category-kultur-sanat","tag-bulturk","tag-bulturk-dernegi","tag-soykirim","tag-turk-dunyasi"],"jetpack_sharing_enabled":true,"jetpack_likes_enabled":true,"jetpack-related-posts":[],"jetpack_shortlink":"https:\/\/wp.me\/pc2PfJ-9yS","jetpack_featured_media_url":"https:\/\/i0.wp.com\/www.bghaber.org\/bghaber\/wp-content\/uploads\/2019\/05\/topt-chpp-scaled.jpg?fit=2560%2C1300&ssl=1","_links":{"self":[{"href":"https:\/\/www.bghaber.org\/bghaber\/wp-json\/wp\/v2\/posts\/36758","targetHints":{"allow":["GET"]}}],"collection":[{"href":"https:\/\/www.bghaber.org\/bghaber\/wp-json\/wp\/v2\/posts"}],"about":[{"href":"https:\/\/www.bghaber.org\/bghaber\/wp-json\/wp\/v2\/types\/post"}],"author":[{"embeddable":true,"href":"https:\/\/www.bghaber.org\/bghaber\/wp-json\/wp\/v2\/users\/13"}],"replies":[{"embeddable":true,"href":"https:\/\/www.bghaber.org\/bghaber\/wp-json\/wp\/v2\/comments?post=36758"}],"version-history":[{"count":0,"href":"https:\/\/www.bghaber.org\/bghaber\/wp-json\/wp\/v2\/posts\/36758\/revisions"}],"wp:featuredmedia":[{"embeddable":true,"href":"https:\/\/www.bghaber.org\/bghaber\/wp-json\/wp\/v2\/media\/36773"}],"wp:attachment":[{"href":"https:\/\/www.bghaber.org\/bghaber\/wp-json\/wp\/v2\/media?parent=36758"}],"wp:term":[{"taxonomy":"category","embeddable":true,"href":"https:\/\/www.bghaber.org\/bghaber\/wp-json\/wp\/v2\/categories?post=36758"},{"taxonomy":"post_tag","embeddable":true,"href":"https:\/\/www.bghaber.org\/bghaber\/wp-json\/wp\/v2\/tags?post=36758"}],"curies":[{"name":"wp","href":"https:\/\/api.w.org\/{rel}","templated":true}]}}