{"id":35179,"date":"2019-03-28T20:22:13","date_gmt":"2019-03-28T17:22:13","guid":{"rendered":"https:\/\/www.bghaber.org\/bghaber\/?p=35179"},"modified":"2019-04-14T13:15:24","modified_gmt":"2019-04-14T10:15:24","slug":"basin-duyurusu","status":"publish","type":"post","link":"https:\/\/www.bghaber.org\/bghaber\/basin-duyurusu\/","title":{"rendered":"BULT\u00dcRK&#8217;\u00fcn 31 Mart Yerel Se\u00e7imler hakk\u0131nda Bas\u0131n a\u00e7\u0131klamas\u0131"},"content":{"rendered":"<p><img data-recalc-dims=\"1\" loading=\"lazy\" decoding=\"async\" class=\"\" src=\"https:\/\/i0.wp.com\/www.bghaber.org\/bghaber\/wp-content\/uploads\/2019\/03\/bulturk-31-mart-secml.jpg?resize=640%2C348&#038;ssl=1\" width=\"640\" height=\"348\" \/><\/p>\n<p><strong>KIYMETL\u0130 BASIN MENSUPLARI<\/strong><\/p>\n<p>B\u00dcY\u00dcK T\u00dcRK\u0130YE&#8217;N\u0130N VE B\u00dcT\u00dcN T\u00dcRK D\u00dcNYASININ \u015eEREFL\u0130 GAZETEC\u0130LER\u0130 \u00c7OK DE\u011eERL\u0130 B\u00dcY\u00dcK T\u00dcRK M\u0130LLET\u0130 \u00d6NCEL\u0130KLE YEN\u0130 ZELANDA\u2019DA M\u00dcSL\u00dcMANLARIN U\u011eRADI\u011eI B\u00dcY\u00dcK VAH\u015eET\u0130 LANETL\u0130YORUZ KINIYORUZ.<\/p>\n<p>\u015eEH\u0130TLER\u0130M\u0130ZE ALLAH\u2019TAN RAHMET D\u0130L\u0130YORUZ.<br \/>\nYARALI M\u00dcSL\u00dcMAN KARDE\u015eLER\u0130M\u0130ZE ALLAH&#8217;IN \u015eAF\u0130 \u0130SM\u0130 H\u00dcRMET\u0130NE \u015e\u0130FA TEMENN\u0130 ED\u0130YORUZ B\u00dcY\u00dcK T\u00dcRK M\u0130LLET\u0130N\u0130N VE \u0130SLAM \u00c2LEM\u0130N\u0130N BA\u015eI SA\u011e OLSUN.<\/p>\n<p><strong>BASINIMIZIN DE\u011eERL\u0130 TEMS\u0130LC\u0130LER\u0130<\/strong><\/p>\n<p>BULT\u00dcRK A\u0130LES\u0130 OLARAK YILLARDIR BULGAR\u0130STAN T\u00dcRKLER\u0130 OLARAK S\u00dcRD\u00dcRD\u00dc\u011e\u00dcM\u00dcZ HAK VE HUKUK M\u00dcCADELEM\u0130Z\u0130N VERD\u0130\u011e\u0130 TECR\u00dcBE \u0130LE 31 MART YEREL SE\u00c7\u0130MLER\u0130N\u0130N SADECE T\u00dcRK\u0130YE \u0130\u00c7\u0130N DE\u011e\u0130L B\u00dcT\u00dcN M\u00dcSL\u00dcMAN T\u00dcRK D\u00dcNYASININ VE \u0130SLAM \u00c2LEM\u0130N\u0130N MAZLUMLARI \u0130\u00c7\u0130N B\u0130R BEKA SE\u00c7\u0130M\u0130 OLDU\u011eUNA B\u00dcT\u00dcN BENL\u0130\u011e\u0130M\u0130ZLE \u0130NANIYORUZ<\/p><div id=\"bghab-1603948791\" class=\"bghab-icerik-icine bghab-entity-placement\"><script async src=\"\/\/pagead2.googlesyndication.com\/pagead\/js\/adsbygoogle.js?client=ca-pub-6203283170189293\" crossorigin=\"anonymous\"><\/script><ins class=\"adsbygoogle\" style=\"display:block; text-align:center;\" data-ad-client=\"ca-pub-6203283170189293\" \ndata-ad-slot=\"7303146466\" \ndata-ad-layout=\"in-article\"\ndata-ad-format=\"fluid\" data-full-width-responsive=\"true\"><\/ins>\n<script> \n(adsbygoogle = window.adsbygoogle || []).push({}); \n<\/script>\n<\/div>\n<p>B\u0130Z\u0130 BU \u0130NANCA \u0130TEN YILLAR BOYUNCA YA\u015eADI\u011eIMIZ B\u0130R\u00c7OK TECR\u00dcBELER\u0130M\u0130Z VAR G\u00dc\u00c7L\u00dc VE B\u00dcY\u00dcK T\u00dcRK\u0130YE&#8217;N\u0130N T\u00dcRK D\u00dcNYASINDA HAK ARAMA VE HAKSIZLIKLARIN G\u0130DER\u0130LMES\u0130 M\u00dcCADELES\u0130NDE NE KADAR \u00d6NEML\u0130 OLDU\u011eUNU B\u0130Z SON 17 YILDA B\u0130ZZAT YA\u015eADIK VE G\u00d6RD\u00dcK T\u00dcRK\u0130YE CUMHUR\u0130YET\u0130 DEVLET BA\u015eKANIMIZ SAYIN RECEP TAYY\u0130P ERDO\u011eAN&#8217;IN MAZLUM M\u0130LLETLER ADINA ADALETS\u0130ZL\u0130KLERE KAR\u015eI Y\u00dcKSELTT\u0130\u011e\u0130 <strong>D\u00dcNYA BE\u015eTEN B\u00dcY\u00dcKT\u00dcR<\/strong> HAYKIRI\u015eININ NASIL B\u0130R ANLAM \u0130\u00c7ERD\u0130\u011e\u0130N\u0130 B\u0130ZLER G\u00d6RD\u00dcK YA\u015eADIK VE BUNUN GURURUNU\u2019DA H\u0130SSETT\u0130K YA\u015eIYORUZ.<\/p>\n<p><strong>SAYIN BASIN MENSUPLARI<\/strong><\/p>\n<p>\u015eUNU B\u0130LHASSA \u0130FADE ETMEM\u0130Z GEREK\u0130R\u2019K\u0130 BALKANLAR ASIRLAR BOYUNCA T\u00dcRK YURDU OLDU \u015eEH\u0130T KANI \u0130LE YO\u011eRULDU KUTSAL VATAN TOPRA\u011eI YAPILDI.<\/p>\n<p><strong>BUNUN \u0130\u00c7\u0130N \u00c7OK B\u00dcY\u00dcK BEDELLER \u00d6DEND\u0130. <\/strong><strong>TAR\u0130H\u0130N DER\u0130NL\u0130KLER\u0130NE BAKTI\u011eIMIZDA BALKANLAR T\u00dcRK\u2019S\u00dcZ T\u00dcRK BAKANSIZ OLAMAZ DER\u0130Z.<\/strong><\/p>\n<p>\u0130\u015eTE BU ANLAYI\u015e VE SORUMLULUKLA BALKANLARDAK\u0130 T\u00dcRKLER\u0130N G\u00dc\u00c7L\u00dc SES\u0130 BULT\u00dcRK. KURULU\u015eUNDAN \u0130T\u0130BAREN ECDAD YAD\u0130G\u00c2RI DE\u011eERLERE SAH\u0130P \u00c7IKARAK GELECE\u011eE G\u00dcVENLE Y\u00dcR\u00dcMEN\u0130N VE B\u00dcY\u00dcK T\u00dcRK D\u00dcNYASININ SAYGIN B\u0130R UNSURU OLMANIN DAVASINI Y\u00dcR\u00dcT\u00dcYOR.<\/p><div id=\"bghab-4181628237\" class=\"bghab-icerik-icine-10-paragraf bghab-entity-placement\"><script async src=\"\/\/pagead2.googlesyndication.com\/pagead\/js\/adsbygoogle.js?client=ca-pub-6203283170189293\" crossorigin=\"anonymous\"><\/script><ins class=\"adsbygoogle\" style=\"display:block; text-align:center;\" data-ad-client=\"ca-pub-6203283170189293\" \ndata-ad-slot=\"7303146466\" \ndata-ad-layout=\"in-article\"\ndata-ad-format=\"fluid\" data-full-width-responsive=\"true\"><\/ins>\n<script> \n(adsbygoogle = window.adsbygoogle || []).push({}); \n<\/script>\n<\/div>\n<p>BALKAN T\u00dcRKLER\u0130 GE\u00c7M\u0130\u015e\u0130N NE KUTLU ZAFERLER\u0130 \u0130LE AVUNUYOR NE\u2019DE SON ASIRDA YA\u015eANAN B\u00dcY\u00dcK BASKI VE KATL\u0130AMLARI \u0130NT\u0130KAM H\u0130SS\u0130 HAL\u0130NE GET\u0130R\u0130YOR.<\/p>\n<p><strong>BALKAN T\u00dcRKLER\u0130 G\u00dc\u00c7L\u00dc ve B\u00dcY\u00dcK T\u00dcRK\u0130YE V\u0130ZYONU \u0130LE B\u0130RL\u0130KTE GELECE\u011eE \u00dcM\u0130TLE BAKIYOR.\u00a0<\/strong><strong>B\u00dcY\u00dcK T\u00dcRK\u0130YE&#8217;N\u0130N DESTE\u011e\u0130 \u0130LE YARINLARA G\u00dcVENLE HAZIRLANIYOR.<\/strong><\/p>\n<p>BALKANLARDA VE B\u00dcT\u00dcN D\u00dcNYADA BARI\u015e \u0130ST\u0130YOR HUZUR \u0130ST\u0130YOR.\u00a0 ELBETTE BULGAR\u0130STAN T\u00dcRK\u2019LER\u0130N\u0130N \u00c7\u00d6Z\u00dcM BEKLEYEN B\u00dcY\u00dcK SORUNLARI VAR FAKAT G\u00dc\u00c7L\u00dc VE B\u00dcY\u00dcK T\u00dcRK\u0130YE&#8217;N\u0130N DESTE\u011e\u0130 \u0130LE VE SAH\u0130P OLUNAN M\u00dcCADELE AZM\u0130 \u0130LE BU SORUNLARIN \u00c7\u00d6Z\u00dcLECE\u011e\u0130NE \u0130NANCIMIZ TAMDIR.<\/p>\n<p><strong> BULT\u00dcRK ANA-VATANIN DESTE\u011e\u0130 \u0130LE HERKES\u0130N MUTLU OLACA\u011eI B\u0130R BULGAR\u0130STAN HAYAL\u0130NDEN ASLA VAZGE\u00c7MEYECEK. <\/strong><strong>GE\u00c7M\u0130\u015e\u0130N ACILARINI K\u0130N \u0130LE DE\u011e\u0130L SEVG\u0130 \u0130LE ONARACAK<\/strong><\/p>\n<p><strong>BASINIMIZIN SAYIN TEMS\u0130LC\u0130LER\u0130<\/strong><\/p><div id=\"bghab-4069820307\" class=\"bghab-icerik-icine-15-paragraf bghab-entity-placement\"><script async src=\"\/\/pagead2.googlesyndication.com\/pagead\/js\/adsbygoogle.js?client=ca-pub-6203283170189293\" crossorigin=\"anonymous\"><\/script><ins class=\"adsbygoogle\" style=\"display:block; text-align:center;\" data-ad-client=\"ca-pub-6203283170189293\" \ndata-ad-slot=\"7303146466\" \ndata-ad-layout=\"in-article\"\ndata-ad-format=\"fluid\" data-full-width-responsive=\"true\"><\/ins>\n<script> \n(adsbygoogle = window.adsbygoogle || []).push({}); \n<\/script>\n<\/div>\n<p>BULT\u00dcRK A\u0130LES\u0130 OLARAK T\u00dcRK\u0130YE&#8217;DE YA\u015eAYAN SADECE SON 1989 YILINDAN SONRA GELEREK T\u00dcRK\u0130YE\u2019DE \u00c7\u0130FT VATANDA\u015e OLANLAR B\u0130R M\u0130LYONU A\u015eAN BULGAR\u0130STAN MUHAC\u0130RLER\u0130N\u0130N\u2019DE GELECE\u011eE \u00dcM\u0130TLE BAKMASININ GAYRET\u0130 \u0130\u00c7\u0130NDEY\u0130Z.<\/p>\n<p>\u0130ST\u0130KRARLI B\u00dcY\u00dcYEN GEL\u0130\u015eEN VE G\u00dc\u00c7L\u00dc \u015eEREFL\u0130 B\u0130R L\u0130DERLE Y\u00d6NET\u0130LEN T\u00dcRK\u0130YE&#8217;N\u0130N HUZUR \u0130\u00c7\u0130NDE OLMASI B\u00dcT\u00dcN T\u00dcRK VE M\u00dcSL\u00dcMAN D\u00dcNYASI \u0130\u00c7\u0130N VE ELBETTE BULGAR\u0130STAN T\u00dcRKLER\u0130 \u0130\u00c7\u0130N HAYAT\u0130 \u00d6NEM TA\u015eIYOR. B\u0130ZLER BUNUN B\u0130L\u0130NC\u0130NDEY\u0130Z.<\/p>\n<p><strong> KIYMETL\u0130 BASIN MENSUPLARI VE DE\u011eERL\u0130 B\u00dcY\u00dcK T\u00dcRK M\u0130LLET\u0130<\/strong><\/p>\n<p>BULT\u00dcRK A\u0130LES\u0130 OLARAK GELECE\u011eE \u00dcM\u0130TLE BAKMAK VE T\u00dcRK D\u00dcNYASI \u0130LE \u0130SLAM \u00c2LEM\u0130N\u0130N AYDINLIK YARINLARINA G\u00dcVEN\u0130M\u0130Z\u0130 G\u00d6STERMEK \u0130\u00c7\u0130N <strong>BU PAZAR 31 MART BEKA SE\u00c7\u0130MLER\u0130NDE DERNEK OLARAK RECEP TAYY\u0130P ERDO\u011eAN VE DEVLET BAH\u00c7EL\u0130N\u0130N OLU\u015eTURDU\u011eU CUMHUR \u0130TT\u0130FAKINI DESTEKLEME KARARINI ALDI\u011eIMIZI GURURLA A\u00c7IKLAMAK \u0130STER\u0130Z<\/strong><\/p>\n<p><strong>ASLINDA B\u0130Z\u0130M DESTEKLED\u0130\u011e\u0130M\u0130Z\u0130 S\u00d6YLED\u0130\u011e\u0130M\u0130Z CUMHUR \u0130TT\u0130FAKI AZ\u0130Z T\u00dcRK M\u0130LLET\u0130N\u0130N TAA KEND\u0130S\u0130D\u0130R.<\/strong><\/p><div id=\"bghab-1200549692\" class=\"bghab-icerik-icine-20-paragraf bghab-entity-placement\"><script async src=\"\/\/pagead2.googlesyndication.com\/pagead\/js\/adsbygoogle.js?client=ca-pub-6203283170189293\" crossorigin=\"anonymous\"><\/script><ins class=\"adsbygoogle\" style=\"display:block; text-align:center;\" data-ad-client=\"ca-pub-6203283170189293\" \ndata-ad-slot=\"7303146466\" \ndata-ad-layout=\"in-article\"\ndata-ad-format=\"fluid\" data-full-width-responsive=\"true\"><\/ins>\n<script> \n(adsbygoogle = window.adsbygoogle || []).push({}); \n<\/script>\n<\/div>\n<p>FERASET SAH\u0130B\u0130 VE AKL\u0130 SEL\u0130M \u0130LE D\u00dc\u015e\u00dcNEN HER M\u00dcSL\u00dcMAN T\u00dcRK 31 MART G\u00dcN\u00dc B\u00dcT\u00dcN D\u00dcNYANIN Y\u00dcZ\u00dcNE B\u00dcY\u00dcK T\u00dcRK M\u0130LLET\u0130N\u0130N DURU\u015eUNU B\u0130R OSMALI TOKADIYLA VURACAK.<\/p>\n<p><strong> D\u00dc\u015eMANLARIMIZI B\u0130R DAHA D\u0130Z \u00c7\u00d6KT\u00dcRECEKT\u0130R.<\/strong><\/p>\n<p>BU KONUDA B\u00dcY\u00dcK T\u00dcRK M\u0130LLET\u0130N\u0130N B\u0130RL\u0130K VE BERABERL\u0130K \u0130\u00c7\u0130NDE HAREKET EDECE\u011e\u0130NE \u0130NANCIMIZ TAMDIR.<\/p>\n<p>SAYIN DEVLET BA\u015eKANIMIZIN L\u0130DERL\u0130\u011e\u0130NDE BA\u015eLATILAN YEN\u0130DEN B\u00dcY\u00dcK T\u00dcRK\u0130YE Y\u00dcR\u00dcY\u00dc\u015e\u00dcNE HER T\u00dcRL\u00dc FEDAK\u00c2RLI\u011eI YAPMAYA HER T\u00dcRL\u00dc G\u00d6REVE HAZIR OLDU\u011eUMUZU GURURLA B\u0130LD\u0130RMEKTEN \u015eEREF DUYARIZ .<\/p>\n<p style=\"text-align: center;\"><strong>ALLAH FERASET SAH\u0130B\u0130 B\u00dcY\u00dcK T\u00dcRK M\u0130LLET\u0130N\u0130N<\/strong><br \/>\n<strong>VE MAZLUM \u0130SLAM \u00c2LEM\u0130N\u0130N Y\u00dcZ\u00dcN\u00dc YERE E\u011eD\u0130RMES\u0130N \u0130N\u015eALLAH.<\/strong><\/p><div id=\"bghab-1909373272\" class=\"bghab-icerik-icine-25-paragraf bghab-entity-placement\"><script async src=\"\/\/pagead2.googlesyndication.com\/pagead\/js\/adsbygoogle.js?client=ca-pub-6203283170189293\" crossorigin=\"anonymous\"><\/script><ins class=\"adsbygoogle\" style=\"display:block; text-align:center;\" data-ad-client=\"ca-pub-6203283170189293\" \ndata-ad-slot=\"7303146466\" \ndata-ad-layout=\"in-article\"\ndata-ad-format=\"fluid\" data-full-width-responsive=\"true\"><\/ins>\n<script> \n(adsbygoogle = window.adsbygoogle || []).push({}); \n<\/script>\n<\/div>\n<p style=\"text-align: center;\">ALLAH UTANDIRMASIN.<\/p>\n<p style=\"text-align: right;\"><em><strong>RAFET ULUT\u00dcRK<\/strong><\/em><br \/>\n<em><strong>BULT\u00dcRK<br \/>\n<\/strong><\/em><em><strong>GENEL BA\u015eKANI<\/strong><\/em><\/p>\n<p>&nbsp;<\/p>\n<div id=\"bghab-2391202993\" class=\"bghab-yazi-altinda bghab-entity-placement\"><script async src=\"https:\/\/pagead2.googlesyndication.com\/pagead\/js\/adsbygoogle.js\"><\/script>\r\n<!-- bghaber-yaz\u0131-sonu -->\r\n<ins class=\"adsbygoogle\"\r\n     style=\"display:block\"\r\n     data-ad-client=\"ca-pub-6203283170189293\"\r\n     data-ad-slot=\"4222328180\"\r\n     data-ad-format=\"auto\"\r\n     data-full-width-responsive=\"true\"><\/ins>\r\n<script>\r\n     (adsbygoogle = window.adsbygoogle || []).push({});\r\n<\/script><\/div><br style=\"clear: both; display: block; float: none;\"\/>","protected":false},"excerpt":{"rendered":"<p>KIYMETL\u0130 BASIN MENSUPLARI B\u00dcY\u00dcK T\u00dcRK\u0130YE&#8217;N\u0130N VE B\u00dcT\u00dcN T\u00dcRK D\u00dcNYASININ \u015eEREFL\u0130 GAZETEC\u0130LER\u0130 \u00c7OK DE\u011eERL\u0130 B\u00dcY\u00dcK T\u00dcRK M\u0130LLET\u0130 \u00d6NCEL\u0130KLE YEN\u0130 ZELANDA\u2019DA M\u00dcSL\u00dcMANLARIN U\u011eRADI\u011eI B\u00dcY\u00dcK VAH\u015eET\u0130 LANETL\u0130YORUZ KINIYORUZ.<\/p>\n","protected":false},"author":13,"featured_media":35181,"comment_status":"closed","ping_status":"closed","sticky":false,"template":"","format":"standard","meta":{"advanced_seo_description":"","jetpack_seo_html_title":"","jetpack_seo_noindex":false,"jetpack_seo_schema_type":"","_jetpack_newsletter_access":"","_jetpack_dont_email_post_to_subs":false,"_jetpack_newsletter_tier_id":0,"_jetpack_memberships_contains_paywalled_content":false,"_jetpack_feature_clip_id":0,"_jetpack_memberships_contains_paid_content":false,"footnotes":"","jetpack_post_was_ever_published":false},"categories":[1133,1],"tags":[37,604,1516],"class_list":["post-35179","post","type-post","status-publish","format-standard","has-post-thumbnail","hentry","category-duyuru","category-haberler","tag-bulturk","tag-secim","tag-yerel-secim"],"jetpack_sharing_enabled":true,"jetpack_likes_enabled":true,"jetpack-related-posts":[],"jetpack_shortlink":"https:\/\/wp.me\/pc2PfJ-99p","jetpack_featured_media_url":"https:\/\/i0.wp.com\/www.bghaber.org\/bghaber\/wp-content\/uploads\/2019\/03\/Rafet-BA.jpg?fit=1026%2C984&ssl=1","_links":{"self":[{"href":"https:\/\/www.bghaber.org\/bghaber\/wp-json\/wp\/v2\/posts\/35179","targetHints":{"allow":["GET"]}}],"collection":[{"href":"https:\/\/www.bghaber.org\/bghaber\/wp-json\/wp\/v2\/posts"}],"about":[{"href":"https:\/\/www.bghaber.org\/bghaber\/wp-json\/wp\/v2\/types\/post"}],"author":[{"embeddable":true,"href":"https:\/\/www.bghaber.org\/bghaber\/wp-json\/wp\/v2\/users\/13"}],"replies":[{"embeddable":true,"href":"https:\/\/www.bghaber.org\/bghaber\/wp-json\/wp\/v2\/comments?post=35179"}],"version-history":[{"count":0,"href":"https:\/\/www.bghaber.org\/bghaber\/wp-json\/wp\/v2\/posts\/35179\/revisions"}],"wp:featuredmedia":[{"embeddable":true,"href":"https:\/\/www.bghaber.org\/bghaber\/wp-json\/wp\/v2\/media\/35181"}],"wp:attachment":[{"href":"https:\/\/www.bghaber.org\/bghaber\/wp-json\/wp\/v2\/media?parent=35179"}],"wp:term":[{"taxonomy":"category","embeddable":true,"href":"https:\/\/www.bghaber.org\/bghaber\/wp-json\/wp\/v2\/categories?post=35179"},{"taxonomy":"post_tag","embeddable":true,"href":"https:\/\/www.bghaber.org\/bghaber\/wp-json\/wp\/v2\/tags?post=35179"}],"curies":[{"name":"wp","href":"https:\/\/api.w.org\/{rel}","templated":true}]}}