{"id":34509,"date":"2019-02-28T20:15:40","date_gmt":"2019-02-28T17:15:40","guid":{"rendered":"https:\/\/www.bghaber.org\/bghaber\/?p=34509"},"modified":"2019-06-25T23:23:07","modified_gmt":"2019-06-25T20:23:07","slug":"bulgaristan-abden-buyuk-fon-alacak","status":"publish","type":"post","link":"https:\/\/www.bghaber.org\/bghaber\/bulgaristan-abden-buyuk-fon-alacak\/","title":{"rendered":"Bulgaristan AB&#8217;den b\u00fcy\u00fck fon alacak"},"content":{"rendered":"<p>Bulgaristan AB fonlar\u0131ndan rekor seviyede finansman alacak. Bulgaristan\u2019dan Avrupa Parlamentosu\u2019nda Avrupa Halk Partisi milletvekili olan Andrey Novakov\u2019un \u00f6nerdi\u011fi Avrupa fonlar\u0131na ili\u015fkin Y\u00f6netmelik 460 \u00e7o\u011funluk oyu ile kabul edildi. Buna g\u00f6re 2020-2027 yeni program d\u00f6neminde Bulgaristan\u2019a bu fonlardan 18 milyar leva (yakla\u015f\u0131k 9 milyar euro) tahsis edilecek.<\/p>\n<p>Ticaret Bakanl\u0131\u011f\u0131 blogunda yer alan bilgilere g\u00f6re, bu fon, AB\u2019ye \u00fcyelik d\u00f6neminde bu, Bulgaristan\u2019\u0131n ald\u0131\u011f\u0131 en b\u00fcy\u00fck finansman olarak \u00f6ne \u00e7\u0131k\u0131yor. Cari program d\u00f6neminde Bulgaristan\u2019a ayr\u0131lan fon 14,5 milyar leva tutar\u0131ndayd\u0131.<\/p>\n<p>&nbsp;<\/p>\n<p>H\u00fcrriyet<\/p>\n<div id=\"bghab-2377309820\" class=\"bghab-yazi-altinda bghab-entity-placement\"><script async src=\"https:\/\/pagead2.googlesyndication.com\/pagead\/js\/adsbygoogle.js\"><\/script>\r\n<!-- bghaber-yaz\u0131-sonu -->\r\n<ins class=\"adsbygoogle\"\r\n     style=\"display:block\"\r\n     data-ad-client=\"ca-pub-6203283170189293\"\r\n     data-ad-slot=\"4222328180\"\r\n     data-ad-format=\"auto\"\r\n     data-full-width-responsive=\"true\"><\/ins>\r\n<script>\r\n     (adsbygoogle = window.adsbygoogle || []).push({});\r\n<\/script><\/div><br style=\"clear: both; display: block; float: none;\"\/>","protected":false},"excerpt":{"rendered":"<p>Bulgaristan AB fonlar\u0131ndan rekor seviyede finansman alacak. Bulgaristan\u2019dan Avrupa Parlamentosu\u2019nda Avrupa Halk Partisi milletvekili olan Andrey Novakov\u2019un \u00f6nerdi\u011fi Avrupa fonlar\u0131na ili\u015fkin Y\u00f6netmelik 460 \u00e7o\u011funluk oyu<\/p>\n","protected":false},"author":29,"featured_media":4731,"comment_status":"closed","ping_status":"closed","sticky":false,"template":"","format":"standard","meta":{"advanced_seo_description":"","jetpack_seo_html_title":"","jetpack_seo_noindex":false,"jetpack_seo_schema_type":"","_jetpack_newsletter_access":"","_jetpack_dont_email_post_to_subs":false,"_jetpack_newsletter_tier_id":0,"_jetpack_memberships_contains_paywalled_content":false,"_jetpack_feature_clip_id":0,"_jetpack_memberships_contains_paid_content":false,"footnotes":"","jetpack_post_was_ever_published":false},"categories":[9],"tags":[1087,357,30],"class_list":["post-34509","post","type-post","status-publish","format-standard","has-post-thumbnail","hentry","category-ekonomi","tag-ab","tag-avrupa-birligi","tag-bulgaristan"],"jetpack_sharing_enabled":true,"jetpack_likes_enabled":true,"jetpack-related-posts":[],"jetpack_shortlink":"https:\/\/wp.me\/pc2PfJ-8YB","jetpack_featured_media_url":"https:\/\/i0.wp.com\/www.bghaber.org\/bghaber\/wp-content\/uploads\/2013\/08\/euro.jpg?fit=275%2C183&ssl=1","_links":{"self":[{"href":"https:\/\/www.bghaber.org\/bghaber\/wp-json\/wp\/v2\/posts\/34509","targetHints":{"allow":["GET"]}}],"collection":[{"href":"https:\/\/www.bghaber.org\/bghaber\/wp-json\/wp\/v2\/posts"}],"about":[{"href":"https:\/\/www.bghaber.org\/bghaber\/wp-json\/wp\/v2\/types\/post"}],"author":[{"embeddable":true,"href":"https:\/\/www.bghaber.org\/bghaber\/wp-json\/wp\/v2\/users\/29"}],"replies":[{"embeddable":true,"href":"https:\/\/www.bghaber.org\/bghaber\/wp-json\/wp\/v2\/comments?post=34509"}],"version-history":[{"count":0,"href":"https:\/\/www.bghaber.org\/bghaber\/wp-json\/wp\/v2\/posts\/34509\/revisions"}],"wp:featuredmedia":[{"embeddable":true,"href":"https:\/\/www.bghaber.org\/bghaber\/wp-json\/wp\/v2\/media\/4731"}],"wp:attachment":[{"href":"https:\/\/www.bghaber.org\/bghaber\/wp-json\/wp\/v2\/media?parent=34509"}],"wp:term":[{"taxonomy":"category","embeddable":true,"href":"https:\/\/www.bghaber.org\/bghaber\/wp-json\/wp\/v2\/categories?post=34509"},{"taxonomy":"post_tag","embeddable":true,"href":"https:\/\/www.bghaber.org\/bghaber\/wp-json\/wp\/v2\/tags?post=34509"}],"curies":[{"name":"wp","href":"https:\/\/api.w.org\/{rel}","templated":true}]}}