{"id":34504,"date":"2019-02-28T19:05:29","date_gmt":"2019-02-28T16:05:29","guid":{"rendered":"https:\/\/www.bghaber.org\/bghaber\/?p=34504"},"modified":"2019-06-25T23:23:25","modified_gmt":"2019-06-25T20:23:25","slug":"turk-dunyasinda-kadin-konferansi","status":"publish","type":"post","link":"https:\/\/www.bghaber.org\/bghaber\/turk-dunyasinda-kadin-konferansi\/","title":{"rendered":"\u201cT\u00fcrk D\u00fcnyas\u0131\u2019nda Kad\u0131n\u201d Konferans\u0131"},"content":{"rendered":"<p>BULT\u00dcRK Derne\u011fi , Bayrampa\u015fa Belediyesi, Moldova Dostluk-K\u00fclt\u00fcr ve Dayan\u0131\u015fma Derne\u011fi ve Bulgaristan Stratejik Ara\u015ft\u0131rma Merkezi (Bilim Kurulu-BGSAM) ortakla\u015fa \u201c<strong>T\u00fcrk D\u00fcnyas\u0131\u2019nda Kad\u0131n<\/strong>\u201d konulu Uluslararas\u0131 konferans d\u00fczenliyoruz. Burada amac\u0131m\u0131z, sadece tarihi bilgi vermek de\u011fil, T\u00fcrk D\u00fcnyas\u0131nda bu g\u00fcnk\u00fc kad\u0131n\u0131n yerini tespit etmek ve gelece\u011fe y\u00f6nelik hedeflerimizi belirlemektir. (Bu konferans\u0131m\u0131zda bu alandaki bilimsel \u00e7al\u0131\u015fmalar\u0131n mesajlar\u0131 milli ve Milletleraras\u0131 ortamlara aktar\u0131lacakt\u0131r.)<\/p>\n<p>Derne\u011fimizin buradaki hedefi, bu etkinlik ile uluslararas\u0131 bir platform olu\u015fturmak, bu konunun sadece bizim toplumumuzun ilgi alan\u0131nda kalmas\u0131 yerine uluslararas\u0131 ortamlara da iletilmesini sa\u011flamakt\u0131r. Bunun gayreti i\u00e7indeyiz. Bu nedenle, T\u00fcrkiye\u2019de akredite olmu\u015f bas\u0131n-yay\u0131n kurulu\u015flar\u0131 arac\u0131l\u0131\u011f\u0131 ile evrensel mesajlar\u0131n ve bildirilerin d\u00fcnya medyas\u0131na aktar\u0131lmas\u0131n\u0131 arzu etmekteyiz.<\/p>\n<p><strong>Bu niyetimizi ve amac\u0131m\u0131z\u0131 ger\u00e7ekle\u015ftirebilmek i\u00e7in yerli ve yabanc\u0131 kurulu\u015flara davetiye g\u00f6nderdik.<\/strong><\/p>\n<p>Konferans sonunda ayr\u0131ca bir sonu\u00e7 bildirgesi yay\u0131nlayarak tespitlerimizi ve \u00f6nerilerimizi kamuoyu ile payla\u015faca\u011f\u0131z. Bunun yan\u0131nda sosyal medya arac\u0131l\u0131\u011f\u0131 ile de <strong>sadece \u0130stanbul\u2019da 1 milyon, T\u00fcrkiye de genel n\u00fcfusun %10\u2019nu olu\u015fturan Bulgaristan T\u00fcrk\u00fc<\/strong> <strong>soyda\u015flar\u0131m\u0131za<\/strong>, Bulgaristan\u2019da ve Avrupa\u2019da ya\u015fayanlara da duyurulacakt\u0131r.<\/p>\n<p>Ayr\u0131ca, bu toplant\u0131 sebebi ile \u00f6n\u00fcm\u00fczdeki May\u0131s ay\u0131nda Bulgaristan\u2019da yap\u0131lacak olan AB Parlamento ve Erken Genel se\u00e7imlerinde \u00f6zellikle kad\u0131n adaylar\u0131n \u00f6n plana \u00e7\u0131kar\u0131lmas\u0131 konusunda duyarl\u0131l\u0131k olu\u015fturulacakt\u0131r. Bu konferans Bulgaristan\u2019daki t\u00fcm siyasal partilerin kad\u0131n aday g\u00f6stermeleri konusunda te\u015fvik edici ve itici olmas\u0131n\u0131 \u00fcmit etmekteyiz.<\/p><div id=\"bghab-2779986121\" class=\"bghab-icerik-icine bghab-entity-placement\"><script async src=\"\/\/pagead2.googlesyndication.com\/pagead\/js\/adsbygoogle.js?client=ca-pub-6203283170189293\" crossorigin=\"anonymous\"><\/script><ins class=\"adsbygoogle\" style=\"display:block; text-align:center;\" data-ad-client=\"ca-pub-6203283170189293\" \ndata-ad-slot=\"7303146466\" \ndata-ad-layout=\"in-article\"\ndata-ad-format=\"fluid\" data-full-width-responsive=\"true\"><\/ins>\n<script> \n(adsbygoogle = window.adsbygoogle || []).push({}); \n<\/script>\n<\/div>\n<p><strong>\u201c31 Mart 2019 Yerel Se\u00e7imler\u201d<\/strong>de T\u00fcrkiye\u2019de ya\u015fayan ve g\u00f6\u00e7lerle 10 milyonu a\u015fan Bulgaristan T\u00fcrklerinin oy kullanmalar\u0131 konusunda bilin\u00e7lenmeleri sa\u011flanacak ve AB vatanda\u015flar\u0131 da olmalar\u0131 nedeniyle T\u00fcrkiye&#8217;nin uluslararas\u0131 d\u00fczeydeki kazan\u0131mlar\u0131na yenilerinin eklenmesini. En b\u00fcy\u00fck arzumuz T\u00fcrk-\u0130slam de\u011ferlerinin ya\u015fad\u0131\u011f\u0131 co\u011frafyalarda yeniden karde\u015fli\u011fin\u00a0 h\u00e2kim olmas\u0131d\u0131r. Bu kapsamda yerli ve milli anlay\u0131\u015f\u0131n daha da g\u00fc\u00e7lenmesine katk\u0131 yapmak en ba\u015fta gelen faaliyetlerimiz aras\u0131nda yer almaktad\u0131r. Bu davam\u0131zda siz de\u011ferli bas\u0131n-yay\u0131n kurulu\u015flar\u0131n\u0131n b\u00fcy\u00fck deste\u011fine ihtiyac\u0131m\u0131z\u0131n oldu\u011funu \u00f6zellikle belirtmek isteriz.<\/p>\n<p><strong>Neden \u0130stanbul?<\/strong><\/p>\n<p>Sadece \u0130stanbul genelinde 93 harbinden g\u00fcn\u00fcm\u00fcze kadar g\u00f6\u00e7lerle 1 milyonu a\u015fan Bulgaristan T\u00fcrklerinin Balkanlara \u00f6nc\u00fcl\u00fck etmesinin T\u00fcrk d\u00fcnyas\u0131nda etkisinin daha b\u00fcy\u00fck olaca\u011f\u0131 kanaatindeyiz. Bizim soyda\u015flar\u0131m\u0131z, Derneklerimizin toplumsal fayda sa\u011flayacak etkinliklerine yo\u011fun ilgi g\u00f6stermekte, milletin gelece\u011fi ve yarar\u0131 i\u00e7in ald\u0131\u011f\u0131m\u0131z kararlar\u0131 desteklemektedir.<\/p>\n<p><strong>Ancak daha etkin bir kat\u0131l\u0131m ve etkile\u015fim i\u00e7in medyam\u0131z faaliyetlerimize daha fazla yer vermesinin \u00f6neminin bilincindeyiz.<\/strong><\/p>\n<p>Bu ba\u011flamda BULT\u00dcRK Derne\u011fi olarak, yapt\u0131\u011f\u0131m\u0131z, yapaca\u011f\u0131m\u0131z \u00e7al\u0131\u015fmalar\u0131m\u0131z\u0131 yaz\u0131l\u0131 g\u00f6rsel bas\u0131n-yay\u0131n ve sosyal medya ve bili\u015fim ara\u00e7lar\u0131 ile herkese ula\u015ft\u0131rmak istiyoruz. Bundan b\u00f6yle \u00e7ok daha g\u00fczel etkinlikler, \u00e7al\u0131\u015fmalar yapmak i\u00e7in elimizden gelen gayreti g\u00f6sterece\u011fiz. Destek Sizden, Hizmet Bizden, \u00d6neriler, projeler sizden, bunlara y\u00f6n vermek hayata ge\u00e7irmek bizden olacakt\u0131r.<\/p><div id=\"bghab-1167091599\" class=\"bghab-icerik-icine-10-paragraf bghab-entity-placement\"><script async src=\"\/\/pagead2.googlesyndication.com\/pagead\/js\/adsbygoogle.js?client=ca-pub-6203283170189293\" crossorigin=\"anonymous\"><\/script><ins class=\"adsbygoogle\" style=\"display:block; text-align:center;\" data-ad-client=\"ca-pub-6203283170189293\" \ndata-ad-slot=\"7303146466\" \ndata-ad-layout=\"in-article\"\ndata-ad-format=\"fluid\" data-full-width-responsive=\"true\"><\/ins>\n<script> \n(adsbygoogle = window.adsbygoogle || []).push({}); \n<\/script>\n<\/div>\n<p>Sayg\u0131lar\u0131m\u0131zla,<\/p>\n<p><strong>Rafet Ulut\u00fcrk<\/strong><br \/>\n<strong>BULT\u00dcRK Derne\u011fi<\/strong><br \/>\n<strong>Genel Ba\u015fkan\u0131<\/strong><\/p>\n<p>&nbsp;<\/p>\n<p>&nbsp;<\/p>\n<p><strong>Konferans Program\u0131<\/strong><\/p>\n<p><strong>08 Mart 2019 &#8211; Cuma<\/strong> Konferansa Gelenleri Kar\u015f\u0131lama<\/p>\n<p><strong>18.00<\/strong> Otele Yerle\u015ftirme<\/p><div id=\"bghab-3531958287\" class=\"bghab-icerik-icine-15-paragraf bghab-entity-placement\"><script async src=\"\/\/pagead2.googlesyndication.com\/pagead\/js\/adsbygoogle.js?client=ca-pub-6203283170189293\" crossorigin=\"anonymous\"><\/script><ins class=\"adsbygoogle\" style=\"display:block; text-align:center;\" data-ad-client=\"ca-pub-6203283170189293\" \ndata-ad-slot=\"7303146466\" \ndata-ad-layout=\"in-article\"\ndata-ad-format=\"fluid\" data-full-width-responsive=\"true\"><\/ins>\n<script> \n(adsbygoogle = window.adsbygoogle || []).push({}); \n<\/script>\n<\/div>\n<p><strong>09 Mart 2019 Cumartesi<\/strong><\/p>\n<p><strong>12.00 \u2013 13.00:<br \/>\nMehmet Akif Ersoy K\u00fclt\u00fcr Salonu\u2019nda \u00c7ay ve Kahve \u0130kram\u0131<\/strong><\/p>\n<p><strong>13.00:<\/strong> A\u00e7\u0131l\u0131\u015f<br \/>\nSunucu: Zeynep K\u00d6\u015eKER<br \/>\nSayg\u0131 Duru\u015fu ve \u0130stikl\u00e2l Mar\u015f\u0131<br \/>\nBULT\u00dcRK-BGSAM Tan\u0131t\u0131m\u0131 Slayt G\u00f6sterisi &#8211; 8 dk.<br \/>\nSel\u00e2mlama Konu\u015fmalar\u0131 (Protokol)<\/p>\n<p><img data-recalc-dims=\"1\" loading=\"lazy\" decoding=\"async\" class=\"\" src=\"https:\/\/i0.wp.com\/www.bghaber.org\/bghaber\/wp-content\/uploads\/2019\/02\/TD-Kad%C4%B1n-RNK1-bsk.jpg?resize=640%2C853&#038;ssl=1\" width=\"640\" height=\"853\" \/><\/p>\n<p><strong>KONFERANS KONU\u015eMALARI<\/strong><\/p>\n<p><strong>14.00 &#8211; I. Oturum:<\/strong><br \/>\n<strong>Oturum Ba\u015fkan\u0131 Prof.Dr. Ali Fuat \u00d6REN\u00c7,<br \/>\n\u0130.U. Edebiyat Fak\u00fcltesi Tarih B\u00f6l\u00fcm\u00fc<\/strong><br \/>\n<em>Konu\u015fmac\u0131lar:<\/em><\/p><div id=\"bghab-3440981997\" class=\"bghab-icerik-icine-20-paragraf bghab-entity-placement\"><script async src=\"\/\/pagead2.googlesyndication.com\/pagead\/js\/adsbygoogle.js?client=ca-pub-6203283170189293\" crossorigin=\"anonymous\"><\/script><ins class=\"adsbygoogle\" style=\"display:block; text-align:center;\" data-ad-client=\"ca-pub-6203283170189293\" \ndata-ad-slot=\"7303146466\" \ndata-ad-layout=\"in-article\"\ndata-ad-format=\"fluid\" data-full-width-responsive=\"true\"><\/ins>\n<script> \n(adsbygoogle = window.adsbygoogle || []).push({}); \n<\/script>\n<\/div>\n<p><em>* Ganire PA\u015eAYEVA, Azerbaycan Milletvekili<\/em><\/p>\n<p><em>* Emete G\u00d6Z\u00dcG\u00dcZELL\u0130, Girne Amerikan \u00dcniversitesinde Akademisyen\u2013KKTC<\/em><br \/>\n<em>* Cemile KINACI, Hac\u0131 Bayram VEL\u0130 \u00dcniversitesi<\/em><\/p>\n<p>* Fatma S\u00d6NMEZ-Kazakistan\/T\u00fcrkistan Sayg\u0131n Vatanda\u015f\u0131 \/Yesevi Yolu Ara\u015ft\u0131rmac\u0131s\u0131<\/p>\n<p><em>* Hasine \u015eEN, \u0130stanbul \u00dcniversitesi Amerikan Dili ve Edebiyat\u0131 B\u00f6l\u00fcm\u00fc-T\u00fcrkiye<\/em><\/p>\n<p>* Nadina Cavadova \u2013 \u00c7uva\u015fistan-Rusya, Gazeteci (Radyo \u2013 TV); Doktor (siyasal<br \/>\nbilgiler uluslararas\u0131 ili\u015fkiler bilim dal\u0131.)<\/p><div id=\"bghab-4289551964\" class=\"bghab-icerik-icine-25-paragraf bghab-entity-placement\"><script async src=\"\/\/pagead2.googlesyndication.com\/pagead\/js\/adsbygoogle.js?client=ca-pub-6203283170189293\" crossorigin=\"anonymous\"><\/script><ins class=\"adsbygoogle\" style=\"display:block; text-align:center;\" data-ad-client=\"ca-pub-6203283170189293\" \ndata-ad-slot=\"7303146466\" \ndata-ad-layout=\"in-article\"\ndata-ad-format=\"fluid\" data-full-width-responsive=\"true\"><\/ins>\n<script> \n(adsbygoogle = window.adsbygoogle || []).push({}); \n<\/script>\n<\/div>\n<p><strong>15.00<\/strong> \u00c7ay ve Kahve Aras\u0131:<\/p>\n<p><img data-recalc-dims=\"1\" loading=\"lazy\" decoding=\"async\" class=\"\" src=\"https:\/\/i0.wp.com\/www.bghaber.org\/bghaber\/wp-content\/uploads\/2019\/02\/TD-Kad%C4%B1n-RNK2-bsk.jpg?resize=640%2C853&#038;ssl=1\" width=\"640\" height=\"853\" \/><\/p>\n<p><strong>15.30 II. Oturum:<\/strong><br \/>\n<strong>Oturum Ba\u015fkan\u0131: Oya CANBA ZO\u011eLU,<br \/>\nBULT\u00dcRK Derne\u011fi Genel Sekreteri<\/strong><br \/>\n<em>Konu\u015fmac\u0131lar:<\/em><\/p>\n<p><em>* Fatma AKTA\u015e &#8211; Avrasya Vakf\u0131 Ba\u015fkan\u0131 &#8211; Hollanda<\/em><\/p>\n<p><em>* Seniha RAS\u0130M &#8211; Avrupa Bulgaristan T\u00fcrkleri Derne\u011fi Genel Ba\u015fkan\u0131 \u2013 Almanya<\/em><\/p>\n<p><em>* Vera ERTURUL &#8211; Gagauz Dostluk K\u00fclt\u00fcr ve Dayan\u0131\u015fma Derne\u011fi Kad\u0131n Kollar\u0131 Ba\u015fkan\u0131<\/em><\/p><div id=\"bghab-3377830414\" class=\"bghab-icerik-icine-30-paragraf bghab-entity-placement\"><script async src=\"\/\/pagead2.googlesyndication.com\/pagead\/js\/adsbygoogle.js?client=ca-pub-6203283170189293\" crossorigin=\"anonymous\"><\/script><ins class=\"adsbygoogle\" style=\"display:block; text-align:center;\" data-ad-client=\"ca-pub-6203283170189293\" \ndata-ad-slot=\"7303146466\" \ndata-ad-layout=\"in-article\"\ndata-ad-format=\"fluid\" data-full-width-responsive=\"true\"><\/ins>\n<script> \n(adsbygoogle = window.adsbygoogle || []).push({}); \n<\/script>\n<\/div>\n<p>* Sema Uygur B\u0131dak (\u0130sa Yusuf Alptekin Vakf\u0131 ve Do\u011fu T\u00fcrkistan Vakf\u0131 Kad\u0131n Kollar\u0131 Ba\u015fkan\u0131)<\/p>\n<p><em>* Havva Pehlivan \u00d6ZG\u00dcR &#8211; Bulgaristan<\/em><\/p>\n<p><em>* Bay\u0131r-Bucak T\u00fcrkmenleri Temsilcisi<\/em><\/p>\n<p><strong>17.30:<\/strong> <strong>Kapan\u0131s<\/strong><\/p>\n<p>&nbsp;<\/p>\n<p>\u0130leti\u015fim \u0130\u00e7in ;<\/p><div id=\"bghab-1078268397\" class=\"bghab-icerik-icine-35-paragraf bghab-entity-placement\"><script async src=\"\/\/pagead2.googlesyndication.com\/pagead\/js\/adsbygoogle.js?client=ca-pub-6203283170189293\" crossorigin=\"anonymous\"><\/script><ins class=\"adsbygoogle\" style=\"display:block; text-align:center;\" data-ad-client=\"ca-pub-6203283170189293\" \ndata-ad-slot=\"7303146466\" \ndata-ad-layout=\"in-article\"\ndata-ad-format=\"fluid\" data-full-width-responsive=\"true\"><\/ins>\n<script> \n(adsbygoogle = window.adsbygoogle || []).push({}); \n<\/script>\n<\/div>\n<p>Bulgaristan T\u00fcrkleri K\u00fclt\u00fcr ve Hizmet Derne\u011fi\u00a0 &#8211;\u00a0<a href=\"http:\/\/www.bulturk.org.tr\"> www.bulturk.org.tr<\/a><br \/>\n34045 \u2013 Bayrampa\u015fa \/ \u0130stanbul\u00a0 Telefon : +90 212 511 63 47<br \/>\nE-Posta : bilgi@bulturk.org.tr<\/p>\n<p>&nbsp;<\/p>\n<p>&nbsp;<\/p>\n<div id=\"bghab-3631197878\" class=\"bghab-yazi-altinda bghab-entity-placement\"><script async src=\"https:\/\/pagead2.googlesyndication.com\/pagead\/js\/adsbygoogle.js\"><\/script>\r\n<!-- bghaber-yaz\u0131-sonu -->\r\n<ins class=\"adsbygoogle\"\r\n     style=\"display:block\"\r\n     data-ad-client=\"ca-pub-6203283170189293\"\r\n     data-ad-slot=\"4222328180\"\r\n     data-ad-format=\"auto\"\r\n     data-full-width-responsive=\"true\"><\/ins>\r\n<script>\r\n     (adsbygoogle = window.adsbygoogle || []).push({});\r\n<\/script><\/div><br style=\"clear: both; display: block; float: none;\"\/>","protected":false},"excerpt":{"rendered":"<p>BULT\u00dcRK Derne\u011fi , Bayrampa\u015fa Belediyesi, Moldova Dostluk-K\u00fclt\u00fcr ve Dayan\u0131\u015fma Derne\u011fi ve Bulgaristan Stratejik Ara\u015ft\u0131rma Merkezi (Bilim Kurulu-BGSAM) ortakla\u015fa \u201cT\u00fcrk D\u00fcnyas\u0131\u2019nda Kad\u0131n\u201d konulu Uluslararas\u0131 konferans d\u00fczenliyoruz.<\/p>\n","protected":false},"author":29,"featured_media":34729,"comment_status":"closed","ping_status":"closed","sticky":false,"template":"","format":"standard","meta":{"advanced_seo_description":"","jetpack_seo_html_title":"","jetpack_seo_noindex":false,"jetpack_seo_schema_type":"","_jetpack_newsletter_access":"","_jetpack_dont_email_post_to_subs":false,"_jetpack_newsletter_tier_id":0,"_jetpack_memberships_contains_paywalled_content":false,"_jetpack_feature_clip_id":0,"_jetpack_memberships_contains_paid_content":false,"footnotes":"","jetpack_post_was_ever_published":false},"categories":[1133],"tags":[592,37,1240,1239],"class_list":["post-34504","post","type-post","status-publish","format-standard","has-post-thumbnail","hentry","category-duyuru","tag-bgsam","tag-bulturk","tag-kadin","tag-konferans"],"jetpack_sharing_enabled":true,"jetpack_likes_enabled":true,"jetpack-related-posts":[],"jetpack_shortlink":"https:\/\/wp.me\/pc2PfJ-8Yw","jetpack_featured_media_url":"https:\/\/i0.wp.com\/www.bghaber.org\/bghaber\/wp-content\/uploads\/2019\/02\/Bulturk-oya0.jpg?fit=2394%2C1638&ssl=1","_links":{"self":[{"href":"https:\/\/www.bghaber.org\/bghaber\/wp-json\/wp\/v2\/posts\/34504","targetHints":{"allow":["GET"]}}],"collection":[{"href":"https:\/\/www.bghaber.org\/bghaber\/wp-json\/wp\/v2\/posts"}],"about":[{"href":"https:\/\/www.bghaber.org\/bghaber\/wp-json\/wp\/v2\/types\/post"}],"author":[{"embeddable":true,"href":"https:\/\/www.bghaber.org\/bghaber\/wp-json\/wp\/v2\/users\/29"}],"replies":[{"embeddable":true,"href":"https:\/\/www.bghaber.org\/bghaber\/wp-json\/wp\/v2\/comments?post=34504"}],"version-history":[{"count":0,"href":"https:\/\/www.bghaber.org\/bghaber\/wp-json\/wp\/v2\/posts\/34504\/revisions"}],"wp:featuredmedia":[{"embeddable":true,"href":"https:\/\/www.bghaber.org\/bghaber\/wp-json\/wp\/v2\/media\/34729"}],"wp:attachment":[{"href":"https:\/\/www.bghaber.org\/bghaber\/wp-json\/wp\/v2\/media?parent=34504"}],"wp:term":[{"taxonomy":"category","embeddable":true,"href":"https:\/\/www.bghaber.org\/bghaber\/wp-json\/wp\/v2\/categories?post=34504"},{"taxonomy":"post_tag","embeddable":true,"href":"https:\/\/www.bghaber.org\/bghaber\/wp-json\/wp\/v2\/tags?post=34504"}],"curies":[{"name":"wp","href":"https:\/\/api.w.org\/{rel}","templated":true}]}}