{"id":34500,"date":"2019-02-27T21:40:08","date_gmt":"2019-02-27T18:40:08","guid":{"rendered":"https:\/\/www.bghaber.org\/bghaber\/?p=34500"},"modified":"2019-06-22T00:44:12","modified_gmt":"2019-06-21T21:44:12","slug":"yolumuzu-kesen-kanun-ve-gucler","status":"publish","type":"post","link":"https:\/\/www.bghaber.org\/bghaber\/yolumuzu-kesen-kanun-ve-gucler\/","title":{"rendered":"Yolumuzu Kesen Kanun ve G\u00fc\u00e7ler"},"content":{"rendered":"<p>Tarih: 27 \u015eubat 2019<br \/>\nYazan Rafet ULUT\u00dcRK<br \/>\nKonu<strong>: Avrupa Parlamentosu se\u00e7imleri 26 May\u0131sta.<\/strong><\/p>\n<p>Kanun yolu halktan ba\u015flar, kanunlar mecliste g\u00f6r\u00fc\u015f\u00fcl\u00fcr, onaylan\u0131r, son imza i\u00e7in Cumhurba\u015fkan\u0131\u2019na sunulur, imzalarsa <strong>\u201cResmi Gazete\u201d<\/strong> bas\u0131l\u0131r ve y\u00fcr\u00fcrl\u00fc\u011fe girer.<\/p>\n<p>Cumhurba\u015fkan\u0131 <strong>\u201cveto\u201d<\/strong> koyarsa, yan\u0131 onay vermezse, kanun meclise geri d\u00f6ner, tart\u0131\u015f\u0131l\u0131r, de\u011fi\u015fiklikler g\u00f6r\u00fcr ve Cumhurba\u015fkan\u0131na yeniden sunulur. Bu anayasal yolun ba\u015fka se\u00e7ene\u011fi yok gibidir.<\/p>\n<p><strong>Asl\u0131nda bir se\u00e7enek daha var. Halk ayaklan\u0131r, kanunlar\u0131n hepsini ar\u015five kilitler, ge\u00e7ersiz k\u0131lar ve yenilerini yazar.<\/strong><\/p>\n<p>1989 May\u0131s&#8217;ta Kad\u0131nlar\u0131m\u0131z\u0131n \u00f6nc\u00fcl\u00fc\u011f\u00fcnde ayaklanmam\u0131z, ayn\u0131 y\u0131l\u0131n 10 Kas\u0131m g\u00fcn\u00fc Kom\u00fcnist Partisini, Devlet Ba\u015fkan\u0131 ve Parti Genel Sekreteri totaliter diktat\u00f6r Todor Jivkov\u2019u g\u00f6revlerinin t\u00fcm\u00fcnden ald\u0131. Yetkilerine de paydos dedi. Bu ba\u015far\u0131l\u0131 bir siyasi darbe oldu. Neticesinde 1971 Anayasas\u0131 <em>(sosyalist Bulgaristan Anayasas\u0131)<\/em> ge\u00e7ersiz oldu.<\/p><div id=\"bghab-2192185351\" class=\"bghab-icerik-icine bghab-entity-placement\"><script async src=\"\/\/pagead2.googlesyndication.com\/pagead\/js\/adsbygoogle.js?client=ca-pub-6203283170189293\" crossorigin=\"anonymous\"><\/script><ins class=\"adsbygoogle\" style=\"display:block; text-align:center;\" data-ad-client=\"ca-pub-6203283170189293\" \ndata-ad-slot=\"7303146466\" \ndata-ad-layout=\"in-article\"\ndata-ad-format=\"fluid\" data-full-width-responsive=\"true\"><\/ins>\n<script> \n(adsbygoogle = window.adsbygoogle || []).push({}); \n<\/script>\n<\/div>\n<p><strong>25 \u015eubat 2019\u2019da Sofya meclisinin kap\u0131lar\u0131 halka a\u00e7\u0131kt\u0131. <\/strong><\/p>\n<p>Salonlar\u0131n birinde, 1879\u2019da Veliko T\u0131rnovo \u015fehrindeki Kaymakam Kona\u011f\u0131nda 240 vekilin kabul etti\u011fi Birinci Bulgar Anayasas\u0131\u2019n\u0131n el yaz\u0131s\u0131 sergilenmi\u015fti. 10 bin ki\u015fi g\u00f6rd\u00fc. Olay\u0131 \u015f\u00f6yle de\u011ferlendirmemiz yerinde olur kan\u0131s\u0131nday\u0131m:<\/p>\n<p><strong>Birinci Anayasa<\/strong>\u2019n\u0131n hukuksal temelinde, Rusya\u2019n\u0131n Osmanl\u0131ya 1877\/1878 sald\u0131r\u0131 sava\u015f\u0131ndan <em>(93 Harbi)<\/em> sonra toplanan B\u00fcy\u00fck Devletlerin Berlin Konferans\u0131nda al\u0131nan kararlar gere\u011fi kurulan Bulgar Prensli\u011fi\u2019nin ilkeleri yer ald\u0131. Dikkatle okundu\u011funda <em><strong>ilk anayasayla ilan edilen Prenslik g\u00f6bekten Osmanl\u0131\u2019ya ba\u011fl\u0131,<\/strong> <strong>ensesinde Rus \u00c7ar\u0131n\u0131n \u00e7izmesi,<\/strong><\/em> halk\u0131 temsil eden ayd\u0131n tabakan\u0131n g\u00f6z\u00fc ve g\u00f6nl\u00fc ise Bat\u0131 D\u00fcnyas\u0131ndayd\u0131. \u0130\u015finde g\u00fcc\u00fcnde olan halk de\u011fi\u015fiklik istemiyor gibiydi.<\/p>\n<p><strong>\u015eu hususa i\u015faret etmek istiyorum:<\/strong> Anayasa halk\u0131n iradesini yans\u0131t\u0131r ama bu nas\u0131l olsun, 1879\u2018larda Bulgar dilinde \u201c<strong>anayasa<\/strong>\u201d s\u00f6z\u00fc bile yoktur. Latinceden ve dolay\u0131s\u0131yla Frans\u0131zcadan gelen <strong>\u201ckonstitution\u201d<\/strong> benimsenmi\u015ftir.<\/p>\n<p><strong>Bulgarlar\u0131n ya\u015fad\u0131\u011f\u0131 ilk anayasal d\u00fczenli devlet Osmanl\u0131d\u0131r. <\/strong><\/p><div id=\"bghab-3231684014\" class=\"bghab-icerik-icine-10-paragraf bghab-entity-placement\"><script async src=\"\/\/pagead2.googlesyndication.com\/pagead\/js\/adsbygoogle.js?client=ca-pub-6203283170189293\" crossorigin=\"anonymous\"><\/script><ins class=\"adsbygoogle\" style=\"display:block; text-align:center;\" data-ad-client=\"ca-pub-6203283170189293\" \ndata-ad-slot=\"7303146466\" \ndata-ad-layout=\"in-article\"\ndata-ad-format=\"fluid\" data-full-width-responsive=\"true\"><\/ins>\n<script> \n(adsbygoogle = window.adsbygoogle || []).push({}); \n<\/script>\n<\/div>\n<p>23 Aral\u0131k 1876\u2019da ilan edilen Osmanl\u0131n\u0131n ilk ve son anayasas\u0131 Kanun-i Esasiye &#8211; <strong>\u201cTemel Kanun\u201d<\/strong> &#8211; yani Anayasa anlam\u0131ndad\u0131r. Bu Anayasa Bulgarlar da d\u00e2hil imparatorlukta ya\u015fayan t\u00fcm vatanda\u015flara hi\u00e7bir ay\u0131r\u0131m g\u00f6zetmeksizin dil, din ve az\u0131nl\u0131klara kolektif haklar, her bak\u0131ma e\u015fitlik tan\u0131m\u0131\u015ft\u0131r. Bu bak\u0131ma, Bulgarlar\u0131n Veliko T\u0131rnova\u2019da kabul etti\u011fi Anayasa, insanlar\u0131n bireysel ve kolektif haklar\u0131 a\u00e7\u0131s\u0131ndan, insan karde\u015fli\u011fi ve e\u015fitli\u011fi bak\u0131m\u0131ndan Osmanl\u0131 Anayasas\u0131ndan fersah fersah geridir.<\/p>\n<p>44.Meclis salonuna sergilenen T\u0131rnova Anayasas\u0131\u2019n\u0131n el yaz\u0131s\u0131 n\u00fcshalar\u0131nda g\u00f6r\u00fcld\u00fc\u011f\u00fc \u00fczere, \u00e7alma kapma fikirler, Bat\u0131 demokrasisinin kara kal\u0131p de\u011ferleri ve Rus Ortodoksluk tek yanl\u0131 hak ve \u00f6zg\u00fcrl\u00fck dogmalar\u0131 bu temel yasan\u0131n esas\u0131n\u0131 olu\u015fturmu\u015ftur.<\/p>\n<p>\u00c7ok daha \u00f6nemlisi, T\u0131rnovo Anayasas\u0131 Osmanl\u0131 miras\u0131n\u0131 ve ata-vatan topraklarda kalan M\u00fcsl\u00fcmanlar\u0131n ya\u015fam, mal-m\u00fclk hakk\u0131n\u0131, dil, din ve k\u00fclt\u00fcr erdemlerini kesin g\u00fcvence alt\u0131na almam\u0131\u015ft\u0131r.<\/p>\n<p><strong>Az\u0131nl\u0131klara vatanda\u015fl\u0131k hakk\u0131 tan\u0131rken, etnik az\u0131nl\u0131klara mensup olanlar\u0131 \u00f6z vatanlar\u0131nda s\u0131k\u0131\u015ft\u0131rma ve g\u00f6\u00e7e zorlama zulm\u00fcnden asla vaz ge\u00e7memi\u015ftir.<\/strong><\/p>\n<p><strong>O g\u00fcn bu g\u00fcn 4 defa de\u011fi\u015fen Birinci Anayasa,<\/strong> asl\u0131nda Bulgar Prensli\u011finde devlet ba\u015fkan\u0131 olan Prens\u2019in (Knyaz) haklar\u0131n\u0131 belirlerken s\u0131n\u0131rlama amac\u0131yla haz\u0131rlanm\u0131\u015f ve devlet bi\u00e7imi olarak parlamenter demokrasi ilan etmi\u015ftir. Se\u00e7im kurallar\u0131n\u0131, vatanda\u015flar\u0131n haklar\u0131n\u0131 ve y\u00fck\u00fcml\u00fcl\u00fcklerini de s\u0131ralayan anayasada, Prensin temel \u00f6devi, mecliste kabul edilen kanunlar\u0131 onaylamak ya da <strong>\u201cveto\u201d<\/strong> hakk\u0131n\u0131 kullanarak meclise \u00e7evirmek olarak bi\u00e7imlenmi\u015ftir.<\/p><div id=\"bghab-2165178154\" class=\"bghab-icerik-icine-15-paragraf bghab-entity-placement\"><script async src=\"\/\/pagead2.googlesyndication.com\/pagead\/js\/adsbygoogle.js?client=ca-pub-6203283170189293\" crossorigin=\"anonymous\"><\/script><ins class=\"adsbygoogle\" style=\"display:block; text-align:center;\" data-ad-client=\"ca-pub-6203283170189293\" \ndata-ad-slot=\"7303146466\" \ndata-ad-layout=\"in-article\"\ndata-ad-format=\"fluid\" data-full-width-responsive=\"true\"><\/ins>\n<script> \n(adsbygoogle = window.adsbygoogle || []).push({}); \n<\/script>\n<\/div>\n<p><strong>Bulgaristan\u2019da 1879 kurulan devlet bi\u00e7imi Anayasal monar\u015fidir.<\/strong> Anayasa, Prensin haklar\u0131n\u0131 d\u00fczenleme arac\u0131 rol\u00fc g\u00f6rd\u00fc. Prens de uygun g\u00f6rmedi\u011fi yasa maddelerini onaylamama ve meclise geri \u00e7evirme hakk\u0131n\u0131 kullanabilme hakk\u0131n\u0131 elde etti. Bu hak halen bug\u00fcn de ge\u00e7erlidir.<\/p>\n<p>Demek oluyor ki, bu bak\u0131ma olmakla, 16 Kas\u0131m 2016\u2019da se\u00e7ti\u011fimiz Bulgaristan Cumhurba\u015fkan\u0131 Rumen Radev\u2019in hak ve y\u00fck\u00fcml\u00fcl\u00fckleri \u00f6zde 140 y\u0131l \u00f6nce ta\u00e7 giyinen Prens\u2019in hak ve y\u00fck\u00fcml\u00fcl\u00fcklerinden pek farkl\u0131 say\u0131lmaz.<\/p>\n<p><strong>Bulgaristan monar\u015fi tarihi 70 y\u0131l s\u00fcrd\u00fc. <\/strong><\/p>\n<p>Ba\u015fl\u0131ca anayasa, kanun ve kanun h\u00fckm\u00fcnde karar de\u011fi\u015fiklikleri bu y\u0131llarda Prens ve \u00c7arlar, h\u00fckumetler d\u00fc\u015f\u00fcrd\u00fc. Askeri darbelere neden oldu.<\/p>\n<p><strong>Birinci Prens Aleksand\u0131r<\/strong> Batenberg anayasa de\u011fi\u015fikli\u011fi isteyince ta\u00e7\u0131n\u0131 \u00e7\u0131kar\u0131p (1886) Bulgaristan&#8217;\u0131 terk etti.<\/p><div id=\"bghab-397624823\" class=\"bghab-icerik-icine-20-paragraf bghab-entity-placement\"><script async src=\"\/\/pagead2.googlesyndication.com\/pagead\/js\/adsbygoogle.js?client=ca-pub-6203283170189293\" crossorigin=\"anonymous\"><\/script><ins class=\"adsbygoogle\" style=\"display:block; text-align:center;\" data-ad-client=\"ca-pub-6203283170189293\" \ndata-ad-slot=\"7303146466\" \ndata-ad-layout=\"in-article\"\ndata-ad-format=\"fluid\" data-full-width-responsive=\"true\"><\/ins>\n<script> \n(adsbygoogle = window.adsbygoogle || []).push({}); \n<\/script>\n<\/div>\n<p><strong>Birinci Bulgar \u00c7ar\u0131 Ferdinand <\/strong>Tac\u0131n\u0131 (1918) o\u011flu III. Boris\u2019e devredip, felakete itti\u011fi \u00fclkeden ka\u00e7t\u0131.<\/p>\n<p><strong>\u00c7ar III. Boris\u2019in<\/strong> (1943) \u00f6ld\u00fcr\u00fcld\u00fc.<\/p>\n<p><strong>O\u011flu II. Simyon <\/strong>halk oylamas\u0131 sonucu (1948) 50 y\u0131l \u00fclkeden uzakta kald\u0131ktan sonra, 2001 \u2018de geri d\u00f6nebildi.<\/p>\n<p>25 \u015eubat 2019\u2019da Cumhurba\u015fkan\u0131 R. Radev meclisin kabul etti\u011fi SE\u00c7\u0130M YASASINI \u201c<strong>halk\u0131 demokratik ve \u015feffaf bir se\u00e7im s\u00fcrecinden uzakla\u015ft\u0131rd\u0131\u011f\u0131<\/strong>\u201d gerek\u00e7esiyle yeniden g\u00f6r\u00fc\u015f\u00fclmesi i\u00e7in meclise geri g\u00f6nderdi. Radev, yap\u0131lan de\u011fi\u015fiklerin se\u00e7meni istedi\u011fi ki\u015fiye oy verme hakk\u0131ndan mahrum etti\u011fi gibi, \u015fahsiyetlerin meclis yolunu kapad\u0131\u011f\u0131n\u0131, ancak siyasi parti iradesine \u00f6ncelik tan\u0131d\u0131\u011f\u0131n\u0131 belirtti.<\/p>\n<p>De\u011fi\u015fiklikler, a\u015famal\u0131 olarak elektronik oy kullanma yolunu a\u00e7mad\u0131\u011f\u0131 gibi, k\u00f6ylerde 300 se\u00e7men \u00e7\u0131tas\u0131 uygulanarak, se\u00e7imde \u0130nternet \u00fczerinden, bilgisayar, posta arac\u0131l\u0131\u011f\u0131yla oy kullanma gibi yeniliklerin uygulanmas\u0131n\u0131 kesinlikte has\u0131r-alt\u0131 edilir iken, se\u00e7men listelerini \u00f6nceden a\u00e7\u0131klay\u0131p herkesin g\u00f6rebilece\u011fi bir yere ast\u0131.<\/p><div id=\"bghab-3903491656\" class=\"bghab-icerik-icine-25-paragraf bghab-entity-placement\"><script async src=\"\/\/pagead2.googlesyndication.com\/pagead\/js\/adsbygoogle.js?client=ca-pub-6203283170189293\" crossorigin=\"anonymous\"><\/script><ins class=\"adsbygoogle\" style=\"display:block; text-align:center;\" data-ad-client=\"ca-pub-6203283170189293\" \ndata-ad-slot=\"7303146466\" \ndata-ad-layout=\"in-article\"\ndata-ad-format=\"fluid\" data-full-width-responsive=\"true\"><\/ins>\n<script> \n(adsbygoogle = window.adsbygoogle || []).push({}); \n<\/script>\n<\/div>\n<p><strong>Bulgar dilini kullanmada g\u00fc\u00e7l\u00fck \u00e7ekenlere anadillerinde a\u00e7\u0131klamal\u0131 yard\u0131m yap\u0131lmas\u0131n\u0131 da kald\u0131rm\u0131\u015ft\u0131r. <\/strong><\/p>\n<p>Bu de\u011fi\u015fikliklerle, se\u00e7im sonu\u00e7lar\u0131ndan ku\u015fkulananlar\u0131n yarg\u0131ya ba\u015fvurmas\u0131 yolu da kesin t\u0131kanm\u0131\u015f ve anayasal insan hakk\u0131 olan se\u00e7ime kat\u0131lma hakk\u0131, hukuksal savunmadan mahrum b\u0131rak\u0131lm\u0131\u015ft\u0131r. Bu arada, Merkez Se\u00e7im Komisyonu kararlar\u0131 ile ilgili <strong>\u201cyarg\u0131lanamaz\u201d<\/strong> k\u0131stas\u0131n\u0131n getirilmesi de, se\u00e7im s\u00fcrecinde yasall\u0131k lehinde de\u011fildir.<\/p>\n<p>Radev, \u201c<strong>onurlu bir se\u00e7im s\u00fcreci garantilemeyi zay\u0131flatan de\u011fi\u015fikliklere\u201d<\/strong> i\u015faret ettikten sonra <strong>\u201cveto\u201d<\/strong> hakk\u0131n\u0131 kullanarak, yasay\u0131 geri \u00e7evirmi\u015ftir. B\u00f6ylece mecliste sa\u011flanan derme toplama \u00e7o\u011funluk se\u00e7im yasas\u0131n\u0131 uygulama konusunda Anayasal usul\u00fc bozmu\u015ftur. Bu arada, bir hafta i\u00e7inde ayn\u0131 milletvekillerinin birbirine tamamen z\u0131t d\u00fc\u015fen se\u00e7im yasas\u0131 maddelerine lehte oy vermeleri de ku\u015fku uyand\u0131rm\u0131\u015ft\u0131r.<\/p>\n<p><strong>Meclisin tavr\u0131, Bulgar se\u00e7meninin parlamenter d\u00fczene olan g\u00fcvenini birden bire % 8\u2019e d\u00fc\u015f\u00fcr\u00fcrken, Meclis Ba\u015fkan\u0131 Karayan\u00e7eva\u2019ya g\u00fcven % 1\u2019e inmi\u015ftir.<\/strong><\/p>\n<p>Namuslu, \u015ferefli, \u015feffaf se\u00e7im yap\u0131lamayan bir \u00fclkede politik y\u00f6netimin sayg\u0131nl\u0131\u011f\u0131 yerle bir olur, \u00e7\u00fcnk\u00fc siyasetin anlam\u0131, akl\u0131selim d\u00fc\u015f\u00fcnen, \u00f6\u011frenimli, deneyimli, onurlu ve d\u00fcr\u00fcst \u015fahsiyetleri y\u00f6netime se\u00e7mekten ba\u015fka bir \u015fey de\u011fildir. Namuslu se\u00e7imler demokrasiyi t\u00fcm di\u011fer y\u00f6netim bi\u00e7imlerinden ay\u0131rt edendir. Bu Bulgaristan se\u00e7imlerinde y\u00f6neticilerimizi <strong><em>onurlu bir \u015fekilde se\u00e7me hakk\u0131m\u0131z\u0131 yitirdi\u011fimizde<\/em><\/strong>, son 30 y\u0131lda elde edebildi\u011fimiz t\u00fcm haklar\u0131m\u0131z\u0131 kesin yitirmi\u015f, ate\u015fe atm\u0131\u015f oluruz.<\/p><div id=\"bghab-3533466806\" class=\"bghab-icerik-icine-30-paragraf bghab-entity-placement\"><script async src=\"\/\/pagead2.googlesyndication.com\/pagead\/js\/adsbygoogle.js?client=ca-pub-6203283170189293\" crossorigin=\"anonymous\"><\/script><ins class=\"adsbygoogle\" style=\"display:block; text-align:center;\" data-ad-client=\"ca-pub-6203283170189293\" \ndata-ad-slot=\"7303146466\" \ndata-ad-layout=\"in-article\"\ndata-ad-format=\"fluid\" data-full-width-responsive=\"true\"><\/ins>\n<script> \n(adsbygoogle = window.adsbygoogle || []).push({}); \n<\/script>\n<\/div>\n<p><strong>Bu haklar\u0131n ba\u015f\u0131nda se\u00e7me ve se\u00e7ilme hakk\u0131m\u0131z gelir.<\/strong><\/p>\n<p>Bulgaristan\u2019da veya T\u00fcrkiye\u2019de ya\u015fasak da biz Avrupa Birli\u011fi vatanda\u015f\u0131y\u0131z ve se\u00e7me ve se\u00e7ilme hakk\u0131m\u0131z bizim kutsal\u0131m\u0131zd\u0131r.<\/p>\n<p><strong>Ge\u00e7en 26 Mart 2017\u2019de erken genel se\u00e7imlerinde temel hakk\u0131m\u0131z \u00e7ok b\u00fcy\u00fck bir yara ald\u0131. <\/strong><\/p>\n<p>Bir defa, fa\u015fizan partilerden biri olan <strong>\u201cBulgaristan\u2019\u0131 Kurtarmak i\u00e7in Milli Cephe\u201d<\/strong> (NFSB) T\u00fcrkiye Cumhuriyetinde a\u00e7\u0131lan se\u00e7im b\u00fcrolar\u0131nda bask\u0131 uygulamak, Bulgarca yazmay\u0131 s\u00f6kememi\u015f ya\u015fl\u0131 se\u00e7menimizin oy kullanmas\u0131n\u0131 engellemek i\u00e7in g\u00f6nderdi\u011fi kal\u0131n enseli sopac\u0131 gen\u00e7lerin kabal\u0131\u011f\u0131 yenir yutulur de\u011fildi. Bu bask\u0131 unsurlar\u0131n\u0131n T\u00fcrkiye\u2019ye \u00f6rg\u00fctl\u00fc bir \u015fekilde girmeleri se\u00e7im g\u00fcn\u00fc kurallar\u0131na y\u00fczde y\u00fcz ayk\u0131r\u0131 oldu\u011fu gibi, se\u00e7im b\u00fcrolar\u0131ndan ter\u00f6r estirmeleri de cezas\u0131z kalm\u0131\u015ft\u0131r. Hatta Bulgaristan T\u00fcrkleri K\u00fclt\u00fcr ve Hizmet Derne\u011fi BULT\u00dcRK Bayrampa\u015fa d\u0131\u015f\u0131nda hi\u00e7bir dernek ve Federasyon hi\u00e7bir yerde tepki g\u00f6stermemi\u015ftir. Konsolosluklar\u0131 ve Bulgar B\u00fcy\u00fck El\u00e7ili\u011fini aray\u0131p olaylar\u0131 k\u0131namam\u0131\u015ft\u0131r. Protesto mesaj\u0131 yay\u0131nlamam\u0131\u015ft\u0131r. Bunlar, siyasi olarak \u00e7ok derin bir uykuda oldu\u011fumuza kesin kan\u0131tt\u0131r. Oy say\u0131mlarda kap\u0131lar\u0131 kapatmak istemi\u015flerdir Bayrampa\u015fa\u2019da kapat\u0131lmam\u0131\u015ft\u0131r, kapatt\u0131r\u0131lmam\u0131\u015ft\u0131r.<\/p>\n<p>Bunun d\u0131\u015f\u0131nda Bulgaristan T\u00fcrkiye s\u0131n\u0131r\u0131na b\u00fcy\u00fck say\u0131da a\u015f\u0131r\u0131 sald\u0131rgan sopal\u0131 tipler y\u0131\u011f\u0131lmas\u0131, se\u00e7men dolu otob\u00fcslerin durdurulmas\u0131, Bulgar vatanda\u015f\u0131 T\u00fcrk se\u00e7menlerin otob\u00fcslerden indirilmesi, ya\u015fl\u0131 bayanlar\u0131n annelerimizin \u0131rk\u00e7\u0131 Valeri Simyonov gibi fa\u015fist parti ba\u015fkanlar\u0131 taraf\u0131ndan tartaklanmas\u0131 unutulamaz.<\/p><div id=\"bghab-3286167843\" class=\"bghab-icerik-icine-35-paragraf bghab-entity-placement\"><script async src=\"\/\/pagead2.googlesyndication.com\/pagead\/js\/adsbygoogle.js?client=ca-pub-6203283170189293\" crossorigin=\"anonymous\"><\/script><ins class=\"adsbygoogle\" style=\"display:block; text-align:center;\" data-ad-client=\"ca-pub-6203283170189293\" \ndata-ad-slot=\"7303146466\" \ndata-ad-layout=\"in-article\"\ndata-ad-format=\"fluid\" data-full-width-responsive=\"true\"><\/ins>\n<script> \n(adsbygoogle = window.adsbygoogle || []).push({}); \n<\/script>\n<\/div>\n<p>Parti lideri olarak b\u00f6b\u00fcrlenen fa\u015fist Krasimir Karaka\u00e7anov, Volen Siderov, AP milletvekili Angel Cambazki ve daha bir\u00e7ok politik \u015fahs\u0131n, polisler, jandarmalar olaya seyirci kalm\u0131\u015f, k\u0131\u015fk\u0131rt\u0131c\u0131l\u0131k yapm\u0131\u015ft\u0131r. Bu asla kabul edilebilir bir olay de\u011fildir. Se\u00e7im g\u00fcn\u00fc propaganda yapmak, oyunu kullanmaya giden vatanda\u015flar\u0131 durdurmak, d\u00f6vmek, bask\u0131 uygulamak, tartaklamak, parayla oy sat\u0131n almak anayasaya ve se\u00e7im yasalar\u0131na tamamen terstir ve bunlar\u0131 yapanlar\u0131n tutuklan\u0131p yarg\u0131lanmas\u0131 \u015fartt\u0131r.<\/p>\n<p>Biz b\u00f6yle d\u00fc\u015f\u00fcn\u00fcrken ne yaz\u0131k ki, Bulgaristan\u2019da savc\u0131l\u0131k olay\u0131 g\u00f6rmezden gelmi\u015f, tutuklanan, yarg\u0131lanan ve i\u00e7eri at\u0131lan hi\u00e7 olmam\u0131\u015ft\u0131r. Hatta daha sonra <strong>\u201cKap\u0131 Kule\u201d<\/strong>de se\u00e7men av\u0131na \u00e7\u0131kan ve vatanda\u015flar\u0131 tartaklayanlardan ikisi &#8211; Krasimiz Karaka\u00e7anov ile Valeri Simyono\u0131v \u2013 \u00f6d\u00fcl olarak Ba\u015fbakan Yard\u0131mc\u0131s\u0131 g\u00f6revlerine atand\u0131\u011f\u0131nda, sa\u011fduyulu kamuoyunu \u00fcrpertmi\u015ftir.<\/p>\n<p>Pek tabii ki son 30 y\u0131lda Bulgaristan\u2019da anayasal ve en kutsal insan haklar\u0131ndan biri olan se\u00e7me ve se\u00e7ilme hakk\u0131n\u0131n engellenmesinde, \u00f6zg\u00fcrce ve se\u00e7menin istedi\u011fi bi\u00e7imde kullan\u0131lmas\u0131na engel yarat\u0131lmas\u0131nda 2 \u00e7ok b\u00fcy\u00fck engel vard\u0131.<\/p>\n<p>Se\u00e7menin halk meclisine ulusun ve az\u0131nl\u0131klar\u0131n en yetenekli, en irdeleyici, bilge, y\u00fcrekli ve ahlakl\u0131, d\u00fcr\u00fcst kadrolar\u0131 g\u00f6nderilmesi \u00f6ncelikle Hak ve \u00d6zg\u00fcrl\u00fck Partisi (DPS) ile Bulgaristan Sosyalist Partisi\u2019nin (BSP) taraf\u0131ndan engellendi.<\/p>\n<p><strong>DPS ve BSP totaliter-kom\u00fcnist d\u00f6nem su\u00e7lular\u0131n\u0131n cezas\u0131z kalmas\u0131 konusunda el ele verdiler. <\/strong><\/p><div id=\"bghab-2241164356\" class=\"bghab-icerik-icine-40-paragraf bghab-entity-placement\"><script async src=\"\/\/pagead2.googlesyndication.com\/pagead\/js\/adsbygoogle.js?client=ca-pub-6203283170189293\" crossorigin=\"anonymous\"><\/script><ins class=\"adsbygoogle\" style=\"display:block; text-align:center;\" data-ad-client=\"ca-pub-6203283170189293\" \ndata-ad-slot=\"7303146466\" \ndata-ad-layout=\"in-article\"\ndata-ad-format=\"fluid\" data-full-width-responsive=\"true\"><\/ins>\n<script> \n(adsbygoogle = window.adsbygoogle || []).push({}); \n<\/script>\n<\/div>\n<p>Bulgaristan\u2019da adalet ve demokrasiyi k\u00f6t\u00fcr\u00fcm ettiler. Az\u0131nl\u0131k haklar\u0131na mezar kazd\u0131lar. Anadilimizde konu\u015fmam\u0131z, okumam\u0131z halen bug\u00fcn de yasakt\u0131r. Bu bir vah\u015fettir. Bu siyasetin arkas\u0131nda duran fa\u015fist zihniyetlilerden mutlaka hesap sorulmal\u0131d\u0131r. \u0130\u015fte bu hesap sorulur ve uygulan\u0131r ise o zaman y\u00fczde y\u00fcz demokrasi gelecektir.<\/p>\n<p>14 \u015eubat 2019\u2019da mecliste onaylanan ama 2 hafta sonra Cumhurba\u015fkan\u0131 taraf\u0131ndan geri \u00e7evrilen se\u00e7im yasas\u0131 de\u011fi\u015fiklikleri su\u00e7lular\u0131 korumay\u0131, halk\u0131n iradesini yok saymay\u0131, ger\u00e7ekleri gizlemeyi, zul\u00fcm y\u0131llar\u0131 korkusunu ya\u015fatmay\u0131 hedefliyordu.<\/p>\n<p><strong>R\u00fcyalar\u0131nda 2 milyondan fazla gurbet\u00e7imizin hakk\u0131n\u0131 yemek vard\u0131.<\/strong> Niyetlerinde y\u0131llar \u00f6nce hayata g\u00f6zlerini yummu\u015f vatanda\u015flar\u0131 sand\u0131kta canland\u0131rmak vard\u0131. Se\u00e7im komisyonu \u00fcyelerinin evde haz\u0131rlad\u0131klar\u0131 b\u00fcltenleri donlar\u0131nda se\u00e7im b\u00fcrosuna g\u00f6t\u00fcr\u00fcp kimse g\u00f6rmeden sand\u0131\u011fa doldurmak, \u201c<strong>tek n\u00fcsha haz\u0131rlanan tutanaklar\u0131<\/strong>\u201d oy \u00e7uvallar\u0131n\u0131 ta\u015f\u0131rken de\u011fi\u015ftirmek ve daha bin bir tuzak vard\u0131.<\/p>\n<p><strong>DPS partisi, M\u00fcsl\u00fcman se\u00e7menin istedi\u011fi aday\u0131 Br\u00fcksel parlamentosuna g\u00f6ndermesini \u00f6nlemek, niyetini baltalamak, yol vermemek i\u00e7in y\u0131lana sar\u0131l\u0131yor.<\/strong> Her biri halk\u0131m\u0131z\u0131 \u00e7oktan unutmu\u015flar. G\u00f6zleri parada. Saray bek\u00e7isi haine k\u00f6le olmu\u015flar.<\/p>\n<p><strong>Karde\u015flerimiz se\u00e7me ve se\u00e7ilme hakk\u0131n\u0131 \u00f6zg\u00fcrce kullanabilseler tar\u0131ma gelen te\u015fviklerin % 80\u2019ni 5-10 ki\u015fi aras\u0131nda payla\u015f\u0131lamaz.<\/strong> Doland\u0131r\u0131c\u0131n\u0131n yolu kesilir. Romenlere ev, anaokulu, anadillerinde ilk ve ortaokul, lise, k\u00fclt\u00fcr merkezleri, meslek okullar\u0131 i\u00e7in Br\u00fcksel\u2019den gelen paralar\u0131 \u00e7alanlardan hesap sorulur. GETTO zulm\u00fc kalkar. Mahalleler g\u00fcl bah\u00e7esi gibi a\u00e7ar.<\/p><div id=\"bghab-3775562467\" class=\"bghab-icerik-icine-45-paragraf bghab-entity-placement\"><script async src=\"\/\/pagead2.googlesyndication.com\/pagead\/js\/adsbygoogle.js?client=ca-pub-6203283170189293\" crossorigin=\"anonymous\"><\/script><ins class=\"adsbygoogle\" style=\"display:block; text-align:center;\" data-ad-client=\"ca-pub-6203283170189293\" \ndata-ad-slot=\"7303146466\" \ndata-ad-layout=\"in-article\"\ndata-ad-format=\"fluid\" data-full-width-responsive=\"true\"><\/ins>\n<script> \n(adsbygoogle = window.adsbygoogle || []).push({}); \n<\/script>\n<\/div>\n<p>Son 12 y\u0131lda Bulgaristan\u2019a i\u015f yeri a\u00e7\u0131lmas\u0131, sa\u011fl\u0131k ocaklar\u0131 ve hastanelerin, okullar\u0131n modernle\u015ftirilmesi i\u00e7in 29 milyar Euro para geldi. Meclise halk\u0131n en ayd\u0131n ve d\u00fcr\u00fcst kadrolar\u0131 girebilseydi <strong>\u201cNerde bu paralar?\u201d<\/strong> diye soracaklard\u0131.<\/p>\n<p><strong>Evet h\u0131rs\u0131zlar korkuyorlar.<\/strong> Yol kesiyor. En fazla korkanlar ise DPS, GERB ve fa\u015fistler aras\u0131ndaki r\u00fc\u015fvet\u00e7i, g\u00f6n surat, \u015ferefsiz doland\u0131r\u0131c\u0131lard\u0131r. Memlekette 14 000 (on d\u00f6rt bin) diplomal\u0131 avukat var. Fakat adalet zafer \u00e7an\u0131 \u00e7alam\u0131yor, \u00e7\u00fcnk\u00fc yar\u0131s\u0131 polis akademilerinden gelme ve g\u00f6rd\u00fcklerini itiraf etmek istemiyorlar.<\/p>\n<p>Bize engel olan k\u00f6t\u00fcl\u00fcklerden biri de, \u00fclkede adaleti s\u0131rtlay\u0131p ta\u015f\u0131yacak ayd\u0131n kadronun olmay\u0131\u015f\u0131d\u0131r. Hukukun \u00fcst\u00fcnl\u00fc\u011f\u00fc hala kitaplara bile yaz\u0131l(a)mam\u0131\u015ft\u0131r.<\/p>\n<p><strong>Adalet m\u00fclk\u00fcn temelidir ilkesi ne anayasada ne de yasalarda, hatta mahkeme duvar\u0131nda bile yaz\u0131l\u0131 de\u011fildir. <\/strong><\/p>\n<p><strong>Zaman yol kesenlerin yolunu kesme zaman\u0131d\u0131r.<\/strong><\/p><div id=\"bghab-513924396\" class=\"bghab-icerik-icine-50-paragraf bghab-entity-placement\"><script async src=\"\/\/pagead2.googlesyndication.com\/pagead\/js\/adsbygoogle.js?client=ca-pub-6203283170189293\" crossorigin=\"anonymous\"><\/script><ins class=\"adsbygoogle\" style=\"display:block; text-align:center;\" data-ad-client=\"ca-pub-6203283170189293\" \ndata-ad-slot=\"7303146466\" \ndata-ad-layout=\"in-article\"\ndata-ad-format=\"fluid\" data-full-width-responsive=\"true\"><\/ins>\n<script> \n(adsbygoogle = window.adsbygoogle || []).push({}); \n<\/script>\n<\/div>\n<p>Dizimiz devam edecek. Yeni konumuz: \u201c<strong>Br\u00fcksel parlamentosu koltuklar\u0131 i\u00e7in siyasi kavga.\u201d<\/strong><\/p>\n<p>Okudunuzsa, okutun, tart\u0131\u015f\u0131n, sorular i\u00e7in bizi aray\u0131n.<br \/>\nSe\u00e7me ve se\u00e7ilme hakk\u0131 bizim \u00f6z davam\u0131zd\u0131r. Geri ad\u0131m atamay\u0131z.<br \/>\nBirle\u015fme yollar\u0131n\u0131 a\u00e7abilirsek Br\u00fcksel meclisine 6 milletvekili g\u00f6nderebiliriz.<br \/>\nL\u00fctfen dostlar\u0131n\u0131zla payla\u015f\u0131n\u0131z.<br \/>\nTe\u015fekk\u00fcr ederim.<\/p>\n<div id=\"bghab-3119358368\" class=\"bghab-yazi-altinda bghab-entity-placement\"><script async src=\"https:\/\/pagead2.googlesyndication.com\/pagead\/js\/adsbygoogle.js\"><\/script>\r\n<!-- bghaber-yaz\u0131-sonu -->\r\n<ins class=\"adsbygoogle\"\r\n     style=\"display:block\"\r\n     data-ad-client=\"ca-pub-6203283170189293\"\r\n     data-ad-slot=\"4222328180\"\r\n     data-ad-format=\"auto\"\r\n     data-full-width-responsive=\"true\"><\/ins>\r\n<script>\r\n     (adsbygoogle = window.adsbygoogle || []).push({});\r\n<\/script><\/div><br style=\"clear: both; display: block; float: none;\"\/>","protected":false},"excerpt":{"rendered":"<p>Tarih: 27 \u015eubat 2019 Yazan Rafet ULUT\u00dcRK Konu: Avrupa Parlamentosu se\u00e7imleri 26 May\u0131sta. Kanun yolu halktan ba\u015flar, kanunlar mecliste g\u00f6r\u00fc\u015f\u00fcl\u00fcr, onaylan\u0131r, son imza i\u00e7in Cumhurba\u015fkan\u0131\u2019na<\/p>\n","protected":false},"author":2,"featured_media":31454,"comment_status":"closed","ping_status":"closed","sticky":false,"template":"","format":"standard","meta":{"advanced_seo_description":"","jetpack_seo_html_title":"","jetpack_seo_noindex":false,"jetpack_seo_schema_type":"","_jetpack_newsletter_access":"","_jetpack_dont_email_post_to_subs":false,"_jetpack_newsletter_tier_id":0,"_jetpack_memberships_contains_paywalled_content":false,"_jetpack_feature_clip_id":0,"_jetpack_memberships_contains_paid_content":false,"footnotes":"","jetpack_post_was_ever_published":false},"categories":[6],"tags":[],"class_list":["post-34500","post","type-post","status-publish","format-standard","has-post-thumbnail","hentry","category-yorum"],"jetpack_sharing_enabled":true,"jetpack_likes_enabled":true,"jetpack-related-posts":[],"jetpack_shortlink":"https:\/\/wp.me\/pc2PfJ-8Ys","jetpack_featured_media_url":"https:\/\/i0.wp.com\/www.bghaber.org\/bghaber\/wp-content\/uploads\/2018\/06\/rafet-mass.jpg?fit=626%2C572&ssl=1","_links":{"self":[{"href":"https:\/\/www.bghaber.org\/bghaber\/wp-json\/wp\/v2\/posts\/34500","targetHints":{"allow":["GET"]}}],"collection":[{"href":"https:\/\/www.bghaber.org\/bghaber\/wp-json\/wp\/v2\/posts"}],"about":[{"href":"https:\/\/www.bghaber.org\/bghaber\/wp-json\/wp\/v2\/types\/post"}],"author":[{"embeddable":true,"href":"https:\/\/www.bghaber.org\/bghaber\/wp-json\/wp\/v2\/users\/2"}],"replies":[{"embeddable":true,"href":"https:\/\/www.bghaber.org\/bghaber\/wp-json\/wp\/v2\/comments?post=34500"}],"version-history":[{"count":0,"href":"https:\/\/www.bghaber.org\/bghaber\/wp-json\/wp\/v2\/posts\/34500\/revisions"}],"wp:featuredmedia":[{"embeddable":true,"href":"https:\/\/www.bghaber.org\/bghaber\/wp-json\/wp\/v2\/media\/31454"}],"wp:attachment":[{"href":"https:\/\/www.bghaber.org\/bghaber\/wp-json\/wp\/v2\/media?parent=34500"}],"wp:term":[{"taxonomy":"category","embeddable":true,"href":"https:\/\/www.bghaber.org\/bghaber\/wp-json\/wp\/v2\/categories?post=34500"},{"taxonomy":"post_tag","embeddable":true,"href":"https:\/\/www.bghaber.org\/bghaber\/wp-json\/wp\/v2\/tags?post=34500"}],"curies":[{"name":"wp","href":"https:\/\/api.w.org\/{rel}","templated":true}]}}