{"id":34338,"date":"2019-02-22T18:59:09","date_gmt":"2019-02-22T15:59:09","guid":{"rendered":"https:\/\/www.bghaber.org\/bghaber\/?p=34338"},"modified":"2019-06-25T23:24:28","modified_gmt":"2019-06-25T20:24:28","slug":"bulgaristandaki-gazin-25inden-fazlasi-2-yil-icinde-azerbaycandan-gelecek","status":"publish","type":"post","link":"https:\/\/www.bghaber.org\/bghaber\/bulgaristandaki-gazin-25inden-fazlasi-2-yil-icinde-azerbaycandan-gelecek\/","title":{"rendered":"Bulgaristan&#8217;daki gaz\u0131n % 25&#8217;inden fazlas\u0131 2 y\u0131l i\u00e7inde Azerbaycan&#8217;dan gelecek"},"content":{"rendered":"<p>Bulgaristan, Azerbaycan&#8217;\u0131n \u201cBalkan\u201d merkezine gaz tedarik\u00e7ilerinden biri olmas\u0131n\u0131 bekliyor.Bu, Bulgaristan Enerji Bakan\u0131 Temenujka Petkova taraf\u0131ndan belirtildi.Stratejik Enerji Ortakl\u0131\u011f\u0131, Azeri do\u011falgaz\u0131n\u0131n \u201cG\u00fcney Gaz Koridoru\u201d \u00fczerinden Yunanistan-Bulgaristan interkonekt\u00f6rden \u201c Bulgartransgaz\u201d borular\u0131ndan \u201cBalkan\u201d b\u00f6lgesel gaz merkezine tedarik edilmesini \u00f6ng\u00f6rmektedir.Bakan, gaz kaynaklar\u0131n\u0131n ve yollar\u0131n\u0131n hem Bulgaristan\u2019a hem b\u00f6lgeye y\u00f6nelik \u00e7e\u015fitlendirilece\u011fini\u00a0 ve \u201cBulgargaz\u201d \u015firketinin 2020\u2019den sonra \u201c\u015eah Deniz -2\u201d den 1 milyar metrek\u00fcp gaz verilmesi konusunda anla\u015fmaya vard\u0131\u011f\u0131n\u0131 hat\u0131rlatt\u0131. .<\/p>\n<p>&nbsp;<\/p>\n<p>BNR<\/p>\n<div id=\"bghab-446549006\" class=\"bghab-yazi-altinda bghab-entity-placement\"><script async src=\"https:\/\/pagead2.googlesyndication.com\/pagead\/js\/adsbygoogle.js\"><\/script>\r\n<!-- bghaber-yaz\u0131-sonu -->\r\n<ins class=\"adsbygoogle\"\r\n     style=\"display:block\"\r\n     data-ad-client=\"ca-pub-6203283170189293\"\r\n     data-ad-slot=\"4222328180\"\r\n     data-ad-format=\"auto\"\r\n     data-full-width-responsive=\"true\"><\/ins>\r\n<script>\r\n     (adsbygoogle = window.adsbygoogle || []).push({});\r\n<\/script><\/div><br style=\"clear: both; display: block; float: none;\"\/>","protected":false},"excerpt":{"rendered":"<p>Bulgaristan, Azerbaycan&#8217;\u0131n \u201cBalkan\u201d merkezine gaz tedarik\u00e7ilerinden biri olmas\u0131n\u0131 bekliyor.Bu, Bulgaristan Enerji Bakan\u0131 Temenujka Petkova taraf\u0131ndan belirtildi.Stratejik Enerji Ortakl\u0131\u011f\u0131, Azeri do\u011falgaz\u0131n\u0131n \u201cG\u00fcney Gaz Koridoru\u201d \u00fczerinden Yunanistan-Bulgaristan<\/p>\n","protected":false},"author":29,"featured_media":25178,"comment_status":"closed","ping_status":"closed","sticky":false,"template":"","format":"standard","meta":{"advanced_seo_description":"","jetpack_seo_html_title":"","jetpack_seo_noindex":false,"jetpack_seo_schema_type":"","_jetpack_newsletter_access":"","_jetpack_dont_email_post_to_subs":false,"_jetpack_newsletter_tier_id":0,"_jetpack_memberships_contains_paywalled_content":false,"_jetpack_feature_clip_id":0,"_jetpack_memberships_contains_paid_content":false,"footnotes":"","jetpack_post_was_ever_published":false},"categories":[9,1],"tags":[1178,1177],"class_list":["post-34338","post","type-post","status-publish","format-standard","has-post-thumbnail","hentry","category-ekonomi","category-haberler","tag-bulgargaz","tag-dogal-gaz"],"jetpack_sharing_enabled":true,"jetpack_likes_enabled":true,"jetpack-related-posts":[],"jetpack_shortlink":"https:\/\/wp.me\/pc2PfJ-8VQ","jetpack_featured_media_url":"https:\/\/i0.wp.com\/www.bghaber.org\/bghaber\/wp-content\/uploads\/2017\/12\/bulgargaz.jpg?fit=768%2C432&ssl=1","_links":{"self":[{"href":"https:\/\/www.bghaber.org\/bghaber\/wp-json\/wp\/v2\/posts\/34338","targetHints":{"allow":["GET"]}}],"collection":[{"href":"https:\/\/www.bghaber.org\/bghaber\/wp-json\/wp\/v2\/posts"}],"about":[{"href":"https:\/\/www.bghaber.org\/bghaber\/wp-json\/wp\/v2\/types\/post"}],"author":[{"embeddable":true,"href":"https:\/\/www.bghaber.org\/bghaber\/wp-json\/wp\/v2\/users\/29"}],"replies":[{"embeddable":true,"href":"https:\/\/www.bghaber.org\/bghaber\/wp-json\/wp\/v2\/comments?post=34338"}],"version-history":[{"count":0,"href":"https:\/\/www.bghaber.org\/bghaber\/wp-json\/wp\/v2\/posts\/34338\/revisions"}],"wp:featuredmedia":[{"embeddable":true,"href":"https:\/\/www.bghaber.org\/bghaber\/wp-json\/wp\/v2\/media\/25178"}],"wp:attachment":[{"href":"https:\/\/www.bghaber.org\/bghaber\/wp-json\/wp\/v2\/media?parent=34338"}],"wp:term":[{"taxonomy":"category","embeddable":true,"href":"https:\/\/www.bghaber.org\/bghaber\/wp-json\/wp\/v2\/categories?post=34338"},{"taxonomy":"post_tag","embeddable":true,"href":"https:\/\/www.bghaber.org\/bghaber\/wp-json\/wp\/v2\/tags?post=34338"}],"curies":[{"name":"wp","href":"https:\/\/api.w.org\/{rel}","templated":true}]}}