{"id":34209,"date":"2019-02-14T16:05:52","date_gmt":"2019-02-14T13:05:52","guid":{"rendered":"https:\/\/www.bghaber.org\/bghaber\/?p=34209"},"modified":"2019-02-14T16:15:58","modified_gmt":"2019-02-14T13:15:58","slug":"dil-kimligin-olusturucusu-ve-tasiyicisidir-2","status":"publish","type":"post","link":"https:\/\/www.bghaber.org\/bghaber\/dil-kimligin-olusturucusu-ve-tasiyicisidir-2\/","title":{"rendered":"Dil, Kimli\u011fin Olu\u015fturucusu ve Ta\u015f\u0131y\u0131c\u0131s\u0131d\u0131r"},"content":{"rendered":"<p>Hamiyet \u00c7AKIR<\/p>\n<p>Bulgarlar ne kadar \u00e7\u0131rp\u0131nsa da Bulgarca bizim i\u00e7in art\u0131k bir ara dil olarak kalacakt\u0131r. Bizim birinci dilimiz, anadilimiz, T\u00fcrk\u00e7emiz, Avrupa dilimiz de (\u015fimdiye kadar hep \u0130ngilizce olaca\u011f\u0131na inan\u0131yorduk, fakat <strong>\u201cbrexiten\u201d<\/strong>\u00a0ten sonra al\u0131nm\u0131\u015f yeni bir karar yok) \u0130ngilizce olacakt\u0131r.<\/p>\n<p><strong>Avrupa\u2019da \u00e7ok say\u0131da leh\u00e7e (a\u011f\u0131z) ve dil konu\u015fulmaktad\u0131r.<\/strong><\/p>\n<p>AB dillerinden biri T\u00fcrk\u00e7emizdir. Bulgaristan\u2019da bir etnik az\u0131nl\u0131k dili olarak bak\u0131lsa ve \u00f6nemsenmemesi i\u00e7in devlet ve sa\u011f-sol u\u00e7 siyaset\u00e7iler ola\u011fan \u00fcst\u00fc b\u00fcy\u00fck gayret g\u00f6sterilse de, anadilimiz bizim en k\u0131ymetlimiz, g\u00f6z nurumuz, asla vazge\u00e7emeyece\u011fimizdir. Da\u011f\u0131stanl\u0131 \u015fair Resul Hamzatov, 1982\u2019de Sovyet idaresi Da\u011f\u0131stan\u2019a sald\u0131r\u0131nca, \u201c<strong>anadilimi b\u0131rak\u0131n iki g\u00f6z\u00fcm\u00fc al\u0131n<\/strong>\u201d demi\u015fti. Anadilini bilmeyen bir adam ta\u015f kafad\u0131r!<\/p>\n<p>Bir defa bir \u00fclkenin yaln\u0131z bir dili oldu\u011fu ba\u015ftan sona yaland\u0131r. Bir \u00fclkede bir\u00e7ok dil konu\u015fulabilir, esas dil anadildir. Avrupa Birli\u011fi\u2019nde ortak kabul edilmi\u015f bir dil olmad\u0131\u011f\u0131ndan, belki de gelecekte herkesin kabul edip konu\u015faca\u011f\u0131 dil \u0130ngilizce olabilir, o zaman <strong>Bulgarca bir ara dil olacakt\u0131r.<\/strong> Fakat bu hen\u00fcz kesin de\u011fildir. \u00c7\u00fcnk\u00fc devlet dili, devlet kurabilen ve devlet y\u00f6netebilen bir milletin dilidir. Bulgarlar millet olarak hen\u00fcz olu\u015fup bi\u00e7imlenemediler. 1989\u2019da Bulgar devletinin en sert ve diktat\u00f6r idarecisi T. Jivkov M\u00fcsl\u00fcman T\u00fcrkler taraf\u0131ndan devrildi. 2019 \u015eubat\u2019\u0131nda \u00c7ingene (Romen) toplumsal az\u0131nl\u0131\u011f\u0131n iktidar orta\u011f\u0131 a\u015f\u0131r\u0131 milliyet\u00e7i \u0131rk\u00e7\u0131 Bulgar siyasi g\u00fc\u00e7lerini temsil eden VMRO \u015fefi Karaka\u00e7anov\u2019u istifaya zorlad\u0131\u011f\u0131n\u0131 g\u00f6r\u00fcyoruz. Ba\u015fka bir azgin milliyet\u00e7i s\u00fcr\u00fcs\u00fc ba\u015f\u0131 olan Valeri Simyonov ile Krasimir Karaka\u00e7anov GERB partisinin 3. H\u00fck\u00fcmetinde, her ikisi de Ba\u015fbakan Yard\u0131mc\u0131s\u0131yd\u0131. Demek oluyor ki, art arda olmak \u00fczere, art\u0131k istifa eden V. Simyonov\u2019tan sonra, K. Karaka\u00e7anov da h\u00fck\u00fcmetten d\u00fc\u015ferse, 10 y\u0131ldan beri h\u00fck\u00fcmet olan Ba\u015fbakan Borisov, bir az\u0131nl\u0131k M\u00fcsl\u00fcman G\u00fc\u00e7 (Romenler) taraf\u0131ndan devrilecektir ki, bu art\u0131k Bulgar toplumunda ba\u015f\u0131 \u00e7eken (\u00f6nc\u00fc)\u00a0 g\u00fc\u00e7 (topluluk) sorununu g\u00fcndeme gelecektir. Herkese yenilen bir g\u00fcre\u015f\u00e7i ba\u015fpehlivan olamaz. Dayatsalar dahi halk kabul etmez! Bu geli\u015fmeler,\u00a0 Bulgaristan\u2019da bir Anayasa de\u011fi\u015fikli\u011fine gerek\u00e7e olur. Bulgaristan\u2019da devlet dilinin hangi dil olaca\u011f\u0131n\u0131 veya ka\u00e7 dilin (hangi az\u0131kl\u0131k anadillerinin) devlet kurumlar\u0131nda i\u015flev g\u00f6rece\u011fini, yani (ikinci resmi dil olaca\u011f\u0131n\u0131) ve kendili\u011finden olmak \u00fczere, \u00e7ok k\u00fclt\u00fcrl\u00fcl\u00fc\u011f\u00fc g\u00fcndeme getire bir fakt\u00f6rd\u00fcr. AB\u2019nin \u015fu an ge\u00e7erli Anayasas\u0131\u2019nda <strong>birli\u011fin ortak diline i\u015faret edilmemi\u015f<\/strong>, herkesin bilmesi gereken bir dil diye bir \u015fey yoktur. Br\u00fcksel\u2019de Genel Kurul oturumlar\u0131nda konu\u015fmalar terc\u00fcme edilmekte ve bir\u00e7ok dil i\u015flev g\u00f6rmekte, konu\u015fmac\u0131lar k\u00fcrs\u00fcden anadillerinde ya da temsil ettikleri \u00fclkenin dilinde yap\u0131lmaktad\u0131r.<\/p><div id=\"bghab-4001492788\" class=\"bghab-icerik-icine bghab-entity-placement\"><script async src=\"\/\/pagead2.googlesyndication.com\/pagead\/js\/adsbygoogle.js?client=ca-pub-6203283170189293\" crossorigin=\"anonymous\"><\/script><ins class=\"adsbygoogle\" style=\"display:block; text-align:center;\" data-ad-client=\"ca-pub-6203283170189293\" \ndata-ad-slot=\"7303146466\" \ndata-ad-layout=\"in-article\"\ndata-ad-format=\"fluid\" data-full-width-responsive=\"true\"><\/ins>\n<script> \n(adsbygoogle = window.adsbygoogle || []).push({}); \n<\/script>\n<\/div>\n<p><strong>2000\u2019li y\u0131llar\u0131n ba\u015f\u0131nda, daha Bulgaristan AB\u2019ye davet edilmezden \u00f6nce,<\/strong> Avrupa\u2019n\u0131n klasik ve derin bilgi birikimli \u00fcniversitelerinden en sayg\u0131n bilim adam\u0131, filozof ve yazarlar\u0131ndan 20 ki\u015fi aras\u0131nda konu payla\u015f\u0131m\u0131 yap\u0131larak,\u00a0 <strong>AVRUPANIN GELECE\u011e\u0130N\u0130 NASIL G\u00d6R\u00dcYORSUNUZ<\/strong> sorusuna yan\u0131t aranm\u0131\u015ft\u0131r.<\/p>\n<p>\u00dcnl\u00fc yazar <strong>Umberto Eco<\/strong>, ya\u015fanmam\u0131\u015f tarih \u00fcst\u00fcne yaz\u0131lsa kurgu olur varsay\u0131m\u0131na kat\u0131lmayarak \u201c<strong>bir \u0131rmak bin sene ayn\u0131 yataktan akm\u0131\u015fsa, \u00f6n\u00fcm\u00fczdeki 100 y\u00fcz y\u0131l da ayn\u0131 yataktan akar<\/strong>\u201d inanc\u0131yla, 21. y\u00fczy\u0131l Avrupa\u2019s\u0131n\u0131 \u00e7ok dilli ve \u00e7ok k\u00fclt\u00fcrl\u00fc olarak hayal eti\u011fini yazm\u0131\u015ft\u0131r. 20 bilim adam\u0131n\u0131n 20\u2019si de \u201cher halk toplulu\u011fu anadilini koruyacakt\u0131r, sonucuna varm\u0131\u015ft\u0131r. <strong>AB i\u00e7indeki her az\u0131nl\u0131k anadilini korumal\u0131d\u0131r. Bulgar devletinin T\u00fcrk\u00e7emizi ya\u015fatarak geli\u015ftirmemiz ve edebiyat\u0131m\u0131z\u0131 da y\u00fcceltmemi i\u00e7in mali yard\u0131mda bulunmak zorundad\u0131r.<\/strong> Ne yaz\u0131k ki bunu yapm\u0131yor. Dil bilimciler ve filozoflara g\u00f6re, \u201c<strong>kendi dilini konu\u015fmak, kimli\u011fin vazge\u00e7ilmez bir kayna\u011f\u0131d\u0131r<\/strong>.\u201d<\/p>\n<p><strong>\u0130nsan tek ba\u015f\u0131na dil ve k\u00fclt\u00fcr geli\u015ftiremez, kendi ge\u00e7inmesi i\u00e7in gerekli olan \u00fcretimi bile yapamaz. \u0130nsan sosyal bir varl\u0131kt\u0131r.<\/strong><\/p>\n<p>Bizler BULT\u00dcRK olarak, <strong>\u201cB\u00fcy\u00fck G\u00f6\u00e7le\u201d<\/strong> Bulgaristanl\u0131 M\u00fcsl\u00fcman\/T\u00fcrk karde\u015flerimize kar\u015f\u0131 k\u00fclt\u00fcrel soy k\u0131r\u0131m yap\u0131ld\u0131 derken tam olarak bunu kastediyoruz. Biz, Bulgaristan karma b\u00f6lgelerinde ya\u015fayan T\u00fcrk \u00f6\u011frencilere serbest\u00e7e ve devlet okullar\u0131nda ana dil e\u011fitimi verilmemesini protesto ederken, ana dilini bilmeyen bir \u00f6\u011frencinin ara dili (Bulgarcay\u0131) ve Avrupa dili olarak \u0130ngilizceyi \u00f6\u011frenmede sorun ya\u015fayaca\u011f\u0131n\u0131 belirtiyoruz. Dilimiz \u015fimdi T\u00fcrkiye kitle ileti\u015fim ara\u00e7lar\u0131m\u0131zdan, ziyaretlerimizden ve yeni temaslar\u0131m\u0131zdan besleniyor. Anadilimizi \u00f6\u011frenmemiz b\u00fct\u00fcn sorunlar\u0131n aras\u0131nda en can al\u0131c\u0131d\u0131r. T\u00fcrk\u00e7e konu\u015fanlar\u0131n Bulgaristan\u2019da neden cezaland\u0131r\u0131ld\u0131\u011f\u0131 art\u0131k anlam\u0131\u015fs\u0131n\u0131zd\u0131r. Biz T\u00fcrk\u2019\u00fcz ve T\u00fcrk kimli\u011fimizi olu\u015fturan ve nesilden nesle ta\u015f\u0131yan anadilimizdir. Dilimizi koruyamazsak biz biteriz.<\/p>\n<p><strong>Bulgaristan\u2019da dilimize, insan haklar\u0131m\u0131za (se\u00e7me ve se\u00e7ilme hakk\u0131m\u0131za), T\u00fcrk kimli\u011fimize kar\u015f\u0131 sald\u0131r\u0131lar \u015fiddetleniyor, d\u00fc\u015fman zihniyetin dayatt\u0131\u011f\u0131 s\u0131n\u0131rland\u0131r\u0131c\u0131, k\u0131s\u0131tlayan ve yasaklayan yasalarla elimiz kolumuz ba\u011flanmaya, zihnimiz k\u00f6reltilmeye \u00e7al\u0131\u015f\u0131l\u0131yor.<\/strong><\/p><div id=\"bghab-3041519338\" class=\"bghab-icerik-icine-10-paragraf bghab-entity-placement\"><script async src=\"\/\/pagead2.googlesyndication.com\/pagead\/js\/adsbygoogle.js?client=ca-pub-6203283170189293\" crossorigin=\"anonymous\"><\/script><ins class=\"adsbygoogle\" style=\"display:block; text-align:center;\" data-ad-client=\"ca-pub-6203283170189293\" \ndata-ad-slot=\"7303146466\" \ndata-ad-layout=\"in-article\"\ndata-ad-format=\"fluid\" data-full-width-responsive=\"true\"><\/ins>\n<script> \n(adsbygoogle = window.adsbygoogle || []).push({}); \n<\/script>\n<\/div>\n<p>14 \u015eubat 2019\u2019da meclis T\u00fcrkiye\u2019de soyda\u015flar\u0131m\u0131z\u0131n se\u00e7me ve se\u00e7ilme haklar\u0131m\u0131za sand\u0131k say\u0131s\u0131 uygulayarak k\u0131s\u0131tlamay\u0131 kald\u0131rmad\u0131. GERB ve BSP milletvekilleri \u201c<strong>vergilerini T\u00fcrk devletine \u00f6d\u00fcyorlar<\/strong>\u201d gerek\u00e7esini \u00f6ne s\u00fcrd\u00fcler. A\u015f\u0131r\u0131 milliyet\u00e7iler, \u201c<strong>T\u00fcrkiye AB \u00fcyesi de\u011fil<\/strong>\u201d dediler. Sanki Amerika\u2019da, Kanada\u2019da, Avstralya\u2019da ya\u015fayan ve \u00e7al\u0131\u015fan Bulgar gurbet\u00e7iler vergilerini Bulgaristan&#8217;a \u00f6d\u00fcyorlar. Yerel se\u00e7imde haklar\u0131m\u0131z\u0131 kullanma \u00f6nerilerimiz de kabul edilmedi. K\u00f6ylerimizde evimiz var, ev vergisini, su, elektrik, \u00e7\u00f6p ve yol vergilerimizi \u00f6dememiz yetmiyor, bir de ayn\u0131 k\u00f6yde 6 ay ya\u015famam\u0131z isteniyor. DPS-H\u00d6H&#8217;\u00fcn 26 milletvekilinden ba\u015fka 240 ki\u015filik Bulgar meclisinde bizi hi\u00e7bir Bulgar vekil oyu ve konu\u015fmas\u0131yla desteklemedi. Bu bizi d\u00fc\u015f\u00fcnd\u00fcrmelidir. T\u00fcrk\u00e7eyi m\u0131sm\u0131l \u00f6\u011frenip T\u00fcrk k\u00fclt\u00fcr\u00fcm\u00fcze d\u00f6rt elle sar\u0131larak, meclise 60 milletvekili \u00e7\u0131kar\u0131p arabay\u0131 devirmeliyiz.<\/p>\n<p><strong>Bu b\u00f6yle gidemez. Biz ata-vatan\u0131m\u0131zda her g\u00fcn biraz daha bo\u011fulmak \u00fczere bo\u011fazlanm\u0131\u015f\u0131z\u2026.<\/strong><\/p>\n<p><strong>Diller devaml\u0131 zenginle\u015fir ya da k\u0131s\u0131rla\u015f\u0131r. Bu T\u00fcrk\u00e7emiz i\u00e7in de ge\u00e7erlidir.<\/strong> \u00d6rneklersek, 1972\u2019de bas\u0131lan Rus\u00e7a T\u00fcrk\u00e7e s\u00f6zl\u00fckte 47.700 s\u00f6zc\u00fck varken, bu s\u00f6zl\u00fc\u011f\u00fcn yenisinde 64 bin s\u00f6zc\u00fck var ki, bu da iki dilin h\u0131zla geli\u015fti\u011fine bir i\u015farettir. Bir dilin zenginli\u011fini g\u00f6steren bir de klasikle\u015fmi\u015f temel eserleridir. Victor Hugo\u2019nun \u201c<strong>Sefiller<\/strong>\u201d roman\u0131 42 bin s\u00f6zc\u00fckle yaz\u0131lm\u0131\u015fken, Ya\u015far Kemal \u201c<strong>\u0130nce Mehmet<\/strong>\u201d roman\u0131 44. 500 s\u00f6zc\u00fckle kaleme alm\u0131\u015ft\u0131r. Bu da T\u00fcrk\u00e7emizin zenginli\u011fi ve bir d\u00fcnya dili oldu\u011funu kan\u0131tlamaya yeter de artar.<\/p>\n<p>Remi verilere g\u00f6re, T\u00fcrk\u00e7e Bulgarcadan yaln\u0131z 20 kelime al\u0131rken, Bulgarca T\u00fcrk\u00e7eden 3\u00a0500 kelime alm\u0131\u015ft\u0131r. Ara\u015ft\u0131rmac\u0131 yazar Turhan Raziev, Bulgarca&#8217;daki T\u00fcrk\u00e7e s\u00f6zler \u00fczerinde yapt\u0131\u011f\u0131 son \u00e7al\u0131\u015fmas\u0131nda, bu s\u00f6zlerin toplam say\u0131s\u0131n\u0131n 7\u00a0200 oldu\u011funu yazd\u0131.<\/p>\n<p>Bulgaristan&#8217;daki T\u00fcrklerin ata-vatandan ana-vatana zorla g\u00f6\u00e7e zorlanmalar\u0131 bu yo\u011fun etkiyi azaltm\u0131yor. Trakya Enstit\u00fcs\u00fc\u2019nden a\u00e7\u0131kland\u0131\u011f\u0131na g\u00f6re, g\u00f6\u00e7 facias\u0131n\u0131n tablosu \u015f\u00f6yledir:<\/p><div id=\"bghab-2690553179\" class=\"bghab-icerik-icine-15-paragraf bghab-entity-placement\"><script async src=\"\/\/pagead2.googlesyndication.com\/pagead\/js\/adsbygoogle.js?client=ca-pub-6203283170189293\" crossorigin=\"anonymous\"><\/script><ins class=\"adsbygoogle\" style=\"display:block; text-align:center;\" data-ad-client=\"ca-pub-6203283170189293\" \ndata-ad-slot=\"7303146466\" \ndata-ad-layout=\"in-article\"\ndata-ad-format=\"fluid\" data-full-width-responsive=\"true\"><\/ins>\n<script> \n(adsbygoogle = window.adsbygoogle || []).push({}); \n<\/script>\n<\/div>\n<p><em><strong>\u201cBulgaristan, T\u00fcrkiye Cumhuriyeti kurulduktan sonra en \u00e7ok g\u00f6\u00e7 ald\u0131\u011f\u0131m\u0131z \u00fclkedir. 1923\u2019ten bu yana Bulgaristan\u2019dan T\u00fcrkiye\u2019ye, 1 milyona yak\u0131n Bulgaristan T\u00fcrk\u00fc g\u00f6\u00e7 etmi\u015ftir. \u00d6zellikle 1989-1993 y\u0131llar\u0131 aras\u0131nda 350 bin ki\u015fi T\u00fcrkiye\u2019ye kovulmu\u015ftur. Bu g\u00f6\u00e7ler, Bulgaristan AB\u2019ye\u00a0 girene kadar devam etmi\u015ftir. 1877-1878 Osmanl\u0131-Rus Sava\u015f\u0131\u2019ndan bug\u00fcne kadar ise, toplam 1 milyon 736 bin 465 T\u00fcrk, Bulgaristan\u2019dan T\u00fcrkiye\u2019ye g\u00f6\u00e7 etmi\u015ftir.\u201d<\/strong><\/em><\/p>\n<p>Anadilimizde yay\u0131nlar\u0131m\u0131z\u0131 y\u0131llarca s\u0131k\u0131 yasaklayan, yazarlar\u0131m\u0131z\u0131n romanlar\u0131n\u0131 basmas\u0131na izin vermeyen Bulgar h\u00fck\u00fcmeti dilimizi k\u0131s\u0131rla\u015ft\u0131rmaya ve s\u00f6zc\u00fck zenginli\u011fini s\u00fcrekli azaltmaya ve insanlar\u0131m\u0131z aralar\u0131nda &#8211; nesiller aras\u0131nda ileti\u015fim kopuklu\u011fu yaratmaya \u00e7al\u0131\u015fm\u0131\u015ft\u0131r. Bu ama\u00e7la T\u00fcrkiye&#8217;deki yak\u0131nlar\u0131m\u0131zla mektupla\u015fmalar\u0131m\u0131z yasaklan\u0131rken, kaset, CD ve DVD dinleme, T\u00fcrk filmi seyretme yasaklanm\u0131\u015f, sanatsal karanl\u0131k yarat\u0131lm\u0131\u015ft\u0131. <strong>Bunun ad\u0131 dil zulm\u00fcd\u00fcr.<\/strong>\u00a0 Anadil \u00e7ekisi Hak ve \u00d6zg\u00fcrl\u00fck Partisi d\u00f6neminde devam etmi\u015ftir. 2018 Ramazan\u2019\u0131nda iftar gecelerinde, T\u00fcrk\u00e7e \u0131\u015f\u0131\u011f\u0131 uzun bir aradan sonra halk\u0131m\u0131z\u0131n g\u00f6nl\u00fcne ayd\u0131nl\u0131k ta\u015f\u0131maya ba\u015flam\u0131\u015ft\u0131r.<\/p>\n<p><strong>Olay\u0131n daha iyi anla\u015f\u0131labilmesi i\u00e7in \u015fu \u00f6rnek uygundur.<\/strong><\/p>\n<p>1989 A\u011fustosunda 500 bin ki\u015finin s\u0131n\u0131r\u0131 ge\u00e7ti\u011fini ve ard\u0131ndan 150 bin karde\u015fimizin geri d\u00f6nd\u00fc\u011f\u00fcn\u00fc biliyoruz. Bu d\u00f6n\u00fc\u015f\u00fcn neden, dil ve k\u00fclt\u00fcr uyumsuzlu\u011fuydu. Dilimizin ve dolay\u0131s\u0131yla k\u00fclt\u00fcr\u00fcm\u00fcz\u00fcn bask\u0131 alt\u0131nda ezili\u015fi, k\u0131s\u0131rl\u0131k do\u011furmu\u015ftu ve uyum sa\u011flanmas\u0131nda problem ya\u015fand\u0131. Yani ruhumuz sakatlanm\u0131\u015ft\u0131.<\/p>\n<p>Aktarmak istedi\u011fim bir konu da, k\u00fclt\u00fcr\u00fcn s\u00f6zl\u00fc olarak aktar\u0131ld\u0131\u011f\u0131 gibi, yaz\u0131l\u0131 olarak da aktar\u0131labilmesidir. Bizim Osmanl\u0131dan devrald\u0131\u011f\u0131m\u0131z M\u00fcsl\u00fcman\/T\u00fcrk k\u00fclt\u00fcr\u00fc vatan bildi\u011fimiz ata topraklar\u0131m\u0131zda, \u00c7arl\u0131k d\u00f6neminde, y\u00fcze yak\u0131n gazete ve dergiyle, okullarda ve de\u011fi\u015fik derneklerde ya\u015fat\u0131l\u0131r ve gen\u00e7 ku\u015faklarla d\u00fcnya k\u00fclt\u00fcr hazinesine aktar\u0131l\u0131rken, b\u00fcy\u00fck sava\u015ftan sonra da 10\u2019dan fazla yaz\u0131l\u0131 yay\u0131n organ\u0131 bu davaya hizmet etmi\u015ftir. En ba\u015fta Naz\u0131m Hikmet olmak \u00fczere, se\u00e7kin T\u00fcrk yarat\u0131c\u0131lar Bulgaristan T\u00fcrk ahalisine modern T\u00fcrk\u00e7eyi direk g\u00f6r\u00fc\u015fmelerde etkileyici sunumlarla a\u015f\u0131lam\u0131\u015ft\u0131r. Edebiyat yaz\u0131lar\u0131m\u0131za giren \u015f\u00f6yle bir an\u0131 vard\u0131r. Naz\u0131m, Deliorman k\u00f6yl\u00fcleriyle 1951\u2019ye yapt\u0131\u011f\u0131 ilk g\u00f6r\u00fc\u015fmelerinde kendi \u015fiirlerini okumu\u015f ve bir k\u00f6yl\u00fc T\u00fcrk kad\u0131n\u0131 aya\u011fa kalkarak \u201c<strong>Ben sizin okuduklar\u0131n\u0131z\u0131n hepsini anlad\u0131m<\/strong>\u201d demi\u015fti. B\u00fcy\u00fck Atat\u00fcrk insanlar\u0131m\u0131z\u0131 \u201c<strong>T\u00fcrk\u00e7e d\u00fc\u015f\u00fcnmeye \u00f6\u011fretirken<\/strong>\u201d b\u00fcy\u00fck Naz\u0131m da geneli somutta anlat\u0131\u015f\u0131yla ve fikirleri emsalsiz yal\u0131n sunu\u015fuyla Bulgaristanl\u0131 T\u00fcrk leh\u00e7elerine \u0130stanbul T\u00fcrk\u00e7esi mayas\u0131 (\u015ferbeti) serpmi\u015f ve bu tutmu\u015ftur. Daha sonra Naz\u0131m Hikmet\u2019in toplu eserlerinin 8 cilt olarak Sofya\u2019da bas\u0131lmas\u0131 ve Bulgaristan\u2019da sat\u0131lmas\u0131 T\u00fcrk\u00e7emizi adeta f\u0131\u015fk\u0131rtm\u0131\u015ft\u0131r. Biz, bug\u00fcn art\u0131k, 1990\u2019a kadar olu\u015fan Bulgaristan T\u00fcrkleri Edebiyat\u0131na asil, temel, oturmu\u015f yarat\u0131c\u0131l\u0131\u011f\u0131m\u0131z olarak bakarken, yeni bir sayfa a\u00e7\u0131yoruz. Bu sayfadaki b\u00fcy\u00fck \u00f6zellik Atat\u00fcrk\u2019\u00fcn T\u00fcrk\u00e7emize bah\u015fetti\u011fi kendi kendini yenileyerek zenginle\u015fen anadilimize diyalektik d\u00fc\u015f\u00fcnme mod\u00fcl\u00fc takarak yeni doruklara y\u00f6nelmektir. Yarat\u0131c\u0131lar\u0131m\u0131z yaratmadan, \u015fairlerimiz sat\u0131rlar\u0131 dizmeden, bestecilerimiz bestelemeden, yazarlar\u0131m\u0131z yazmadan, hepimiz her g\u00fcn okumadan biz karanl\u0131kta bo\u011fulmaya mahk\u00fbmuz. O g\u00fcn\u00fcm\u00fcz\u00fc bekleyenler o kadar \u00e7ok ki, \u015faraplar\u0131n\u0131 mahzenlerde y\u0131lland\u0131r\u0131yorlar. Bayram etmeye haz\u0131rlan\u0131yorlar. Fakat onlar o g\u00fcne varabilirlerse bizim art\u0131k anadilimiz olmayacak ve aralar\u0131nda bayramla\u015famayacaklar. \u00c7\u00fcnk\u00fc bayramla\u015fma ancak anadilde olur. T\u00fcrk\u2019\u00fcz ve T\u00fcrk\u00e7emizi \u00f6\u011frenmeliyiz!!!<\/p><div id=\"bghab-874692176\" class=\"bghab-icerik-icine-20-paragraf bghab-entity-placement\"><script async src=\"\/\/pagead2.googlesyndication.com\/pagead\/js\/adsbygoogle.js?client=ca-pub-6203283170189293\" crossorigin=\"anonymous\"><\/script><ins class=\"adsbygoogle\" style=\"display:block; text-align:center;\" data-ad-client=\"ca-pub-6203283170189293\" \ndata-ad-slot=\"7303146466\" \ndata-ad-layout=\"in-article\"\ndata-ad-format=\"fluid\" data-full-width-responsive=\"true\"><\/ins>\n<script> \n(adsbygoogle = window.adsbygoogle || []).push({}); \n<\/script>\n<\/div>\n<p>Okudu\u011funuz i\u00e7in te\u015fekk\u00fcr eder dostlar\u0131n\u0131zla payla\u015fmay\u0131 unutmay\u0131n\u0131z&#8230;<\/p>\n<div id=\"bghab-135878061\" class=\"bghab-yazi-altinda bghab-entity-placement\"><div class=\"bghab-adlabel\">Reklamlar<\/div><script async src=\"https:\/\/pagead2.googlesyndication.com\/pagead\/js\/adsbygoogle.js\"><\/script>\r\n<!-- bghaber-yaz\u0131-sonu -->\r\n<ins class=\"adsbygoogle\"\r\n     style=\"display:block\"\r\n     data-ad-client=\"ca-pub-6203283170189293\"\r\n     data-ad-slot=\"4222328180\"\r\n     data-ad-format=\"auto\"\r\n     data-full-width-responsive=\"true\"><\/ins>\r\n<script>\r\n     (adsbygoogle = window.adsbygoogle || []).push({});\r\n<\/script><\/div><br style=\"clear: both; display: block; float: none;\"\/>","protected":false},"excerpt":{"rendered":"<p>Hamiyet \u00c7AKIR Bulgarlar ne kadar \u00e7\u0131rp\u0131nsa da Bulgarca bizim i\u00e7in art\u0131k bir ara dil olarak kalacakt\u0131r. Bizim birinci dilimiz, anadilimiz, T\u00fcrk\u00e7emiz, Avrupa dilimiz de (\u015fimdiye<\/p>\n","protected":false},"author":13,"featured_media":11082,"comment_status":"closed","ping_status":"closed","sticky":false,"template":"","format":"standard","meta":{"advanced_seo_description":"","jetpack_seo_html_title":"","jetpack_seo_noindex":false,"_jetpack_memberships_contains_paid_content":false,"footnotes":""},"categories":[6],"tags":[],"class_list":["post-34209","post","type-post","status-publish","format-standard","has-post-thumbnail","hentry","category-yorum"],"jetpack_featured_media_url":"https:\/\/i0.wp.com\/www.bghaber.org\/bghaber\/wp-content\/uploads\/2014\/08\/hamiyet.jpg?fit=146%2C208&ssl=1","jetpack_sharing_enabled":true,"jetpack_likes_enabled":true,"jetpack-related-posts":[],"jetpack_shortlink":"https:\/\/wp.me\/pc2PfJ-8TL","_links":{"self":[{"href":"https:\/\/www.bghaber.org\/bghaber\/wp-json\/wp\/v2\/posts\/34209","targetHints":{"allow":["GET"]}}],"collection":[{"href":"https:\/\/www.bghaber.org\/bghaber\/wp-json\/wp\/v2\/posts"}],"about":[{"href":"https:\/\/www.bghaber.org\/bghaber\/wp-json\/wp\/v2\/types\/post"}],"author":[{"embeddable":true,"href":"https:\/\/www.bghaber.org\/bghaber\/wp-json\/wp\/v2\/users\/13"}],"replies":[{"embeddable":true,"href":"https:\/\/www.bghaber.org\/bghaber\/wp-json\/wp\/v2\/comments?post=34209"}],"version-history":[{"count":0,"href":"https:\/\/www.bghaber.org\/bghaber\/wp-json\/wp\/v2\/posts\/34209\/revisions"}],"wp:featuredmedia":[{"embeddable":true,"href":"https:\/\/www.bghaber.org\/bghaber\/wp-json\/wp\/v2\/media\/11082"}],"wp:attachment":[{"href":"https:\/\/www.bghaber.org\/bghaber\/wp-json\/wp\/v2\/media?parent=34209"}],"wp:term":[{"taxonomy":"category","embeddable":true,"href":"https:\/\/www.bghaber.org\/bghaber\/wp-json\/wp\/v2\/categories?post=34209"},{"taxonomy":"post_tag","embeddable":true,"href":"https:\/\/www.bghaber.org\/bghaber\/wp-json\/wp\/v2\/tags?post=34209"}],"curies":[{"name":"wp","href":"https:\/\/api.w.org\/{rel}","templated":true}]}}