{"id":34204,"date":"2019-02-14T16:00:33","date_gmt":"2019-02-14T13:00:33","guid":{"rendered":"https:\/\/www.bghaber.org\/bghaber\/?p=34204"},"modified":"2019-06-25T23:24:41","modified_gmt":"2019-06-25T20:24:41","slug":"72-yildir-bulgaristandaki-turklerin-sesi-oldu","status":"publish","type":"post","link":"https:\/\/www.bghaber.org\/bghaber\/72-yildir-bulgaristandaki-turklerin-sesi-oldu\/","title":{"rendered":"72 y\u0131ld\u0131r Bulgaristan&#8217;daki T\u00fcrklerin sesi oldu"},"content":{"rendered":"<p class=\"selectionShareable\">Bulgaristan Ulusal Radyosu (<strong>BNR<\/strong>) T\u00fcrk\u00e7e Yay\u0131nlar Edit\u00f6rl\u00fc\u011f\u00fc, 72 y\u0131ld\u0131r \u00fclkedeki\u00a0<strong>T\u00fcrkleri ilgilendiren<\/strong>konularda yay\u0131nlar ger\u00e7ekle\u015ftiriyor.<\/p>\n<p class=\"selectionShareable\">Ulusal\u00a0<strong>Radyo<\/strong>\u00a0T\u00fcrk\u00e7e Yay\u0131nlar\u0131 Edit\u00f6rl\u00fc\u011f\u00fc, 13 \u015eubat D\u00fcnya Radyo G\u00fcn\u00fc kapsam\u0131nda 72 y\u0131ll\u0131k yay\u0131n hayat\u0131n\u0131 kutluyor.<\/p>\n<p class=\"selectionShareable\">BNR T\u00fcrk\u00e7e Yay\u0131nlar\u0131 Edit\u00f6rl\u00fc\u011f\u00fc \u00e7al\u0131\u015fanlar\u0131, 13 \u015eubat D\u00fcnya Radyo G\u00fcn\u00fc vesilesiyle T\u00fcrk Bulgar Kad\u0131nlar\u0131 Dostluk Derne\u011fi (<strong>TUBUKADD<\/strong>) \u00fcyeleriyle bir araya geldi.<\/p>\n<p class=\"selectionShareable\">Dernek Ba\u015fkan\u0131 G\u00fclay \u0130spir, bu y\u0131lki ana temas\u0131 \u201cdiyalog, bar\u0131\u015f ve ho\u015fg\u00f6r\u00fc\u201d olan 13 \u015eubat D\u00fcnya Radyo G\u00fcn\u00fc dolay\u0131s\u0131yla BNR\u2019yi ziyaret etti.<\/p>\n<p class=\"selectionShareable\">BNR T\u00fcrk\u00e7e Yay\u0131n Y\u00f6netmeni Tanya Blagova, AA muhabirine yapt\u0131\u011f\u0131 a\u00e7\u0131klamada, 1946&#8217;de yay\u0131n hayat\u0131na ba\u015flayan BM radyosunun kuruldu\u011fu g\u00fcn olan 13 \u015eubat&#8217;\u0131n 2007 y\u0131l\u0131nda Paris\u2019teki UNESCO\u2019nun 36. Genel Konferans\u0131\u2019nda \u201cD\u00fcnya Radyo G\u00fcn\u00fc\u201d olarak ilan edildi\u011fini an\u0131msatt\u0131.<\/p><div id=\"bghab-2969679241\" class=\"bghab-icerik-icine bghab-entity-placement\"><script async src=\"\/\/pagead2.googlesyndication.com\/pagead\/js\/adsbygoogle.js?client=ca-pub-6203283170189293\" crossorigin=\"anonymous\"><\/script><ins class=\"adsbygoogle\" style=\"display:block; text-align:center;\" data-ad-client=\"ca-pub-6203283170189293\" \ndata-ad-slot=\"7303146466\" \ndata-ad-layout=\"in-article\"\ndata-ad-format=\"fluid\" data-full-width-responsive=\"true\"><\/ins>\n<script> \n(adsbygoogle = window.adsbygoogle || []).push({}); \n<\/script>\n<\/div>\n<p class=\"selectionShareable\">BNR\u2019nin \u00fclkedeki T\u00fcrk n\u00fcfusuna y\u00f6nelik\u00a0<strong>T\u00fcrk\u00e7e<\/strong>\u00a0yay\u0131nlar\u0131n\u0131n 1947 y\u0131l\u0131nda ba\u015flad\u0131\u011f\u0131n\u0131 anlatan Blagova \u201c<strong>Bulgaristan Devlet Radyosu<\/strong>\u2019nda, T\u00fcrk\u00e7e Yay\u0131nlar olarak k\u00f6kl\u00fc bir gelenek ve tarih\u00e7emiz var.\u201d dedi.<\/p>\n<p class=\"selectionShareable\"><img data-recalc-dims=\"1\" decoding=\"async\" src=\"https:\/\/i0.wp.com\/www.aa.com.tr\/uploads\/userFiles\/40b5e6df-807a-4c96-8fee-5e91cbea23a3\/2019%2FSubat%2F20190213_2_34916314_41632863.jpg?w=640&#038;ssl=1\" alt=\"\"  \/><\/p>\n<p class=\"selectionShareable\">Sabah, \u00f6\u011fle ve ak\u015fam olmak \u00fczere g\u00fcnde 3 saat yay\u0131n yapt\u0131klar\u0131n\u0131 aktaran Blagova, siyaset, haber, ekonomi, toplum, m\u00fczik, spor, turizm ve daha bir\u00e7ok alanda haberlere, yorumlara, r\u00f6portajlara ve analizlere yer verdiklerini aktard\u0131.<\/p>\n<p class=\"selectionShareable\">Dinleyicilere \u00f6zel olu\u015fturulan i\u00e7eri\u011fin T\u00fcrk\u00e7e yay\u0131nlar\u0131na farkl\u0131l\u0131k katt\u0131\u011f\u0131n\u0131 belirten Blagova, \u201c\u00d6zellikle T\u00fcrk n\u00fcfusunun yo\u011fun olarak ya\u015fad\u0131\u011f\u0131 b\u00f6lgelerden gelen haberlere a\u011f\u0131rl\u0131k veriyoruz. Farkl\u0131 alanlarda ba\u015far\u0131l\u0131 olan T\u00fcrkleri tan\u0131t\u0131yoruz. Dinleyicilere \u00f6zel yay\u0131nlar haz\u0131rl\u0131yoruz.\u201d dedi.<\/p>\n<p class=\"selectionShareable\">Hafta i\u00e7i canl\u0131 yay\u0131nlarda \u201cinteraktif\u201d yay\u0131n yapan radyonun telefon ba\u011flant\u0131s\u0131yla T\u00fcrk dinleyicilerin yay\u0131na kat\u0131lmas\u0131n\u0131 sa\u011fland\u0131\u011f\u0131n\u0131 anlatan Blagova, \u201cSon 10 y\u0131ld\u0131r programlar\u0131m\u0131z internet ortam\u0131nda da yay\u0131nlan\u0131yor ve art\u0131k d\u00fcnyan\u0131n her yerinden dinlenebiliyoruz.\u201d diye konu\u015ftu.<\/p>\n<p class=\"selectionShareable\">Tanya Blagova, 9 yabanc\u0131 dilde yay\u0131n yapan BNR\u2019nin T\u00fcrk\u00e7e yay\u0131nlar\u0131n\u0131n \u0130ngilizcenin ard\u0131ndan en \u00e7ok dinlenen ve internet sitesi en \u00e7ok ziyaret edilen radyo yay\u0131n\u0131 olmas\u0131ndan dolay\u0131 gurur duyduklar\u0131n\u0131 s\u00f6yledi.<\/p><div id=\"bghab-1063556291\" class=\"bghab-icerik-icine-10-paragraf bghab-entity-placement\"><script async src=\"\/\/pagead2.googlesyndication.com\/pagead\/js\/adsbygoogle.js?client=ca-pub-6203283170189293\" crossorigin=\"anonymous\"><\/script><ins class=\"adsbygoogle\" style=\"display:block; text-align:center;\" data-ad-client=\"ca-pub-6203283170189293\" \ndata-ad-slot=\"7303146466\" \ndata-ad-layout=\"in-article\"\ndata-ad-format=\"fluid\" data-full-width-responsive=\"true\"><\/ins>\n<script> \n(adsbygoogle = window.adsbygoogle || []).push({}); \n<\/script>\n<\/div>\n<p class=\"selectionShareable\">\u201cK\u00fclt\u00fcr, Sanat ve Edebiyat\u201d adl\u0131 program\u0131n yap\u0131mc\u0131 ve sunucusu M\u00fcjgan Baharova da \u00fclkenin en ilgin\u00e7 k\u00fclt\u00fcrel etkinliklerini tan\u0131tt\u0131\u011f\u0131n\u0131, eserlerini T\u00fcrk\u00e7e olarak kaleme alan \u015fair ve edebiyat\u00e7\u0131lar\u0131n yollad\u0131\u011f\u0131 kitaplardan al\u0131nt\u0131lar okudu\u011funu belirtti.<\/p>\n<p class=\"selectionShareable\">\u201cBu Pazar\u201d program\u0131n\u0131n yap\u0131mc\u0131 ve sunucusu Ayser Ali de sosyal ve k\u00fclt\u00fcr i\u00e7erikli programda bir\u00e7ok alanda ba\u015far\u0131l\u0131 insanlar\u0131n hikayelerini payla\u015ft\u0131\u011f\u0131n\u0131 kaydetti.<\/p>\n<p class=\"selectionShareable\">\u201cD\u00fcnden Bug\u00fcne Radyo\u201d program\u0131n\u0131 haz\u0131rlayan Sevda D\u00fckkanc\u0131 da 1950\u2019li y\u0131llar\u0131ndan bu yana BNR T\u00fcrk\u00e7e Yay\u0131nlar\u0131 edit\u00f6rl\u00fc\u011f\u00fcnde \u00e7al\u0131\u015farak radyoya katk\u0131 sa\u011flayan ki\u015filerin emeklerini \u00f6yk\u00fcle\u015ftirdi\u011fini ifade ederek, &#8220;BNR, hem burada ya\u015fayan T\u00fcrklerin ana dilini ya\u015fatan hem de ya\u015fayan bir haf\u0131zas\u0131d\u0131r.\u201d diye konu\u015ftu.<\/p>\n<h3><img data-recalc-dims=\"1\" decoding=\"async\" src=\"https:\/\/i0.wp.com\/www.aa.com.tr\/uploads\/userFiles\/40b5e6df-807a-4c96-8fee-5e91cbea23a3\/2019%2FSubat%2F20190213_2_34916314_41632865.jpg?w=640&#038;ssl=1\" alt=\"\"  \/><\/h3>\n<h3>Balkan t\u00fcrk\u00fcleri dijital ortama aktar\u0131l\u0131yor<\/h3>\n<p class=\"selectionShareable\">BNR T\u00fcrk\u00e7e yay\u0131nlar\u0131n aras\u0131nda en fazla dinleyici kitlesine sahip programlardan birini Bulgaristan M\u00fcsl\u00fcmanlar\u0131 Ba\u015fm\u00fcft\u00fcl\u00fc\u011f\u00fc Y\u00fcksek \u0130slam \u015euras\u0131 Ba\u015fkan\u0131 Vedat Ahmet sunuyor.<\/p>\n<p class=\"selectionShareable\">Her hafta cuma yay\u0131nlanan bir saatlik \u201cCuma \u00d6\u011fleden Sonra\u201d adl\u0131 programda dini konular\u0131 i\u015flediklerini dile getiren Ahmet, \u201cBulgaristan M\u00fcsl\u00fcmanlar\u0131n\u0131 ilgilendiren g\u00fcncel, ahlak, inan\u00e7, ibadet ve sosyal hayattaki konular\u0131 ele al\u0131yoruz.\u201d dedi.<\/p><div id=\"bghab-3569681869\" class=\"bghab-icerik-icine-15-paragraf bghab-entity-placement\"><script async src=\"\/\/pagead2.googlesyndication.com\/pagead\/js\/adsbygoogle.js?client=ca-pub-6203283170189293\" crossorigin=\"anonymous\"><\/script><ins class=\"adsbygoogle\" style=\"display:block; text-align:center;\" data-ad-client=\"ca-pub-6203283170189293\" \ndata-ad-slot=\"7303146466\" \ndata-ad-layout=\"in-article\"\ndata-ad-format=\"fluid\" data-full-width-responsive=\"true\"><\/ins>\n<script> \n(adsbygoogle = window.adsbygoogle || []).push({}); \n<\/script>\n<\/div>\n<p class=\"selectionShareable\">Ahmet, dinleyicilerin merak etti\u011fi dini sorulara yan\u0131t vermeye \u00e7al\u0131\u015ft\u0131\u011f\u0131n\u0131 de s\u00f6yledi.<\/p>\n<p class=\"selectionShareable\">\u201cYollar K\u00f6yden Ge\u00e7er\u201d ve \u201cAc\u0131s\u0131yla Tatl\u0131s\u0131yla Mektuplar\u0131n\u0131z\u201d adl\u0131 programlar\u0131 sunan \u015eevkiye \u00c7ak\u0131r da programlar\u0131nda dinleyicilerin ya\u015famlar\u0131n\u0131 ve etnik sorunlar\u0131n\u0131 dile getiren dinleyici mektuplar\u0131na yer verdiklerini payla\u015ft\u0131. \u00c7ak\u0131r, BNR m\u00fczik ar\u015fivlerinde \u201calt\u0131n hazine\u201d olarak bilinen 5 bine yak\u0131n Bulgaristan T\u00fcrklerine ait t\u00fcrk\u00fclerin kay\u0131tl\u0131 oldu\u011funu ve programlar\u0131nda bu eserlerin dinletildi\u011fini belirtti.<\/p>\n<p class=\"selectionShareable\">\u00c7ak\u0131r, bant kay\u0131tl\u0131 olarak ar\u015fivlerdeki Balkan t\u00fcrk\u00fclerinin dijital ortama aktar\u0131lmas\u0131 \u00e7al\u0131\u015fmas\u0131n\u0131n devam etti\u011fini kaydetti.<\/p>\n<p class=\"selectionShareable\">N\u00fcfusu 7 milyona yak\u0131n olan Bulgaristan, 680 bini a\u015fk\u0131n T\u00fcrk k\u00f6kenli vatanda\u015f\u0131yla Balkanlar\u2019da en kalabal\u0131k T\u00fcrk toplumuna sahip.<\/p>\n<p>&nbsp;<\/p><div id=\"bghab-1498860023\" class=\"bghab-icerik-icine-20-paragraf bghab-entity-placement\"><script async src=\"\/\/pagead2.googlesyndication.com\/pagead\/js\/adsbygoogle.js?client=ca-pub-6203283170189293\" crossorigin=\"anonymous\"><\/script><ins class=\"adsbygoogle\" style=\"display:block; text-align:center;\" data-ad-client=\"ca-pub-6203283170189293\" \ndata-ad-slot=\"7303146466\" \ndata-ad-layout=\"in-article\"\ndata-ad-format=\"fluid\" data-full-width-responsive=\"true\"><\/ins>\n<script> \n(adsbygoogle = window.adsbygoogle || []).push({}); \n<\/script>\n<\/div>\n<p>AA<\/p>\n<div id=\"bghab-3542249788\" class=\"bghab-yazi-altinda bghab-entity-placement\"><div class=\"bghab-adlabel\">Reklamlar<\/div><script async src=\"https:\/\/pagead2.googlesyndication.com\/pagead\/js\/adsbygoogle.js\"><\/script>\r\n<!-- bghaber-yaz\u0131-sonu -->\r\n<ins class=\"adsbygoogle\"\r\n     style=\"display:block\"\r\n     data-ad-client=\"ca-pub-6203283170189293\"\r\n     data-ad-slot=\"4222328180\"\r\n     data-ad-format=\"auto\"\r\n     data-full-width-responsive=\"true\"><\/ins>\r\n<script>\r\n     (adsbygoogle = window.adsbygoogle || []).push({});\r\n<\/script><\/div><br style=\"clear: both; display: block; float: none;\"\/>","protected":false},"excerpt":{"rendered":"<p>Bulgaristan Ulusal Radyosu (BNR) T\u00fcrk\u00e7e Yay\u0131nlar Edit\u00f6rl\u00fc\u011f\u00fc, 72 y\u0131ld\u0131r \u00fclkedeki\u00a0T\u00fcrkleri ilgilendirenkonularda yay\u0131nlar ger\u00e7ekle\u015ftiriyor. Ulusal\u00a0Radyo\u00a0T\u00fcrk\u00e7e Yay\u0131nlar\u0131 Edit\u00f6rl\u00fc\u011f\u00fc, 13 \u015eubat D\u00fcnya Radyo G\u00fcn\u00fc kapsam\u0131nda 72 y\u0131ll\u0131k yay\u0131n<\/p>\n","protected":false},"author":29,"featured_media":34205,"comment_status":"closed","ping_status":"closed","sticky":false,"template":"","format":"standard","meta":{"advanced_seo_description":"","jetpack_seo_html_title":"","jetpack_seo_noindex":false,"_jetpack_memberships_contains_paid_content":false,"footnotes":""},"categories":[10],"tags":[549],"class_list":["post-34204","post","type-post","status-publish","format-standard","has-post-thumbnail","hentry","category-kultur-sanat","tag-bnr"],"jetpack_featured_media_url":"https:\/\/i0.wp.com\/www.bghaber.org\/bghaber\/wp-content\/uploads\/2019\/02\/bnr-bulgaristanda-turklerin-sesi.jpg?fit=862%2C486&ssl=1","jetpack_sharing_enabled":true,"jetpack_likes_enabled":true,"jetpack-related-posts":[],"jetpack_shortlink":"https:\/\/wp.me\/pc2PfJ-8TG","_links":{"self":[{"href":"https:\/\/www.bghaber.org\/bghaber\/wp-json\/wp\/v2\/posts\/34204","targetHints":{"allow":["GET"]}}],"collection":[{"href":"https:\/\/www.bghaber.org\/bghaber\/wp-json\/wp\/v2\/posts"}],"about":[{"href":"https:\/\/www.bghaber.org\/bghaber\/wp-json\/wp\/v2\/types\/post"}],"author":[{"embeddable":true,"href":"https:\/\/www.bghaber.org\/bghaber\/wp-json\/wp\/v2\/users\/29"}],"replies":[{"embeddable":true,"href":"https:\/\/www.bghaber.org\/bghaber\/wp-json\/wp\/v2\/comments?post=34204"}],"version-history":[{"count":0,"href":"https:\/\/www.bghaber.org\/bghaber\/wp-json\/wp\/v2\/posts\/34204\/revisions"}],"wp:featuredmedia":[{"embeddable":true,"href":"https:\/\/www.bghaber.org\/bghaber\/wp-json\/wp\/v2\/media\/34205"}],"wp:attachment":[{"href":"https:\/\/www.bghaber.org\/bghaber\/wp-json\/wp\/v2\/media?parent=34204"}],"wp:term":[{"taxonomy":"category","embeddable":true,"href":"https:\/\/www.bghaber.org\/bghaber\/wp-json\/wp\/v2\/categories?post=34204"},{"taxonomy":"post_tag","embeddable":true,"href":"https:\/\/www.bghaber.org\/bghaber\/wp-json\/wp\/v2\/tags?post=34204"}],"curies":[{"name":"wp","href":"https:\/\/api.w.org\/{rel}","templated":true}]}}