{"id":34199,"date":"2019-02-14T11:00:37","date_gmt":"2019-02-14T08:00:37","guid":{"rendered":"https:\/\/www.bghaber.org\/bghaber\/?p=34199"},"modified":"2019-06-25T23:24:42","modified_gmt":"2019-06-25T20:24:42","slug":"bulgaristan-3-yil-icinde-euroya-gecebilir","status":"publish","type":"post","link":"https:\/\/www.bghaber.org\/bghaber\/bulgaristan-3-yil-icinde-euroya-gecebilir\/","title":{"rendered":"Bulgaristan 3 y\u0131l i\u00e7inde Euro&#8217;ya ge\u00e7ebilir"},"content":{"rendered":"<p>AB Komisyonu Ba\u015fkan Yard\u0131mc\u0131s\u0131 Valdis Dombrovskis&#8217;e g\u00f6re Bulgaristan\u2019\u0131n euroya ge\u00e7mesi i\u00e7in en az 3 y\u0131l ge\u00e7mesi gerekiyor.<\/p>\n<p>AB Komisyonu Ba\u015fkan Yard\u0131mc\u0131s\u0131 Valdis Dombrovskis, Nova TV kanal\u0131na verdi\u011fi deme\u00e7te, Bulgaristan\u2019\u0131n euro para birimine ge\u00e7mesi i\u00e7in en az 3 y\u0131l ge\u00e7mesi gerekece\u011fini a\u00e7\u0131klad\u0131. Ticaret Bakanl\u0131\u011f\u0131 blogunda yer alan bilgilere g\u00f6re, Dombrovskis, d\u00fcnyan\u0131n 2. para biriminin Bulgaristan taraf\u0131ndan kabul edilmesinin ekonomiye katk\u0131 sa\u011flayaca\u011f\u0131n\u0131 ve \u00fclkedeki yat\u0131r\u0131mlar\u0131n artmas\u0131na neden olaca\u011f\u0131n\u0131 ifade etti.<\/p>\n<p>&nbsp;<\/p>\n<p>H\u00fcrriyet14<\/p>\n<div id=\"bghab-2307597384\" class=\"bghab-yazi-altinda bghab-entity-placement\"><div class=\"bghab-adlabel\">Reklamlar<\/div><script async src=\"https:\/\/pagead2.googlesyndication.com\/pagead\/js\/adsbygoogle.js\"><\/script>\r\n<!-- bghaber-yaz\u0131-sonu -->\r\n<ins class=\"adsbygoogle\"\r\n     style=\"display:block\"\r\n     data-ad-client=\"ca-pub-6203283170189293\"\r\n     data-ad-slot=\"4222328180\"\r\n     data-ad-format=\"auto\"\r\n     data-full-width-responsive=\"true\"><\/ins>\r\n<script>\r\n     (adsbygoogle = window.adsbygoogle || []).push({});\r\n<\/script><\/div><br style=\"clear: both; display: block; float: none;\"\/>","protected":false},"excerpt":{"rendered":"<p>AB Komisyonu Ba\u015fkan Yard\u0131mc\u0131s\u0131 Valdis Dombrovskis&#8217;e g\u00f6re Bulgaristan\u2019\u0131n euroya ge\u00e7mesi i\u00e7in en az 3 y\u0131l ge\u00e7mesi gerekiyor. AB Komisyonu Ba\u015fkan Yard\u0131mc\u0131s\u0131 Valdis Dombrovskis, Nova TV<\/p>\n","protected":false},"author":29,"featured_media":4731,"comment_status":"closed","ping_status":"closed","sticky":false,"template":"","format":"standard","meta":{"advanced_seo_description":"","jetpack_seo_html_title":"","jetpack_seo_noindex":false,"_jetpack_memberships_contains_paid_content":false,"footnotes":""},"categories":[9],"tags":[813,712],"class_list":["post-34199","post","type-post","status-publish","format-standard","has-post-thumbnail","hentry","category-ekonomi","tag-avro","tag-euro"],"jetpack_featured_media_url":"https:\/\/i0.wp.com\/www.bghaber.org\/bghaber\/wp-content\/uploads\/2013\/08\/euro.jpg?fit=275%2C183&ssl=1","jetpack_sharing_enabled":true,"jetpack_likes_enabled":true,"jetpack-related-posts":[],"jetpack_shortlink":"https:\/\/wp.me\/pc2PfJ-8TB","_links":{"self":[{"href":"https:\/\/www.bghaber.org\/bghaber\/wp-json\/wp\/v2\/posts\/34199","targetHints":{"allow":["GET"]}}],"collection":[{"href":"https:\/\/www.bghaber.org\/bghaber\/wp-json\/wp\/v2\/posts"}],"about":[{"href":"https:\/\/www.bghaber.org\/bghaber\/wp-json\/wp\/v2\/types\/post"}],"author":[{"embeddable":true,"href":"https:\/\/www.bghaber.org\/bghaber\/wp-json\/wp\/v2\/users\/29"}],"replies":[{"embeddable":true,"href":"https:\/\/www.bghaber.org\/bghaber\/wp-json\/wp\/v2\/comments?post=34199"}],"version-history":[{"count":0,"href":"https:\/\/www.bghaber.org\/bghaber\/wp-json\/wp\/v2\/posts\/34199\/revisions"}],"wp:featuredmedia":[{"embeddable":true,"href":"https:\/\/www.bghaber.org\/bghaber\/wp-json\/wp\/v2\/media\/4731"}],"wp:attachment":[{"href":"https:\/\/www.bghaber.org\/bghaber\/wp-json\/wp\/v2\/media?parent=34199"}],"wp:term":[{"taxonomy":"category","embeddable":true,"href":"https:\/\/www.bghaber.org\/bghaber\/wp-json\/wp\/v2\/categories?post=34199"},{"taxonomy":"post_tag","embeddable":true,"href":"https:\/\/www.bghaber.org\/bghaber\/wp-json\/wp\/v2\/tags?post=34199"}],"curies":[{"name":"wp","href":"https:\/\/api.w.org\/{rel}","templated":true}]}}