{"id":34196,"date":"2019-02-14T09:00:08","date_gmt":"2019-02-14T06:00:08","guid":{"rendered":"https:\/\/www.bghaber.org\/bghaber\/?p=34196"},"modified":"2019-06-25T23:24:42","modified_gmt":"2019-06-25T20:24:42","slug":"bulgaristanda-15-milyon-kisi-turkce-konusuyor","status":"publish","type":"post","link":"https:\/\/www.bghaber.org\/bghaber\/bulgaristanda-15-milyon-kisi-turkce-konusuyor\/","title":{"rendered":"Bulgaristan\u2019da 1,5 Milyon Ki\u015fi T\u00fcrk\u00e7e Konu\u015fuyor"},"content":{"rendered":"<p>Trakya \u00dcniversitesi Edebiyat Fak\u00fcltesi Tarih B\u00f6l\u00fcm\u00fc \u00d6\u011fretim \u00dcyesi Dr. B\u00fclent Y\u0131ld\u0131r\u0131m, Balkanlar\u2019da 2 milyon civar\u0131nda ki\u015finin T\u00fcrk\u00e7e konu\u015ftu\u011funu belirtti.<\/p>\n<p>Y\u0131ld\u0131r\u0131m, gazetecilere yapt\u0131\u011f\u0131 a\u00e7\u0131klamada, T\u00fcrkler\u2019in ve T\u00fcrk\u00e7e\u2019nin Balkanlar\u2019daki varl\u0131\u011f\u0131n\u0131 korudu\u011funu ifade etti.<\/p>\n<p>T\u00fcrk\u00e7e\u2019nin Balkanlar\u2019da ya\u015fat\u0131ld\u0131\u011f\u0131n\u0131 ifade eden Y\u0131ld\u0131r\u0131m, b\u00f6lgedeki en yo\u011fun T\u00fcrk n\u00fcfusun Bulgaristan\u2019da oldu\u011funu s\u00f6yledi.<\/p>\n<p>T\u00fcrklerin, Bulgaristan n\u00fcfusunun \u00f6nemli bir b\u00f6l\u00fcm\u00fcn\u00fc olu\u015fturdu\u011funu anlatan Y\u0131ld\u0131r\u0131m, \u015f\u00f6yle konu\u015ftu:<\/p>\n<p>\u201cEn son 2011 say\u0131mlar\u0131nda, ana dili T\u00fcrk\u00e7e olan n\u00fcfus 605 bin ki\u015fidir. Tabii bu rakam tam olarak ger\u00e7e\u011fi yans\u0131tm\u0131yor. Bir \u00f6nceki 2001 say\u0131m\u0131nda 746 bin civar\u0131ndayd\u0131. Bunun d\u00fc\u015f\u00fck g\u00f6z\u00fckmesinin nedeni, Bulgaristan\u2019\u0131n Avrupa Birli\u011fi\u2019ne girmesinin ard\u0131ndan binlerce T\u00fcrk, Avrupa\u2019ya \u00e7al\u0131\u015fmaya gitti ve say\u0131mda orada olmad\u0131klar\u0131 i\u00e7in n\u00fcfus az g\u00f6z\u00fckm\u00fc\u015ft\u00fcr. Bulgaristan\u2019da hala 800 bin civar\u0131nda T\u00fcrk var. T\u00fcrk\u00e7e konu\u015fan M\u00fcsl\u00fcman Romanlar\u2019la birlikte bu say\u0131 1 milyon 500 bin civar\u0131ndad\u0131r. Bulgaristan\u2019da 1 milyon 500 bin ki\u015finin T\u00fcrk\u00e7e konu\u015ftu\u011funu s\u00f6yleyebiliriz.\u201d<\/p><div id=\"bghab-1869839704\" class=\"bghab-icerik-icine bghab-entity-placement\"><script async src=\"\/\/pagead2.googlesyndication.com\/pagead\/js\/adsbygoogle.js?client=ca-pub-6203283170189293\" crossorigin=\"anonymous\"><\/script><ins class=\"adsbygoogle\" style=\"display:block; text-align:center;\" data-ad-client=\"ca-pub-6203283170189293\" \ndata-ad-slot=\"7303146466\" \ndata-ad-layout=\"in-article\"\ndata-ad-format=\"fluid\" data-full-width-responsive=\"true\"><\/ins>\n<script> \n(adsbygoogle = window.adsbygoogle || []).push({}); \n<\/script>\n<\/div>\n<p>Bulgaristan d\u0131\u015f\u0131nda kalan \u00fclkelerde de T\u00fcrk soyda\u015flar\u0131n T\u00fcrk diline sahip \u00e7\u0131kt\u0131\u011f\u0131n\u0131 ifade eden Y\u0131ld\u0131r\u0131m, T\u00fcrk\u00e7e\u2019nin Balkanlar\u2019da varl\u0131\u011f\u0131n\u0131 korudu\u011funa i\u015faret etti.<\/p>\n<p>B\u00fclent Y\u0131ld\u0131r\u0131m, \u201cYunanistan Bat\u0131 Trakya\u2019da 150 bin T\u00fcrk n\u00fcfusu var. Bunun yan\u0131nda Rodos, \u0130stank\u00f6y ve 12 Adalar\u2019da az da olsa 5 bin kadar bir T\u00fcrk var. Romanya\u2019da 150 bin civar\u0131nda bir T\u00fcrk n\u00fcfusu var. Makedonya\u2019da 100 bin, Kosova\u2019da ise 70 bin civar\u0131nda bir T\u00fcrk n\u00fcfus var. Bu rakamlara bakt\u0131\u011f\u0131m\u0131zda Bulgaristan\u2019da T\u00fcrk\u00e7e konu\u015fan 1 milyon 500 insanla birlikte 2 milyon civar\u0131nda insan\u0131n Balkanlar\u2019da T\u00fcrk\u00e7e konu\u015ftu\u011funu ve T\u00fcrk dilini ya\u015fatt\u0131\u011f\u0131n\u0131 s\u00f6yleyebiliriz.\u201d diye konu\u015ftu.<\/p>\n<p><b>\u201cEn yo\u011fun g\u00f6\u00e7 Bulgaristan\u2019dan\u201d<\/b><\/p>\n<p>Y\u0131ld\u0131r\u0131m, T\u00fcrkiye Cumhuriyeti kurulduktan sonra Balkanlar\u2019dan en yo\u011fun g\u00f6\u00e7\u00fcn de Bulgaristan\u2019dan oldu\u011funu s\u00f6yledi.<\/p>\n<p>Bug\u00fcne kadar yakla\u015f\u0131k 1 milyon T\u00fcrk\u2019\u00fcn Bulgaristan\u2019dan T\u00fcrkiye\u2019ye g\u00f6\u00e7 etti\u011fini dile getiren Y\u0131ld\u0131r\u0131m, \u015funlar\u0131 kaydetti:<\/p><div id=\"bghab-2277301420\" class=\"bghab-icerik-icine-10-paragraf bghab-entity-placement\"><script async src=\"\/\/pagead2.googlesyndication.com\/pagead\/js\/adsbygoogle.js?client=ca-pub-6203283170189293\" crossorigin=\"anonymous\"><\/script><ins class=\"adsbygoogle\" style=\"display:block; text-align:center;\" data-ad-client=\"ca-pub-6203283170189293\" \ndata-ad-slot=\"7303146466\" \ndata-ad-layout=\"in-article\"\ndata-ad-format=\"fluid\" data-full-width-responsive=\"true\"><\/ins>\n<script> \n(adsbygoogle = window.adsbygoogle || []).push({}); \n<\/script>\n<\/div>\n<p>\u201cBulgaristan, T\u00fcrkiye Cumhuriyeti kurulduktan sonra en \u00e7ok g\u00f6\u00e7 ald\u0131\u011f\u0131m\u0131z \u00fclkedir. 1923\u2019ten bu yana Bulgaristan\u2019dan T\u00fcrkiye\u2019ye, 1 milyona yak\u0131n Bulgaristan T\u00fcrk\u00fc g\u00f6\u00e7 etmi\u015ftir. \u00d6zellikle 1989-1993 y\u0131llar\u0131 aras\u0131nda 350 bin ki\u015fi T\u00fcrkiye\u2019ye g\u00f6\u00e7 etmi\u015ftir. Bu g\u00f6\u00e7ler Bulgaristan Avrupa Birli\u011fi\u2019ne girene kadar devam etmi\u015ftir. Bulgaristan\u2019\u0131n Osmanl\u0131 idaresinden \u00e7\u0131kt\u0131\u011f\u0131 1877-1878 Osmanl\u0131-Rus Sava\u015f\u0131\u2019ndan bug\u00fcne kadar ise toplam 1 milyon 736 bin 465 T\u00fcrk, Bulgaristan\u2019dan T\u00fcrkiye\u2019ye g\u00f6\u00e7 etmi\u015ftir.\u201d<\/p>\n<p>&nbsp;<\/p>\n<p>K\u0131rcaali Haber<\/p>\n<div id=\"bghab-1579973341\" class=\"bghab-yazi-altinda bghab-entity-placement\"><div class=\"bghab-adlabel\">Reklamlar<\/div><script async src=\"https:\/\/pagead2.googlesyndication.com\/pagead\/js\/adsbygoogle.js\"><\/script>\r\n<!-- bghaber-yaz\u0131-sonu -->\r\n<ins class=\"adsbygoogle\"\r\n     style=\"display:block\"\r\n     data-ad-client=\"ca-pub-6203283170189293\"\r\n     data-ad-slot=\"4222328180\"\r\n     data-ad-format=\"auto\"\r\n     data-full-width-responsive=\"true\"><\/ins>\r\n<script>\r\n     (adsbygoogle = window.adsbygoogle || []).push({});\r\n<\/script><\/div><br style=\"clear: both; display: block; float: none;\"\/>","protected":false},"excerpt":{"rendered":"<p>Trakya \u00dcniversitesi Edebiyat Fak\u00fcltesi Tarih B\u00f6l\u00fcm\u00fc \u00d6\u011fretim \u00dcyesi Dr. B\u00fclent Y\u0131ld\u0131r\u0131m, Balkanlar\u2019da 2 milyon civar\u0131nda ki\u015finin T\u00fcrk\u00e7e konu\u015ftu\u011funu belirtti. Y\u0131ld\u0131r\u0131m, gazetecilere yapt\u0131\u011f\u0131 a\u00e7\u0131klamada, T\u00fcrkler\u2019in ve<\/p>\n","protected":false},"author":29,"featured_media":34197,"comment_status":"closed","ping_status":"closed","sticky":false,"template":"","format":"standard","meta":{"advanced_seo_description":"","jetpack_seo_html_title":"","jetpack_seo_noindex":false,"_jetpack_memberships_contains_paid_content":false,"footnotes":""},"categories":[10],"tags":[340],"class_list":["post-34196","post","type-post","status-publish","format-standard","has-post-thumbnail","hentry","category-kultur-sanat","tag-turkce"],"jetpack_featured_media_url":"https:\/\/i0.wp.com\/www.bghaber.org\/bghaber\/wp-content\/uploads\/2019\/02\/Bulgaristan%E2%80%99da-15-Milyon-Ki%C5%9Fi-T%C3%BCrk%C3%A7e-Konu%C5%9Fuyor.jpg?fit=636%2C372&ssl=1","jetpack_sharing_enabled":true,"jetpack_likes_enabled":true,"jetpack-related-posts":[],"jetpack_shortlink":"https:\/\/wp.me\/pc2PfJ-8Ty","_links":{"self":[{"href":"https:\/\/www.bghaber.org\/bghaber\/wp-json\/wp\/v2\/posts\/34196","targetHints":{"allow":["GET"]}}],"collection":[{"href":"https:\/\/www.bghaber.org\/bghaber\/wp-json\/wp\/v2\/posts"}],"about":[{"href":"https:\/\/www.bghaber.org\/bghaber\/wp-json\/wp\/v2\/types\/post"}],"author":[{"embeddable":true,"href":"https:\/\/www.bghaber.org\/bghaber\/wp-json\/wp\/v2\/users\/29"}],"replies":[{"embeddable":true,"href":"https:\/\/www.bghaber.org\/bghaber\/wp-json\/wp\/v2\/comments?post=34196"}],"version-history":[{"count":0,"href":"https:\/\/www.bghaber.org\/bghaber\/wp-json\/wp\/v2\/posts\/34196\/revisions"}],"wp:featuredmedia":[{"embeddable":true,"href":"https:\/\/www.bghaber.org\/bghaber\/wp-json\/wp\/v2\/media\/34197"}],"wp:attachment":[{"href":"https:\/\/www.bghaber.org\/bghaber\/wp-json\/wp\/v2\/media?parent=34196"}],"wp:term":[{"taxonomy":"category","embeddable":true,"href":"https:\/\/www.bghaber.org\/bghaber\/wp-json\/wp\/v2\/categories?post=34196"},{"taxonomy":"post_tag","embeddable":true,"href":"https:\/\/www.bghaber.org\/bghaber\/wp-json\/wp\/v2\/tags?post=34196"}],"curies":[{"name":"wp","href":"https:\/\/api.w.org\/{rel}","templated":true}]}}