{"id":34194,"date":"2019-02-13T23:54:55","date_gmt":"2019-02-13T20:54:55","guid":{"rendered":"https:\/\/www.bghaber.org\/bghaber\/?p=34194"},"modified":"2019-06-25T23:24:42","modified_gmt":"2019-06-25T20:24:42","slug":"bulgaristanda-tartismali-roman-entegrasyonu-tasarisi","status":"publish","type":"post","link":"https:\/\/www.bghaber.org\/bghaber\/bulgaristanda-tartismali-roman-entegrasyonu-tasarisi\/","title":{"rendered":"Bulgaristan&#8217;da tart\u0131\u015fmal\u0131 &#8216;Roman entegrasyonu&#8217; tasar\u0131s\u0131"},"content":{"rendered":"<p>Ba\u015fbakan Yard\u0131mc\u0131s\u0131 ve Savunma Bakan\u0131 Krasimir Karaka\u00e7anov, \u00fclkedeki Roman az\u0131nl\u0131\u011f\u0131n topluma entegrasyonu i\u00e7in h\u00fck\u00fcmete sunulmak \u00fczere bir tasar\u0131 haz\u0131rlad\u0131.<\/p>\n<p>H\u00fck\u00fcmet orta\u011f\u0131 \u0131rk\u00e7\u0131 ve a\u015f\u0131r\u0131 milliyet\u00e7i Birle\u015fik Vatanseverler (OP) koalisyonunu temsil eden Karaka\u00e7anov&#8217;un, Romanlar\u0131 &#8220;marjinal topluluk&#8221; olarak niteledi\u011fi ve Romanlara \u00e7e\u015fitli zorunlu uygulamalar\u0131 \u00f6ng\u00f6ren tasar\u0131s\u0131 tart\u0131\u015fmalara neden oldu.<\/p>\n<p>AA&#8217;n\u0131n haberine g\u00f6re \u00fcyelerinin \u00e7o\u011funu T\u00fcrklerin olu\u015fturdu\u011fu muhalefet Hak ve \u00d6zg\u00fcrl\u00fckler Hareketi (H\u00d6H),tasar\u0131n\u0131n sadece Romanlar\u0131 kapsad\u0131\u011f\u0131n\u0131, oysa Bulgaristan&#8217;daki t\u00fcm vatanda\u015flar\u0131n e\u015fit haklara sahip oldu\u011funu kaydetti.<\/p>\n<p>H\u00d6H milletvekili Ceyhan \u0130bnyamov, &#8220;Karaka\u00e7anov anayasaya bakm\u0131\u015f olsayd\u0131, hepimizin e\u015fit haklara sahip oldu\u011fumuzu g\u00f6r\u00fcrd\u00fc.&#8221; dedi.<\/p>\n<p>Ana muhalefetteki Bulgaristan Sosyalist Partisi (BSP) de Karaka\u00e7anov&#8217;un Avrupa Parlamentosu se\u00e7imlerine haz\u0131rland\u0131\u011f\u0131 i\u00e7in b\u00f6yle tart\u0131\u015fmal\u0131 bir tasar\u0131yla g\u00fcndeme gelmeye \u00e7al\u0131\u015ft\u0131\u011f\u0131 yorumunda bulundu.<\/p><div id=\"bghab-4202958898\" class=\"bghab-icerik-icine bghab-entity-placement\"><script async src=\"\/\/pagead2.googlesyndication.com\/pagead\/js\/adsbygoogle.js?client=ca-pub-6203283170189293\" crossorigin=\"anonymous\"><\/script><ins class=\"adsbygoogle\" style=\"display:block; text-align:center;\" data-ad-client=\"ca-pub-6203283170189293\" \ndata-ad-slot=\"7303146466\" \ndata-ad-layout=\"in-article\"\ndata-ad-format=\"fluid\" data-full-width-responsive=\"true\"><\/ins>\n<script> \n(adsbygoogle = window.adsbygoogle || []).push({}); \n<\/script>\n<\/div>\n<p>\u0130ktidardaki Bulgaristan&#8217;\u0131n Avrupal\u0131 Geli\u015fimi \u0130\u00e7in Yurtta\u015flar (GERB) partisinden T\u00fcrk k\u00f6kenli milletvekili ve eski K\u00fclt\u00fcr Bakan\u0131 Vecdi Ra\u015fidov da Karaka\u00e7anov&#8217;un tasla\u011f\u0131n\u0131n gerginlik yaratmayaca\u011f\u0131n\u0131 s\u00f6yledi.<\/p>\n<p>Ra\u015fidov, &#8220;Kurallara g\u00f6re Fransa&#8217;da sadece 8 ay devletten yard\u0131m alabiliyorsun. \u0130\u015f bulmazsan para da alamazs\u0131n. Kural kurald\u0131r.&#8221; diye konu\u015ftu.<\/p>\n<p><strong>ROMAN KADINLAR DO\u011eURMASIN D\u0130YE \u00dcCRETS\u0130Z K\u00dcRTAJ<\/strong><\/p>\n<p>Tam ad\u0131 &#8220;Bulgaristan&#8217;daki \u00c7ingene (Roman) etnisitesi i\u00e7in entegrasyon politikas\u0131nda \u00f6nlem alma tasla\u011f\u0131 ve bu \u00f6nlemlerin uygulamas\u0131&#8221; olan tasar\u0131da, Romanlar\u0131n ya\u015fad\u0131klar\u0131 mahallelerindeki ka\u00e7ak gecekondular\u0131n y\u0131k\u0131lmas\u0131, do\u011furganl\u0131klar\u0131n\u0131n s\u0131n\u0131rland\u0131r\u0131lmas\u0131 i\u00e7in \u00fccretsiz k\u00fcrtaj ve Roman mahallelerinde g\u00f6n\u00fcll\u00fc bek\u00e7i ekiplerinin g\u00f6revlendirilmesi gibi \u00f6neriler yer al\u0131yor.<\/p>\n<p>Tasar\u0131da, ikiden fazla \u00e7ocu\u011funu, \u00e7ocuk esirgeme kurumlar\u0131na b\u0131rakan Roman kad\u0131nlar\u0131n &#8220;do\u011fum denetimi sistemine&#8221; g\u00f6n\u00fcll\u00fc olarak kat\u0131lmas\u0131, vatanda\u015fl\u0131k g\u00f6revlerini yerine getirmeyen \u00e7ok \u00e7ocuklu ailelere devlet taraf\u0131ndan verilen yard\u0131m\u0131n s\u0131n\u0131rland\u0131r\u0131lmas\u0131 isteniyor.<\/p><div id=\"bghab-605543333\" class=\"bghab-icerik-icine-10-paragraf bghab-entity-placement\"><script async src=\"\/\/pagead2.googlesyndication.com\/pagead\/js\/adsbygoogle.js?client=ca-pub-6203283170189293\" crossorigin=\"anonymous\"><\/script><ins class=\"adsbygoogle\" style=\"display:block; text-align:center;\" data-ad-client=\"ca-pub-6203283170189293\" \ndata-ad-slot=\"7303146466\" \ndata-ad-layout=\"in-article\"\ndata-ad-format=\"fluid\" data-full-width-responsive=\"true\"><\/ins>\n<script> \n(adsbygoogle = window.adsbygoogle || []).push({}); \n<\/script>\n<\/div>\n<div id=\"zone_auto_2\" class=\"ads-zone habericireklam300x250left\" data-width=\"300\" data-height=\"250\" data-multi=\"1\" data-google-query-id=\"CKqVu6XKueACFUXC7Qodbt8C6A\">\n<div id=\"google_ads_iframe_\/31903365\/Dunya\/\/300x250\/\/Haber_ici_1_1__container__\">\n<p><strong>&#8220;E\u011e\u0130T\u0130MS\u0130Z VE \u0130\u015eS\u0130Z&#8221; ROMANLAR &#8220;TERB\u0130YE MERKEZLER\u0130NE&#8221; G\u0130TS\u0130N \u00d6NER\u0130S\u0130<\/strong><\/p>\n<p>16 ya\u015f\u0131ndan g\u00fcn alan ve e\u011fitim hayat\u0131 olmayan Romanlar\u0131n mecburi toplumsal hizmete tabi tutulmalar\u0131n\u0131n talep edildi\u011fi tasar\u0131da, temizlik vergisi \u00f6demeyen gecekondu mahallesi sakinlerinin de b\u00f6lgede mecburi temizlik yapmas\u0131 \u00f6n g\u00f6r\u00fcl\u00fcyor.<\/p>\n<p>Tasar\u0131da, &#8220;e\u011fitimsiz ve i\u015fsiz&#8221; Romanlar\u0131n &#8220;terbiye merkezlerinde&#8221; e\u011fitim g\u00f6rmeleri \u00f6neriliyor.<\/p>\n<p>Tasar\u0131n\u0131n iki hafta i\u00e7inde meclise gelmesi bekleniyor.<\/p>\n<p>N\u00fcfusu yakla\u015f\u0131k 7 milyon olan Bulgaristan&#8217;da 1 milyondan fazla Roman ya\u015f\u0131yor. PKK&#8217;n\u0131n, T\u00fcrkiye&#8217;nin \u00e7evresindeki bir\u00e7ok \u00fclkeden destek bulmaya \u00e7al\u0131\u015ft\u0131\u011f\u0131na dikkati \u00e7eken Soylu, T\u00fcrkiye&#8217;nin ter\u00f6r\u00fc kayna\u011f\u0131nda yok etme \u00e7al\u0131\u015fmalar\u0131n\u0131 engellemeye \u00e7al\u0131\u015fan unsurlar bulundu\u011funu s\u00f6yledi.<\/p>\n<p>Soylu, T\u00fcrkiye ve KKTC&#8217;nin birbirlerine destek olmas\u0131 gerekti\u011fini vurgulayarak KKTC&#8217;nin T\u00fcrkiye i\u00e7in \u00e7ok \u015fey ifade etti\u011fini kaydetti.<\/p>\n<p>G\u00f6r\u00fc\u015fmenin ard\u0131ndan Erh\u00fcrman ve Soylu&#8217;nun huzurunda Bakanlar Kurulu Toplant\u0131 Salonu&#8217;nda &#8220;Sahil G\u00fcvenlik Alan\u0131nda Destek ve \u0130\u015fbirli\u011fi Protokol\u00fc&#8221; G\u00fcvenlik Kuvvetleri Komutan\u0131 Tu\u011fgeneral Tevfik Algan ve Sahil G\u00fcvenlik Komutan\u0131 Tu\u011famiral Ahmet Kendir taraf\u0131ndan imzaland\u0131.<\/p>\n<\/div>\n<p>&nbsp;<\/p>\n<p>AA<\/p>\n<\/div>\n<div id=\"bghab-1687249273\" class=\"bghab-yazi-altinda bghab-entity-placement\"><div class=\"bghab-adlabel\">Reklamlar<\/div><script async src=\"https:\/\/pagead2.googlesyndication.com\/pagead\/js\/adsbygoogle.js\"><\/script>\r\n<!-- bghaber-yaz\u0131-sonu -->\r\n<ins class=\"adsbygoogle\"\r\n     style=\"display:block\"\r\n     data-ad-client=\"ca-pub-6203283170189293\"\r\n     data-ad-slot=\"4222328180\"\r\n     data-ad-format=\"auto\"\r\n     data-full-width-responsive=\"true\"><\/ins>\r\n<script>\r\n     (adsbygoogle = window.adsbygoogle || []).push({});\r\n<\/script><\/div><br style=\"clear: both; display: block; float: none;\"\/>","protected":false},"excerpt":{"rendered":"<p>Ba\u015fbakan Yard\u0131mc\u0131s\u0131 ve Savunma Bakan\u0131 Krasimir Karaka\u00e7anov, \u00fclkedeki Roman az\u0131nl\u0131\u011f\u0131n topluma entegrasyonu i\u00e7in h\u00fck\u00fcmete sunulmak \u00fczere bir tasar\u0131 haz\u0131rlad\u0131. H\u00fck\u00fcmet orta\u011f\u0131 \u0131rk\u00e7\u0131 ve a\u015f\u0131r\u0131 milliyet\u00e7i<\/p>\n","protected":false},"author":29,"featured_media":2144,"comment_status":"closed","ping_status":"closed","sticky":false,"template":"","format":"standard","meta":{"advanced_seo_description":"","jetpack_seo_html_title":"","jetpack_seo_noindex":false,"_jetpack_memberships_contains_paid_content":false,"footnotes":""},"categories":[1,4],"tags":[30,232,877],"class_list":["post-34194","post","type-post","status-publish","format-standard","has-post-thumbnail","hentry","category-haberler","category-siyaset","tag-bulgaristan","tag-kktc","tag-roman"],"jetpack_featured_media_url":"https:\/\/i0.wp.com\/www.bghaber.org\/bghaber\/wp-content\/uploads\/2013\/05\/romanlar.jpg?fit=400%2C266&ssl=1","jetpack_sharing_enabled":true,"jetpack_likes_enabled":true,"jetpack-related-posts":[],"jetpack_shortlink":"https:\/\/wp.me\/pc2PfJ-8Tw","_links":{"self":[{"href":"https:\/\/www.bghaber.org\/bghaber\/wp-json\/wp\/v2\/posts\/34194","targetHints":{"allow":["GET"]}}],"collection":[{"href":"https:\/\/www.bghaber.org\/bghaber\/wp-json\/wp\/v2\/posts"}],"about":[{"href":"https:\/\/www.bghaber.org\/bghaber\/wp-json\/wp\/v2\/types\/post"}],"author":[{"embeddable":true,"href":"https:\/\/www.bghaber.org\/bghaber\/wp-json\/wp\/v2\/users\/29"}],"replies":[{"embeddable":true,"href":"https:\/\/www.bghaber.org\/bghaber\/wp-json\/wp\/v2\/comments?post=34194"}],"version-history":[{"count":0,"href":"https:\/\/www.bghaber.org\/bghaber\/wp-json\/wp\/v2\/posts\/34194\/revisions"}],"wp:featuredmedia":[{"embeddable":true,"href":"https:\/\/www.bghaber.org\/bghaber\/wp-json\/wp\/v2\/media\/2144"}],"wp:attachment":[{"href":"https:\/\/www.bghaber.org\/bghaber\/wp-json\/wp\/v2\/media?parent=34194"}],"wp:term":[{"taxonomy":"category","embeddable":true,"href":"https:\/\/www.bghaber.org\/bghaber\/wp-json\/wp\/v2\/categories?post=34194"},{"taxonomy":"post_tag","embeddable":true,"href":"https:\/\/www.bghaber.org\/bghaber\/wp-json\/wp\/v2\/tags?post=34194"}],"curies":[{"name":"wp","href":"https:\/\/api.w.org\/{rel}","templated":true}]}}