{"id":34184,"date":"2019-02-11T07:00:01","date_gmt":"2019-02-11T04:00:01","guid":{"rendered":"https:\/\/www.bghaber.org\/bghaber\/?p=34184"},"modified":"2019-06-25T23:25:07","modified_gmt":"2019-06-25T20:25:07","slug":"bulgaristan-cumhurbaskani-hukumetin-venezuela-kararini-elestirdi","status":"publish","type":"post","link":"https:\/\/www.bghaber.org\/bghaber\/bulgaristan-cumhurbaskani-hukumetin-venezuela-kararini-elestirdi\/","title":{"rendered":"Bulgaristan Cumhurba\u015fkan\u0131 h\u00fck\u00fcmetin Venezuela karar\u0131n\u0131 ele\u015ftirdi"},"content":{"rendered":"<p>\u201cBulgaristan Venezuela tart\u0131\u015fmalar\u0131na kat\u0131lmamal\u0131. Bundan daha korkun\u00e7 olan\u0131 ise, Bulgaristan h\u00fck\u00fcmetinin kendi g\u00f6r\u00fc\u015f\u00fcne sahip olmamas\u0131d\u0131r\u201d.<\/p>\n<p>Cumhurba\u015fkan\u0131 Rumen Radev Sofya\u2019da bu a\u00e7\u0131klamada bulundu ve Venezuela hakk\u0131ndaki AB karar\u0131na destekten \u00e7ekinilmesi gerekti\u011fini ifade etti. H\u00fck\u00fcmet 6 \u015eubat g\u00fcn\u00fc Juan Guaid\u00f3\u2019yu Venezuela\u2019n\u0131n ge\u00e7ici cumhurba\u015fkan\u0131 olarak tan\u0131d\u0131\u011f\u0131na dair karar\u0131 onaylad\u0131. H\u00fck\u00fcmet en k\u0131sa zamanda demokratik se\u00e7imlerin yap\u0131lmas\u0131 talebiyle, Venezuela\u2019da gerginli\u011fin \u00f6n\u00fcne ge\u00e7ilmesi ve olas\u0131 bir insani krizin \u00e7\u0131kmamas\u0131 i\u00e7in \u00a0Juan Guaid\u00f3\u2019nun ge\u00e7ici olarak bu g\u00f6revde kalmas\u0131na destek beyan etti.<\/p>\n<p>&nbsp;<\/p>\n<p>BNR<\/p>\n<div id=\"bghab-1447440280\" class=\"bghab-yazi-altinda bghab-entity-placement\"><div class=\"bghab-adlabel\">Reklamlar<\/div><script async src=\"https:\/\/pagead2.googlesyndication.com\/pagead\/js\/adsbygoogle.js\"><\/script>\r\n<!-- bghaber-yaz\u0131-sonu -->\r\n<ins class=\"adsbygoogle\"\r\n     style=\"display:block\"\r\n     data-ad-client=\"ca-pub-6203283170189293\"\r\n     data-ad-slot=\"4222328180\"\r\n     data-ad-format=\"auto\"\r\n     data-full-width-responsive=\"true\"><\/ins>\r\n<script>\r\n     (adsbygoogle = window.adsbygoogle || []).push({});\r\n<\/script><\/div><br style=\"clear: both; display: block; float: none;\"\/>","protected":false},"excerpt":{"rendered":"<p>\u201cBulgaristan Venezuela tart\u0131\u015fmalar\u0131na kat\u0131lmamal\u0131. Bundan daha korkun\u00e7 olan\u0131 ise, Bulgaristan h\u00fck\u00fcmetinin kendi g\u00f6r\u00fc\u015f\u00fcne sahip olmamas\u0131d\u0131r\u201d. Cumhurba\u015fkan\u0131 Rumen Radev Sofya\u2019da bu a\u00e7\u0131klamada bulundu ve Venezuela hakk\u0131ndaki<\/p>\n","protected":false},"author":29,"featured_media":0,"comment_status":"closed","ping_status":"closed","sticky":false,"template":"","format":"standard","meta":{"advanced_seo_description":"","jetpack_seo_html_title":"","jetpack_seo_noindex":false,"_jetpack_memberships_contains_paid_content":false,"footnotes":""},"categories":[4],"tags":[],"class_list":["post-34184","post","type-post","status-publish","format-standard","hentry","category-siyaset"],"jetpack_featured_media_url":"","jetpack_sharing_enabled":true,"jetpack_likes_enabled":true,"jetpack-related-posts":[],"jetpack_shortlink":"https:\/\/wp.me\/pc2PfJ-8Tm","_links":{"self":[{"href":"https:\/\/www.bghaber.org\/bghaber\/wp-json\/wp\/v2\/posts\/34184","targetHints":{"allow":["GET"]}}],"collection":[{"href":"https:\/\/www.bghaber.org\/bghaber\/wp-json\/wp\/v2\/posts"}],"about":[{"href":"https:\/\/www.bghaber.org\/bghaber\/wp-json\/wp\/v2\/types\/post"}],"author":[{"embeddable":true,"href":"https:\/\/www.bghaber.org\/bghaber\/wp-json\/wp\/v2\/users\/29"}],"replies":[{"embeddable":true,"href":"https:\/\/www.bghaber.org\/bghaber\/wp-json\/wp\/v2\/comments?post=34184"}],"version-history":[{"count":0,"href":"https:\/\/www.bghaber.org\/bghaber\/wp-json\/wp\/v2\/posts\/34184\/revisions"}],"wp:attachment":[{"href":"https:\/\/www.bghaber.org\/bghaber\/wp-json\/wp\/v2\/media?parent=34184"}],"wp:term":[{"taxonomy":"category","embeddable":true,"href":"https:\/\/www.bghaber.org\/bghaber\/wp-json\/wp\/v2\/categories?post=34184"},{"taxonomy":"post_tag","embeddable":true,"href":"https:\/\/www.bghaber.org\/bghaber\/wp-json\/wp\/v2\/tags?post=34184"}],"curies":[{"name":"wp","href":"https:\/\/api.w.org\/{rel}","templated":true}]}}