{"id":34153,"date":"2019-02-09T20:31:31","date_gmt":"2019-02-09T17:31:31","guid":{"rendered":"https:\/\/www.bghaber.org\/bghaber\/?p=34153"},"modified":"2019-02-11T00:35:20","modified_gmt":"2019-02-10T21:35:20","slug":"belgrad-sofya-arasi-trenle-iki-saat-mesafede-olacak","status":"publish","type":"post","link":"https:\/\/www.bghaber.org\/bghaber\/belgrad-sofya-arasi-trenle-iki-saat-mesafede-olacak\/","title":{"rendered":"Belgrad &#8211; Sofya aras\u0131 trenle iki saat mesafede olacak"},"content":{"rendered":"<p>D\u0131\u015fi\u015fleri Bakan\u0131 Ekaterina Zaharieva, Sofya&#8217;dan Belgrad&#8217;a birka\u00e7 y\u0131l i\u00e7inde tren yolculu\u011funun 2 saatten az s\u00fcrece\u011fini a\u00e7\u0131klad\u0131. Ayr\u0131ca, iki ba\u015fkent aras\u0131ndaki yeni demiryolu hatt\u0131n\u0131n in\u015fas\u0131n\u0131n AK taraf\u0131ndan finanse edilece\u011fini s\u00f6yledi.<\/p>\n<p>Br\u00fcksel 11 ula\u015ft\u0131rma projesi i\u00e7in 190 milyon avro ay\u0131rd\u0131. Belgrad ile Sofya aras\u0131nda 360 km uzunlu\u011funda yeni bir h\u0131zl\u0131 demiryolu ba\u011flant\u0131s\u0131 kurulmas\u0131 planlanmaktad\u0131r.<\/p>\n<p>Zaharieva, Belgrad&#8217;dan sonra bir sonraki ba\u011flant\u0131 projesi olarak, Sofya&#8217;dan Zagreb&#8217;e tren yolculu\u011funu 5 saate k\u0131saltaca\u011f\u0131n\u0131 belirtti.<\/p>\n<div id=\"bghab-654449858\" class=\"bghab-yazi-altinda bghab-entity-placement\"><div class=\"bghab-adlabel\">Reklamlar<\/div><script async src=\"https:\/\/pagead2.googlesyndication.com\/pagead\/js\/adsbygoogle.js\"><\/script>\r\n<!-- bghaber-yaz\u0131-sonu -->\r\n<ins class=\"adsbygoogle\"\r\n     style=\"display:block\"\r\n     data-ad-client=\"ca-pub-6203283170189293\"\r\n     data-ad-slot=\"4222328180\"\r\n     data-ad-format=\"auto\"\r\n     data-full-width-responsive=\"true\"><\/ins>\r\n<script>\r\n     (adsbygoogle = window.adsbygoogle || []).push({});\r\n<\/script><\/div><br style=\"clear: both; display: block; float: none;\"\/>","protected":false},"excerpt":{"rendered":"<p>D\u0131\u015fi\u015fleri Bakan\u0131 Ekaterina Zaharieva, Sofya&#8217;dan Belgrad&#8217;a birka\u00e7 y\u0131l i\u00e7inde tren yolculu\u011funun 2 saatten az s\u00fcrece\u011fini a\u00e7\u0131klad\u0131. Ayr\u0131ca, iki ba\u015fkent aras\u0131ndaki yeni demiryolu hatt\u0131n\u0131n in\u015fas\u0131n\u0131n AK<\/p>\n","protected":false},"author":13,"featured_media":24095,"comment_status":"closed","ping_status":"closed","sticky":false,"template":"","format":"standard","meta":{"advanced_seo_description":"","jetpack_seo_html_title":"","jetpack_seo_noindex":false,"_jetpack_memberships_contains_paid_content":false,"footnotes":""},"categories":[5],"tags":[],"class_list":["post-34153","post","type-post","status-publish","format-standard","has-post-thumbnail","hentry","category-yasam"],"jetpack_featured_media_url":"https:\/\/i0.wp.com\/www.bghaber.org\/bghaber\/wp-content\/uploads\/2017\/09\/yol-tren.jpg?fit=864%2C486&ssl=1","jetpack_sharing_enabled":true,"jetpack_likes_enabled":true,"jetpack-related-posts":[],"jetpack_shortlink":"https:\/\/wp.me\/pc2PfJ-8SR","_links":{"self":[{"href":"https:\/\/www.bghaber.org\/bghaber\/wp-json\/wp\/v2\/posts\/34153","targetHints":{"allow":["GET"]}}],"collection":[{"href":"https:\/\/www.bghaber.org\/bghaber\/wp-json\/wp\/v2\/posts"}],"about":[{"href":"https:\/\/www.bghaber.org\/bghaber\/wp-json\/wp\/v2\/types\/post"}],"author":[{"embeddable":true,"href":"https:\/\/www.bghaber.org\/bghaber\/wp-json\/wp\/v2\/users\/13"}],"replies":[{"embeddable":true,"href":"https:\/\/www.bghaber.org\/bghaber\/wp-json\/wp\/v2\/comments?post=34153"}],"version-history":[{"count":0,"href":"https:\/\/www.bghaber.org\/bghaber\/wp-json\/wp\/v2\/posts\/34153\/revisions"}],"wp:featuredmedia":[{"embeddable":true,"href":"https:\/\/www.bghaber.org\/bghaber\/wp-json\/wp\/v2\/media\/24095"}],"wp:attachment":[{"href":"https:\/\/www.bghaber.org\/bghaber\/wp-json\/wp\/v2\/media?parent=34153"}],"wp:term":[{"taxonomy":"category","embeddable":true,"href":"https:\/\/www.bghaber.org\/bghaber\/wp-json\/wp\/v2\/categories?post=34153"},{"taxonomy":"post_tag","embeddable":true,"href":"https:\/\/www.bghaber.org\/bghaber\/wp-json\/wp\/v2\/tags?post=34153"}],"curies":[{"name":"wp","href":"https:\/\/api.w.org\/{rel}","templated":true}]}}