{"id":34151,"date":"2019-02-09T09:52:56","date_gmt":"2019-02-09T06:52:56","guid":{"rendered":"https:\/\/www.bghaber.org\/bghaber\/?p=34151"},"modified":"2019-02-09T20:30:05","modified_gmt":"2019-02-09T17:30:05","slug":"bulgaristanda-dalli-budakli-fasizm","status":"publish","type":"post","link":"https:\/\/www.bghaber.org\/bghaber\/bulgaristanda-dalli-budakli-fasizm\/","title":{"rendered":"Bulgaristan&#8217;da Dall\u0131 Budakl\u0131 FA\u015e\u0130ZM"},"content":{"rendered":"<p>Tarih: 07 \u015eubat 2019<br \/>\nYazan: Rafet ULUT\u00dcRK<br \/>\nKonu: <strong>GETTO kanunlar\u0131 a\u00e7\u0131kland\u0131: <\/strong><strong>\u00c7iftle\u015fmek Yasak!<\/strong><\/p>\n<p>Bulgaristan Ba\u015fbakan Yard\u0131mc\u0131s\u0131 ve Savunma Bakan\u0131 Karaka\u00e7anov zehrini kustu. Bir <strong>\u201c\u00c7ingene Sorunu \u00c7\u00f6zme Program\u0131n\u0131\u201d<\/strong> a\u00e7\u0131klad\u0131.<\/p>\n<p>1972\u2019de M\u00fcsl\u00fcman Pomaklar\u0131 ve 1984\u2019te T\u00fcrkleri yok etme program\u0131n\u0131 Bulgaristan Kom\u00fcnist Partisi Merkez Komitesi Politik B\u00fcrosu (BKP MK PB) ad\u0131na haz\u0131rlan\u0131p a\u00e7\u0131klanmadan uygulanm\u0131\u015ft\u0131. Y\u0131llarca d\u00fcnyam\u0131z kas\u0131p kavruldu. Trajedimiz dillere destan, \u015fehitlerimiz toprak oldu. Asla yok olmayan T\u00fcrk Kimli\u011fimizi ya\u015fatma davam\u0131zd\u0131r. <strong>G\u00f6n\u00fcl bayra\u011f\u0131m\u0131z dalgaland\u0131k\u00e7a dalgalan\u0131yor.<\/strong> Vuslat yolunda \u00c7ingene (Romen)- Milletten bildi\u011fimiz her bir karde\u015fimizle \u2013 son nefesimize kadar dayan\u0131\u015fma halindeyiz. Davam\u0131z ortakt\u0131r.<\/p>\n<p>Pomak karde\u015flerimiz Bulgarla\u015ft\u0131r\u0131l\u0131p H\u0131ristiyanla\u015ft\u0131r\u0131larak, biz T\u00fcrkler k\u00f6r kur\u015funlara hedef edilerek, karanl\u0131k zindanlarda \u00e7\u00fcr\u00fct\u00fclerek, karakollarda d\u00f6v\u00fclerek, s\u00fcrg\u00fcn edilerek, <strong>\u201cBelene\u201d<\/strong>\u00a0\u00f6l\u00fcm kamp\u0131nda domuz etiyle zehirleyerek, ata topra\u011f\u0131m\u0131zdan s\u00f6k\u00fcl\u00fcp at\u0131larak, g\u00f6\u00e7e zorlanarak yok edilmeye \u00e7al\u0131\u015f\u0131ld\u0131k.\u00a0 \u00c7ingene (Roman) \u2013 milletten &#8211; vatanda\u015flar\u0131n \u201c<strong>\u00e7iftle\u015fmesi yasaklanarak<\/strong>\u201d ocaklar\u0131 s\u00f6nd\u00fcr\u00fclmek isteniyor. \u00c7ingene\u00a0(Roman) gelinlerin iki \u00e7ocuktan fazla do\u011fum yapmas\u0131na izin verilmeyecekmi\u015f. Ya\u015fad\u0131klar\u0131 mahalleler y\u0131k\u0131larak, hepsi en k\u00f6r yerlere s\u00fcrg\u00fcn edilerek, da\u011f\u0131t\u0131l\u0131p soylar\u0131 kurutulmak isteniyor. Avrupa \u00fclkelerine da\u011f\u0131lmalar\u0131na kolayl\u0131k sa\u011flamak isteyen fikirler de dola\u015f\u0131yor. Hedeflerinde \u00c7ingenesiz (Roman) Bulgaristan var.<\/p>\n<p>Vatan bildikleri topraklarda ya\u015fayan az\u0131nl\u0131klar\u0131n yok edilmesini ama\u00e7layan ilk Program daha 1878\u2019de y\u00fcr\u00fcrl\u00fc\u011fe konmu\u015ftu. \u0130lk y\u0131lda 261 bin M\u00fcsl\u00fcman yok edilmi\u015ftir. Bat\u0131 kaynaklar\u0131nda, Ruslar\u0131n <strong>\u201ckurtard\u0131\u011f\u0131\u201d<\/strong> topraklarda 1877-1878\u2019de M\u00fcsl\u00fcman n\u00fcfusun % 17\u2019si yok edilmi\u015f, % 34\u2019u de g\u00f6\u00e7e zorlan\u0131p yurtlar\u0131ndan kovulmu\u015ftur.<\/p><div id=\"bghab-434287498\" class=\"bghab-icerik-icine bghab-entity-placement\"><script async src=\"\/\/pagead2.googlesyndication.com\/pagead\/js\/adsbygoogle.js?client=ca-pub-6203283170189293\" crossorigin=\"anonymous\"><\/script><ins class=\"adsbygoogle\" style=\"display:block; text-align:center;\" data-ad-client=\"ca-pub-6203283170189293\" \ndata-ad-slot=\"7303146466\" \ndata-ad-layout=\"in-article\"\ndata-ad-format=\"fluid\" data-full-width-responsive=\"true\"><\/ins>\n<script> \n(adsbygoogle = window.adsbygoogle || []).push({}); \n<\/script>\n<\/div>\n<p>M\u00fcsl\u00fcmanlara kar\u015f\u0131 1913 sald\u0131r\u0131lar\u0131, isim ve din de\u011fi\u015ftirme zorbal\u0131\u011f\u0131, 250 bin ki\u015finin zorla Hristiyanla\u015ft\u0131r\u0131lmas\u0131, Bat\u0131 Rodoplar\u2019\u0131n b\u00fct\u00fcn k\u00f6ylerde minarelerin y\u0131k\u0131lmas\u0131, camilerin kiliseye d\u00f6n\u00fc\u015ft\u00fcr\u00fclmesi, feslerin yak\u0131lmas\u0131 ve erkeklerin kafas\u0131na kalpak ge\u00e7irilmesi asla unutulamaz. Kuran\u0131 Kerim\u2019in toplat\u0131lmas\u0131, Osmanl\u0131ca kitaplar\u0131n yak\u0131lmas\u0131,\u00a0 Pomaklar\u0131n Karasu (Mesta) Irma\u011f\u0131 boyundan Ege boyuna ka\u00e7maya zorlanmas\u0131 Bulgaristan\u2019da az\u0131nl\u0131k politikas\u0131n\u0131n tamamen yanl\u0131\u015f mayaland\u0131\u011f\u0131nda kesin kan\u0131tlardan ancak birka\u00e7\u0131d\u0131r.<\/p>\n<p>Milli az\u0131nl\u0131klarla hesapla\u015fmay\u0131 hedefleyen 2. Program \u00c7ar III. Boris (1918-1943) d\u00f6neminde haz\u0131rlan\u0131p uygulanm\u0131\u015ft\u0131r.<\/p>\n<p>Bu programla Ulah ve Pomaklar isimleri de\u011fi\u015ftirilip Hristiyan dinini kabul etmeye zorlan\u0131rken, T\u00fcrklerin okullar\u0131 y\u0131k\u0131l\u0131p yak\u0131lm\u0131\u015f, k\u00fclt\u00fcr ocaklar\u0131m\u0131z da\u011f\u0131t\u0131lm\u0131\u015f, Hizmet dernekleri yasaklanm\u0131\u015f ve T\u00fcrk ayd\u0131nlar tutuklan\u0131p i\u00e7eri at\u0131lm\u0131\u015f, katledilmi\u015f veya T\u00fcrkiye\u2019ye kovulmu\u015flard\u0131r. Makedonlar da Bulgar ilan edilmi\u015f ve hepsine Bulgar ismi ve kimli\u011fi da\u011f\u0131t\u0131lm\u0131\u015f, okul programlar\u0131 Bulgarla\u015ft\u0131r\u0131lm\u0131\u015ft\u0131r. \u00c7ingene (Romen) ve Yahudi d\u00fc\u015fmanl\u0131\u011f\u0131n\u0131n zirvesi, bu iki az\u0131nl\u0131ktan 20 bine yak\u0131n erkek, kad\u0131n ve \u00e7ocu\u011fun hayvan vagonlar\u0131na doldurulup yak\u0131lmak \u00fczere Polonya\u2019daki \u201c<strong>Treplika<\/strong>\u201d adl\u0131 Nazi kamp\u0131na yak\u0131lmak \u00fczere g\u00f6nderilmesi olmu\u015ftur. Geri d\u00f6nen ise hi\u00e7 olmam\u0131\u015ft\u0131r.<\/p>\n<p>O d\u00f6nemde \u201c<strong>bizden olmayanlar\u0131 yok etme<\/strong>\u201d kampanyalar\u0131n\u0131 Sovyetler D\u0131\u015f \u0130stihbarat Komitesi (KGB) ajan\u0131, <strong>\u201cZveno\u201d<\/strong> partisi \u00f6nderi, askeri cunta albay\u0131, darbeci Ba\u015fbakan <strong>Kimon Gergiev<\/strong> y\u00f6netmi\u015ftir.<\/p>\n<p>1946-1948 d\u00f6neminde KGB\u2019nin Bulgaristan istasyon \u015fefi olmaya devam eden Kimon Georgiev, 3 defa ge\u00e7ici h\u00fck\u00fcmet ba\u015fkan\u0131 olmu\u015f ve <strong>\u201c\u00c7ar \u00e7evresindeki fa\u015fist kodamanlar\u0131ndan<\/strong>\u201d toplam 30 bin ki\u015finin idam edilmesine seyirci kalm\u0131\u015ft\u0131r.<\/p><div id=\"bghab-3409048154\" class=\"bghab-icerik-icine-10-paragraf bghab-entity-placement\"><script async src=\"\/\/pagead2.googlesyndication.com\/pagead\/js\/adsbygoogle.js?client=ca-pub-6203283170189293\" crossorigin=\"anonymous\"><\/script><ins class=\"adsbygoogle\" style=\"display:block; text-align:center;\" data-ad-client=\"ca-pub-6203283170189293\" \ndata-ad-slot=\"7303146466\" \ndata-ad-layout=\"in-article\"\ndata-ad-format=\"fluid\" data-full-width-responsive=\"true\"><\/ins>\n<script> \n(adsbygoogle = window.adsbygoogle || []).push({}); \n<\/script>\n<\/div>\n<p>21.y\u00fczy\u0131l\u0131n ba\u015f\u0131nda Bulgaristan\u2019da ya\u015fayan \u00c7ingeneleri yok etme program\u0131 haz\u0131rlayan K. Karaka\u00e7anov\u2019un VMRO \u2013\u0130\u00e7 Makedon Devrim \u00d6rg\u00fct\u00fc 1925\u2019ten Kremlin merkezli Komintern \u00fcyesidir. Kadrolar\u0131 Moskova\u2019da bilenir, emirleri, paray\u0131 ve silah\u0131 Kremlinden al\u0131r.<\/p>\n<p>VMRO \u00e7etecileri, vatan\u0131m\u0131zda fa\u015fistler ve totaliter-kom\u00fcnist rejim kadar su\u00e7suz insan \u00f6ld\u00fcrm\u00fc\u015f, katliam yapm\u0131\u015f, her zaman a\u015f\u0131r\u0131 sald\u0131rgan g\u00fc\u00e7lerden yana olmu\u015f, k\u00f6y bas\u0131p soygundan ge\u00e7inmi\u015ftir. VMRO bu devlette tetik\u00e7ilik ve haydutluk yapm\u0131\u015ft\u0131r. Bu asi \u00f6rg\u00fctsel g\u00fc\u00e7 iki sava\u015f aras\u0131nda Bulgaristan \u00e7ap\u0131nda silahl\u0131 te\u015fkilatlanmay\u0131 ba\u015farm\u0131\u015f, hem \u00c7ar III. Boris hem de Kom\u00fcnist iktidar taraf\u0131ndan \u201c<strong>ter\u00f6r<\/strong>\u201d \u00f6rg\u00fct\u00fc ilan edilmi\u015f ve yasaklanm\u0131\u015ft\u0131r.<\/p>\n<p>T\u00fcm bu \u00f6nlemlere ra\u011fmen, 1990 y\u0131l\u0131ndan sonra Bulgaristan\u2019da ya\u015fayan M\u00fcsl\u00fcman etnik az\u0131nl\u0131klara hi\u00e7bir konuda nefes ald\u0131rmama vazifesini seve seve \u00fcstlenerek, az\u0131nl\u0131k d\u00fc\u015fmanl\u0131\u011f\u0131 konusunda BKP MK PB\u2019nin 10 Kas\u0131m 1989\u2019da yar\u0131m kalan \u00f6devlerini \u201c<strong>demokrasi ko\u015fullar\u0131nda tamamlama<\/strong>\u201d vazifesiyle Moskova\u2019n\u0131n ila\u00e7 ve i\u011fneleriyle dirilmi\u015f ve zehirli dikenlerini sivrilterek b\u00fcy\u00fctmeyi ba\u015farm\u0131\u015ft\u0131r.<\/p>\n<p>Bu arada ikiy\u00fczl\u00fc ve k\u00fcstahl\u0131\u011f\u0131 \u00e7ok ileri gitmi\u015ftir. \u00c7ingene n\u00fcfusu tapusuz evlerde kay\u0131ts\u0131z ya\u015famakla su\u00e7lay\u0131p Filibe\u2019de (Plovdiv), Voyvodino\u2019da, Eskiz Zara (Stara Zagora), Varna\u2019da ve daha bir\u00e7ok yerde GETTO evlerini y\u0131kanlar, Makedon tebaal\u0131 100 bin yabanc\u0131ya para kar\u015f\u0131l\u0131\u011f\u0131 Bulgar tebaas\u0131, vatanda\u015fl\u0131\u011f\u0131, kimlik ve pasaportu satarken, binlerce ki\u015finin adres kayd\u0131n\u0131 k\u00f6ylerdeki elektrik trafolar\u0131na, samanl\u0131klara, ah\u0131rlara ve spor sahalar\u0131na yapm\u0131\u015flard\u0131r.<\/p>\n<p><strong>Bu memlekette adres kayd\u0131 su\u00e7undan tutuklan\u0131p yarg\u0131lanarak i\u00e7eri at\u0131lmas\u0131 gereken birileri varsa onlar VMRO y\u00f6neticileridir.<\/strong><\/p><div id=\"bghab-2678511696\" class=\"bghab-icerik-icine-15-paragraf bghab-entity-placement\"><script async src=\"\/\/pagead2.googlesyndication.com\/pagead\/js\/adsbygoogle.js?client=ca-pub-6203283170189293\" crossorigin=\"anonymous\"><\/script><ins class=\"adsbygoogle\" style=\"display:block; text-align:center;\" data-ad-client=\"ca-pub-6203283170189293\" \ndata-ad-slot=\"7303146466\" \ndata-ad-layout=\"in-article\"\ndata-ad-format=\"fluid\" data-full-width-responsive=\"true\"><\/ins>\n<script> \n(adsbygoogle = window.adsbygoogle || []).push({}); \n<\/script>\n<\/div>\n<p><span style=\"color: #ff0000;\"><strong>\u00a0Dikkati \u00e7eken \u015fudur: VMRO \u2013 y\u00f6netimi ilk i\u015fbirli\u011fi s\u00f6zle\u015fmesini daha 1992\u2019de T\u00fcrk partisiyle de\u011fil, Ahmet Do\u011fan\u2019la gizli imzalam\u0131\u015ft\u0131r.<\/strong><\/span><\/p>\n<p><em> \u00a0HA\u0130NL\u0130\u011e\u0130N ALTIN \u00d6D\u00dcL\u00dcN\u00dc DO\u011eANIN G\u00d6\u011eS\u00dcNE PE\u015e\u0130N TAKAN VMRO- dur. DAHA SONRAK\u0130 YILLARDA DO\u011eAN\u2019IN KORUNMASINI VMRO \u2013 HAYDUTLARI \u00d6RG\u00dcTLEM\u0130\u015e VE SA\u011eLANMI\u015eTIR. AYRICA DO\u011eAN\u2019IN BAZI DEVLET KURUMLARI \u0130LE TEMASLARI VMRO KOM\u0130TACILARI TARAFINDAN D\u00dcZENLENM\u0130\u015eT\u0130R.<\/em><\/p>\n<p>1944 y\u0131l\u0131n\u0131n 9 Eyl\u00fcl sabah\u0131 g\u00fcne\u015f do\u011fdu\u011funda Bulgaristan\u2019da 786 bin k\u00f6yl\u00fc ve kentli, T\u00fcrk ve Bulgar, \u00c7ingene, Ulah ve Tatar vatanda\u015f BEN HALK \u00c7\u0130FT\u00c7\u0130 PART\u0130L\u0130Y\u0130M diye hayk\u0131rm\u0131\u015ft\u0131. Parti kayd\u0131n\u0131 \u00e7\u0131karm\u0131\u015f ve sahneye \u00e7\u0131km\u0131\u015ft\u0131. 140 y\u0131ll\u0131k Bulgaristan tarihinde BKP de aralar\u0131nda hi\u00e7bir parti 786 bin \u00fcye \u00f6rg\u00fctleyememi\u015f ve tek yumrukta birle\u015fememi\u015ftir.<\/p>\n<p>Onlar, 1944\u2019ten sonra VMRO katil \u00f6rg\u00fct\u00fcn\u00fcn yasaklanmas\u0131n\u0131 istemi\u015fler ve iktidar orta\u011f\u0131 olarak 1990\u2019a kadar muvaffak olmu\u015flard\u0131r. G\u00fcn\u00fcm\u00fczde Bulgaristan\u2019da \u00c7ift\u00e7i partililer ile VMRO a\u015f\u0131r\u0131 milliyet\u00e7i fa\u015fizan y\u00f6netimi aras\u0131ndaki kavga \u015fiddetinden yitirmemi\u015ftir.<\/p>\n<p>Ancak ne yaz\u0131k ki, Bulgar fa\u015fist ve kom\u00fcnistleri tarihten ders almak istemedikleri i\u00e7in bug\u00fcn halk kitlelerine \u201c<strong>gelece\u011fi unutun<\/strong>\u201d diyorlar.<\/p><div id=\"bghab-8037374\" class=\"bghab-icerik-icine-20-paragraf bghab-entity-placement\"><script async src=\"\/\/pagead2.googlesyndication.com\/pagead\/js\/adsbygoogle.js?client=ca-pub-6203283170189293\" crossorigin=\"anonymous\"><\/script><ins class=\"adsbygoogle\" style=\"display:block; text-align:center;\" data-ad-client=\"ca-pub-6203283170189293\" \ndata-ad-slot=\"7303146466\" \ndata-ad-layout=\"in-article\"\ndata-ad-format=\"fluid\" data-full-width-responsive=\"true\"><\/ins>\n<script> \n(adsbygoogle = window.adsbygoogle || []).push({}); \n<\/script>\n<\/div>\n<p><span style=\"color: #ff0000;\"><strong>Toplumun temizlenmesi, ar\u0131nmas\u0131 ve zihin de\u011fi\u015fikli\u011fi yap\u0131labilmesi i\u00e7in Sofya\u2019n\u0131n g\u00f6be\u011fine, iyi ve k\u00f6t\u00fc g\u00fcnlerde herkesin topland\u0131\u011f\u0131 bir meydana, 10 metre y\u00fcksek bir an\u0131t dikilmelidir.<\/strong> <\/span><\/p>\n<p>Bu g\u00f6rkemli abide, kellesi VMRO-komitac\u0131 fa\u015fistleri taraf\u0131ndan g\u00f6zleri k\u0131zg\u0131n demirle \u00e7\u0131kar\u0131lan, kellesi k\u00f6r b\u0131\u00e7akla kesilen, iki kolu ve bacaklar\u0131 k\u00fcfl\u00fc testere ile kesilen Bulgaristan Halk \u00c7ift\u00e7i Partisi lideri, Ba\u015fbakan, <span style=\"color: #ff0000;\"><strong>HALK \u00d6NDER\u0130 ALEKSANDIR STANBOL\u0130YSK\u0130 ANITI<\/strong> <strong>olmal\u0131d\u0131r<\/strong><\/span>. K\u00f6r testere ve k\u00fcfl\u00fc b\u0131\u00e7ak ile g\u00f6zleri \u00e7\u0131kar\u0131lm\u0131\u015f Aleksand\u0131r Stanboliyski\u2019nin kafas\u0131 bu ibret an\u0131t\u0131n\u0131n dibinde durmal\u0131 ve gelene ge\u00e7ene <strong>bizim etraf\u0131m\u0131zdaki vah\u015filerin cinayetlerinden ders \u00e7\u0131karmadan gelece\u011fi g\u00f6rebilmemiz olanaks\u0131zd\u0131r<\/strong> diye susarak hayk\u0131rmal\u0131d\u0131r.<\/p>\n<p>Bu sabah \u201c<strong>Fakti.bg<\/strong>\u201dyi a\u00e7t\u0131m ve\u00a0 feylesof \u0130vaylo Di\u00e7ev\u2019in \u015fu sat\u0131rlar\u0131n\u0131 okurken, Kara\u00e7anov\u2019un program\u0131yla d\u00fc\u015f\u00fclen durumdan ve kaleme ald\u0131\u011f\u0131 y\u00fcrek ac\u0131s\u0131 \u015fu s\u00f6zlerden utand\u0131m:<\/p>\n<p>\u201c<strong>Sal\u0131n \u00fczerlerine tanklar\u0131 ve \u00c7ingene sorunu diye bir problem kalmas\u0131n. Bulgarlar\u0131n \u201cBulgarl\u0131\u011f\u0131\u201d bu kadar dibe mi d\u00fc\u015ft\u00fc? Ben kendimizden utan\u0131yorum. O kadar m\u0131 sefil ve zavall\u0131 bir duruma d\u00fc\u015ft\u00fck ki, a\u00e7 k\u00f6pek gibi ba\u015fkas\u0131n\u0131n az\u0131ndan lokmas\u0131n\u0131 almaya \u00e7al\u0131\u015f\u0131yoruz<\/strong>?\u201d<\/p>\n<p>Bulgar \u0131rk\u0131 1978\u2019de Berlin Kongresi\u2019nde kendilerine verilen devlet modelini y\u00f6netemiyor. \u00c7ok ac\u0131 bir ger\u00e7ek. Devlet y\u00f6netmek maharet gerektiren bir i\u015f\u2026<\/p><div id=\"bghab-2586833579\" class=\"bghab-icerik-icine-25-paragraf bghab-entity-placement\"><script async src=\"\/\/pagead2.googlesyndication.com\/pagead\/js\/adsbygoogle.js?client=ca-pub-6203283170189293\" crossorigin=\"anonymous\"><\/script><ins class=\"adsbygoogle\" style=\"display:block; text-align:center;\" data-ad-client=\"ca-pub-6203283170189293\" \ndata-ad-slot=\"7303146466\" \ndata-ad-layout=\"in-article\"\ndata-ad-format=\"fluid\" data-full-width-responsive=\"true\"><\/ins>\n<script> \n(adsbygoogle = window.adsbygoogle || []).push({}); \n<\/script>\n<\/div>\n<p><strong>D\u00f6nelim Hitler devrine<\/strong>: 08 \u015eubat 2019 sabah\u0131 Bulgar TV ve Radyo programlar\u0131n\u0131n Ba\u015fbakan Yard\u0131mc\u0131s\u0131 ve Savunma Bakan\u0131, VMRO \u015fefi Krasimir Karaka\u00e7anov\u2019un \u201c<strong>\u00c7ingene Problemini \u00c7\u00f6zme Program\u0131<\/strong>\u2019n\u0131\u201d 100 milyon insan\u0131n \u00f6l\u00fcm\u00fcne neden olan, \u0131rk\u00e7\u0131l\u0131\u011f\u0131n temelini olu\u015fturan ve modern hukuk taraf\u0131ndan 1000 (bin) defa yasaklanm\u0131\u015f bulunan \u00a0Adolf Hitler\u2019in \u201cMein Kampf\u201d (Kavgam) kitab\u0131ndan kopya etti\u011fi iddialar\u0131yla ba\u015flamas\u0131d\u0131r, sizi Hitler devrine d\u00f6nmeye davet etmemin sebebi\u2026<\/p>\n<p><strong>Sabah sabah \u015f\u00f6yle bir olay da ya\u015fand\u0131.<\/strong> Irk\u00e7\u0131 zehrinin daha \u015fiddetli olmas\u0131yla \u00f6v\u00fcnen s\u00f6zde <strong>\u201cyurtsever cephe\u201d<\/strong> Ba\u015fkan\u0131, milletvekili Valeri Simyonov, \u00c7ingeneleri yok etme konusunda Ba\u015fbakan Yard\u0131mc\u0131s\u0131 ve Savunma Bakan\u0131n\u0131n bu defa kendisinden bir ad\u0131m \u00f6ne ge\u00e7mesini \u00e7ok k\u0131skanm\u0131\u015f olacak, <em><strong>\u201cKaraka\u00e7anov \u00c7ingeneleri-Romenleri Eritme Program\u0131n\u0131 Bulgaristan\u2019\u0131 Kurtarmak \u0130\u00e7in Milli Cephe\u201d<\/strong><\/em> partisi tezlerinden kopyalam\u0131\u015f, a\u00e7\u0131klamas\u0131nda bulundu.<\/p>\n<p>Bulgaristan T\u00fcrklerini ocaklar\u0131ndan s\u00f6k\u00fcp atmak i\u00e7in hain planlar\u0131n (1984-1989) 2 y\u0131l \u00f6nceden yap\u0131ld\u0131\u011f\u0131 ve yo\u011fun haz\u0131rl\u0131k g\u00f6r\u00fcld\u00fc\u011f\u00fc art\u0131k g\u00fcn \u0131\u015f\u0131\u011f\u0131na \u00e7\u0131kt\u0131\u011f\u0131na g\u00f6re, \u00c7ingenelerle hesapla\u015fma program\u0131n\u0131n 2019\u2019da ka\u011f\u0131t \u00fcst\u00fcne d\u00f6k\u00fclmesi ve Ba\u015fbakan Yard\u0131mc\u0131s\u0131 a\u011fz\u0131ndan resmen a\u00e7\u0131klanmas\u0131ndan sonra olay\u0131n ciddili\u011finden kimse ku\u015fkulanm\u0131yor.<\/p>\n<p>Bizde her ta\u015f\u0131n alt\u0131nda bir y\u0131lan yat\u0131yor. Hepsinin g\u00f6zleri dik kesik &#8211; hepsi zehirli ve \u00e7atal dilleri insan haklar\u0131na, az\u0131nl\u0131k haklar\u0131na, mal m\u00fclk sahibi olma hakk\u0131m\u0131za, anadilimize, dinimize, evimize, mahallemize, k\u00fclt\u00fcr\u00fcm\u00fcze, adalet ve demokrasimize uzanm\u0131\u015ft\u0131r&#8230;<\/p>\n<p>1942 y\u0131l\u0131nda Nazi Almanya\u2019s\u0131nda \u201c<strong>Yahudi ve \u00c7ingene Sorununa Kesin \u00c7\u00f6z\u00fcm Bulma<\/strong>\u201d konferans\u0131 Vansee\u2019de toplanm\u0131\u015ft\u0131. Bug\u00fcn\u00fcn fa\u015fisti Karaka\u00e7anov gibi o zaman\u0131n Nazileri bir hayalet d\u00fc\u015fman yaratm\u0131\u015flar ve insanl\u0131k tarihinin en b\u00fcy\u00fck barbarl\u0131\u011f\u0131n\u0131 i\u015flemeye y\u00f6nelmi\u015flerdi. 7 milyon Yahudi ve \u00c7ingene-Romen yak\u0131ld\u0131.<\/p><div id=\"bghab-3717140415\" class=\"bghab-icerik-icine-30-paragraf bghab-entity-placement\"><script async src=\"\/\/pagead2.googlesyndication.com\/pagead\/js\/adsbygoogle.js?client=ca-pub-6203283170189293\" crossorigin=\"anonymous\"><\/script><ins class=\"adsbygoogle\" style=\"display:block; text-align:center;\" data-ad-client=\"ca-pub-6203283170189293\" \ndata-ad-slot=\"7303146466\" \ndata-ad-layout=\"in-article\"\ndata-ad-format=\"fluid\" data-full-width-responsive=\"true\"><\/ins>\n<script> \n(adsbygoogle = window.adsbygoogle || []).push({}); \n<\/script>\n<\/div>\n<p>VMRO Bulgaristan\u2019da \u0131rk\u00e7\u0131l\u0131k k\u00f6r\u00fckl\u00fcyor. Bo\u011faz bo\u011faza gelmi\u015f yalanc\u0131 <strong>\u201cyurtseverleri\u201d<\/strong> yakla\u015fan AB se\u00e7imlerinden birle\u015ftirebilmek ve birka\u00e7 g\u00f6z\u00fc kanl\u0131 hayduttu Br\u00fcksel\u2019e g\u00f6nderebilmek i\u00e7in hayalet hedef yarat\u0131yor. GETTO Kanunu yazm\u0131\u015f, \u00c7ingenelerin \u00e7iftle\u015fmesini ve \u00e7ocuk do\u011furmas\u0131n\u0131 yasaklamaya \u00e7al\u0131\u015f\u0131yor.<\/p>\n<p>Bulgar GETTO\u2019sunun ne oldu\u011funu bilen var m\u0131? \u0130\u00e7inde polis dola\u015fan kul\u00fcbecikler mahallesi. M\u00fczik sal\u0131nsa motorlu ve yaya <strong>\u201cg\u00f6n\u00fcll\u00fcler\u201d<\/strong> gelip d\u00fczen ve nizam kurmaya \u00e7al\u0131\u015f\u0131yor. B\u00fct\u00fcn \u00e7abalar\u0131 bo\u015fa. Her \u015fey yasaklansa T\u00fcrk filmleri seyretmek serbest, yasal ve \u00e7ekirdek soymaya da ceza kesen yok. Olay bu!<\/p>\n<p>Karaka\u00e7anov, 18. Y\u00fczy\u0131lda kurulan ilk Yahudi kamplar\u0131n\u0131n tarihini bilmiyor olabilir. \u00c7iftle\u015fmek ve do\u011furmak i\u00e7in \u00f6zel izin al\u0131n\u0131yormu\u015f. Girip \u00e7\u0131kmak izine tabiiymi\u015f. Yahudilere toprak i\u015fleme hakk\u0131 tan\u0131nm\u0131yormu\u015f. Bizde memleketin yar\u0131s\u0131 bo\u015f, tarlalar 30 y\u0131ldan beri nadas. Ama milliyet\u00e7iler \u00c7ingenelerin toprak kokusunu sevmesinden korkuyor. Ba\u011f bah\u00e7e sevmesine tahamm\u00fclleri yok.<\/p>\n<p>\u00c7ingeneleri ve \u00f6teki M\u00fcsl\u00fcmanlar\u0131 silah askeri yapmaktan da korkuyor. T\u00fcfek kullanmay\u0131 \u00f6\u011frenirler ve silah\u0131 bana \u00e7evirirler diye korkuyorlar. Meslek \u00f6\u011frenmelerinden de korkuyorlar, ellerine para ge\u00e7er diye korkuyorlar. \u00c7ingenelerin zenginle\u015fmesinden rahats\u0131zlar. \u00d6rg\u00fctlenmelerinden de korkuyorlar. Uyan\u0131p bilin\u00e7lenmelerinden korkuyorlar. Korkuyorlar da korkuyorlar\u2026<\/p>\n<p>Bu defa gerek\u00e7esi, Savunma Bakanl\u0131\u011f\u0131 y\u0131llar\u0131nda okuma yazmas\u0131 olmayan, Bulgarca da konu\u015famayan \u00c7ingene gen\u00e7lerin bir polisi ve bir de mavi bereli komandoyu e\u015fek sudan gelene kadar d\u00f6vmeleri. Cahil \u00c7ingene gen\u00e7lerin okumu\u015f, e\u011fitilmi\u015f, Afganistan\u2019da, Kosova\u2019da defalarca g\u00f6rev yapm\u0131\u015f bir Bulgar\u2019\u0131 yere yat\u0131r\u0131p bord\u00fcr ta\u015f\u0131 boyuna uzatmalar\u0131 ve hak etti\u011fini bol bol vermeleri, yenir yutulur gibi de\u011fil\u2026<\/p><div id=\"bghab-3603755614\" class=\"bghab-icerik-icine-35-paragraf bghab-entity-placement\"><script async src=\"\/\/pagead2.googlesyndication.com\/pagead\/js\/adsbygoogle.js?client=ca-pub-6203283170189293\" crossorigin=\"anonymous\"><\/script><ins class=\"adsbygoogle\" style=\"display:block; text-align:center;\" data-ad-client=\"ca-pub-6203283170189293\" \ndata-ad-slot=\"7303146466\" \ndata-ad-layout=\"in-article\"\ndata-ad-format=\"fluid\" data-full-width-responsive=\"true\"><\/ins>\n<script> \n(adsbygoogle = window.adsbygoogle || []).push({}); \n<\/script>\n<\/div>\n<p>Memleket n\u00fcfusu i\u00e7inde okuma yazma bilmeyenlerin ortalama oran\u0131 % 52\u2019iken, bu oran \u00c7ingene n\u00fcfusun oran\u0131 % 80\u2019dir. Bunu bilen devletin, Karaka\u00e7anov\u2019tan GETTO kanunu yazmas\u0131n\u0131 istedi\u011fine inanm\u0131yorum. Her GETTO kap\u0131s\u0131na mavi boya ile yaz\u0131lm\u0131\u015f ve <strong>\u201cBurada GETTO Kanunlar\u0131 Ge\u00e7erlidir!\u201d<\/strong> yaz\u0131s\u0131 para etmiyor besbelli.\u00a0 Milli Fa\u015fistlerden biri olan Karaka\u00e7anov\u2019un 100 y\u0131ldan beri izlenen kanl\u0131 vah\u015fetlerle, katliamlarla dolu VMRO politikas\u0131ndan vaz ge\u00e7ece\u011fine kimse inanm\u0131yor. Son icatlar\u0131 fa\u015fist ruhunu d\u00fcnyaya g\u00f6sterdi. Kesin amac\u0131 \u00c7ingene ailelere sosyal yard\u0131mlar\u0131 durdurmakt\u0131r. Bir market, bir okul, anaokulu ve sa\u011fl\u0131k oca\u011f\u0131 olmayan \u00c7ingeneleri a\u00e7l\u0131ktan k\u0131r\u0131lmaya al\u0131\u015ft\u0131rmak ve giderek i\u015fi bitirmektir.<\/p>\n<p>Karaka\u00e7anov\u2019un i\u00e7indeki korku onu her an kemiriyor. \u00c7ingeneleri-Romenleri Bulgarla\u015ft\u0131rmak i\u00e7in AB fonlar\u0131ndan al\u0131nan ve \u00e7al\u0131nan paralar\u0131 geri isterlerse ne yapar\u0131z s\u0131k\u0131nt\u0131s\u0131na yenik d\u00fc\u015fm\u00fc\u015f olacak, eli titriyor.<\/p>\n<p>Avrupal\u0131lar, \u00a0Bulgaristan\u2019daki GETTO-lar\u0131 y\u0131k\u0131p, memleket n\u00fcfusunun % 35\u2019ini olu\u015fturan \u00c7ingene ahaliyi toplama kamplar\u0131na t\u0131karak, kar\u0131lar\u0131n\u0131za ve \u00e7ocuklar\u0131n\u0131za su ve yemek veriyoruz gerek\u00e7esiyle bedava \u00e7al\u0131\u015ft\u0131rmay\u0131 hayal ediyorlar. 1948-1989 aras\u0131 \u00fclkemizdeki in\u015fatlar \u2013 konutlar, kara yollar\u0131, demir yollar\u0131, barajlar, fabrikalar, k\u00fclt\u00fcr ve idare tesisleri vb &#8211; ayda 1.5 levaya (iki kutu sigara paras\u0131) 2 y\u0131l in\u015faat erlerinde \u00e7al\u0131\u015ft\u0131r\u0131lan \u00c7ingene, T\u00fcrk, Pomak, Tatar ve Gagavuz gen\u00e7ler taraf\u0131ndan bina edilmi\u015ftir. Bu birinci D\u00fcnya Sava\u015f\u0131nda yenik d\u00fc\u015fen Bulgarlara Neully Antla\u015fmas\u0131na g\u00f6re tan\u0131nan \u201cin\u015faat erleri\u201d kurma hakk\u0131na g\u00f6re yap\u0131lm\u0131\u015ft\u0131. 1945\u2019te \u0130mzalanan ve \u0130kinci D\u00fcnya Sava\u015f\u0131 sonras\u0131 kurallar\u0131 belirleyen Paris Antla\u015fmas\u0131 Neully Anla\u015fmas\u0131n\u0131 ge\u00e7ersiz k\u0131lm\u0131\u015ft\u0131, buna ra\u011fmen Bulgar kom\u00fcnistler 1989 y\u0131l\u0131n\u0131n sonuna kadar \u00fclkemizdeki az\u0131nl\u0131klar\u0131n gen\u00e7lerini in\u015faatlarda amans\u0131zca, k\u00f6le gibi s\u00f6m\u00fcrd\u00fcler. \u0130n\u015faat Erleri kamplar\u0131nda, M\u00fcsl\u00fcman az\u0131nl\u0131klardan \u00e7ocuklar\u0131 cinsel olarak sakatlamak amac\u0131yla her sabah i\u00e7tikleri \u00e7aya born tozu ilave ediliyor, M\u00fcsl\u00fcman az\u0131kl\u0131klar\u0131n n\u00fcfus art\u0131\u015f\u0131 durdurulmaya \u00e7al\u0131\u015f\u0131l\u0131yordu.<\/p>\n<p>Karaka\u00e7anov\u2019un \u201c<strong>sosyal yard\u0131mlar\u0131n kesilmesi<\/strong>\u201d iste\u011fine cevap veren GETTO-larda soka\u011fa \u00e7\u0131kan kad\u0131nlar 2025 y\u0131l\u0131nda Cumhurba\u015fkan\u0131 ve Ba\u015fbakan bizden olacak, \u00c7ingene olacak \u015fiar\u0131yla parlad\u0131lar.<\/p>\n<p>\u201c<strong>Allah\u2019\u0131n cezas\u0131 size<\/strong>!\u201d \u201c<strong>Bildi\u011fimiz gibi, geleneklerimize g\u00f6re ya\u015famak istiyoruz!<\/strong>\u201d sloganlar\u0131 her yerde duyuldu.<\/p><div id=\"bghab-3588355435\" class=\"bghab-icerik-icine-40-paragraf bghab-entity-placement\"><script async src=\"\/\/pagead2.googlesyndication.com\/pagead\/js\/adsbygoogle.js?client=ca-pub-6203283170189293\" crossorigin=\"anonymous\"><\/script><ins class=\"adsbygoogle\" style=\"display:block; text-align:center;\" data-ad-client=\"ca-pub-6203283170189293\" \ndata-ad-slot=\"7303146466\" \ndata-ad-layout=\"in-article\"\ndata-ad-format=\"fluid\" data-full-width-responsive=\"true\"><\/ins>\n<script> \n(adsbygoogle = window.adsbygoogle || []).push({}); \n<\/script>\n<\/div>\n<p>Bulgaristan bir \u201cVanzee\u201d karar\u0131 uygulay\u0131p \u00c7ingeneleri evsiz barks\u0131z, cahil, i\u015fsiz ve a\u00e7 b\u0131rak\u0131p kamplara toplay\u0131p s\u0131k\u0131\u015ft\u0131rarak yurdu terk etmeye zorlamay\u0131 d\u00fc\u015f\u00fcnebilirler. Avrupa onlar\u0131 kabul etmeye raz\u0131 olursa, yerlerine ba\u015fka etniklerle doldurmak ister. Bu daha \u00f6nce bir\u00e7ok yerde uygulanm\u0131\u015ft\u0131r. \u00d6l\u00fcm korkusu insana ne yapt\u0131rmaz ki? Yahudilerden ka\u00e7abilenler Amerika\u2019y\u0131, T\u00fcrkiye\u2019yi, \u0130skandinavya devletlerini boylam\u0131\u015flard\u0131. Naziler, Yahudileri Yahudilere k\u0131rd\u0131rmay\u0131 se\u00e7mi\u015fti. \u00c7ingeneler aras\u0131ndan bir hain ordusu e\u011fitip, onlar\u0131 polise, kurumlara ve kurulu\u015flara i\u015fe alarak, meclise sokarak \u00c7ingene problemini s\u00f6zde \u201ckesin ve nihai\u201d \u00e7\u00f6zme yolu denenebilir.<\/p>\n<p>Bulgarlar 140 y\u0131ldan beri etnikleri yok etmekle me\u015fgul oldular. \u0130ki devletleri \u00e7\u00f6km\u00fc\u015f, 7 defa k\u0131r\u0131lma ya\u015fam\u0131\u015flar, ge\u00e7en y\u00fczy\u0131l kat\u0131ld\u0131klar\u0131 b\u00fct\u00fcn sava\u015flarda yenik d\u00fc\u015fm\u00fc\u015fler ve birka\u00e7 defa iflas etmi\u015flerdir. Az\u0131nl\u0131klarla ilgili eritme veya sahtece davran\u0131p s\u00f6zde asimile etme siyaseti art\u0131k geri tepmeye ba\u015flad\u0131. \u00c7ingene isyanlar\u0131 ya\u015fan\u0131yor. Tamamen cahil ve i\u015fsiz olduklar\u0131n\u0131 gizlemeyen Kuzey Bat\u0131 Bulgaristan\u2019\u0131n Vidin, Montana ve Vratsa illerinde n\u00fcfus hukuksal olarak Romanya devletine ba\u011flanmak istedi\u011fini imza toplayarak kamuya duyurdu. Giri\u015fimlerde bulundu.<\/p>\n<p>\u015eu d\u00f6nem \u00e7ok derin bir suskunluk i\u00e7ine dalan Karasu (Struma) ve Pirin Makedonlar\u0131, Makedon devleti ve Bat\u0131 Balkanlardaki olaylar\u0131 \u00e7ok ince bir hassasiyetle izliyor. Herkesi d\u00fc\u015f\u00fcnd\u00fcren G\u00fcney Bat\u0131 Bulgaristan iki y\u00f6nl\u00fc Bulgaristan anayollar\u0131nda art arda ba\u015f g\u00f6steren zincirleme kazalar d\u00fc\u015f\u00fcnd\u00fcr\u00fcc\u00fc olmaya ba\u015flad\u0131. Sanki Pirin k\u0131\u015f tesislerinde kayak yapanlar\u0131n, ara\u00e7larla yollar\u0131ndan ge\u00e7enlerin hayat\u0131 i\u00e7in g\u00fcvence kalmam\u0131\u015f, halkta huzur yok. Ortal\u0131kda tehlikesi bir suskunluk var.<\/p>\n<p>\u00c7ingenelerle durum ortada: Onlar 2025\u2019te siyasi iktidara t\u0131rmanmak istediklerini ve 2050\u2019de Bulgaristan n\u00fcfusunun % 50\u2019den fazlas\u0131 olmak istediklerini gizlemiyorlar. Bu amaca ula\u015fabilmek i\u00e7in kanun tan\u0131maz, resmi dili tan\u0131maz olmu\u015flar. Aralar\u0131nda 3 ku\u015fak i\u015f ba\u015f\u0131 yapmam\u0131\u015flar ve hayat hakk\u0131 isteyen niyeti de\u011fi\u015fmeyen bir ana kitle var. \u0130kinci D\u00fcnya Sava\u015f\u0131 y\u0131llar\u0131ndan beri toplad\u0131klar\u0131 cesaret hareket y\u00f6nleri belirlemeye ba\u015flad\u0131. Evleri y\u0131k\u0131lanlar, sudan sebeplerle 5 \u2013 10 y\u0131l ceza alanlar g\u00f6zleri k\u0131rpmadan i\u00e7eri giriyorlar. Devlete ve hukuka inanmad\u0131klar\u0131 i\u00e7in adalet aram\u0131yor ve bo\u015f s\u00f6zlere inanm\u0131yorlar.<\/p>\n<p>Bundan 30 y\u0131l \u00f6nce \u201c<strong>tanklar gelsin<\/strong>\u201d diyen Cumhurba\u015fkan\u0131 Pet\u0131r Mladenov, onun bu talebini halk i\u015fitince, istifa etmek zorunda kalm\u0131\u015ft\u0131. Ba\u015fbakan Yard\u0131mc\u0131lar\u0131ndan \u0131rk\u00e7\u0131 Valeri Stoyanov engelli \u00e7ocuk sahibi olan annelere hakaret etti\u011finde 2018 sonunda g\u00f6revinden \u00e7ekilmeye zorland\u0131. Bug\u00fcn demokratik Bulgar kamuoyu, siyasi muhalefetle birlikte \u00c7ingene az\u0131nl\u0131k toplulu\u011funa yasa d\u0131\u015f\u0131 yollardan, milliyet\u00e7i kuzgunlar\u0131 k\u0131\u015fk\u0131rtarak \u015fekil verme planlar\u0131na ve sald\u0131r\u0131lar\u0131na son verilmesinde \u0131srarl\u0131d\u0131r. Bu olup bitenler Avrupa Birli\u011fi Bulgaristan\u2019a yak\u0131\u015fm\u0131yor.<\/p><div id=\"bghab-957710244\" class=\"bghab-icerik-icine-45-paragraf bghab-entity-placement\"><script async src=\"\/\/pagead2.googlesyndication.com\/pagead\/js\/adsbygoogle.js?client=ca-pub-6203283170189293\" crossorigin=\"anonymous\"><\/script><ins class=\"adsbygoogle\" style=\"display:block; text-align:center;\" data-ad-client=\"ca-pub-6203283170189293\" \ndata-ad-slot=\"7303146466\" \ndata-ad-layout=\"in-article\"\ndata-ad-format=\"fluid\" data-full-width-responsive=\"true\"><\/ins>\n<script> \n(adsbygoogle = window.adsbygoogle || []).push({}); \n<\/script>\n<\/div>\n<p>TV \u00e7\u0131k\u0131p \u00c7ingeneler \u015f\u00f6yle yapt\u0131, b\u00f6yle yapt\u0131 su\u00e7lama ve abart\u0131lar\u0131 \u00c7ingenelerin hepsini incitiyor. Onlar\u0131n g\u00f6nl\u00fcnde ba\u015f e\u011fmeyen M\u00fcsl\u00fcmanl\u0131k var. Onlar M\u00fcsl\u00fcman bayramlar\u0131n\u0131 kutluyor, evde T\u00fcrk\u00e7e konu\u015fuyor. Ceza yememek i\u00e7in sokakta yar\u0131m yamalak Bulgarca konu\u015fmaya gayret ediyorlar. Avrupa\u2019da yeti\u015fen yeni bir ku\u015fak var. Avrupa aileleri etkiliyor. H\u00fcrriyet nefes ediyorlar. Bak\u0131\u015flar\u0131, y\u00fcr\u00fcy\u00fc\u015fleri, konu\u015fmalar\u0131 ve davran\u0131\u015flar\u0131 de\u011fi\u015fmi\u015f d\u00f6n\u00fcyorlar, ba\u015flar\u0131 dik. T\u00fcrkiye\u2019ye gidenler ise b\u00fcy\u00fcleniyor. Asl\u0131nda \u00c7ingenelerin-Romenlerin Tek su\u00e7lar\u0131 va o da T\u00dcRK, T\u00fcrk\u00e7e m\u00fczik dinlemeleri ve T\u00fcrk\u00fcz demeleri.<br \/>\nBizi izlemeye devam ediniz payla\u015fmay\u0131 da unutmay\u0131n\u0131z.<\/p>\n<div id=\"bghab-2022368693\" class=\"bghab-yazi-altinda bghab-entity-placement\"><div class=\"bghab-adlabel\">Reklamlar<\/div><script async src=\"https:\/\/pagead2.googlesyndication.com\/pagead\/js\/adsbygoogle.js\"><\/script>\r\n<!-- bghaber-yaz\u0131-sonu -->\r\n<ins class=\"adsbygoogle\"\r\n     style=\"display:block\"\r\n     data-ad-client=\"ca-pub-6203283170189293\"\r\n     data-ad-slot=\"4222328180\"\r\n     data-ad-format=\"auto\"\r\n     data-full-width-responsive=\"true\"><\/ins>\r\n<script>\r\n     (adsbygoogle = window.adsbygoogle || []).push({});\r\n<\/script><\/div><br style=\"clear: both; display: block; float: none;\"\/>","protected":false},"excerpt":{"rendered":"<p>Tarih: 07 \u015eubat 2019 Yazan: Rafet ULUT\u00dcRK Konu: GETTO kanunlar\u0131 a\u00e7\u0131kland\u0131: \u00c7iftle\u015fmek Yasak! Bulgaristan Ba\u015fbakan Yard\u0131mc\u0131s\u0131 ve Savunma Bakan\u0131 Karaka\u00e7anov zehrini kustu. Bir \u201c\u00c7ingene Sorunu<\/p>\n","protected":false},"author":13,"featured_media":0,"comment_status":"closed","ping_status":"closed","sticky":false,"template":"","format":"standard","meta":{"advanced_seo_description":"","jetpack_seo_html_title":"","jetpack_seo_noindex":false,"_jetpack_memberships_contains_paid_content":false,"footnotes":""},"categories":[6],"tags":[],"class_list":["post-34151","post","type-post","status-publish","format-standard","hentry","category-yorum"],"jetpack_featured_media_url":"","jetpack_sharing_enabled":true,"jetpack_likes_enabled":true,"jetpack-related-posts":[],"jetpack_shortlink":"https:\/\/wp.me\/pc2PfJ-8SP","_links":{"self":[{"href":"https:\/\/www.bghaber.org\/bghaber\/wp-json\/wp\/v2\/posts\/34151","targetHints":{"allow":["GET"]}}],"collection":[{"href":"https:\/\/www.bghaber.org\/bghaber\/wp-json\/wp\/v2\/posts"}],"about":[{"href":"https:\/\/www.bghaber.org\/bghaber\/wp-json\/wp\/v2\/types\/post"}],"author":[{"embeddable":true,"href":"https:\/\/www.bghaber.org\/bghaber\/wp-json\/wp\/v2\/users\/13"}],"replies":[{"embeddable":true,"href":"https:\/\/www.bghaber.org\/bghaber\/wp-json\/wp\/v2\/comments?post=34151"}],"version-history":[{"count":0,"href":"https:\/\/www.bghaber.org\/bghaber\/wp-json\/wp\/v2\/posts\/34151\/revisions"}],"wp:attachment":[{"href":"https:\/\/www.bghaber.org\/bghaber\/wp-json\/wp\/v2\/media?parent=34151"}],"wp:term":[{"taxonomy":"category","embeddable":true,"href":"https:\/\/www.bghaber.org\/bghaber\/wp-json\/wp\/v2\/categories?post=34151"},{"taxonomy":"post_tag","embeddable":true,"href":"https:\/\/www.bghaber.org\/bghaber\/wp-json\/wp\/v2\/tags?post=34151"}],"curies":[{"name":"wp","href":"https:\/\/api.w.org\/{rel}","templated":true}]}}