{"id":34148,"date":"2019-02-09T09:23:22","date_gmt":"2019-02-09T06:23:22","guid":{"rendered":"https:\/\/www.bghaber.org\/bghaber\/?p=34148"},"modified":"2019-02-11T00:34:24","modified_gmt":"2019-02-10T21:34:24","slug":"altay-dernegi-aciklamasi","status":"publish","type":"post","link":"https:\/\/www.bghaber.org\/bghaber\/altay-dernegi-aciklamasi\/","title":{"rendered":"ALTAY Derne\u011fi&#8217;nden a\u00e7\u0131klama"},"content":{"rendered":"<p>K\u0131rcaali merkezli ALTAY Derne\u011fi, 2015 A\u011fustos ay\u0131nda kurulmu\u015f olup, ayn\u0131 y\u0131l\u0131n Ekim ay\u0131nda da K\u0131rcaali mahkemesince tescil edilen yasal bir dernektir.<\/p>\n<p>Son birka\u00e7 ayd\u0131r derne\u011fimizdeki \u015fahsi \u00e7eki\u015fmeler, \u00a0yerel bas\u0131nda \u201cALTAY Derne\u011fi da\u011f\u0131l\u0131yor\u201d dedikodular\u0131na neden olsa da\u2026<\/p>\n<p>A\u00e7\u0131k\u00e7a belirtmek isteriz ki, ALTAY Derne\u011finde, \u015fahsi \u00e7eki\u015fmeler d\u0131\u015f\u0131nda, \u015fimdiye kadar hak arama ve m\u00fccadele etme konusunda, fikir ve g\u00f6r\u00fc\u015f ayr\u0131l\u0131\u011f\u0131 hi\u00e7 olmam\u0131\u015ft\u0131r.<\/p>\n<p>\u0130\u015fte ALTAY Derne\u011fi\u2019nin Bulgaristan tespitleri ve bir senedir y\u00fcr\u00fctt\u00fc\u011f\u00fcm\u00fcz faaliyetler bunun ispat\u0131d\u0131r:<\/p>\n<p>Avrupa Birli\u011finin az\u0131nl\u0131k kimliklerinin korunmas\u0131yla ilgili bir s\u00fcr\u00fc karar\u0131na ra\u011fmen, bu birli\u011fin \u00fcyesi olan Bulgaristan, az\u0131nl\u0131klara kar\u015f\u0131 y\u00fcr\u00fctt\u00fc\u011f\u00fc k\u0131s\u0131tlama politikalar\u0131yla, az\u0131nl\u0131klara \u00f6zg\u00fcrce kendi kimliklerini se\u00e7me hakk\u0131 vermedi\u011fi gibi, asimilasyon politikalar\u0131na da \u00e7e\u015fitli y\u00f6ntemlerle devam etmektedir.<\/p><div id=\"bghab-3478847227\" class=\"bghab-icerik-icine bghab-entity-placement\"><script async src=\"\/\/pagead2.googlesyndication.com\/pagead\/js\/adsbygoogle.js?client=ca-pub-6203283170189293\" crossorigin=\"anonymous\"><\/script><ins class=\"adsbygoogle\" style=\"display:block; text-align:center;\" data-ad-client=\"ca-pub-6203283170189293\" \ndata-ad-slot=\"7303146466\" \ndata-ad-layout=\"in-article\"\ndata-ad-format=\"fluid\" data-full-width-responsive=\"true\"><\/ins>\n<script> \n(adsbygoogle = window.adsbygoogle || []).push({}); \n<\/script>\n<\/div>\n<p>Dernek olarak ara\u015ft\u0131rmalar\u0131m\u0131za g\u00f6re, di\u011fer Balkan \u00fclkeleriyle k\u0131yasla kendi dili, dini ve k\u00fclt\u00fcr\u00fc a\u00e7\u0131s\u0131ndan, T\u00fcrk veya M\u00fcsl\u00fcman az\u0131nl\u0131\u011f\u0131n\u0131n haklar\u0131, s\u00f6zde Avrupa Birli\u011fi \u00fclkesi Bulgaristan\u2019da en \u00e7ok k\u0131s\u0131tlanmaktad\u0131r.<\/p>\n<p>Di\u011fer Balkan \u00fclkelerinden farkl\u0131 olarak, Bulgaristan\u2019da az\u0131nl\u0131klar\u0131n kamu alanlar\u0131nda kendi dillerini kanunen konu\u015fma haklar\u0131 olmad\u0131\u011f\u0131 gibi, T\u00fcrk Okullar\u0131n\u0131n, \u00dcniversitelerinin veya T\u00fcrk\u00e7e televizyon, radyo ve gazeteleri de yoktur.<\/p>\n<p>Bulgaristan\u2019da ya\u015fayan T\u00fcrk M\u00fcsl\u00fcmanlara kar\u015f\u0131 h\u00e2l\u00e2 gizli bir sinsi asimilasyon politikas\u0131 y\u00fcr\u00fct\u00fclmektedir.<\/p>\n<p>Bulgaristan devlet televizyonundan hafta i\u00e7i be\u015f g\u00fcn sunulan onar dakikal\u0131k T\u00fcrk\u00e7e haberler ve se\u00e7meli T\u00fcrk\u00e7e \u00f6\u011frenimi g\u00f6stermeliktir ve sadece Avrupa fonlar\u0131na ula\u015fmak i\u00e7indir. Televizyonda on dakikal\u0131k T\u00fcrk\u00e7e haberler, saat 16:00\u2019 da kimsenin televizyon seyretmedi\u011fi bir saatte verilmektedir<\/p>\n<p>Bulgaristan\u2019da T\u00fcrk\u00e7e se\u00e7meli ders olmas\u0131na ra\u011fmen,\u00a0 okullarda se\u00e7meli olan T\u00fcrk\u00e7e Anadil s\u0131n\u0131flar\u0131n\u0131n olu\u015fumunda \u00e7e\u015fitli zorluklar \u00e7\u0131kart\u0131lmaktad\u0131r. 1993 y\u0131l\u0131ndan beri T\u00fcrk\u00e7e ders kitaplar\u0131 bas\u0131lmamaktad\u0131r. ALTAY Derne\u011fi, bu konuyu s\u00fcrekli g\u00fcndemde tutmaktad\u0131r.<\/p><div id=\"bghab-1547680143\" class=\"bghab-icerik-icine-10-paragraf bghab-entity-placement\"><script async src=\"\/\/pagead2.googlesyndication.com\/pagead\/js\/adsbygoogle.js?client=ca-pub-6203283170189293\" crossorigin=\"anonymous\"><\/script><ins class=\"adsbygoogle\" style=\"display:block; text-align:center;\" data-ad-client=\"ca-pub-6203283170189293\" \ndata-ad-slot=\"7303146466\" \ndata-ad-layout=\"in-article\"\ndata-ad-format=\"fluid\" data-full-width-responsive=\"true\"><\/ins>\n<script> \n(adsbygoogle = window.adsbygoogle || []).push({}); \n<\/script>\n<\/div>\n<p><img data-recalc-dims=\"1\" loading=\"lazy\" decoding=\"async\" class=\"\" src=\"https:\/\/i0.wp.com\/www.arda-tuna.com\/wp-content\/uploads\/2016\/02\/1452101_589651754403252_2082935217_n-226x300.jpg?resize=640%2C849\" alt=\"1993 y\u00c4\u00b1l\u00c4\u00b1ndan beri, Bulgaristan'da T\u00c3\u00bcrk\u00c3\u00a7e ders kitaplar\u00c4\u00b1 bas\u00c4\u00b1lm\u00c4\u00b1yor...\" width=\"640\" height=\"849\" \/><\/p>\n<p>1993 y\u0131l\u0131ndan beri, Bulgaristan\u2019da T\u00fcrk\u00e7e ders kitaplar\u0131 bas\u0131lm\u0131yor. S\u00f6zde \u201cse\u00e7meli T\u00fcrk\u00e7e \u00f6\u011frenim\u201d, i\u015fte bu 1993 bas\u0131ml\u0131 ders kitaplar\u0131yla oluyor.<\/p>\n<p>&nbsp;<\/p>\n<p>G\u00fcncel \u00f6\u011fretim ara\u00e7 gere\u00e7lerinin olmamas\u0131 ve di\u011fer fakt\u00f6rler,\u00a0 T\u00fcrk\u00e7e Anadil \u00f6\u011frenimi alan \u00e7ocuklar\u0131n say\u0131s\u0131n\u0131 ciddi bir \u015fekilde azaltmaktad\u0131r.\u00a0 \u00d6rne\u011fin 90\u2019l\u0131 senelerin ba\u015f\u0131nda 100 bin civar\u0131nda \u00e7ocuk T\u00fcrk\u00e7e \u00f6\u011frenim g\u00f6r\u00fcrken, \u015fimdilerde bu say\u0131 6 binlere d\u00fc\u015fm\u00fc\u015ft\u00fcr, o da sadece k\u0131rsal kesimde; K\u0131rcaali, \u015eumnu, Razgrad, Eskicuma, Rus\u00e7uk, Silistre, Ko\u015fukavak, Mestanl\u0131, E\u011fridere gibi, T\u00fcrklerin yo\u011fun oldu\u011fu b\u00f6lgelerde tek bir T\u00fcrk \u00e7ocu\u011fu, T\u00fcrk\u00e7e \u00f6\u011frenim g\u00f6rmemektedir.<\/p>\n<p>Bug\u00fcn K\u0131rcaali\u2019 de gen\u00e7lerimiz, okullarda T\u00fcrk\u00e7e dilini \u00f6\u011frenmekten uzakla\u015ft\u0131r\u0131ld\u0131klar\u0131 gibi, ayni zamanda bir t\u00fcr \u00f6zenerek veya \u00f6zendirilerek, okul bandolar\u0131nda Bulgar \u00e7etnik\/haydut\/ k\u0131yafetleri giydirilip, \u015fehir i\u00e7inde, H\u0131ristiyan tarikatlarla birlikte (Kud\u00fcs Tap\u0131nak \u015e\u00f6valyeleri) y\u00fcr\u00fcy\u00fc\u015flere \u00e7\u0131kart\u0131l\u0131yor ve ayn\u0131 H\u0131ristiyan tarikat\u0131n\u0131n ayinine kat\u0131l\u0131yor. ALTAY Derne\u011fi, bu konuyu Bulgaristan \u00c7ocuk Esirgeme Kurumuna \u015fikayet ederek, soru\u015fturma a\u00e7\u0131lmas\u0131n\u0131 sa\u011flam\u0131\u015f olup ve bu gibi uygulamalardan vazge\u00e7ilmesini sa\u011flam\u0131\u015ft\u0131r.<\/p>\n<p><img data-recalc-dims=\"1\" loading=\"lazy\" decoding=\"async\" class=\"\" src=\"https:\/\/i0.wp.com\/www.arda-tuna.com\/wp-content\/uploads\/2016\/10\/ha%C3%A7l%C4%B1-%C3%A7ocuklu-300x231.jpg?resize=640%2C493\" alt=\"Ha\u00c3\u00a7l\u00c4\u00b1 Kud\u00c3\u00bcs tap\u00c4\u00b1nak \u00c5\u009f\u00c3\u00b6valyeleri ayininde M\u00c3\u00bcsl\u00c3\u00bcman T\u00c3\u00bcrk \u00c3\u00a7ocuklar\u00c4\u00b1 da var\" width=\"640\" height=\"493\" \/>\u00a0K\u0131rcaali\u2019deki ha\u00e7l\u0131 Kud\u00fcs tap\u0131nak \u015f\u00f6valyeleri ayininde M\u00fcsl\u00fcman T\u00fcrk \u00e7ocuklar\u0131 da var<\/p><div id=\"bghab-1066443241\" class=\"bghab-icerik-icine-15-paragraf bghab-entity-placement\"><script async src=\"\/\/pagead2.googlesyndication.com\/pagead\/js\/adsbygoogle.js?client=ca-pub-6203283170189293\" crossorigin=\"anonymous\"><\/script><ins class=\"adsbygoogle\" style=\"display:block; text-align:center;\" data-ad-client=\"ca-pub-6203283170189293\" \ndata-ad-slot=\"7303146466\" \ndata-ad-layout=\"in-article\"\ndata-ad-format=\"fluid\" data-full-width-responsive=\"true\"><\/ins>\n<script> \n(adsbygoogle = window.adsbygoogle || []).push({}); \n<\/script>\n<\/div>\n<p>90\u2019l\u0131 senelerde Bulgaristan\u2019da camiler ibadet edenlerle dolup ta\u015farken, -ara\u015ft\u0131rmalar\u0131m\u0131za g\u00f6re- \u015fimdilerde Cuma namaz\u0131na giden erkeklerin oran\u0131 % 2 civar\u0131ndad\u0131r.<\/p>\n<p>Bu ara\u015ft\u0131rmam\u0131z\u0131, en \u201cdindar\u201d olarak bilinen K\u0131rcaali\u2019 de yapm\u0131\u015f olup,\u00a0 \u00f6rne\u011fin 500 ki\u015filik K\u0131rcaali camisine, Cuma namaz\u0131na gelen M\u00fcsl\u00fcman erkeklerin say\u0131s\u0131 400 civar\u0131ndad\u0131r. Bunlar\u0131n bir k\u0131sm\u0131 T\u00fcrkiye\u2019den misafir gelenlerden olu\u015fmaktad\u0131r. Oysa K\u0131rcaali\u2019de 40 binden fazla M\u00fcsl\u00fcman ya\u015famaktad\u0131r.<\/p>\n<p>Belediyelere ba\u011fl\u0131 kre\u015flerde ve anaokullar\u0131nda, M\u00fcsl\u00fcman \u00e7ocuklar\u0131na helal g\u0131da se\u00e7me hakk\u0131 verilmedi\u011fi gibi, bu \u00e7ocuklara \u015fimdiden damak al\u0131\u015fkanl\u0131\u011f\u0131 edindirilmek i\u00e7in domuz eti yediriliyor.<\/p>\n<p>Derne\u011fimizin bu konuda da giri\u015fimleri vard\u0131r. Ba\u015flatt\u0131\u011f\u0131m\u0131z imza kampanyas\u0131yla, binlerce M\u00fcsl\u00fcman, \u00e7ocuklar\u0131na domuz eti yedirilmesine kar\u015f\u0131 \u00e7\u0131karak imza vermi\u015ftir. \u00a0Dernek olarak yazd\u0131\u011f\u0131m\u0131z \u015fikayet \u00fczerine, Bulgaristan Ombudsman\u0131, \u201c Helal g\u0131da se\u00e7me hakk\u0131, anayasal hakt\u0131r\u201d cevab\u0131n\u0131 yazm\u0131\u015ft\u0131r. Her ne kadar bu konuda bir sonu\u00e7 alamasak da, bu konudaki m\u00fccadelemiz devam ediyor.<\/p>\n<p>Ge\u00e7en Aral\u0131k ay\u0131nda, K\u0131rcaali\u2019de kimsesiz bir M\u00fcsl\u00fcman ha\u00e7la, papazla H\u0131ristiyan mezarl\u0131klar\u0131na g\u00f6m\u00fclm\u00fc\u015ft\u00fcr. Bizim savc\u0131l\u0131\u011fa yapt\u0131\u011f\u0131m\u0131z su\u00e7 duyurusundan sonra, mezardaki ha\u00e7 s\u00f6k\u00fclerek, yerine bir piramit konulmu\u015ftur.<\/p><div id=\"bghab-244900595\" class=\"bghab-icerik-icine-20-paragraf bghab-entity-placement\"><script async src=\"\/\/pagead2.googlesyndication.com\/pagead\/js\/adsbygoogle.js?client=ca-pub-6203283170189293\" crossorigin=\"anonymous\"><\/script><ins class=\"adsbygoogle\" style=\"display:block; text-align:center;\" data-ad-client=\"ca-pub-6203283170189293\" \ndata-ad-slot=\"7303146466\" \ndata-ad-layout=\"in-article\"\ndata-ad-format=\"fluid\" data-full-width-responsive=\"true\"><\/ins>\n<script> \n(adsbygoogle = window.adsbygoogle || []).push({}); \n<\/script>\n<\/div>\n<p><img data-recalc-dims=\"1\" loading=\"lazy\" decoding=\"async\" class=\"\" src=\"https:\/\/i0.wp.com\/www.arda-tuna.com\/wp-content\/uploads\/2016\/10\/men%C3%BC-218x300.jpg?resize=543%2C747\" alt=\"K\u00c4\u00b1rcaali'deki M\u00c3\u00bcsl\u00c3\u00bcman \u00c3\u00a7ocuklar\u00c4\u00b1n\u00c4\u00b1n da gitti\u00c4\u009fi bir kre\u00c5\u009fin haftal\u00c4\u00b1k domuz etli men\u00c3\u00bcs\u00c3\u00bcs\u00c3\u00bc\" width=\"543\" height=\"747\" \/><\/p>\n<p>K\u0131rcaali\u2019deki M\u00fcsl\u00fcman \u00e7ocuklar\u0131n\u0131n da gitti\u011fi bir kre\u015fin haftal\u0131k domuz etli men\u00fcs\u00fc<\/p>\n<p>&nbsp;<\/p>\n<p>T\u00fcrk M\u00fcsl\u00fcman as\u0131ll\u0131 Belediye Ba\u015fkan\u0131 ve M\u00fcft\u00fcn\u00fcn, daha \u00f6nce M\u00fcsl\u00fcman olan m\u00fcrted bir papazla birlikte, H\u0131ristiyan yortusu olan Aya Yorgi g\u00fcn\u00fcnde \u201ckurban\u201d denilen ha\u015flanm\u0131\u015f et da\u011f\u0131tarak, H\u0131ristiyanl\u0131\u011f\u0131 ve m\u00fcrtedli\u011fi \u00f6zendiriyorlard\u0131. Osmanl\u0131- Rusya sava\u015f\u0131ndan sonra, Ayastefanos antla\u015fmas\u0131n\u0131n imzaland\u0131\u011f\u0131 g\u00fcn olan, 3 Mart g\u00fcn\u00fc, yani y\u00fcz binlerce sivil T\u00fcrk ve M\u00fcsl\u00fcman\u2019\u0131n s\u00fcr\u00fclmesine, \u00f6ld\u00fcr\u00fclmesine neden olan antla\u015fman\u0131n y\u0131ld\u00f6n\u00fcm\u00fcnde K\u0131rcaali Belediye Ba\u015fkan\u0131, M\u00fcft\u00fcs\u00fc ve m\u00fcrted papaz\u0131, bunu kutlamak i\u00e7in bir yerlere oturup kahve i\u00e7iyorlard\u0131.\u00a0 Bizim ele\u015ftirimizden sonra, bu gibi \u201cetkinli\u011fe\u201d K\u0131rcaali M\u00fcft\u00fcs\u00fc kat\u0131lmamaya ba\u015flad\u0131.<\/p>\n<p>Camilerdeki Musalla ta\u015flar\u0131 siyasi k\u00fcrs\u00fc olarak kullan\u0131l\u0131yor ve camilerde siyaset yap\u0131l\u0131yordu. Yine bizim ele\u015ftirimizden ve eylemlerimizden sonra, camilerde siyaset yap\u0131lmamaya ba\u015fland\u0131.<\/p>\n<p><img data-recalc-dims=\"1\" loading=\"lazy\" decoding=\"async\" class=\"\" src=\"https:\/\/i0.wp.com\/www.arda-tuna.com\/wp-content\/uploads\/2016\/10\/m%C3%BCft%C3%BCs%C3%BCs-kahve-300x167.jpg?resize=640%2C356\" alt=\"muftusus-kahve\" width=\"640\" height=\"356\" \/><\/p>\n<p>Bir kendini bilmez, H\u00d6H\/D(p)S K\u0131rcaali belediye ba\u015fkan\u0131 Hasan Aziz ve m\u00fcrted papaz 3 Mart g\u00fcn\u00fcn\u00fc kutluyor\u2026<\/p><div id=\"bghab-3843790611\" class=\"bghab-icerik-icine-25-paragraf bghab-entity-placement\"><script async src=\"\/\/pagead2.googlesyndication.com\/pagead\/js\/adsbygoogle.js?client=ca-pub-6203283170189293\" crossorigin=\"anonymous\"><\/script><ins class=\"adsbygoogle\" style=\"display:block; text-align:center;\" data-ad-client=\"ca-pub-6203283170189293\" \ndata-ad-slot=\"7303146466\" \ndata-ad-layout=\"in-article\"\ndata-ad-format=\"fluid\" data-full-width-responsive=\"true\"><\/ins>\n<script> \n(adsbygoogle = window.adsbygoogle || []).push({}); \n<\/script>\n<\/div>\n<p>&nbsp;<\/p>\n<p>Balkan Sava\u015f\u0131nda K\u0131rcaali\u2019nin Bulgar askerlerince i\u015fgal edildi\u011fi g\u00fcn olan 21 Ekim, binlerce sivil M\u00fcsl\u00fcman\u2019\u0131n katledildi\u011fi g\u00fcn olmas\u0131na ra\u011fmen, ayn\u0131 g\u00fcn, 1998 y\u0131l\u0131nda(D\u00f6nem, H\u00d6H\u2019den Belediye Ba\u015fkan\u0131 se\u00e7ilen Rasim Musa d\u00f6nemidir) \u00a0Hak ve \u00d6zg\u00fcrl\u00fckler Hareketi(H\u00d6H\/DPS) y\u00f6netimindeki K\u0131rcaali Belediye Meclisi taraf\u0131ndan \u201cK\u0131rcaali g\u00fcn\u00fc\u201d ilan edilmi\u015ftir. Bu g\u00fcn\u00fcn her y\u0131l yap\u0131lan kutlamalar\u0131na, M\u00fcsl\u00fcman T\u00fcrk as\u0131ll\u0131 milletvekilleri ve K\u0131rcaali M\u00fcft\u00fcs\u00fc de kat\u0131l\u0131yordu. Bizim ele\u015ftirimizden sonra, kendini bilen baz\u0131 T\u00fcrk as\u0131ll\u0131 milletvekilleri ve K\u0131rcaali M\u00fcft\u00fcs\u00fc, bu kutlamalara kat\u0131lmamaya ba\u015flad\u0131lar.<\/p>\n<p>&nbsp;<\/p>\n<p>1984- 1989 y\u0131llar\u0131nda T\u00fcrklere kar\u015f\u0131\u00a0y\u00fcr\u00fct\u00fclen asimilasyon politikalar\u0131nda,\u00a0 17 ayl\u0131k bir bebek dahil olmak \u00fczere, onlarca T\u00fcrk\u2019\u00fcn \u00f6ld\u00fcr\u00fclmesinden ve binlercesini de i\u015fkence kamplar\u0131na s\u00fcr\u00fclmesinden dolay\u0131, Bulgaristan\u2019 da, tek bir ki\u015fi yarg\u0131lan\u0131p cezaland\u0131r\u0131lmam\u0131\u015ft\u0131r. ALTAY Derne\u011fi olarak, \u015fehitlerimizi unutmuyoruz, unutturmuyoruz.<\/p>\n<p>Bulgaristan\u2019da ya\u015fayan T\u00fcrklere kar\u015f\u0131 hala ayr\u0131mc\u0131l\u0131k politikalar\u0131 uygulanmaktad\u0131r. \u00a0Daha do\u011frusu, Bulgaristan\u2019da ya\u015fayan T\u00fcrkler s\u00f6m\u00fcrge halk\u0131 olarak g\u00f6r\u00fclmektedir<\/p><div id=\"bghab-460907500\" class=\"bghab-icerik-icine-30-paragraf bghab-entity-placement\"><script async src=\"\/\/pagead2.googlesyndication.com\/pagead\/js\/adsbygoogle.js?client=ca-pub-6203283170189293\" crossorigin=\"anonymous\"><\/script><ins class=\"adsbygoogle\" style=\"display:block; text-align:center;\" data-ad-client=\"ca-pub-6203283170189293\" \ndata-ad-slot=\"7303146466\" \ndata-ad-layout=\"in-article\"\ndata-ad-format=\"fluid\" data-full-width-responsive=\"true\"><\/ins>\n<script> \n(adsbygoogle = window.adsbygoogle || []).push({}); \n<\/script>\n<\/div>\n<p>T\u00fcrklerin %70-80 \u00e7o\u011funluk oldu\u011fu K\u0131rcaali gibi b\u00f6lgelerde dahi,\u00a0 resmi dairelerde \u00e7al\u0131\u015fan T\u00fcrklerin oran\u0131 y\u00fczde 10\u2018u ge\u00e7memektedir. \u00a0\u00d6rne\u011fin K\u0131rcaali valili\u011finde \u00e7al\u0131\u015fan 40-45 personelin sadece 4-5\u2019i T\u00fcrk as\u0131ll\u0131d\u0131r. \u00a0Yine \u00f6rne\u011fin K\u0131rcaali b\u00f6lgesinde ya\u015fayan T\u00fcrklerin %60\u2019\u0131 ekme\u011fini b\u00f6lge d\u0131\u015f\u0131ndan kazanmaktad\u0131r. Bu nedenlerden dolay\u0131, Bulgaristan\u2019da ya\u015fayan T\u00fcrkler, ekonomik olarak \u00e7\u00f6kertilip, Bat\u0131 Avrupa\u2019ya veya T\u00fcrkiye\u2019ye g\u00f6\u00e7e zorlanmaktad\u0131r. Derne\u011fimiz, bu konulara da s\u0131k s\u0131k de\u011finmektedir.<\/p>\n<p>K\u0131rcaali merkezli ALTAY Derne\u011finin amac\u0131, yukar\u0131da belirtilen insan haklar\u0131 ihlallerini,- yasalar \u00e7er\u00e7evesinde \u2013 her platformda g\u00fcndemde getirip, gerek bas\u0131n yoluyla, gerek kendi yay\u0131nlar\u0131yla kamuoyu olu\u015fturarak, baz\u0131 siyaset\u00e7ilerin tav\u0131rlar\u0131n\u0131 ele\u015ftirerek, dini ve k\u00fclt\u00fcr de\u011ferlerimize sahip \u00e7\u0131kmakt\u0131r.<\/p>\n<p>1878 y\u0131l\u0131nda imzalanan Uluslararas\u0131 Berlin, Osmanl\u0131 Devleti ile Bulgaristan aras\u0131nda 1909 y\u0131l\u0131nda imzalanan \u0130stanbul protokol\u00fc ve 1913 y\u0131l\u0131nda imzalanan \u0130stanbul Antla\u015fmas\u0131, T\u00fcrkiye Cumhuriyeti ile Bulgaristan aras\u0131nda 1925 y\u0131l\u0131nda imzalanan Ankara Antla\u015fmas\u0131nda ve di\u011fer uluslararas\u0131 ve ikili antla\u015fmalarda, Bulgaristan\u2019da ya\u015fayan M\u00fcsl\u00fcmanlar\u0131n \u00f6\u011frenim hakk\u0131, vak\u0131f ve \u015fahsi malvarl\u0131klar\u0131 garanti alt\u0131na al\u0131nmas\u0131na ra\u011fmen, Bulgaristan, bu antla\u015fmalara riayet etmemektedir.<\/p>\n<p>Ancak \u00fcz\u00fclerek belirtmek isteriz ki, bu antla\u015fmalara taraf olmas\u0131na ra\u011fmen, maalesef, T\u00fcrkiye Cumhuriyeti\u2019ndeki resmi kurumlar da senelerdir bu konularla pek ilgilenmediler.\u00a0 Yine \u00fcz\u00fclerek belirtmek isteriz ki, T\u00fcrkiye\u2019deki resmi kurumlar, senelerdir Bulgaristan\u2019daki eski rejimin gizli servisi DS taraf\u0131ndan kurulan bir parti olan Hak ve \u00d6zg\u00fcrl\u00fckler Hareketi(H\u00d6H\/DPS) ile ve onun uzant\u0131lar\u0131nca kurulan \u201cSivil Toplum \u00d6rg\u00fctleriyle\u201d i\u015fbirli\u011fi yaparak, Bulgaristan\u2019daki M\u00fcsl\u00fcman ve T\u00fcrkleri, H\u0131ristiyan- Slav k\u00fclt\u00fcr\u00fcyle b\u00fct\u00fcnle\u015ftirilmesi gayretlerinde hayli yol al\u0131nmas\u0131na yard\u0131mc\u0131 oldular. Hatta gaflet i\u00e7indeki baz\u0131 Ankara b\u00fcrokratlar\u0131 ve diplomatlar\u0131, daha da ileri giderek, her Bulgaristan yerel ve genel se\u00e7imlerinde birer H\u00d6H\/DPS militan\u0131 gibi \u00e7al\u0131\u015fmakta bir sak\u0131nca g\u00f6rmemi\u015flerdir\u2026<\/p>\n<p>ALTAY Derne\u011fi olarak, H\u00d6H\/DPS ve Fetullah\u00e7\u0131 Ter\u00f6r \u00d6rg\u00fct\u00fcn\u00fcn(FET\u00d6) senelerdir i\u015fbirli\u011fi yapt\u0131klar\u0131ndan \u015f\u00fcpheleniyoruz. Ge\u00e7en Haziran ay\u0131n\u0131n ba\u015f\u0131nda,- yasad\u0131\u015f\u0131 hi\u00e7bir faaliyetimiz olmamas\u0131na ra\u011fmen- FET\u00d6 yap\u0131lanmas\u0131n\u0131n \u201cZaman Bulgaria\u201d gazetesinin K\u0131rcaali temsilcisi Geoergi Kulov, bas\u0131n yoluyla derne\u011fimize sald\u0131rmas\u0131n\u0131 manidar buluyoruz(http:\/\/www.arda-tuna.com\/2016\/05\/30\/gazeteci-kulov-a-gore-dis-gucler-bulgaristanda-gerilim-yaratiyor\/). \u00c7\u00fcnk\u00fc kendisi ayn\u0131 zamanda H\u00d6H\/DPS taraf\u0131ndan se\u00e7ilen K\u0131rcaali Ombudsman\u0131 Rasim Musa\u2019n\u0131n da dan\u0131\u015fman\u0131d\u0131r.<\/p><div id=\"bghab-1444813549\" class=\"bghab-icerik-icine-35-paragraf bghab-entity-placement\"><script async src=\"\/\/pagead2.googlesyndication.com\/pagead\/js\/adsbygoogle.js?client=ca-pub-6203283170189293\" crossorigin=\"anonymous\"><\/script><ins class=\"adsbygoogle\" style=\"display:block; text-align:center;\" data-ad-client=\"ca-pub-6203283170189293\" \ndata-ad-slot=\"7303146466\" \ndata-ad-layout=\"in-article\"\ndata-ad-format=\"fluid\" data-full-width-responsive=\"true\"><\/ins>\n<script> \n(adsbygoogle = window.adsbygoogle || []).push({}); \n<\/script>\n<\/div>\n<p>\u201cZaman Bulgaria\u201d gazetesi,\u00a0 her ne kadar bug\u00fcnlerde kabuk de\u011fi\u015ftirerek \u201cHaftaya Bak\u0131\u015f\u201d ismini alsa da, \u00a0yapt\u0131\u011f\u0131 yay\u0131nlarla, ileride de Bulgaristan kamuoyunu yan\u0131ltmaya devam edece\u011finden eminiz.<\/p>\n<p>K\u0131rcaali merkezli ALTAY Derne\u011fi olarak, hi\u00e7bir i\u00e7 veya d\u0131\u015f kayna\u011f\u0131n emrinde de\u011filiz veya maddi yard\u0131m almamaktay\u0131z, \u00a0faaliyetlerimizi birka\u00e7 y\u00f6neticinin k\u0131s\u0131tl\u0131 maddi imkanlar\u0131yla y\u00fcr\u00fctmekteyiz(faaliyetlerimiz Facebook ALTAY Derne\u011fi- K\u0131rcaali sayfas\u0131nda verilmektedir).<\/p>\n<p>Ancak ba\u011f\u0131ms\u0131z kalabilmek ve daha geni\u015f \u00e7apl\u0131 faaliyetler y\u00fcr\u00fctmemiz i\u00e7in, bu konulara duyarl\u0131 t\u00fcm kesimlerin maddi ve manevi deste\u011fine ihtiyac\u0131m\u0131z vard\u0131r.<\/p>\n<p>\u015eunu da a\u00e7\u0131k\u00e7a belirtmek isteriz ki:<\/p>\n<p>Gerek i\u00e7ten, gerek d\u0131\u015ftan yap\u0131lan t\u00fcm k\u0131\u015fk\u0131rtmalara, a\u00e7\u0131k\u00e7a veya dolayl\u0131 yollardan bize kar\u015f\u0131 giri\u015filen \u00e7e\u015fitli engellemelere ra\u011fmen, ALTAY Derne\u011fi, i\u00e7indeki zay\u0131f halkalar\u0131 da temizleyerek, hak m\u00fccadelesine \u00a0devam edecektir\u2026<\/p><div id=\"bghab-3092322117\" class=\"bghab-icerik-icine-40-paragraf bghab-entity-placement\"><script async src=\"\/\/pagead2.googlesyndication.com\/pagead\/js\/adsbygoogle.js?client=ca-pub-6203283170189293\" crossorigin=\"anonymous\"><\/script><ins class=\"adsbygoogle\" style=\"display:block; text-align:center;\" data-ad-client=\"ca-pub-6203283170189293\" \ndata-ad-slot=\"7303146466\" \ndata-ad-layout=\"in-article\"\ndata-ad-format=\"fluid\" data-full-width-responsive=\"true\"><\/ins>\n<script> \n(adsbygoogle = window.adsbygoogle || []).push({}); \n<\/script>\n<\/div>\n<p>&nbsp;<\/p>\n<p>ALTAY Derne\u011fi<br \/>\nY\u00f6netim Kurulu<\/p>\n<div class=\"mom-social-share ss-horizontal border-box php-share\" data-id=\"2448\">\n<div class=\"ss-icon facebook\"><\/div>\n<\/div>\n<div id=\"bghab-326287444\" class=\"bghab-yazi-altinda bghab-entity-placement\"><div class=\"bghab-adlabel\">Reklamlar<\/div><script async src=\"https:\/\/pagead2.googlesyndication.com\/pagead\/js\/adsbygoogle.js\"><\/script>\r\n<!-- bghaber-yaz\u0131-sonu -->\r\n<ins class=\"adsbygoogle\"\r\n     style=\"display:block\"\r\n     data-ad-client=\"ca-pub-6203283170189293\"\r\n     data-ad-slot=\"4222328180\"\r\n     data-ad-format=\"auto\"\r\n     data-full-width-responsive=\"true\"><\/ins>\r\n<script>\r\n     (adsbygoogle = window.adsbygoogle || []).push({});\r\n<\/script><\/div><br style=\"clear: both; display: block; float: none;\"\/>","protected":false},"excerpt":{"rendered":"<p>K\u0131rcaali merkezli ALTAY Derne\u011fi, 2015 A\u011fustos ay\u0131nda kurulmu\u015f olup, ayn\u0131 y\u0131l\u0131n Ekim ay\u0131nda da K\u0131rcaali mahkemesince tescil edilen yasal bir dernektir. Son birka\u00e7 ayd\u0131r derne\u011fimizdeki<\/p>\n","protected":false},"author":13,"featured_media":34149,"comment_status":"closed","ping_status":"closed","sticky":false,"template":"","format":"standard","meta":{"advanced_seo_description":"","jetpack_seo_html_title":"","jetpack_seo_noindex":false,"_jetpack_memberships_contains_paid_content":false,"footnotes":""},"categories":[10],"tags":[],"class_list":["post-34148","post","type-post","status-publish","format-standard","has-post-thumbnail","hentry","category-kultur-sanat"],"jetpack_featured_media_url":"https:\/\/i0.wp.com\/www.bghaber.org\/bghaber\/wp-content\/uploads\/2019\/02\/altay-m%C3%BCh%C3%BCr.jpg?fit=480%2C457&ssl=1","jetpack_sharing_enabled":true,"jetpack_likes_enabled":true,"jetpack-related-posts":[],"jetpack_shortlink":"https:\/\/wp.me\/pc2PfJ-8SM","_links":{"self":[{"href":"https:\/\/www.bghaber.org\/bghaber\/wp-json\/wp\/v2\/posts\/34148","targetHints":{"allow":["GET"]}}],"collection":[{"href":"https:\/\/www.bghaber.org\/bghaber\/wp-json\/wp\/v2\/posts"}],"about":[{"href":"https:\/\/www.bghaber.org\/bghaber\/wp-json\/wp\/v2\/types\/post"}],"author":[{"embeddable":true,"href":"https:\/\/www.bghaber.org\/bghaber\/wp-json\/wp\/v2\/users\/13"}],"replies":[{"embeddable":true,"href":"https:\/\/www.bghaber.org\/bghaber\/wp-json\/wp\/v2\/comments?post=34148"}],"version-history":[{"count":0,"href":"https:\/\/www.bghaber.org\/bghaber\/wp-json\/wp\/v2\/posts\/34148\/revisions"}],"wp:featuredmedia":[{"embeddable":true,"href":"https:\/\/www.bghaber.org\/bghaber\/wp-json\/wp\/v2\/media\/34149"}],"wp:attachment":[{"href":"https:\/\/www.bghaber.org\/bghaber\/wp-json\/wp\/v2\/media?parent=34148"}],"wp:term":[{"taxonomy":"category","embeddable":true,"href":"https:\/\/www.bghaber.org\/bghaber\/wp-json\/wp\/v2\/categories?post=34148"},{"taxonomy":"post_tag","embeddable":true,"href":"https:\/\/www.bghaber.org\/bghaber\/wp-json\/wp\/v2\/tags?post=34148"}],"curies":[{"name":"wp","href":"https:\/\/api.w.org\/{rel}","templated":true}]}}