{"id":34144,"date":"2019-02-07T20:41:32","date_gmt":"2019-02-07T17:41:32","guid":{"rendered":"https:\/\/www.bghaber.org\/bghaber\/?p=34144"},"modified":"2019-02-08T01:32:05","modified_gmt":"2019-02-07T22:32:05","slug":"zulmun-34-yili","status":"publish","type":"post","link":"https:\/\/www.bghaber.org\/bghaber\/zulmun-34-yili\/","title":{"rendered":"Zulm\u00fcn 34. Y\u0131l\u0131"},"content":{"rendered":"<p>Bulgarca\u2019dan \u00e7eviridir.<br \/>\nTarih: 06 02 2019<br \/>\n\u00c7eviri: \u0130brahim SOYT\u00dcRK<br \/>\nKaynak: Her \u015feye \u00e7\u00f6z\u00fcm insan haklar\u0131n\u0131n tan\u0131nmas\u0131d\u0131r &#8211; \u201cMarginaliya\u201d<\/p>\n<p><strong>Bir \u00e7ocuk k\u00f6r do\u011fsa lakab\u0131 K\u00f6r Hasan, K\u00f6r Mehmet vs gider. \u00a0\u0130nsan ba\u015f\u0131na gelmesin, biri topal d\u00fcnyaya gelse Topal Yusuf\u2026 Topal Ali\u015f diye kendili\u011finden dizilir.<\/strong><\/p>\n<p>34 y\u0131l \u00f6nce doruk yapan Bulgar zulm\u00fcne, zorla isim de\u011fi\u015ftirme, kimlik k\u00f6reltme ve geleneklerin geli\u015fip gitmesini engellemek i\u00e7in \u201ct\u00f6renin baca\u011f\u0131n\u0131 k\u0131rma\u201d diyeceklerine s\u00f6z\u00fcm ona \u201csoya d\u00f6n\u00fc\u015f s\u00fcreci\u201d diyen kafa kar\u0131\u015ft\u0131ranlar\u0131n gayreti aras\u0131z devam ediyor. Hele bir de \u015fu bizim \u00e7ekilerimize \u00f6rne\u011fin Frans\u0131zcaya terc\u00fcme ederken \u201cR\u00f6nesans\u201d, Almancada \u201cAufschvung\u201d, Rus\u00e7a \u2019ya \u00e7eviride de \u201cDirili\u015f\u201d anlam\u0131na gelen ve Lev Tolstoy\u2019un \u201cPazar Ayini\u201d i\u00e7in kulland\u0131klar\u0131 o g\u00fczel \u201cDirili\u015f\u201d s\u00f6z\u00fcm\u00fcz\u00fc harcamalar\u0131 beni kahrediyor.<\/p>\n<p>B\u00f6yle \u00e7arp\u0131k \u00e7arp\u0131k s\u00f6zlerle ifade edildi\u011finde zul\u00fcm y\u0131llar\u0131nda ka\u00e7 karde\u015fimizin kur\u015funlanarak \u00f6ld\u00fcr\u00fcld\u00fc\u011f\u00fcn\u00fc anlatamad\u0131\u011f\u0131m\u0131z gibi, yaral\u0131lar\u0131m\u0131z\u0131, yar\u0131m milyon karde\u015fimizin s\u00fcng\u00fc ucunda elinde bir \u00e7anta ile s\u0131n\u0131r d\u0131\u015f\u0131 edili\u015fini de asla anlatamay\u0131z. Anlatsak da anla\u015f\u0131lm\u0131yor. Her \u015fey karma kar\u0131\u015f\u0131k. Hele \u015fu kahrolas\u0131 \u2013 bizi k\u0131r\u0131p ge\u00e7en &#8211;\u00a0 \u201csoya d\u00f6n\u00fc\u015f\u201d sa\u00e7mal\u0131\u011f\u0131n\u0131 yalan yanl\u0131\u015f i\u015fleyip y\u00fcksek lisans yapan, doktora tezi yazanlar\u0131m\u0131z\u0131n tezlerini kabul eden \u00e7akma profes\u00f6rlere ne diyece\u011fimi bir t\u00fcrl\u00fc bilemiyorum. Tutunaca\u011f\u0131m\u0131z tek da yine halk\u0131m\u0131z\u0131n bilgeli\u011fi kal\u0131yor. \u201cB\u0131rak kar\u0131\u015fs\u0131n, g\u00fcn gelir durulur!\u201d<\/p>\n<p>***<\/p><div id=\"bghab-930889631\" class=\"bghab-icerik-icine bghab-entity-placement\"><script async src=\"\/\/pagead2.googlesyndication.com\/pagead\/js\/adsbygoogle.js?client=ca-pub-6203283170189293\" crossorigin=\"anonymous\"><\/script><ins class=\"adsbygoogle\" style=\"display:block; text-align:center;\" data-ad-client=\"ca-pub-6203283170189293\" \ndata-ad-slot=\"7303146466\" \ndata-ad-layout=\"in-article\"\ndata-ad-format=\"fluid\" data-full-width-responsive=\"true\"><\/ins>\n<script> \n(adsbygoogle = window.adsbygoogle || []).push({}); \n<\/script>\n<\/div>\n<p>Bizim konuda, elini kalbine koyup da yazan yabanc\u0131lar da var tabii. Yazar Aleksey Kolyovski ile Alman yazar Volfgang H\u00f6pe T\u00fcrk zulm\u00fcn ara\u015ft\u0131r\u0131p yazd\u0131lar. Ortaya \u00e7\u0131kard\u0131klar\u0131 \u00e7arp\u0131c\u0131 ger\u00e7ekler var. 24 Aral\u0131k 19842ten \u00f6nce, s\u00f6zde kar\u0131\u015f\u0131k aileler olduklar\u0131 gerek\u00e7esiyle 50 bin ki\u015finin ismi \u00f6nceden de\u011fi\u015ftirilmi\u015f, bunlar\u0131n hemen hemen yar\u0131s\u0131 s\u00fcrg\u00fcn edilmi\u015ftir.<\/p>\n<p>Ba\u015fka bir \u00f6zellikse \u015fudur. Daha 1967\u2019de Todor Jivkov \u201c<strong>Birle\u015fik Bulgar Kom\u00fcnist Milleti<\/strong>\u201d teorisi ortaya koymu\u015f, BKP MK\u2019sinde de tepki al\u0131nca, plan\u0131n\u0131n ad\u0131n\u0131 \u201c<strong>Birle\u015fik Bulgar Sosyalist Milleti<\/strong>\u201d olarak de\u011fi\u015ftirmi\u015ftir.<\/p>\n<p>Bu de\u011fi\u015fikleri ve tezleri kabul etmeyen BKP MK \u00fcyesi Ali Rafiev, daha sonra \u015fiddet kullan\u0131larak uygulanan sinsi planlara kurban edilen ilk ki\u015fi olmu\u015f. R\u00fc\u015fvet yalan\u0131 komplosuna d\u00fc\u015f\u00fcr\u00fclerek yok edilmek istendi.<\/p>\n<p>Bu kitaplarda ortaya \u00e7\u0131kan ger\u00e7eklerde, Jivkov idaresinin T\u00fcrklere sald\u0131r\u0131s\u0131ndan \u00f6nce 2 y\u0131l haz\u0131rl\u0131k g\u00f6rd\u00fc. 300\u00a0000 T\u00fcrk\u00fc vatanlar\u0131ndan s\u00f6k\u00fcp atman\u0131n \u00f6nceden planland\u0131\u011f\u0131 ve bu amaca ula\u015fmak i\u00e7in polisi ve orduyu hafif ve a\u011f\u0131r silahlarla yeniden donatt\u0131\u011f\u0131 konu oldu.\u00a0 G\u00f6stericilere ve protesto mitingine toplananlara kar\u015f\u0131 so\u011fuk ya da s\u0131cak sudan ba\u015fka<strong>, \u00e7ak\u0131l ta\u015f\u0131 da f\u0131rlatan \u00f6zel \u201citfaiye\u201d ara\u00e7lar\u0131, y\u00fcksek s\u00fcratli z\u0131rhl\u0131 ara\u00e7lar sat\u0131n ald\u0131\u011f\u0131n\u0131 a\u00e7\u0131klad\u0131lar<\/strong> ve belgelerden al\u0131nt\u0131lar okundu.<\/p>\n<p>Bu konuda Sofya\u2019da Ocak ay\u0131nda toplanan uluslararas\u0131 foruma bu 2 yazardan ba\u015fka, Y\u00fclyan Metodiev, Stefan De\u00e7ev, \u00a0Mihail Gruev, Zeynep \u0130brahim Zafer, Mihail \u0130vanov ve daha bir\u00e7ok bilim adam\u0131 da kat\u0131ld\u0131. Dikkati \u00e7eken \u201cT\u00fcrk Mevlidine\u201d bu defa da hi\u00e7bir T\u00fcrk\u00fcn davet edilmemi\u015f ve kat\u0131lmam\u0131\u015f olmas\u0131d\u0131r. Bulgar bilim adamlar\u0131 T\u00fcrk elbisesini \u00f6l\u00e7\u00fc almadan bi\u00e7ip dikmeye devam ediyorlar. Tarihimizin en a\u011f\u0131r zul\u00fcm olay\u0131 kar\u015f\u0131m\u0131za yamuk ayna gibi dikiliyor.<\/p><div id=\"bghab-461324197\" class=\"bghab-icerik-icine-10-paragraf bghab-entity-placement\"><script async src=\"\/\/pagead2.googlesyndication.com\/pagead\/js\/adsbygoogle.js?client=ca-pub-6203283170189293\" crossorigin=\"anonymous\"><\/script><ins class=\"adsbygoogle\" style=\"display:block; text-align:center;\" data-ad-client=\"ca-pub-6203283170189293\" \ndata-ad-slot=\"7303146466\" \ndata-ad-layout=\"in-article\"\ndata-ad-format=\"fluid\" data-full-width-responsive=\"true\"><\/ins>\n<script> \n(adsbygoogle = window.adsbygoogle || []).push({}); \n<\/script>\n<\/div>\n<p>***<\/p>\n<p><strong>Olay\u0131n \u00f6z\u00fc:<\/strong><\/p>\n<p>Sofya\u2019da \u00e7a\u011fr\u0131lan ve \u201c<strong>Geri Bak\u0131\u015f<\/strong>\u201d ad\u0131 verilen, Bulgaristan\u2019da (1984-1989) zul\u00fcm d\u00f6nemini masaya yat\u0131ran uluslararas\u0131 forum ba\u015fkentin Akademik Ara\u015ft\u0131rmalar Merkezinde yap\u0131ld\u0131. Bu forumda ikinci kez olmak \u00fczere, Bulgar ve yabanc\u0131 bilim adamlar\u0131 ve ara\u015ft\u0131rmac\u0131lar aras\u0131nda, tarih, ekonomi, siyaset bilimi, sosyoloji, hukuk, gazetecilik, felsefe ve hatta ak\u0131l hastal\u0131klar\u0131 gibi bilim dallar\u0131nda sert tart\u0131\u015fmalar ya\u015fand\u0131.<\/p>\n<p>Forum, 18 Ocak tarihinde topland\u0131. Bilindi\u011fi \u00fczere 18 Ocak 1985 g\u00fcn\u00fc, Bulgaristan Kom\u00fcnist Partisi Merkez Komitesi Politik B\u00fcrosu (BKP MK PB)\u00a0 Sofya\u2019da il parti komiteleri birinci sekreterlerini Sofya\u2019ya toplam\u0131\u015ft\u0131. Onlara okunan raporda, o g\u00fcne kadar 310\u00a0000 T\u00fcrk\u00fcn isminin de\u011fi\u015ftirildi\u011fi a\u00e7\u0131kland\u0131.\u00a0 \u0130lk kez olmak \u00fczere bu zulme, bu zorla, boyun e\u011fmeyenleri kur\u015funlayarak, s\u00fcrg\u00fcn ve hapsederek isim de\u011fi\u015ftirmeye, \u201c<strong>soya d\u00f6n\u00fc\u015f s\u00fcreci<\/strong>\u201d (v\u0131zroditelen protses) gibi bir \u015fa\u015f\u0131rt\u0131c\u0131 isim a\u00e7\u0131kland\u0131.\u00a0 Bu uydurma isim bug\u00fcn de kullan\u0131lmaya devam ediyor.<\/p>\n<p><strong>Forumda de\u011fi\u015fik isimler konu\u015ftu:<\/strong><\/p><div id=\"bghab-3386258915\" class=\"bghab-icerik-icine-15-paragraf bghab-entity-placement\"><script async src=\"\/\/pagead2.googlesyndication.com\/pagead\/js\/adsbygoogle.js?client=ca-pub-6203283170189293\" crossorigin=\"anonymous\"><\/script><ins class=\"adsbygoogle\" style=\"display:block; text-align:center;\" data-ad-client=\"ca-pub-6203283170189293\" \ndata-ad-slot=\"7303146466\" \ndata-ad-layout=\"in-article\"\ndata-ad-format=\"fluid\" data-full-width-responsive=\"true\"><\/ins>\n<script> \n(adsbygoogle = window.adsbygoogle || []).push({}); \n<\/script>\n<\/div>\n<p>Zorla isim de\u011fi\u015ftirerek Bulgarla\u015ft\u0131rma s\u00fcrecinin ilk d\u00f6neminde \u00a020 Bulgar tarih\u00e7isi ara\u015ft\u0131rmalar\u0131n\u0131 yay\u0131nlam\u0131\u015ft\u0131.\u00a0 \u201cAr\u015fiv\u201d (Arhivi)\u00a0 adl\u0131 devlet ajans\u0131 ba\u015fkan\u0131 Mihail Gruev\u2019in konu\u015fmas\u0131nda i\u015faret etti\u011fi \u00fczere, o y\u0131llar ge\u00e7erli olan Ar\u015fiv Yasas\u0131na g\u00f6re, a\u00e7\u0131klanan ara\u015ft\u0131rmalar belgelerin sistemli olarak incelenmesinden \u00e7\u0131kar\u0131lm\u0131\u015f sonu\u00e7lara dayanmad\u0131\u011f\u0131 gibi, ancak yar\u0131m yamalak, tam olmayan ara\u015ft\u0131rmalara dayand\u0131r\u0131lm\u0131\u015ft\u0131r. Bu s\u00fcre\u00e7ten 30 y\u0131l sonra, analiz edilebilir belgelerin hepsi ziyaret\u00e7ilere a\u00e7\u0131kt\u0131r ve yeni durumda \u00e7ok de\u011ferli irdelemeler yap\u0131labilir<\/p>\n<p><strong>Gruev \u015f\u00f6yle devam etti:<\/strong> \u201cAr\u015fivdeki T\u00fcrk isimli evraklar\u0131n\u0131n hepsinin yak\u0131l\u0131p yok edilmesine ili\u015fkin BKP MK\u2019nin 1980\u2019li y\u0131llar\u0131n sonunda bir karar alm\u0131\u015ft\u0131. Bunu yapsayd\u0131k bu konuya ili\u015fkin bug\u00fcn \u00e7ok k\u0131t belge bulunabilirdi. \u0130\u00e7inde b\u00fcy\u00fck say\u0131da T\u00fcrk isminin bulundu\u011fu b\u00f6l\u00fcmlerdeki evraklar\u0131n hepsinin yok edilmesi emredilmi\u015fti. Gruev\u2019e g\u00f6re, o y\u0131llarda Ar\u015fivler Genel M\u00fcd\u00fcrl\u00fc\u011f\u00fc Ba\u015fkan\u0131 g\u00f6revinde bulunan Prof. Doyno Doynov\u2019un s\u00f6z konusu evraklar\u0131n korunmas\u0131ndaki hizmetleri \u00e7ok b\u00fcy\u00fckt\u00fcr.<\/p>\n<p>Bulgaristan&#8217;daki T\u00fcrk az\u0131nl\u0131k topluluklar\u0131n\u0131n asimile edilmesi siyasetini tarih\u00e7ilerin nas\u0131l destekledi\u011fini kan\u0131tlayabilmek i\u00e7in, Stefan De\u00e7ev, bilinen Bulgar tarih\u00e7ilerinden Prof. Nikolay Gen\u00e7ev\u2019\u0131n 1980\u2019lerde s\u00f6yledi\u011fi \u015fu s\u00f6zleri an\u0131msatt\u0131: \u201c<strong>Milli G\u00fcvenlik \u201cDS\u201d ne yap\u0131yor? Bulgarlar\u0131n kendi devletlerinde az\u0131nl\u0131k durumunda bulundu\u011funu g\u00f6rm\u00fcyor musunuz?\u201d<\/strong><\/p>\n<p>Yeni Bulgar \u00dcniversitesinden Do\u00e7. Mihail \u0130vanov\u2019un, o olaylar\u0131n k\u0131z\u0131\u015ft\u0131\u011f\u0131 zamanda kaleme ald\u0131\u011f\u0131 yaz\u0131lar\u0131nda a\u00e7\u0131klad\u0131\u011f\u0131na g\u00f6re\u2026\u00a0 <strong>\u201cb\u00fcy\u00fck isim de\u011fi\u015ftirme s\u00fcrecinin ba\u015flamas\u0131ndan \u00f6nce\u201d<\/strong> (daha 60\u2019l\u0131 y\u0131llar\u0131n ortalar\u0131nda kitlesel isim de\u011fi\u015ftirme olaylar\u0131 ya\u015fanm\u0131\u015ft\u0131r) 50 bin ki\u015finin ismi, baba ad\u0131 ve soy ismi de\u011fi\u015ftirilmi\u015ftir, fakat 9 ku\u015fak geriye gidildi\u011finde soy k\u00f6k\u00fcnden birilerin Bulgar oldu\u011fu\u201d iddias\u0131nda bulunmu\u015ftur. ( \u00e7ev: M.\u0130vanov, 7 y\u0131l Cumhurba\u015fkan\u0131 J. Jelev\u2019in az\u0131nl\u0131klar dan\u0131\u015fman\u0131 g\u00f6revinde bulunmu\u015ftur.)<\/p>\n<p><strong>\u201cDS\u201d<\/strong> ve \u0130\u00e7 \u0130\u015fleri Bakanl\u0131\u011f\u0131 (MVR)\u2019den ba\u015fka bu tart\u0131\u015fmaya, Platform \u201c<strong>Marginalya.bg<\/strong>\u201d temsilcisi Yulyana Metodieva aktif bi\u00e7imde kat\u0131ld\u0131 ve konu\u015fmas\u0131nda \u015f\u00f6yle dedi:<em> \u201cGen\u00e7 bir gazeteci oldu\u011fum y\u0131llarda, E\u011fitim ve \u00d6\u011fretim Bakanl\u0131\u011f\u0131nda her hafta d\u00fczenlenen ve \u00fclkede ka\u00e7 \u015falvar ve feracenin kesildi\u011fi a\u00e7\u0131klanan bas\u0131n toplant\u0131lar\u0131na kat\u0131l\u0131yordum.\u201d<\/em> Gazeteci Metodieva, y\u0131llarda yazd\u0131\u011f\u0131 sat\u0131rlardan dolay\u0131, salonda bulunan ve zul\u00fcm d\u00f6nemi kurbanlar\u0131ndan biri olan Prof. Zeynep Zafer\u2019den \u00f6z\u00fcr diledi. Daha sonraki y\u0131llarda Metodieva <em>\u201c1000 G\u00fcn\u201d ve \u201cObektiv\u201d<\/em> yay\u0131nlar\u0131nda yaz\u0131 i\u015fleri m\u00fcd\u00fcr\u00fc g\u00f6revinde bulundu. O, isim de\u011fi\u015ftirme d\u00f6neminden somut \u00f6rnekler vererek, pek \u00e7ok y\u00fcz karas\u0131 olaya i\u015faret etti ve bu kampanyada gazetecilerin rol\u00fc \u00fczerinde durdu.<\/p><div id=\"bghab-3807841193\" class=\"bghab-icerik-icine-20-paragraf bghab-entity-placement\"><script async src=\"\/\/pagead2.googlesyndication.com\/pagead\/js\/adsbygoogle.js?client=ca-pub-6203283170189293\" crossorigin=\"anonymous\"><\/script><ins class=\"adsbygoogle\" style=\"display:block; text-align:center;\" data-ad-client=\"ca-pub-6203283170189293\" \ndata-ad-slot=\"7303146466\" \ndata-ad-layout=\"in-article\"\ndata-ad-format=\"fluid\" data-full-width-responsive=\"true\"><\/ins>\n<script> \n(adsbygoogle = window.adsbygoogle || []).push({}); \n<\/script>\n<\/div>\n<p>Yeni Bulgar \u00dcniversitesinden Antoni Todorv da s\u00f6z ald\u0131:\u00a0\u00a0 \u201c<strong>Biz<\/strong> <strong>zorla isim de\u011fi\u015ftirme d\u00f6neminden gerekli sonu\u00e7lar\u0131 \u00e7\u0131karmad\u0131k ve ibret dersi almad\u0131k. \u00d6z\u00fcr dilemedik <\/strong>.\u201ddedi. O, Ba\u015fbakanlardan \u0130van Kostov ile Sergey Stani\u015fev\u2019in zorla isim de\u011fi\u015ftirme olaylar\u0131yla ilgili \u00f6z\u00fcr dilemesinin \u00e7ift anlaml\u0131 oldu\u011funa ve hedefte Bulgar halk\u0131n\u0131 tamamen aklama bulundu\u011funa vurgu yapt\u0131.<\/p>\n<p>\u00d6te yandan, Yeni Bulgar \u00dcniversitesi\u2019nde ak\u0131l hastal\u0131klar\u0131 dersi okuyan Rumen Petrov, <em>\u201c1984-1989 Zulm\u00fc\u201d<\/em> dersini okurken yaral\u0131 ve yaralayan ki\u015filiklerden s\u00f6z ediyorum\u201d dedi. \u201cBir Bulgar olarak, ben kendimiz de zul\u00fcm kurban\u0131 hissediyorum, T\u00fcrklerin askere al\u0131nmamas\u0131 bir eksiklik ve bunlar\u0131n hepsi dikkate al\u0131nd\u0131\u011f\u0131nda, onlar\u0131n devletten ve kurumlar\u0131ndan d\u0131\u015flanmas\u0131 t\u00fcm\u00fcn\u00fc toplumdan uzakla\u015ft\u0131r\u0131yor ki, bu a\u015f\u0131lmazsa devlet \u00e7\u00f6ker, diye ekledi.<\/p>\n<p>Rumen Petrov, forumdaki konu\u015fmas\u0131nda, \u201c<strong>Yaralanm\u0131\u015f olman\u0131n an\u0131s\u0131<\/strong>\u201d konusunda \u00f6zellikle durdu. Ayn\u0131 konu, Geysen \u201cYustus Liybig\u201d \u00dcniversitesinden L\u00fcbomir Pojarliev; Yeni Bulgar \u00dcniversitesinden sosyolog Bayan Teodora Karamelska ve yine ayn\u0131 \u00fcniversiteden antropolog Bayan Evgeniya \u0130vanova taraf\u0131ndan da i\u015flendi. Onlar 1984-1989 Zulm\u00fcn\u00fc ya\u015fam\u0131\u015f Bulgaristan T\u00fcrkleri aras\u0131nda Ak Kad\u0131nlar, (Dulovo), Tatar Pazarc\u0131\u011f\u0131 (Pazarc\u0131k), Hask\u00f6y I\u015f\u0131valar\u0131 (Mineralni Bani), Kazanl\u0131k, Bursa vb ba\u015fka yerlerde yapt\u0131klar\u0131 g\u00f6zlem ve ara\u015ft\u0131rmalar\u0131 payla\u015ft\u0131lar. Onlar\u0131n vard\u0131\u011f\u0131 sonu\u00e7lara g\u00f6re, Bulgaristan T\u00fcrkleri 1984-1989 d\u00f6neminde ald\u0131klar\u0131 yaralar\u0131 sarm\u0131\u015flar ve &#8220;ikr\u201cdara kar\u015f\u0131 konmaz\u201d diyerek Bulgarlar\u0131 su\u00e7suz g\u00f6rd\u00fcklerini, aklad\u0131klar\u0131n\u0131 saptad\u0131klar\u0131n\u0131 payla\u015ft\u0131lar. T\u00fcrklere g\u00f6re, \u201c<strong>1984-1989 Zulm\u00fcnden\u201d Kom\u00fcnist partisi ile Bulgaristan\u2019daki Rus etkisi<\/strong>\u201d su\u00e7ludur, dediler. Evgeniya \u0130vanova, konu\u015fmas\u0131nda, yapt\u0131\u011f\u0131 ara\u015ft\u0131rmalardan \u201c<strong>insan belle\u011fini y\u00f6nlendiren g\u00fcncel olaylard\u0131r<\/strong>\u201d sonucunu \u00e7\u0131kard\u0131 ve bu netice di\u011fer bilim adamlar\u0131nda destek buldu.<\/p>\n<p><strong>Prof.Dr. Zeynep \u0130brahim Zafer\u2019in konu\u015fmas\u0131 dikkat \u00e7ekti:<\/strong><\/p>\n<p>2015 y\u0131l\u0131nda Zeynep Zager ve Vihren \u00c7ernokojev\u2019in \u201c<strong>\u0130smimi Ald\u0131klar\u0131 Vakit<\/strong>\u201d ba\u015fl\u0131kl\u0131 eseri \u00e7\u0131kt\u0131. Z. Zafer, 1984-1989 Zulm\u00fcn\u00fc ya\u015fayan Bulgaristan T\u00fcrk \u015fairlerin t\u00fcyler \u00fcrperten \u015fiirlerinden al\u0131nt\u0131lar okudu ve haz\u0131r bulunanlar\u0131 etkiledi.<\/p><div id=\"bghab-598486750\" class=\"bghab-icerik-icine-25-paragraf bghab-entity-placement\"><script async src=\"\/\/pagead2.googlesyndication.com\/pagead\/js\/adsbygoogle.js?client=ca-pub-6203283170189293\" crossorigin=\"anonymous\"><\/script><ins class=\"adsbygoogle\" style=\"display:block; text-align:center;\" data-ad-client=\"ca-pub-6203283170189293\" \ndata-ad-slot=\"7303146466\" \ndata-ad-layout=\"in-article\"\ndata-ad-format=\"fluid\" data-full-width-responsive=\"true\"><\/ins>\n<script> \n(adsbygoogle = window.adsbygoogle || []).push({}); \n<\/script>\n<\/div>\n<p>2016 y\u0131l\u0131nda Rumen Arnaudov\u2019un \u201c<strong>1984-1989 Zul\u00fcm y\u0131llar\u0131 Ekonomisi<\/strong>\u201d ba\u015fl\u0131kl\u0131 kitab\u0131 yay\u0131nland\u0131.<\/p>\n<p>2018 y\u0131l\u0131nda, \u0130sko\u00e7ya \u201cSeynt Andr\u00fcs\u201d \u00fcniversitesinde g\u00f6revli Leh tarih\u00e7i Toma\u015f Kamuzela\u2019n\u0131n \u201c<strong>So\u011fuk Sava\u015f Y\u0131llar\u0131nda Etnik Temizlik<\/strong>\u201d ba\u015fl\u0131kl\u0131 inceleme eseri yay\u0131nland\u0131. Bu \u00e7al\u0131\u015fmada, \u201c<strong>1989 y\u0131l\u0131nda kom\u00fcnist Bulgaristan\u2019dan T\u00fcrklerin zorla kovulmas\u0131n\u0131n unutturulmak istenmesine<\/strong>\u201d \u00f6zel yer verilmi\u015ftir.<\/p>\n<p>Do\u00e7. Kamuzelaya g\u00f6re, 1989\u2019da Bulgaristan\u2019da meydana gelen olay \u201cB\u00fcy\u00fck G\u00f6\u00e7\u201d de\u011fil, \u201c<strong>tam bir etnik temizliktir<\/strong>.\u201d O, 2012\u2019de, 41. Halk Meclisi\u2019nin kabul etti\u011fi bir Bildiride,\u00a0 \u201c<strong>1989\u2019da 360\u00a0000 T\u00fcrk as\u0131l\u0131 Bulgaristan vatanda\u015f\u0131n\u0131n \u00fclkeden kovulmas\u0131<\/strong>\u201d totaliter rejim taraf\u0131ndan bir etnik temizlik olarak nitelendirilmi\u015ftir vurgusunu yapt\u0131.<\/p>\n<p>Kamuzelaya g\u00f6re, zulm\u00fcn unutturulmas\u0131na engel olabilmek ve kabul edilebilir ba\u015far\u0131l\u0131 bir uzla\u015fmaya gidebilme yolu a\u00e7\u0131lmas\u0131 i\u00e7in \u201cetnik temizlik\u201d cinayetinin ve Bulgaristan\u2019da sosyalizmin ve totalitarizmin mezar ta\u015f\u0131n\u0131n dikilmesinde T\u00fcrk-M\u00fcsl\u00fcman direni\u015f hareketlerinin b\u00fcy\u00fck rol\u00fcn\u00fcn ders kitaplar\u0131na girmesini \u00f6nerdi.<\/p>\n<p><strong>Bunlar\u0131n mutlaka ve hemen yap\u0131lmas\u0131 gerekti\u011fine vurgu yapan do\u00e7 Kamuzella, Todor Jivkov\u2019un do\u011fum g\u00fcn\u00fc vesilesiyle Pravets kasabas\u0131nda yap\u0131lan t\u00f6renlere kat\u0131ld\u0131\u011f\u0131n\u0131 ve \u00e7ok etkilendi\u011fini payla\u015ft\u0131.<\/strong><\/p><div id=\"bghab-2844007100\" class=\"bghab-icerik-icine-30-paragraf bghab-entity-placement\"><script async src=\"\/\/pagead2.googlesyndication.com\/pagead\/js\/adsbygoogle.js?client=ca-pub-6203283170189293\" crossorigin=\"anonymous\"><\/script><ins class=\"adsbygoogle\" style=\"display:block; text-align:center;\" data-ad-client=\"ca-pub-6203283170189293\" \ndata-ad-slot=\"7303146466\" \ndata-ad-layout=\"in-article\"\ndata-ad-format=\"fluid\" data-full-width-responsive=\"true\"><\/ins>\n<script> \n(adsbygoogle = window.adsbygoogle || []).push({}); \n<\/script>\n<\/div>\n<p>Do\u00e7. Kamuzela \u015f\u00f6yle dedi: \u201c\u015eimdiki Bulgaristan Ba\u015fbakan\u0131 B. Borisov, bir diktat\u00f6r\u00fcn an\u0131t\u0131na \u00e7elen ta\u015f\u0131yan bir AB-ba\u015fbakan\u0131 olmakla kalm\u0131yor, o etnik temizli\u011fin ger\u00e7ekle\u015ftirilmesine bizzat kat\u0131lm\u0131\u015f ve bu s\u00fcreci y\u00f6netenlerden biridir. O, 1989 y\u0131l\u0131nda uluslararas\u0131 haber ajanslar\u0131n\u0131n \u201cB\u00fcy\u00fck Seyahat\u201d adl\u0131 T\u00fcrkleri vatanlar\u0131ndan kovma s\u00fcrecini hemen hemen yans\u0131tmad\u0131\u011f\u0131na, ancak Yugoslavya gazetelerinin birinci sayfa ba\u015fl\u0131\u011f\u0131 olarak verdi\u011fine i\u015faret etti. \u201cO zaman geli\u015fen feci olaylar\u0131 ne Washington ne de Moskova g\u00f6rd\u00fc\u011f\u00fcn\u00fc bildirdi,\u201d dedi. B\u00f6ylece Kamuzela, Bulgaristan\u2019daki T\u00fcrklerin ba\u015f\u0131na gelen trajik olaylar\u0131na, isim de\u011fi\u015ftirme zulm\u00fcne sert uluslararas\u0131 tepki olu\u015fmas\u0131 b\u00f6yle engellenmi\u015ftir, dedi.<\/p>\n<p><strong>Do\u00e7 Kamuzela sonunda \u015fu sorular\u0131 y\u00f6neltti:<\/strong><\/p>\n<ul>\n<li>So\u011fuk Sava\u015f d\u00f6neminde Sovyet Blokundan bir \u00fclkeden Bulgaristan T\u00fcrklerinin bir NATO \u00fcyesi devlete \u2013T\u00fcrkiye Cumhuriyetine \u2013 kovulmas\u0131 bir sava\u015fa ne sebeple neden olmam\u0131\u015ft\u0131r?<\/li>\n<li>Yap\u0131lan etnik temizlik Bulgaristan\u2019da neden bir i\u00e7 sava\u015f ba\u015flatmam\u0131\u015ft\u0131r? &#8211; Daha sonraki y\u0131llarda Yugoslavya\u2019da oldu\u011fu gibi\u2026<\/li>\n<li>1984-1989 Zulm\u00fc i\u00e7in neden hi\u00e7 kimse sorumlu tutulmam\u0131\u015f ve yarg\u0131lanmam\u0131\u015ft\u0131r?<\/li>\n<\/ul>\n<p><strong>Bu sorular\u0131 Bulgar Helsinki Komitesinden Krasimir K\u0131nev yan\u0131tlad\u0131.<\/strong><\/p>\n<p>\u201c1989 tarihinden sonra \u201cSoya D\u00f6n\u00fc\u015f S\u00fcrecinin\u201d Yarg\u0131 Tarihi \u2013 Yakalanamaya Su\u00e7\u201d\u00a0 ba\u015fl\u0131kl\u0131 sunumunda, 1984-1989 Zul\u00fcm d\u00f6nemine kar\u0131\u015fm\u0131\u015f ve su\u00e7 i\u015flemi\u015f ki\u015filerin, Ceza Kanundaki su\u00e7un kan\u0131tlanmas\u0131 zor maddelerine g\u00f6re yarg\u0131ya \u00e7\u0131kar\u0131ld\u0131klar\u0131n\u0131 ve su\u00e7lar\u0131n zaman a\u015f\u0131m\u0131na u\u011frad\u0131\u011f\u0131n\u0131 bildirdi.<\/p>\n<p>Tarih\u00e7i Mom\u00e7il Metodiev ise konu\u015fmas\u0131nda, 1980 y\u0131llar\u0131n\u0131n sonunda isim de\u011fi\u015ftirme ve asimilasyon zulm\u00fcn\u00fcn uygulanmas\u0131na bizzat kendileri en aktif bir \u015fekilde kat\u0131lm\u0131\u015f olan ki\u015filerin art\u0131k Genel M\u00fcd\u00fcr ve Amir yard\u0131mc\u0131s\u0131 g\u00f6revlerine y\u00fckseltilmi\u015f oldu\u011funu ve kendilerine kar\u015f\u0131 dava a\u00e7mak istemediklerini ve a\u00e7mak isteyenleri de engellediklerini\u201d a\u00e7\u0131klad\u0131.)<\/p><div id=\"bghab-1426568950\" class=\"bghab-icerik-icine-35-paragraf bghab-entity-placement\"><script async src=\"\/\/pagead2.googlesyndication.com\/pagead\/js\/adsbygoogle.js?client=ca-pub-6203283170189293\" crossorigin=\"anonymous\"><\/script><ins class=\"adsbygoogle\" style=\"display:block; text-align:center;\" data-ad-client=\"ca-pub-6203283170189293\" \ndata-ad-slot=\"7303146466\" \ndata-ad-layout=\"in-article\"\ndata-ad-format=\"fluid\" data-full-width-responsive=\"true\"><\/ins>\n<script> \n(adsbygoogle = window.adsbygoogle || []).push({}); \n<\/script>\n<\/div>\n<p>Leipzig \u00dcniversitesinde g\u00f6revli Alman Tarih\u00e7i Volfgang H\u00f6pken, Bulgaristan\u2019dan M\u00fcsl\u00fcman T\u00fcrklerin kovulmas\u0131n\u0131 kapsayan uzun d\u00f6neme yaln\u0131zca \u201cetnik temizlik\u201d y\u0131llar\u0131 denmesinin do\u011fru olmad\u0131\u011f\u0131na vurgu yaparak, do\u00e7. Kamuzelaya tepki g\u00f6sterdi. Balkanlarda ayn\u0131 y\u0131llarda geli\u015fen 6 g\u00f6\u00e7 modeli incelendi\u011finde bu g\u00f6r\u00fcl\u00fcr, dedi.<\/p>\n<p>Birinci g\u00f6\u00e7 modelinin Osmanl\u0131 da\u011f\u0131l\u0131rken Balkan sava\u015flar\u0131 y\u0131llar\u0131nda ya\u015fand\u0131\u011f\u0131n\u0131, bu d\u00f6nemde Bulgaristan\u2019\u0131n do\u011fdu\u011funu hat\u0131rlatt\u0131. Bulgar devleti kurulurken \u201cbask\u0131 b\u00f6lgeleri\u201d olu\u015ftu\u011funu ve bunlarda g\u00f6\u00e7 ba\u015flad\u0131\u011f\u0131na vurgu yapt\u0131.<\/p>\n<p>\u0130kinci g\u00f6\u00e7 modeli, az\u0131nl\u0131klara kar\u015f\u0131 ayr\u0131mc\u0131 politika uygulanmas\u0131ndan do\u011fmu\u015ftur. Balkanlarda bu sosyalist d\u00f6nemden \u00f6nce ve sosyalist rejimde ya\u015fanm\u0131\u015ft\u0131r. H\u00f6pken, 1880-1912 y\u0131llar\u0131 aras\u0131nda Balkan \u00fclkelerindeki M\u00fcsl\u00fcman n\u00fcfusun ya\u015fam durumunun pek k\u00f6t\u00fc olmad\u0131\u011f\u0131n\u0131, dini ve k\u00fclt\u00fcrel haklar\u0131n\u0131n Berlin Konferans\u0131 kararlar\u0131nda g\u00fcvence alt\u0131na al\u0131nm\u0131\u015f oldu\u011funu, Bulgar Prensli\u011finde yasalar\u0131n uyguland\u0131\u011f\u0131n\u0131 an\u0131msatt\u0131. O y\u0131llarda devlet ile M\u00fcsl\u00fcmanlar aras\u0131nda sessiz bir mutabakat oldu\u011fu, devletin dini ve k\u00fclt\u00fcrel haklara sayg\u0131l\u0131 davrand\u0131\u011f\u0131, M\u00fcsl\u00fcmanlar\u0131n da politik haklar istemedi\u011fini s\u00f6yledi. Bu durumun \u00f6ncellikle 1930\u2019lu y\u0131llarda olmak \u00fczere iki d\u00fcnya sava\u015f\u0131 aras\u0131ndaki y\u0131llarda de\u011fi\u015fti\u011fini bildirdi.<\/p>\n<p>Sosyal de\u011fi\u015fikli\u011fin \u00fc\u00e7\u00fcnc\u00fc g\u00f6\u00e7 de\u011fi\u015fikli\u011fi oldu\u011funu s\u00f6yleyen H\u00f6pken, M\u00fcsl\u00fcmanlar\u0131n bir H\u0131r\u0131stiyan devletinde ya\u015fayabileceklerine uzun zaman kand\u0131r\u0131lmalar\u0131 gerekir, dedi.\u00a0 Bosna\u2019da 1880\u2019de \u00e7\u0131kar\u0131lan bir Fetvaya vurgulamada bulundu.\u00a0 Bir\u00e7ok Bulgar yerel y\u00f6neticisinin T\u00fcrk ahalisinin durumuna ili\u015fkin raporunda M\u00fcsl\u00fcmanlar\u0131n sosyal de\u011fi\u015fiklikleri zor kabul ettiklerine yer verilmi\u015ftir. Y\u00f6neticiler, Anayasa\u2019n\u0131n kendilerine tan\u0131d\u0131\u011f\u0131 haklara ra\u011fmen, Bulgaristan T\u00fcrklerinin kendilerini yabanc\u0131 \u00fclkede gibi hissetti\u011fini rapor etmi\u015ftir.<\/p>\n<p><strong>H\u00f6pkens bu olaylar\u0131n temel nedenini, Bulgaristan T\u00fcrklerinin k\u0131\u015flada silah askeri olarak askerlik yapmamas\u0131ndan g\u00f6r\u00fcyor.<\/strong><\/p><div id=\"bghab-3136797189\" class=\"bghab-icerik-icine-40-paragraf bghab-entity-placement\"><script async src=\"\/\/pagead2.googlesyndication.com\/pagead\/js\/adsbygoogle.js?client=ca-pub-6203283170189293\" crossorigin=\"anonymous\"><\/script><ins class=\"adsbygoogle\" style=\"display:block; text-align:center;\" data-ad-client=\"ca-pub-6203283170189293\" \ndata-ad-slot=\"7303146466\" \ndata-ad-layout=\"in-article\"\ndata-ad-format=\"fluid\" data-full-width-responsive=\"true\"><\/ins>\n<script> \n(adsbygoogle = window.adsbygoogle || []).push({}); \n<\/script>\n<\/div>\n<p><strong>Sosyalizm y\u0131llar\u0131nda Bulgaristan T\u00fcrklerinin \u00f6tekile\u015ftirilmesi s\u00f6yle geli\u015fmi\u015ftir:<\/strong><\/p>\n<ul>\n<li>\u00d6nce Bulgar devleti geleneksel T\u00fcrk kimli\u011fini yeni sosyal ya\u015fam<\/li>\n<\/ul>\n<p>Ortam\u0131na uyumlamaya gayret g\u00f6stermi\u015ftir. 1950\u2019l\u0131 y\u0131llar\u0131n ba\u015f\u0131nda T\u00fcrkler geri kalm\u0131\u015f olarak g\u00f6sterilerek k\u00fclt\u00fcr siyaseti alan\u0131na al\u0131nd\u0131. Hokens, forumda, 70 y\u0131l \u00f6nce \u201cVatan Cephesi\u201d te\u015fkilat\u0131 taraf\u0131ndan bas\u0131lm\u0131\u015f ve kapa\u011f\u0131nda \u201ctelevizyon arac\u0131\u201d almazdan ve ald\u0131ktan sonra \u201cde\u011fi\u015fmi\u015f\u201d iki ki\u015finin resmi olan bir el kitab\u0131 g\u00f6sterdi.<\/p>\n<p>Forumda <strong>4. G\u00f6\u00e7 modeli<\/strong> de uluslararas\u0131 g\u00e7\u00f6 antla\u015fmalar\u0131na g\u00f6re ger\u00e7ekle\u015fen g\u00f6\u00e7ler \u015feklinde \u015f\u00f6yle a\u00e7\u0131kland\u0131. Bu t\u00fcr ilk g\u00f6\u00e7ler XX. Y\u00fczy\u0131lda oldu. Sosyalizmden \u00f6nce ve sosyalizm d\u00f6neminde benzer antla\u015fmalar T\u00fcrkiye ile Bulgaristan, Romanya ve Yugoslavya aras\u0131nda imzalanm\u0131\u015ft\u0131r.<\/p>\n<p>Be\u015finci modelde, T\u00fcrklerin ya\u015fad\u0131\u011f\u0131 \u00fclkelerde devletin bask\u0131c\u0131 siyasetinden fazla T\u00fcrkiye\u2019nin d\u0131\u015f T\u00fcrkleri toplama siyasetinin rol oynad\u0131\u011f\u0131na yer verildi. T\u00fcrkiye a\u011f\u0131r ekonomik bunal\u0131mda bulunmad\u0131\u011f\u0131 d\u00f6nemlerde, g\u00f6\u00e7ler dini g\u00f6\u00e7ler olarak kabul edilmi\u015f, kendileriyle dayan\u0131\u015f ve yard\u0131mla\u015fma geli\u015ftirilmi\u015ftir.<\/p>\n<p>Sonunda, 6. T\u00fcr g\u00f6\u00e7ler ekonomik nedenlidir. S\u00f6zde, \u201c1878\u2019den sonra toprak fiyat\u0131 y\u00fckselmi\u015f, T\u00fcrkler topraklar\u0131n\u0131 sat\u0131p \u00fclkeyi terk etmi\u015ftir. 1989\u2019da benzer bir gerek\u00e7e ortaya \u00e7\u0131km\u0131\u015ft\u0131r, Avrupa Birli\u011fi \u00fclkelerine do\u011fru yeni tip bir g\u00f6\u00e7 dalgas\u0131 y\u00fckselmi\u015ftir.\u201d<\/p><div id=\"bghab-2369959632\" class=\"bghab-icerik-icine-45-paragraf bghab-entity-placement\"><script async src=\"\/\/pagead2.googlesyndication.com\/pagead\/js\/adsbygoogle.js?client=ca-pub-6203283170189293\" crossorigin=\"anonymous\"><\/script><ins class=\"adsbygoogle\" style=\"display:block; text-align:center;\" data-ad-client=\"ca-pub-6203283170189293\" \ndata-ad-slot=\"7303146466\" \ndata-ad-layout=\"in-article\"\ndata-ad-format=\"fluid\" data-full-width-responsive=\"true\"><\/ins>\n<script> \n(adsbygoogle = window.adsbygoogle || []).push({}); \n<\/script>\n<\/div>\n<p>Yuvarlak Masa toplant\u0131s\u0131n\u0131n \u00f6rg\u00fctleyicisi olan Rumen Arnavudov da\u00a0 Kamuzela\u2019n\u0131n kitab\u0131 \u00fczerine yorum getirdi. Arnavudov, 1984\u2019te isimlerin zor kullan\u0131larak de\u011fi\u015ftirilmesinin 1989 yaz\u0131ndaki kitlesel g\u00f6\u00e7ten metodolojik olarak ayr\u0131lmas\u0131na ve\u00a0 \u201cetnik temizli\u011fin\u201d ayr\u0131 bir olaym\u0131\u015f gibi ele al\u0131nmas\u0131na kat\u0131lmad\u0131\u011f\u0131n\u0131 a\u00e7\u0131klad\u0131. O, 1989 yaz\u0131 olaylar\u0131n\u0131n bir hedef, bir uygulama ve y\u00f6nelim olarak \u201cetnik temizlik\u201d oldu\u011funa bir yere kadar kat\u0131ld\u0131\u011f\u0131n\u0131 ve \u0130ncil\u2019den \u201c\u00e7\u0131k\u0131l\u201d (exudos\u201d kavram\u0131n\u0131 kullanarak, s\u00fcre\u00e7 dinami\u011finin karma\u015f\u0131k olu\u015funa dikkat \u00e7ekti.\u00a0 O, Bulgar etnik temizlemesinin unutulmu\u015f bir olay olmad\u0131\u011f\u0131n\u0131,\u00a0 ne de kanunun kas kat\u0131la\u015ft\u0131\u011f\u0131na kat\u0131lmad\u0131\u011f\u0131n\u0131 beyan etti. 1984 trajedisi an\u0131s\u0131n\u0131n korunmas\u0131na katk\u0131da bulunanlardan ve uyan\u0131\u015f d\u00f6nemi s\u00fcreci\u201d d\u00f6nemini anlayanlardan bir\u00e7o\u011funun yuvarlak masa etraf\u0131nda oldu\u011funa vurgu yapt\u0131.<\/p>\n<p>Avramov, Bulgar toplumunun bir b\u00fct\u00fcn olarak \u015fu ya da bu derecede olmak \u00fczere olaylardan sorumlu oldu\u011funu s\u00f6yledi. Sorumlulu\u011fun somut oldu\u011funa i\u015faret ederek, as\u0131l sorumlu olanlar\u0131n son kararlar\u0131 alan ve uygulayanlar oldu\u011funu belirtti.<\/p>\n<p><strong>Avramov konu\u015fmas\u0131na \u015f\u00f6yle devam etmi\u015ftir:<\/strong><\/p>\n<p>Kamuzela\u2019n\u0131n \u201cBulgaristan\u2019da kom\u00fcnizmin devrilmesinde etnik temizli\u011fin ba\u015fat rol oynad\u0131\u011f\u0131 g\u00f6r\u00fc\u015f\u00fcn\u00fcn, d\u00fcr\u00fcst olmad\u0131\u011f\u0131n\u0131 s\u00f6yledi. Zaten d\u00fc\u015fecek olan rejimin d\u00fc\u015fmesi kitlesel g\u00f6\u00e7ten etkilenmi\u015f ve tetiklenmi\u015ftir. Bulgaristan\u2019daki de\u011fi\u015fiklikte belirleyici olmu\u015ftur. 1989 olaylar\u0131 bir laboratuvar ve ge\u00e7i\u015f d\u00f6nemini a\u00e7an kap\u0131d\u0131r, diye konu\u015ftu.<\/p>\n<p>Bulgaristan T\u00fcrklerinin Bulgaristan idaresinde ve siyasetinde yer almas\u0131 ku\u015fkusuz olumlu bir ad\u0131md\u0131r, fakat DPS partisi (etnik) Bulgar oligar\u015fi temsilcilerinin arac\u0131s\u0131 duruma geldi. Bu partinin Bulgar kapitalizminden ho\u015fnutsuzluk biriktirirken, T\u00fcrklere olan ku\u015fkular\u0131 artt\u0131rd\u0131 ve dolay\u0131s\u0131yla T\u00fcrklere olumsuz yakla\u015f\u0131m\u0131 \u015fiddetlendirdi. Kamuzala eserinde, Ahmet Do\u011fan\u2019\u0131 bir Leh Valensa ya da Vaslav Havel olarak tan\u0131tmaya \u00e7al\u0131\u015f\u0131yor, bu kabul edilemez. Kamuzela, \u201cBulgar Etnik Modeli\u201d ile ilgili bir propaganda kal\u0131b\u0131, katillerden hesap sorulmamas\u0131 ve mutlaka dilenmesi gereken aff\u0131n geciktirilmesi veya dilenmemesi i\u00e7in icat edilmi\u015f bir tuzak olarak g\u00f6sterirken hakl\u0131d\u0131r.\u201d<\/p><div id=\"bghab-2554469989\" class=\"bghab-icerik-icine-50-paragraf bghab-entity-placement\"><script async src=\"\/\/pagead2.googlesyndication.com\/pagead\/js\/adsbygoogle.js?client=ca-pub-6203283170189293\" crossorigin=\"anonymous\"><\/script><ins class=\"adsbygoogle\" style=\"display:block; text-align:center;\" data-ad-client=\"ca-pub-6203283170189293\" \ndata-ad-slot=\"7303146466\" \ndata-ad-layout=\"in-article\"\ndata-ad-format=\"fluid\" data-full-width-responsive=\"true\"><\/ins>\n<script> \n(adsbygoogle = window.adsbygoogle || []).push({}); \n<\/script>\n<\/div>\n<p>Avramov\u2019un kesin kan\u0131s\u0131na g\u00f6re, Bulgar toplumu 1984 Zulm\u00fc konusunda \u00f6z\u00fcr dileyip uzla\u015fmak i\u00e7in hen\u00fcz olgun de\u011fildir. Bu y\u00f6nde yap\u0131lan \u00e7abalar her defas\u0131nda sert milliyet\u00e7i tepkilere neden olmu\u015ftur. O, \u201cherkesi kendi bah\u00e7esini kazmaya\u201d davet etti. Yani taraflar\u0131 eski z\u00fcl\u00fcm ve bug\u00fcnk\u00fc adaletsizlikler \u00fcst\u00fcne kendi kitab\u0131n\u0131 yazmaya davet etti. Ve b\u00f6ylece belki de ho\u015fg\u00f6r\u00fc tohumlar\u0131 ekilebilece\u011fine i\u015faret etti.<\/p>\n<p>Kimin su\u00e7lu oldu\u011fu konusuna de\u011finen Do\u00e7. M. \u0130vanov, \u201csoya d\u00f6n\u00fc\u015f s\u00fcrecinin\u201d bir \u201c<strong>Bulgar i\u015fi\u201d<\/strong> oldu\u011funu bildirirken, bu konuda \u0130\u00e7 \u0130\u015flerinde yap\u0131lan toplant\u0131lara her defas\u0131nda KGB\u2019den bir g\u00f6revlinin kat\u0131ld\u0131\u011f\u0131n\u0131, fakat hi\u00e7bir konuda g\u00f6r\u00fc\u015f beyan etmedi\u011fini ifade etti.<\/p>\n<div id=\"bghab-3985372437\" class=\"bghab-yazi-altinda bghab-entity-placement\"><div class=\"bghab-adlabel\">Reklamlar<\/div><script async src=\"https:\/\/pagead2.googlesyndication.com\/pagead\/js\/adsbygoogle.js\"><\/script>\r\n<!-- bghaber-yaz\u0131-sonu -->\r\n<ins class=\"adsbygoogle\"\r\n     style=\"display:block\"\r\n     data-ad-client=\"ca-pub-6203283170189293\"\r\n     data-ad-slot=\"4222328180\"\r\n     data-ad-format=\"auto\"\r\n     data-full-width-responsive=\"true\"><\/ins>\r\n<script>\r\n     (adsbygoogle = window.adsbygoogle || []).push({});\r\n<\/script><\/div><br style=\"clear: both; display: block; float: none;\"\/>","protected":false},"excerpt":{"rendered":"<p>Bulgarca\u2019dan \u00e7eviridir. Tarih: 06 02 2019 \u00c7eviri: \u0130brahim SOYT\u00dcRK Kaynak: Her \u015feye \u00e7\u00f6z\u00fcm insan haklar\u0131n\u0131n tan\u0131nmas\u0131d\u0131r &#8211; \u201cMarginaliya\u201d Bir \u00e7ocuk k\u00f6r do\u011fsa lakab\u0131 K\u00f6r Hasan,<\/p>\n","protected":false},"author":13,"featured_media":34147,"comment_status":"closed","ping_status":"closed","sticky":false,"template":"","format":"standard","meta":{"advanced_seo_description":"","jetpack_seo_html_title":"","jetpack_seo_noindex":false,"_jetpack_memberships_contains_paid_content":false,"footnotes":""},"categories":[6],"tags":[],"class_list":["post-34144","post","type-post","status-publish","format-standard","has-post-thumbnail","hentry","category-yorum"],"jetpack_featured_media_url":"https:\/\/i0.wp.com\/www.bghaber.org\/bghaber\/wp-content\/uploads\/2019\/02\/ibo11.jpg?fit=952%2C1024&ssl=1","jetpack_sharing_enabled":true,"jetpack_likes_enabled":true,"jetpack-related-posts":[],"jetpack_shortlink":"https:\/\/wp.me\/pc2PfJ-8SI","_links":{"self":[{"href":"https:\/\/www.bghaber.org\/bghaber\/wp-json\/wp\/v2\/posts\/34144","targetHints":{"allow":["GET"]}}],"collection":[{"href":"https:\/\/www.bghaber.org\/bghaber\/wp-json\/wp\/v2\/posts"}],"about":[{"href":"https:\/\/www.bghaber.org\/bghaber\/wp-json\/wp\/v2\/types\/post"}],"author":[{"embeddable":true,"href":"https:\/\/www.bghaber.org\/bghaber\/wp-json\/wp\/v2\/users\/13"}],"replies":[{"embeddable":true,"href":"https:\/\/www.bghaber.org\/bghaber\/wp-json\/wp\/v2\/comments?post=34144"}],"version-history":[{"count":0,"href":"https:\/\/www.bghaber.org\/bghaber\/wp-json\/wp\/v2\/posts\/34144\/revisions"}],"wp:featuredmedia":[{"embeddable":true,"href":"https:\/\/www.bghaber.org\/bghaber\/wp-json\/wp\/v2\/media\/34147"}],"wp:attachment":[{"href":"https:\/\/www.bghaber.org\/bghaber\/wp-json\/wp\/v2\/media?parent=34144"}],"wp:term":[{"taxonomy":"category","embeddable":true,"href":"https:\/\/www.bghaber.org\/bghaber\/wp-json\/wp\/v2\/categories?post=34144"},{"taxonomy":"post_tag","embeddable":true,"href":"https:\/\/www.bghaber.org\/bghaber\/wp-json\/wp\/v2\/tags?post=34144"}],"curies":[{"name":"wp","href":"https:\/\/api.w.org\/{rel}","templated":true}]}}